{"id":121536,"date":"2025-07-09T10:27:58","date_gmt":"2025-07-09T13:27:58","guid":{"rendered":"https:\/\/www.noticiasradioreflejos.com.ar\/2021\/?p=121536"},"modified":"2025-07-09T10:38:42","modified_gmt":"2025-07-09T13:38:42","slug":"tras-idas-y-vueltas-finalmente-los-intendentes-del-pro-adhirieron-al-frente-electoral-con-lla-en-la-provincia","status":"publish","type":"post","link":"https:\/\/www.noticiasradioreflejos.com.ar\/2021\/tras-idas-y-vueltas-finalmente-los-intendentes-del-pro-adhirieron-al-frente-electoral-con-lla-en-la-provincia\/","title":{"rendered":"Tras idas y vueltas, finalmente los intendentes del PRO adhirieron al frente electoral con LLA en la provincia"},"content":{"rendered":"<p>Los 13 mandatarios municipales suscribieron al entendimiento en una nueva reuni\u00f3n virtual con el Cristian Ritondo, titular bonaerense del espacio.<!--more--><\/p>\n<p>Tras varias jornadas de tensi\u00f3n, <strong>los 13 intendentes del PRO adhirieron al acuerdo electoral con La Libertad Avanza (LLA)<\/strong>\u00a0para disputarle al kirchnerismo la provincia de Buenos Aires, de cara a las elecciones locales del 7 de septiembre.<\/p>\n<div class=\"article-body\" data-tadevel-template=\"web\/article-body\">\n<div class=\"article-body-content\">\n<p>En una nueva reuni\u00f3n del espacio que se realiz\u00f3 por Zoom, el titular bonaerense del partido amarillo,<strong>\u00a0Cristian Ritondo<\/strong>, logr\u00f3 que la totalidad de los mandatarios municipales suscribiera al entendimiento pese a los resquemores iniciales sobre la negociaci\u00f3n con los interlocutores del Poder Ejectuvo.<\/p>\n<p>De esta forma, suman sus apoyos los 13 municipios que gobierna el PRO con\u00a0<strong>Guillermo Montenegro<\/strong>\u00a0en General Pueyrred\u00f3n,\u00a0<strong>Juan Ibarguren<\/strong>\u00a0en Pinamar,\u00a0<strong>Fernando Bouvier<\/strong>\u00a0en Arrecifes,\u00a0<strong>Sebasti\u00e1n Abella\u00a0<\/strong>en Campana,\u00a0<strong>Marcelo Matzkin<\/strong>\u00a0en Z\u00e1rate,\u00a0<strong>Soledad Mart\u00ednez<\/strong>\u00a0en Vicente L\u00f3pez,\u00a0<strong>Pablo Petrecca<\/strong>\u00a0en Jun\u00edn,\u00a0<strong>Javier Mart\u00ednez en\u00a0<\/strong>Pergamino,\u00a0<strong>Maria Jos\u00e9 Gentile<\/strong>\u00a0en Nueve de Julio.\u00a0<strong>Ram\u00f3n Lan\u00fas<\/strong>\u00a0en San Isidro,\u00a0<strong>Jorge Etcheverry<\/strong>\u00a0en Lobos,\u00a0<strong>Diego Reyes<\/strong>\u00a0en Pu\u00e1n y\u00a0<strong>Lisandro Matzkin<\/strong>\u00a0en Coronel Pringles.<\/p>\n<p>A trav\u00e9s de un comunicado publicado en redes sociales, notificaron: \u201cEl PRO de la provincia de Buenos Aires confirma la decisi\u00f3n de conformar un frente electoral junto a La Libertad Avanza,\u00a0<strong>con vistas a las pr\u00f3xima elecciones legislativas, y que los 13 intendentes del partido ser\u00e1n integrantes del mismo\u201d.<\/strong><\/p>\n<p>\u201cLa participaci\u00f3n de nuestros intendentes fortalece un espacio que nace como respuesta al reclamo de cambio profundo que millones de bonaerenses expresan d\u00eda a d\u00eda. Con gestiones probadas y una fuerte presencia territorial, todos los intendentes del PRO aportan experiencia, capacidad y liderazgo pol\u00edtico al frente\u201d, plante\u00f3 Ritondo al respecto.<\/p>\n<p>Asimismo, aclararon:\u00a0<strong>\u201cCon unidad, convicci\u00f3n y responsabilidad, el PRO bonaerense se pone en marcha para sumar a la transformaci\u00f3n que devuelva el orden, el progreso y la esperanza a cada rinc\u00f3n de la Provincia\u201d.<\/strong><\/p>\n<figure class=\"multimedia\" data-html=\"\" data-tadevel-template=\"web\/multimedia\" data-type=\"rich\" data-url=\"https:\/\/twitter.com\/probuenosairesp\/status\/1942928761093021702\"><figcaption class=\"caption\">\n<div class=\"description\">X de PRO Buenos Aires<\/div>\n<div class=\"attribution\"><\/div>\n<\/figcaption><\/figure>\n<p>El visto bueno de los intendentes llega tras varias jornadas de manifestarse en disconformidad, en reclamo de mayor autonom\u00eda en el armado de listas, y luego de evaluar jugar sus fichas en una boleta corta, optaron por respaldar la voluntad del espacio.<\/p>\n<p>A las 10, Ritondo protagonizar\u00e1 un nuevo encuentro de la\u00a0<strong>mesa provincial del partido<\/strong>, y de conquistar m\u00e1s respaldos al entendimiento, asistir\u00e1 a la firma del acuerdo que se realizar\u00e1 en el Hotel Libertador, donde brindar\u00e1n a posterior una conferencia de prensa convocada por el armador bonaerense de LLA, Sebasti\u00e1n Pareja.<\/p>\n<\/div>\n<\/div>\n<p>&nbsp;<\/p>\n<p>Fuente: Agencia Noticias Argentinas<\/p>\n","protected":false},"excerpt":{"rendered":"<p>Los 13 mandatarios municipales suscribieron al entendimiento en una nueva reuni\u00f3n virtual con el Cristian Ritondo, titular bonaerense del espacio.<\/p>\n","protected":false},"author":3,"featured_media":119226,"comment_status":"closed","ping_status":"closed","sticky":false,"template":"","format":"standard","meta":{"footnotes":""},"categories":[24],"tags":[],"class_list":["post-121536","post","type-post","status-publish","format-standard","has-post-thumbnail","hentry","category-politica"],"yoast_head":"<!-- This site is optimized with the Yoast SEO plugin v25.9 - https:\/\/yoast.com\/wordpress\/plugins\/seo\/ -->\n<title>Tras idas y vueltas, finalmente los intendentes del PRO adhirieron al frente electoral con LLA en la provincia - Noticias Radio Reflejos<\/title>\n<meta name=\"robots\" content=\"index, follow, max-snippet:-1, max-image-preview:large, max-video-preview:-1\" \/>\n<link rel=\"canonical\" href=\"https:\/\/www.noticiasradioreflejos.com.ar\/2021\/tras-idas-y-vueltas-finalmente-los-intendentes-del-pro-adhirieron-al-frente-electoral-con-lla-en-la-provincia\/\" \/>\n<meta property=\"og:locale\" content=\"es_ES\" \/>\n<meta property=\"og:type\" content=\"article\" \/>\n<meta property=\"og:title\" content=\"Tras idas y vueltas, finalmente los intendentes del PRO adhirieron al frente electoral con LLA en la provincia - Noticias Radio Reflejos\" \/>\n<meta property=\"og:description\" content=\"Los 13 mandatarios municipales suscribieron al entendimiento en una nueva reuni\u00f3n virtual con el Cristian Ritondo, titular bonaerense del espacio.\" \/>\n<meta property=\"og:url\" content=\"https:\/\/www.noticiasradioreflejos.com.ar\/2021\/tras-idas-y-vueltas-finalmente-los-intendentes-del-pro-adhirieron-al-frente-electoral-con-lla-en-la-provincia\/\" \/>\n<meta property=\"og:site_name\" content=\"Noticias Radio Reflejos\" \/>\n<meta property=\"article:published_time\" content=\"2025-07-09T13:27:58+00:00\" \/>\n<meta property=\"article:modified_time\" content=\"2025-07-09T13:38:42+00:00\" \/>\n<meta property=\"og:image\" content=\"https:\/\/www.noticiasradioreflejos.com.ar\/2021\/wp-content\/uploads\/2025\/05\/ritondo-pro-LLa.jpg\" \/>\n\t<meta property=\"og:image:width\" content=\"1200\" \/>\n\t<meta property=\"og:image:height\" content=\"675\" \/>\n\t<meta property=\"og:image:type\" content=\"image\/jpeg\" \/>\n<meta name=\"author\" content=\"Arnaldo Botto\" \/>\n<meta name=\"twitter:card\" content=\"summary_large_image\" \/>\n<script type=\"application\/ld+json\" class=\"yoast-schema-graph\">{\"@context\":\"https:\/\/schema.org\",\"@graph\":[{\"@type\":\"WebPage\",\"@id\":\"https:\/\/www.noticiasradioreflejos.com.ar\/2021\/tras-idas-y-vueltas-finalmente-los-intendentes-del-pro-adhirieron-al-frente-electoral-con-lla-en-la-provincia\/\",\"url\":\"https:\/\/www.noticiasradioreflejos.com.ar\/2021\/tras-idas-y-vueltas-finalmente-los-intendentes-del-pro-adhirieron-al-frente-electoral-con-lla-en-la-provincia\/\",\"name\":\"Tras idas y vueltas, finalmente los intendentes del PRO adhirieron al frente electoral con LLA en la provincia - Noticias Radio Reflejos\",\"isPartOf\":{\"@id\":\"https:\/\/www.noticiasradioreflejos.com.ar\/2021\/#website\"},\"primaryImageOfPage\":{\"@id\":\"https:\/\/www.noticiasradioreflejos.com.ar\/2021\/tras-idas-y-vueltas-finalmente-los-intendentes-del-pro-adhirieron-al-frente-electoral-con-lla-en-la-provincia\/#primaryimage\"},\"image\":{\"@id\":\"https:\/\/www.noticiasradioreflejos.com.ar\/2021\/tras-idas-y-vueltas-finalmente-los-intendentes-del-pro-adhirieron-al-frente-electoral-con-lla-en-la-provincia\/#primaryimage\"},\"thumbnailUrl\":\"https:\/\/www.noticiasradioreflejos.com.ar\/2021\/wp-content\/uploads\/2025\/05\/ritondo-pro-LLa.jpg\",\"datePublished\":\"2025-07-09T13:27:58+00:00\",\"dateModified\":\"2025-07-09T13:38:42+00:00\",\"author\":{\"@id\":\"https:\/\/www.noticiasradioreflejos.com.ar\/2021\/#\/schema\/person\/ad82545263dcc5ec0996818884fd5fb1\"},\"breadcrumb\":{\"@id\":\"https:\/\/www.noticiasradioreflejos.com.ar\/2021\/tras-idas-y-vueltas-finalmente-los-intendentes-del-pro-adhirieron-al-frente-electoral-con-lla-en-la-provincia\/#breadcrumb\"},\"inLanguage\":\"es\",\"potentialAction\":[{\"@type\":\"ReadAction\",\"target\":[\"https:\/\/www.noticiasradioreflejos.com.ar\/2021\/tras-idas-y-vueltas-finalmente-los-intendentes-del-pro-adhirieron-al-frente-electoral-con-lla-en-la-provincia\/\"]}]},{\"@type\":\"ImageObject\",\"inLanguage\":\"es\",\"@id\":\"https:\/\/www.noticiasradioreflejos.com.ar\/2021\/tras-idas-y-vueltas-finalmente-los-intendentes-del-pro-adhirieron-al-frente-electoral-con-lla-en-la-provincia\/#primaryimage\",\"url\":\"https:\/\/www.noticiasradioreflejos.com.ar\/2021\/wp-content\/uploads\/2025\/05\/ritondo-pro-LLa.jpg\",\"contentUrl\":\"https:\/\/www.noticiasradioreflejos.com.ar\/2021\/wp-content\/uploads\/2025\/05\/ritondo-pro-LLa.jpg\",\"width\":1200,\"height\":675},{\"@type\":\"BreadcrumbList\",\"@id\":\"https:\/\/www.noticiasradioreflejos.com.ar\/2021\/tras-idas-y-vueltas-finalmente-los-intendentes-del-pro-adhirieron-al-frente-electoral-con-lla-en-la-provincia\/#breadcrumb\",\"itemListElement\":[{\"@type\":\"ListItem\",\"position\":1,\"name\":\"Portada\",\"item\":\"https:\/\/www.noticiasradioreflejos.com.ar\/2021\/\"},{\"@type\":\"ListItem\",\"position\":2,\"name\":\"Tras idas y vueltas, finalmente los intendentes del PRO adhirieron al frente electoral con LLA en la provincia\"}]},{\"@type\":\"WebSite\",\"@id\":\"https:\/\/www.noticiasradioreflejos.com.ar\/2021\/#website\",\"url\":\"https:\/\/www.noticiasradioreflejos.com.ar\/2021\/\",\"name\":\"Noticias Radio Reflejos\",\"description\":\"Las noticias de mi comarca\",\"potentialAction\":[{\"@type\":\"SearchAction\",\"target\":{\"@type\":\"EntryPoint\",\"urlTemplate\":\"https:\/\/www.noticiasradioreflejos.com.ar\/2021\/?s={search_term_string}\"},\"query-input\":{\"@type\":\"PropertyValueSpecification\",\"valueRequired\":true,\"valueName\":\"search_term_string\"}}],\"inLanguage\":\"es\"},{\"@type\":\"Person\",\"@id\":\"https:\/\/www.noticiasradioreflejos.com.ar\/2021\/#\/schema\/person\/ad82545263dcc5ec0996818884fd5fb1\",\"name\":\"Arnaldo Botto\",\"image\":{\"@type\":\"ImageObject\",\"inLanguage\":\"es\",\"@id\":\"https:\/\/www.noticiasradioreflejos.com.ar\/2021\/#\/schema\/person\/image\/\",\"url\":\"https:\/\/secure.gravatar.com\/avatar\/55cb5e37c1efa326397366e6974cb338056df65cb50e7d64d1cf314e87504837?s=96&d=mm&r=g\",\"contentUrl\":\"https:\/\/secure.gravatar.com\/avatar\/55cb5e37c1efa326397366e6974cb338056df65cb50e7d64d1cf314e87504837?s=96&d=mm&r=g\",\"caption\":\"Arnaldo Botto\"},\"url\":\"https:\/\/www.noticiasradioreflejos.com.ar\/2021\/author\/arnaldo\/\"}]}<\/script>\n<!-- \/ Yoast SEO plugin. -->","yoast_head_json":{"title":"Tras idas y vueltas, finalmente los intendentes del PRO adhirieron al frente electoral con LLA en la provincia - Noticias Radio Reflejos","robots":{"index":"index","follow":"follow","max-snippet":"max-snippet:-1","max-image-preview":"max-image-preview:large","max-video-preview":"max-video-preview:-1"},"canonical":"https:\/\/www.noticiasradioreflejos.com.ar\/2021\/tras-idas-y-vueltas-finalmente-los-intendentes-del-pro-adhirieron-al-frente-electoral-con-lla-en-la-provincia\/","og_locale":"es_ES","og_type":"article","og_title":"Tras idas y vueltas, finalmente los intendentes del PRO adhirieron al frente electoral con LLA en la provincia - Noticias Radio Reflejos","og_description":"Los 13 mandatarios municipales suscribieron al entendimiento en una nueva reuni\u00f3n virtual con el Cristian Ritondo, titular bonaerense del espacio.","og_url":"https:\/\/www.noticiasradioreflejos.com.ar\/2021\/tras-idas-y-vueltas-finalmente-los-intendentes-del-pro-adhirieron-al-frente-electoral-con-lla-en-la-provincia\/","og_site_name":"Noticias Radio Reflejos","article_published_time":"2025-07-09T13:27:58+00:00","article_modified_time":"2025-07-09T13:38:42+00:00","og_image":[{"width":1200,"height":675,"url":"https:\/\/www.noticiasradioreflejos.com.ar\/2021\/wp-content\/uploads\/2025\/05\/ritondo-pro-LLa.jpg","type":"image\/jpeg"}],"author":"Arnaldo Botto","twitter_card":"summary_large_image","schema":{"@context":"https:\/\/schema.org","@graph":[{"@type":"WebPage","@id":"https:\/\/www.noticiasradioreflejos.com.ar\/2021\/tras-idas-y-vueltas-finalmente-los-intendentes-del-pro-adhirieron-al-frente-electoral-con-lla-en-la-provincia\/","url":"https:\/\/www.noticiasradioreflejos.com.ar\/2021\/tras-idas-y-vueltas-finalmente-los-intendentes-del-pro-adhirieron-al-frente-electoral-con-lla-en-la-provincia\/","name":"Tras idas y vueltas, finalmente los intendentes del PRO adhirieron al frente electoral con LLA en la provincia - Noticias Radio Reflejos","isPartOf":{"@id":"https:\/\/www.noticiasradioreflejos.com.ar\/2021\/#website"},"primaryImageOfPage":{"@id":"https:\/\/www.noticiasradioreflejos.com.ar\/2021\/tras-idas-y-vueltas-finalmente-los-intendentes-del-pro-adhirieron-al-frente-electoral-con-lla-en-la-provincia\/#primaryimage"},"image":{"@id":"https:\/\/www.noticiasradioreflejos.com.ar\/2021\/tras-idas-y-vueltas-finalmente-los-intendentes-del-pro-adhirieron-al-frente-electoral-con-lla-en-la-provincia\/#primaryimage"},"thumbnailUrl":"https:\/\/www.noticiasradioreflejos.com.ar\/2021\/wp-content\/uploads\/2025\/05\/ritondo-pro-LLa.jpg","datePublished":"2025-07-09T13:27:58+00:00","dateModified":"2025-07-09T13:38:42+00:00","author":{"@id":"https:\/\/www.noticiasradioreflejos.com.ar\/2021\/#\/schema\/person\/ad82545263dcc5ec0996818884fd5fb1"},"breadcrumb":{"@id":"https:\/\/www.noticiasradioreflejos.com.ar\/2021\/tras-idas-y-vueltas-finalmente-los-intendentes-del-pro-adhirieron-al-frente-electoral-con-lla-en-la-provincia\/#breadcrumb"},"inLanguage":"es","potentialAction":[{"@type":"ReadAction","target":["https:\/\/www.noticiasradioreflejos.com.ar\/2021\/tras-idas-y-vueltas-finalmente-los-intendentes-del-pro-adhirieron-al-frente-electoral-con-lla-en-la-provincia\/"]}]},{"@type":"ImageObject","inLanguage":"es","@id":"https:\/\/www.noticiasradioreflejos.com.ar\/2021\/tras-idas-y-vueltas-finalmente-los-intendentes-del-pro-adhirieron-al-frente-electoral-con-lla-en-la-provincia\/#primaryimage","url":"https:\/\/www.noticiasradioreflejos.com.ar\/2021\/wp-content\/uploads\/2025\/05\/ritondo-pro-LLa.jpg","contentUrl":"https:\/\/www.noticiasradioreflejos.com.ar\/2021\/wp-content\/uploads\/2025\/05\/ritondo-pro-LLa.jpg","width":1200,"height":675},{"@type":"BreadcrumbList","@id":"https:\/\/www.noticiasradioreflejos.com.ar\/2021\/tras-idas-y-vueltas-finalmente-los-intendentes-del-pro-adhirieron-al-frente-electoral-con-lla-en-la-provincia\/#breadcrumb","itemListElement":[{"@type":"ListItem","position":1,"name":"Portada","item":"https:\/\/www.noticiasradioreflejos.com.ar\/2021\/"},{"@type":"ListItem","position":2,"name":"Tras idas y vueltas, finalmente los intendentes del PRO adhirieron al frente electoral con LLA en la provincia"}]},{"@type":"WebSite","@id":"https:\/\/www.noticiasradioreflejos.com.ar\/2021\/#website","url":"https:\/\/www.noticiasradioreflejos.com.ar\/2021\/","name":"Noticias Radio Reflejos","description":"Las noticias de mi comarca","potentialAction":[{"@type":"SearchAction","target":{"@type":"EntryPoint","urlTemplate":"https:\/\/www.noticiasradioreflejos.com.ar\/2021\/?s={search_term_string}"},"query-input":{"@type":"PropertyValueSpecification","valueRequired":true,"valueName":"search_term_string"}}],"inLanguage":"es"},{"@type":"Person","@id":"https:\/\/www.noticiasradioreflejos.com.ar\/2021\/#\/schema\/person\/ad82545263dcc5ec0996818884fd5fb1","name":"Arnaldo Botto","image":{"@type":"ImageObject","inLanguage":"es","@id":"https:\/\/www.noticiasradioreflejos.com.ar\/2021\/#\/schema\/person\/image\/","url":"https:\/\/secure.gravatar.com\/avatar\/55cb5e37c1efa326397366e6974cb338056df65cb50e7d64d1cf314e87504837?s=96&d=mm&r=g","contentUrl":"https:\/\/secure.gravatar.com\/avatar\/55cb5e37c1efa326397366e6974cb338056df65cb50e7d64d1cf314e87504837?s=96&d=mm&r=g","caption":"Arnaldo Botto"},"url":"https:\/\/www.noticiasradioreflejos.com.ar\/2021\/author\/arnaldo\/"}]}},"_links":{"self":[{"href":"https:\/\/www.noticiasradioreflejos.com.ar\/2021\/wp-json\/wp\/v2\/posts\/121536","targetHints":{"allow":["GET"]}}],"collection":[{"href":"https:\/\/www.noticiasradioreflejos.com.ar\/2021\/wp-json\/wp\/v2\/posts"}],"about":[{"href":"https:\/\/www.noticiasradioreflejos.com.ar\/2021\/wp-json\/wp\/v2\/types\/post"}],"author":[{"embeddable":true,"href":"https:\/\/www.noticiasradioreflejos.com.ar\/2021\/wp-json\/wp\/v2\/users\/3"}],"replies":[{"embeddable":true,"href":"https:\/\/www.noticiasradioreflejos.com.ar\/2021\/wp-json\/wp\/v2\/comments?post=121536"}],"version-history":[{"count":3,"href":"https:\/\/www.noticiasradioreflejos.com.ar\/2021\/wp-json\/wp\/v2\/posts\/121536\/revisions"}],"predecessor-version":[{"id":121539,"href":"https:\/\/www.noticiasradioreflejos.com.ar\/2021\/wp-json\/wp\/v2\/posts\/121536\/revisions\/121539"}],"wp:featuredmedia":[{"embeddable":true,"href":"https:\/\/www.noticiasradioreflejos.com.ar\/2021\/wp-json\/wp\/v2\/media\/119226"}],"wp:attachment":[{"href":"https:\/\/www.noticiasradioreflejos.com.ar\/2021\/wp-json\/wp\/v2\/media?parent=121536"}],"wp:term":[{"taxonomy":"category","embeddable":true,"href":"https:\/\/www.noticiasradioreflejos.com.ar\/2021\/wp-json\/wp\/v2\/categories?post=121536"},{"taxonomy":"post_tag","embeddable":true,"href":"https:\/\/www.noticiasradioreflejos.com.ar\/2021\/wp-json\/wp\/v2\/tags?post=121536"}],"curies":[{"name":"wp","href":"https:\/\/api.w.org\/{rel}","templated":true}]}}