{"id":121504,"date":"2025-07-08T14:51:52","date_gmt":"2025-07-08T17:51:52","guid":{"rendered":"https:\/\/www.noticiasradioreflejos.com.ar\/2021\/?p=121504"},"modified":"2025-07-08T14:51:52","modified_gmt":"2025-07-08T17:51:52","slug":"lo-comunique-hace-un-tiempo-a-las-autoridades-de-la-ucr-local-estoy-trabajando-para-el-frente-que-armo-facundo-manes","status":"publish","type":"post","link":"https:\/\/www.noticiasradioreflejos.com.ar\/2021\/lo-comunique-hace-un-tiempo-a-las-autoridades-de-la-ucr-local-estoy-trabajando-para-el-frente-que-armo-facundo-manes\/","title":{"rendered":"\u00abLo comuniqu\u00e9 hace un tiempo a las autoridades de la UCR Local. Estoy trabajando para el frente que arm\u00f3 Facundo Manes\u00bb"},"content":{"rendered":"<p><strong>La concejal Sandra Kifer<\/strong> particip\u00f3 de una entrevista en el piso de la radio esta ma\u00f1ana. En <a href=\"https:\/\/www.noticiasradioreflejos.com.ar\/2021\/radio-en-vivo\/\"><strong>FM Reflejos<\/strong><\/a> explic\u00f3 el porque de la decisi\u00f3n\u00a0 de acompa\u00f1ar a <strong>Facundo Manes en el frente \u00abPara Adelante\u00bb<\/strong>, asegurando que ella no ser\u00e1 candidata a concejal las legislativas del mes de setiembre. <!--more--><\/p>\n<p>La charla arranc\u00f3 con una probl\u00e9mica que a gente de la comunidad plantes desde hace a\u00f1os; las antenas de telefon\u00eda en el ejido urbano; Sandra expresa al respecto:\u00a0 \u00abcreo que es un tema que debemos prestar atenci\u00f3n. Y hemos recibido en el Concejo Deliberante algunas sugerencias, y lo que la gente plantea no es descabellado, porque ellos no dicen, no a las comunicaciones, pero s\u00ed que seleccionemos los lugares menos nocivos para la salud. De hecho hay muchas investigaciones relacionadas con ese tema, que en lo personal desconozco, me estuve informando un poco por esta cuesti\u00f3n, esta presentaci\u00f3n y alg\u00fan material que me prest\u00f3 alguna vecina de ac\u00e1 de Sierra de la Ventana, muy interesante, que son temas a prestar atenci\u00f3n.\u00bb<\/p>\n<p>Seguidamente agreg\u00f3: \u00abSon situaciones que no se ven, que por ah\u00ed pasan desapercibidas. Obviamente hoy necesitamos estar comunicados todo el tiempo, se ha hecho parte de nuestra vida, pero lo que la gente plantea,\u00a0 tratemos de consensuar un poco entre la buena comunicaci\u00f3n y que no est\u00e9 en un lugar tan c\u00e9ntrico.\u00bb<\/p>\n<p>Sobre su nueva participaci\u00f3n pol\u00edtica por fuera del radicalismo,\u00a0 uni\u00e9ndose al frente de Manes explic\u00f3: \u00abyo lo comuniqu\u00e9 hace un tiempo a las autoridades de la Uni\u00f3n C\u00edvica Radical Local. Estoy trabajando para el frente que arm\u00f3 Facundo Manes, que no es un partido pol\u00edtico, es un frente donde confluyen diferentes espacios. La idea es poder empezar a construir, tanto a nivel provincial como a nivel nacional, una nueva alternativa alejada de tanta polarizaci\u00f3n y de tanto extremismo que hay hoy en d\u00eda en la pol\u00edtica.\u00bb<\/p>\n<p>Definiendo m\u00e1s fundamentos en que bas\u00f3 su decisi\u00f3n Kifer agreg\u00f3:\u00a0 \u00abHay mucha agresi\u00f3n, mucha polarizaci\u00f3n, se pierde mucho tiempo en discusiones que a la comunidad, en la vida cotidiana, no les sirven de nada y se desgasta. En esa discusi\u00f3n hay un desgaste continuo donde obviamente se pierde ese tiempo en discutir, en polarizar, en llevar las situaciones a los extremos y no se trabaja en algo consciente y consensuado para proyectar a largo plazo, para poder delinear pol\u00edticas de estados que vayan m\u00e1s all\u00e1 de una gesti\u00f3n de gobierno. Porque no se trata de blanco negro, de buenos y malos, los espacios pol\u00edticos est\u00e1n y hay que aprender a trabajar en conjunto, hay que aprender a sumar, hay que aprender a no demonizar al que piensa diferente.\u00bb<\/p>\n<p>Y en eso preguntamos: \u00bfEsto \u00faltimo que dec\u00eds? \u00bfC\u00f3mo haces con un gobierno que est\u00e1 todo el tiempo demonizando a quien se le cruza, a quien no opina igual?<\/p>\n<p>La edil dijo: <strong>\u00abEsa puede ser la diferencia en la cual Facundo Manes,\u00a0 que es una persona que tiene mucho para ofrecer, que es una persona con la cual se puede construir, se puede dialogar y a la vez \u00e9l sigue sosteniendo los ideales que hist\u00f3ricamente el radicalismo llev\u00f3 adelante, la salud p\u00fablica, la educaci\u00f3n p\u00fablica, porque no se trata de destruir las instituciones.<\/strong> Yo s\u00e9 que hay muchas instituciones y eso es innegable, que funcionan y funcionan mal y hay que mejorarlas, pero eso no se logra destruyendo. Adem\u00e1s agrega: <strong>\u00abEl Estado es necesario, no es una mala palabra, el Estado es lo que nos ordena, somos todos el Estado.\u00bb<\/strong><\/p>\n<p>Ante la pregunta sobre su candidatura o lugar en la lista sentenci\u00f3: \u00abyo<strong>\u00a0ahora no estoy diciendo que voy a ir como concejal, yo lo que estoy diciendo es que estoy trabajando.\u201d <\/strong><\/p>\n<p>Y Sandra asegura la presentaci\u00f3n de una lista del frente: \u00abS\u00ed, vamos a tener lista, no tenemos todos los nombres, y en funci\u00f3n a lo que el grupo de trabajo decida y cuando tengamos todos los nombres, que no falta mucho porque la presentaci\u00f3n l\u00edmite es el 19, se va a presentar la lista completa.\u00bb<\/p>\n<p>En relaci\u00f3n a la importancia de las elecciones de setiembre en el distrito y la provincia agrega: \u00ababemos que esta es una legislativa, que es una intermedia, que si bien el Concejo Deliberante es una de las instituciones m\u00e1s importantes de la democracia, tiene una funci\u00f3n y lo que me ha tocado aprender en estos cuatro a\u00f1os que tuve como concejal es que la mayor\u00eda de los reclamos de los vecinos pasan por un accionar del ejecutivo. Entonces uno como concejal puede controlar, puede hacer de nexo entre los vecinos y el ejecutivo, puede intentar gestionar, pero el que tiene la potestad y la posibilidad de resolver muchos de los problemas que los vecinos nos presentan es el ejecutivo, dir\u00eda yo casi en un 100.\u00bb<\/p>\n<p>Sandra finaliza expresando su voluntad de trabajo a futuro definiendo: \u00abObviamente que esto no es un espacio que vino para las elecciones legislativas para empezar a pelear peque\u00f1os espacios de poder, sino es un espacio que vino para quedarse con proyecci\u00f3n a futuro y empezar a trabajar no solamente para ahora, para las elecciones legislativas del 2025, sino para lo que viene.\u00bb<\/p>\n<p>Finalizando expres\u00f3 que el frente est\u00e1 abierto para recibir a los ciudadanos que quieran participar sin diferenciar de donde lleguen: \u00abqueremos sumar gente que tenga ganas de aportar, venga de la extracci\u00f3n pol\u00edtica que venga.\u00bb<\/p>\n<p><iframe loading=\"lazy\" src=\"https:\/\/w.soundcloud.com\/player\/?url=https%3A\/\/api.soundcloud.com\/tracks\/2126582217&amp;color=%23ff5500&amp;auto_play=false&amp;hide_related=false&amp;show_comments=true&amp;show_user=true&amp;show_reposts=false&amp;show_teaser=true\" width=\"100%\" height=\"166\" frameborder=\"no\" scrolling=\"no\"><\/iframe><\/p>\n<div style=\"font-size: 10px; color: #cccccc; line-break: anywhere; word-break: normal; overflow: hidden; white-space: nowrap; text-overflow: ellipsis; font-family: Interstate,Lucida Grande,Lucida Sans Unicode,Lucida Sans,Garuda,Verdana,Tahoma,sans-serif; font-weight: 100;\"><a style=\"color: #cccccc; text-decoration: none;\" title=\"fmreflejos 103.7\" href=\"https:\/\/soundcloud.com\/fmreflejos-103-7\" target=\"_blank\" rel=\"noopener\">fmreflejos 103.7<\/a> \u00b7 <a style=\"color: #cccccc; text-decoration: none;\" title=\"Sandra Kifer 08-07\" href=\"https:\/\/soundcloud.com\/fmreflejos-103-7\/sandra-kifer-08-07\" target=\"_blank\" rel=\"noopener\">Sandra Kifer 08-07<\/a><\/div>\n<p>&nbsp;<\/p>\n","protected":false},"excerpt":{"rendered":"<p>La concejal Sandra Kifer particip\u00f3 de una entrevista en el piso de la radio esta ma\u00f1ana. En FM Reflejos explic\u00f3 el porque de la decisi\u00f3n\u00a0 de acompa\u00f1ar a Facundo Manes en el frente \u00abPara Adelante\u00bb, asegurando que ella no ser\u00e1 candidata a concejal las legislativas del mes de setiembre.<\/p>\n","protected":false},"author":3,"featured_media":0,"comment_status":"closed","ping_status":"closed","sticky":false,"template":"","format":"standard","meta":{"footnotes":""},"categories":[24],"tags":[48],"class_list":["post-121504","post","type-post","status-publish","format-standard","hentry","category-politica","tag-destacada"],"yoast_head":"<!-- This site is optimized with the Yoast SEO plugin v25.9 - https:\/\/yoast.com\/wordpress\/plugins\/seo\/ -->\n<title>&quot;Lo comuniqu\u00e9 hace un tiempo a las autoridades de la UCR Local. Estoy trabajando para el frente que arm\u00f3 Facundo Manes&quot; - Noticias Radio Reflejos<\/title>\n<meta name=\"robots\" content=\"index, follow, max-snippet:-1, max-image-preview:large, max-video-preview:-1\" \/>\n<link rel=\"canonical\" href=\"https:\/\/www.noticiasradioreflejos.com.ar\/2021\/lo-comunique-hace-un-tiempo-a-las-autoridades-de-la-ucr-local-estoy-trabajando-para-el-frente-que-armo-facundo-manes\/\" \/>\n<meta property=\"og:locale\" content=\"es_ES\" \/>\n<meta property=\"og:type\" content=\"article\" \/>\n<meta property=\"og:title\" content=\"&quot;Lo comuniqu\u00e9 hace un tiempo a las autoridades de la UCR Local. Estoy trabajando para el frente que arm\u00f3 Facundo Manes&quot; - Noticias Radio Reflejos\" \/>\n<meta property=\"og:description\" content=\"La concejal Sandra Kifer particip\u00f3 de una entrevista en el piso de la radio esta ma\u00f1ana. En FM Reflejos explic\u00f3 el porque de la decisi\u00f3n\u00a0 de acompa\u00f1ar a Facundo Manes en el frente \u00abPara Adelante\u00bb, asegurando que ella no ser\u00e1 candidata a concejal las legislativas del mes de setiembre.\" \/>\n<meta property=\"og:url\" content=\"https:\/\/www.noticiasradioreflejos.com.ar\/2021\/lo-comunique-hace-un-tiempo-a-las-autoridades-de-la-ucr-local-estoy-trabajando-para-el-frente-que-armo-facundo-manes\/\" \/>\n<meta property=\"og:site_name\" content=\"Noticias Radio Reflejos\" \/>\n<meta property=\"article:published_time\" content=\"2025-07-08T17:51:52+00:00\" \/>\n<meta property=\"og:image\" content=\"https:\/\/www.noticiasradioreflejos.com.ar\/2021\/wp-content\/uploads\/2025\/07\/Kifer-Manes.jpg\" \/>\n\t<meta property=\"og:image:width\" content=\"1210\" \/>\n\t<meta property=\"og:image:height\" content=\"558\" \/>\n\t<meta property=\"og:image:type\" content=\"image\/jpeg\" \/>\n<meta name=\"author\" content=\"Arnaldo Botto\" \/>\n<meta name=\"twitter:card\" content=\"summary_large_image\" \/>\n<script type=\"application\/ld+json\" class=\"yoast-schema-graph\">{\"@context\":\"https:\/\/schema.org\",\"@graph\":[{\"@type\":\"WebPage\",\"@id\":\"https:\/\/www.noticiasradioreflejos.com.ar\/2021\/lo-comunique-hace-un-tiempo-a-las-autoridades-de-la-ucr-local-estoy-trabajando-para-el-frente-que-armo-facundo-manes\/\",\"url\":\"https:\/\/www.noticiasradioreflejos.com.ar\/2021\/lo-comunique-hace-un-tiempo-a-las-autoridades-de-la-ucr-local-estoy-trabajando-para-el-frente-que-armo-facundo-manes\/\",\"name\":\"\\\"Lo comuniqu\u00e9 hace un tiempo a las autoridades de la UCR Local. Estoy trabajando para el frente que arm\u00f3 Facundo Manes\\\" - Noticias Radio Reflejos\",\"isPartOf\":{\"@id\":\"https:\/\/www.noticiasradioreflejos.com.ar\/2021\/#website\"},\"datePublished\":\"2025-07-08T17:51:52+00:00\",\"author\":{\"@id\":\"https:\/\/www.noticiasradioreflejos.com.ar\/2021\/#\/schema\/person\/ad82545263dcc5ec0996818884fd5fb1\"},\"breadcrumb\":{\"@id\":\"https:\/\/www.noticiasradioreflejos.com.ar\/2021\/lo-comunique-hace-un-tiempo-a-las-autoridades-de-la-ucr-local-estoy-trabajando-para-el-frente-que-armo-facundo-manes\/#breadcrumb\"},\"inLanguage\":\"es\",\"potentialAction\":[{\"@type\":\"ReadAction\",\"target\":[\"https:\/\/www.noticiasradioreflejos.com.ar\/2021\/lo-comunique-hace-un-tiempo-a-las-autoridades-de-la-ucr-local-estoy-trabajando-para-el-frente-que-armo-facundo-manes\/\"]}]},{\"@type\":\"BreadcrumbList\",\"@id\":\"https:\/\/www.noticiasradioreflejos.com.ar\/2021\/lo-comunique-hace-un-tiempo-a-las-autoridades-de-la-ucr-local-estoy-trabajando-para-el-frente-que-armo-facundo-manes\/#breadcrumb\",\"itemListElement\":[{\"@type\":\"ListItem\",\"position\":1,\"name\":\"Portada\",\"item\":\"https:\/\/www.noticiasradioreflejos.com.ar\/2021\/\"},{\"@type\":\"ListItem\",\"position\":2,\"name\":\"\u00abLo comuniqu\u00e9 hace un tiempo a las autoridades de la UCR Local. Estoy trabajando para el frente que arm\u00f3 Facundo Manes\u00bb\"}]},{\"@type\":\"WebSite\",\"@id\":\"https:\/\/www.noticiasradioreflejos.com.ar\/2021\/#website\",\"url\":\"https:\/\/www.noticiasradioreflejos.com.ar\/2021\/\",\"name\":\"Noticias Radio Reflejos\",\"description\":\"Las noticias de mi comarca\",\"potentialAction\":[{\"@type\":\"SearchAction\",\"target\":{\"@type\":\"EntryPoint\",\"urlTemplate\":\"https:\/\/www.noticiasradioreflejos.com.ar\/2021\/?s={search_term_string}\"},\"query-input\":{\"@type\":\"PropertyValueSpecification\",\"valueRequired\":true,\"valueName\":\"search_term_string\"}}],\"inLanguage\":\"es\"},{\"@type\":\"Person\",\"@id\":\"https:\/\/www.noticiasradioreflejos.com.ar\/2021\/#\/schema\/person\/ad82545263dcc5ec0996818884fd5fb1\",\"name\":\"Arnaldo Botto\",\"image\":{\"@type\":\"ImageObject\",\"inLanguage\":\"es\",\"@id\":\"https:\/\/www.noticiasradioreflejos.com.ar\/2021\/#\/schema\/person\/image\/\",\"url\":\"https:\/\/secure.gravatar.com\/avatar\/55cb5e37c1efa326397366e6974cb338056df65cb50e7d64d1cf314e87504837?s=96&d=mm&r=g\",\"contentUrl\":\"https:\/\/secure.gravatar.com\/avatar\/55cb5e37c1efa326397366e6974cb338056df65cb50e7d64d1cf314e87504837?s=96&d=mm&r=g\",\"caption\":\"Arnaldo Botto\"},\"url\":\"https:\/\/www.noticiasradioreflejos.com.ar\/2021\/author\/arnaldo\/\"}]}<\/script>\n<!-- \/ Yoast SEO plugin. -->","yoast_head_json":{"title":"\"Lo comuniqu\u00e9 hace un tiempo a las autoridades de la UCR Local. Estoy trabajando para el frente que arm\u00f3 Facundo Manes\" - Noticias Radio Reflejos","robots":{"index":"index","follow":"follow","max-snippet":"max-snippet:-1","max-image-preview":"max-image-preview:large","max-video-preview":"max-video-preview:-1"},"canonical":"https:\/\/www.noticiasradioreflejos.com.ar\/2021\/lo-comunique-hace-un-tiempo-a-las-autoridades-de-la-ucr-local-estoy-trabajando-para-el-frente-que-armo-facundo-manes\/","og_locale":"es_ES","og_type":"article","og_title":"\"Lo comuniqu\u00e9 hace un tiempo a las autoridades de la UCR Local. Estoy trabajando para el frente que arm\u00f3 Facundo Manes\" - Noticias Radio Reflejos","og_description":"La concejal Sandra Kifer particip\u00f3 de una entrevista en el piso de la radio esta ma\u00f1ana. En FM Reflejos explic\u00f3 el porque de la decisi\u00f3n\u00a0 de acompa\u00f1ar a Facundo Manes en el frente \u00abPara Adelante\u00bb, asegurando que ella no ser\u00e1 candidata a concejal las legislativas del mes de setiembre.","og_url":"https:\/\/www.noticiasradioreflejos.com.ar\/2021\/lo-comunique-hace-un-tiempo-a-las-autoridades-de-la-ucr-local-estoy-trabajando-para-el-frente-que-armo-facundo-manes\/","og_site_name":"Noticias Radio Reflejos","article_published_time":"2025-07-08T17:51:52+00:00","og_image":[{"width":1210,"height":558,"url":"https:\/\/www.noticiasradioreflejos.com.ar\/2021\/wp-content\/uploads\/2025\/07\/Kifer-Manes.jpg","type":"image\/jpeg"}],"author":"Arnaldo Botto","twitter_card":"summary_large_image","schema":{"@context":"https:\/\/schema.org","@graph":[{"@type":"WebPage","@id":"https:\/\/www.noticiasradioreflejos.com.ar\/2021\/lo-comunique-hace-un-tiempo-a-las-autoridades-de-la-ucr-local-estoy-trabajando-para-el-frente-que-armo-facundo-manes\/","url":"https:\/\/www.noticiasradioreflejos.com.ar\/2021\/lo-comunique-hace-un-tiempo-a-las-autoridades-de-la-ucr-local-estoy-trabajando-para-el-frente-que-armo-facundo-manes\/","name":"\"Lo comuniqu\u00e9 hace un tiempo a las autoridades de la UCR Local. Estoy trabajando para el frente que arm\u00f3 Facundo Manes\" - Noticias Radio Reflejos","isPartOf":{"@id":"https:\/\/www.noticiasradioreflejos.com.ar\/2021\/#website"},"datePublished":"2025-07-08T17:51:52+00:00","author":{"@id":"https:\/\/www.noticiasradioreflejos.com.ar\/2021\/#\/schema\/person\/ad82545263dcc5ec0996818884fd5fb1"},"breadcrumb":{"@id":"https:\/\/www.noticiasradioreflejos.com.ar\/2021\/lo-comunique-hace-un-tiempo-a-las-autoridades-de-la-ucr-local-estoy-trabajando-para-el-frente-que-armo-facundo-manes\/#breadcrumb"},"inLanguage":"es","potentialAction":[{"@type":"ReadAction","target":["https:\/\/www.noticiasradioreflejos.com.ar\/2021\/lo-comunique-hace-un-tiempo-a-las-autoridades-de-la-ucr-local-estoy-trabajando-para-el-frente-que-armo-facundo-manes\/"]}]},{"@type":"BreadcrumbList","@id":"https:\/\/www.noticiasradioreflejos.com.ar\/2021\/lo-comunique-hace-un-tiempo-a-las-autoridades-de-la-ucr-local-estoy-trabajando-para-el-frente-que-armo-facundo-manes\/#breadcrumb","itemListElement":[{"@type":"ListItem","position":1,"name":"Portada","item":"https:\/\/www.noticiasradioreflejos.com.ar\/2021\/"},{"@type":"ListItem","position":2,"name":"\u00abLo comuniqu\u00e9 hace un tiempo a las autoridades de la UCR Local. Estoy trabajando para el frente que arm\u00f3 Facundo Manes\u00bb"}]},{"@type":"WebSite","@id":"https:\/\/www.noticiasradioreflejos.com.ar\/2021\/#website","url":"https:\/\/www.noticiasradioreflejos.com.ar\/2021\/","name":"Noticias Radio Reflejos","description":"Las noticias de mi comarca","potentialAction":[{"@type":"SearchAction","target":{"@type":"EntryPoint","urlTemplate":"https:\/\/www.noticiasradioreflejos.com.ar\/2021\/?s={search_term_string}"},"query-input":{"@type":"PropertyValueSpecification","valueRequired":true,"valueName":"search_term_string"}}],"inLanguage":"es"},{"@type":"Person","@id":"https:\/\/www.noticiasradioreflejos.com.ar\/2021\/#\/schema\/person\/ad82545263dcc5ec0996818884fd5fb1","name":"Arnaldo Botto","image":{"@type":"ImageObject","inLanguage":"es","@id":"https:\/\/www.noticiasradioreflejos.com.ar\/2021\/#\/schema\/person\/image\/","url":"https:\/\/secure.gravatar.com\/avatar\/55cb5e37c1efa326397366e6974cb338056df65cb50e7d64d1cf314e87504837?s=96&d=mm&r=g","contentUrl":"https:\/\/secure.gravatar.com\/avatar\/55cb5e37c1efa326397366e6974cb338056df65cb50e7d64d1cf314e87504837?s=96&d=mm&r=g","caption":"Arnaldo Botto"},"url":"https:\/\/www.noticiasradioreflejos.com.ar\/2021\/author\/arnaldo\/"}]}},"_links":{"self":[{"href":"https:\/\/www.noticiasradioreflejos.com.ar\/2021\/wp-json\/wp\/v2\/posts\/121504","targetHints":{"allow":["GET"]}}],"collection":[{"href":"https:\/\/www.noticiasradioreflejos.com.ar\/2021\/wp-json\/wp\/v2\/posts"}],"about":[{"href":"https:\/\/www.noticiasradioreflejos.com.ar\/2021\/wp-json\/wp\/v2\/types\/post"}],"author":[{"embeddable":true,"href":"https:\/\/www.noticiasradioreflejos.com.ar\/2021\/wp-json\/wp\/v2\/users\/3"}],"replies":[{"embeddable":true,"href":"https:\/\/www.noticiasradioreflejos.com.ar\/2021\/wp-json\/wp\/v2\/comments?post=121504"}],"version-history":[{"count":1,"href":"https:\/\/www.noticiasradioreflejos.com.ar\/2021\/wp-json\/wp\/v2\/posts\/121504\/revisions"}],"predecessor-version":[{"id":121507,"href":"https:\/\/www.noticiasradioreflejos.com.ar\/2021\/wp-json\/wp\/v2\/posts\/121504\/revisions\/121507"}],"wp:attachment":[{"href":"https:\/\/www.noticiasradioreflejos.com.ar\/2021\/wp-json\/wp\/v2\/media?parent=121504"}],"wp:term":[{"taxonomy":"category","embeddable":true,"href":"https:\/\/www.noticiasradioreflejos.com.ar\/2021\/wp-json\/wp\/v2\/categories?post=121504"},{"taxonomy":"post_tag","embeddable":true,"href":"https:\/\/www.noticiasradioreflejos.com.ar\/2021\/wp-json\/wp\/v2\/tags?post=121504"}],"curies":[{"name":"wp","href":"https:\/\/api.w.org\/{rel}","templated":true}]}}