{"id":121500,"date":"2025-07-08T13:42:49","date_gmt":"2025-07-08T16:42:49","guid":{"rendered":"https:\/\/www.noticiasradioreflejos.com.ar\/2021\/?p=121500"},"modified":"2025-07-08T13:42:49","modified_gmt":"2025-07-08T16:42:49","slug":"el-policia-que-hoy-choco-drogado-hace-un-ano-le-salvo-la-vida-a-una-nena","status":"publish","type":"post","link":"https:\/\/www.noticiasradioreflejos.com.ar\/2021\/el-policia-que-hoy-choco-drogado-hace-un-ano-le-salvo-la-vida-a-una-nena\/","title":{"rendered":"El polic\u00eda que hoy choc\u00f3 drogado hace un a\u00f1o le salv\u00f3 la vida a una nena"},"content":{"rendered":"<p>Esta ma\u00f1ana\u00a0<a href=\"https:\/\/www.bhinfo.com.ar\/noticia\/14348-Un_policia_de_servicio_choco_contra_un_auto_y_dio_positivo_en_marihuana-02062025\"><u><b><strong>un m\u00f3vil del Comando de Patrulla choc\u00f3 en la esquina de Capit\u00e1n Mart\u00ednez y Chubut<\/strong><\/b><\/u><\/a>\u00a0a un Alfa Romeo, y al hacerle el test de drogas, el uniformado que iba al mando sali\u00f3 positivo en marihuana.<!--more--><\/p>\n<p>Seg\u00fan pudo saber la redacci\u00f3n de BHInfo,\u00a0<b><strong>el agente en cuesti\u00f3n es el sargento Braian De Giorgi,<\/strong><\/b>\u00a0el cual seg\u00fan explic\u00f3 el otro automovilista involucrado, se mostr\u00f3 nervioso y deseoso que el caso no tomara estado p\u00fablico, incluso antes del test.<\/p>\n<p>Lo cierto es que\u00a0<b><strong>De Giorgi ya hab\u00eda sido tapa de los medios bahienses hace apenas un a\u00f1o, aunque por una cuesti\u00f3n diametralmente opuesta<\/strong><\/b>, que lo par\u00f3 en la vereda de h\u00e9roe al salvarle la vida, junto a una compa\u00f1era, a una nena de 2 a\u00f1os.<\/p>\n<p>El hecho en cuesti\u00f3n sucedi\u00f3 el 23 de marzo de 2024, cuando un llamado al 911 alert\u00f3 que en una vivienda de Saavedra al 1100 una criatura no pod\u00eda respirar<b><strong>. Junto con B\u00e1rbara Marini, De Giorgi se encarg\u00f3 de mantenerla con vida hasta el arribo de una ambulancia,<\/strong><\/b>\u00a0la cual traslad\u00f3 a la menor hasta el Hospital Municipal.<\/p>\n<p>&nbsp;<\/p>\n<p><strong>Fuente BHInfo<\/strong><\/p>\n","protected":false},"excerpt":{"rendered":"<p>Esta ma\u00f1ana\u00a0un m\u00f3vil del Comando de Patrulla choc\u00f3 en la esquina de Capit\u00e1n Mart\u00ednez y Chubut\u00a0a un Alfa Romeo, y al hacerle el test de drogas, el uniformado que iba al mando sali\u00f3 positivo en marihuana.<\/p>\n","protected":false},"author":3,"featured_media":121501,"comment_status":"closed","ping_status":"closed","sticky":false,"template":"","format":"standard","meta":{"footnotes":""},"categories":[29],"tags":[],"class_list":["post-121500","post","type-post","status-publish","format-standard","has-post-thumbnail","hentry","category-policiales"],"yoast_head":"<!-- This site is optimized with the Yoast SEO plugin v25.9 - https:\/\/yoast.com\/wordpress\/plugins\/seo\/ -->\n<title>El polic\u00eda que hoy choc\u00f3 drogado hace un a\u00f1o le salv\u00f3 la vida a una nena - Noticias Radio Reflejos<\/title>\n<meta name=\"robots\" content=\"index, follow, max-snippet:-1, max-image-preview:large, max-video-preview:-1\" \/>\n<link rel=\"canonical\" href=\"https:\/\/www.noticiasradioreflejos.com.ar\/2021\/el-policia-que-hoy-choco-drogado-hace-un-ano-le-salvo-la-vida-a-una-nena\/\" \/>\n<meta property=\"og:locale\" content=\"es_ES\" \/>\n<meta property=\"og:type\" content=\"article\" \/>\n<meta property=\"og:title\" content=\"El polic\u00eda que hoy choc\u00f3 drogado hace un a\u00f1o le salv\u00f3 la vida a una nena - Noticias Radio Reflejos\" \/>\n<meta property=\"og:description\" content=\"Esta ma\u00f1ana\u00a0un m\u00f3vil del Comando de Patrulla choc\u00f3 en la esquina de Capit\u00e1n Mart\u00ednez y Chubut\u00a0a un Alfa Romeo, y al hacerle el test de drogas, el uniformado que iba al mando sali\u00f3 positivo en marihuana.\" \/>\n<meta property=\"og:url\" content=\"https:\/\/www.noticiasradioreflejos.com.ar\/2021\/el-policia-que-hoy-choco-drogado-hace-un-ano-le-salvo-la-vida-a-una-nena\/\" \/>\n<meta property=\"og:site_name\" content=\"Noticias Radio Reflejos\" \/>\n<meta property=\"article:published_time\" content=\"2025-07-08T16:42:49+00:00\" \/>\n<meta property=\"og:image\" content=\"https:\/\/www.noticiasradioreflejos.com.ar\/2021\/wp-content\/uploads\/2025\/07\/Choque.jpg\" \/>\n\t<meta property=\"og:image:width\" content=\"1000\" \/>\n\t<meta property=\"og:image:height\" content=\"654\" \/>\n\t<meta property=\"og:image:type\" content=\"image\/jpeg\" \/>\n<meta name=\"author\" content=\"Arnaldo Botto\" \/>\n<meta name=\"twitter:card\" content=\"summary_large_image\" \/>\n<script type=\"application\/ld+json\" class=\"yoast-schema-graph\">{\"@context\":\"https:\/\/schema.org\",\"@graph\":[{\"@type\":\"WebPage\",\"@id\":\"https:\/\/www.noticiasradioreflejos.com.ar\/2021\/el-policia-que-hoy-choco-drogado-hace-un-ano-le-salvo-la-vida-a-una-nena\/\",\"url\":\"https:\/\/www.noticiasradioreflejos.com.ar\/2021\/el-policia-que-hoy-choco-drogado-hace-un-ano-le-salvo-la-vida-a-una-nena\/\",\"name\":\"El polic\u00eda que hoy choc\u00f3 drogado hace un a\u00f1o le salv\u00f3 la vida a una nena - Noticias Radio Reflejos\",\"isPartOf\":{\"@id\":\"https:\/\/www.noticiasradioreflejos.com.ar\/2021\/#website\"},\"primaryImageOfPage\":{\"@id\":\"https:\/\/www.noticiasradioreflejos.com.ar\/2021\/el-policia-que-hoy-choco-drogado-hace-un-ano-le-salvo-la-vida-a-una-nena\/#primaryimage\"},\"image\":{\"@id\":\"https:\/\/www.noticiasradioreflejos.com.ar\/2021\/el-policia-que-hoy-choco-drogado-hace-un-ano-le-salvo-la-vida-a-una-nena\/#primaryimage\"},\"thumbnailUrl\":\"https:\/\/www.noticiasradioreflejos.com.ar\/2021\/wp-content\/uploads\/2025\/07\/Choque.jpg\",\"datePublished\":\"2025-07-08T16:42:49+00:00\",\"author\":{\"@id\":\"https:\/\/www.noticiasradioreflejos.com.ar\/2021\/#\/schema\/person\/ad82545263dcc5ec0996818884fd5fb1\"},\"breadcrumb\":{\"@id\":\"https:\/\/www.noticiasradioreflejos.com.ar\/2021\/el-policia-que-hoy-choco-drogado-hace-un-ano-le-salvo-la-vida-a-una-nena\/#breadcrumb\"},\"inLanguage\":\"es\",\"potentialAction\":[{\"@type\":\"ReadAction\",\"target\":[\"https:\/\/www.noticiasradioreflejos.com.ar\/2021\/el-policia-que-hoy-choco-drogado-hace-un-ano-le-salvo-la-vida-a-una-nena\/\"]}]},{\"@type\":\"ImageObject\",\"inLanguage\":\"es\",\"@id\":\"https:\/\/www.noticiasradioreflejos.com.ar\/2021\/el-policia-que-hoy-choco-drogado-hace-un-ano-le-salvo-la-vida-a-una-nena\/#primaryimage\",\"url\":\"https:\/\/www.noticiasradioreflejos.com.ar\/2021\/wp-content\/uploads\/2025\/07\/Choque.jpg\",\"contentUrl\":\"https:\/\/www.noticiasradioreflejos.com.ar\/2021\/wp-content\/uploads\/2025\/07\/Choque.jpg\",\"width\":1000,\"height\":654},{\"@type\":\"BreadcrumbList\",\"@id\":\"https:\/\/www.noticiasradioreflejos.com.ar\/2021\/el-policia-que-hoy-choco-drogado-hace-un-ano-le-salvo-la-vida-a-una-nena\/#breadcrumb\",\"itemListElement\":[{\"@type\":\"ListItem\",\"position\":1,\"name\":\"Portada\",\"item\":\"https:\/\/www.noticiasradioreflejos.com.ar\/2021\/\"},{\"@type\":\"ListItem\",\"position\":2,\"name\":\"El polic\u00eda que hoy choc\u00f3 drogado hace un a\u00f1o le salv\u00f3 la vida a una nena\"}]},{\"@type\":\"WebSite\",\"@id\":\"https:\/\/www.noticiasradioreflejos.com.ar\/2021\/#website\",\"url\":\"https:\/\/www.noticiasradioreflejos.com.ar\/2021\/\",\"name\":\"Noticias Radio Reflejos\",\"description\":\"Las noticias de mi comarca\",\"potentialAction\":[{\"@type\":\"SearchAction\",\"target\":{\"@type\":\"EntryPoint\",\"urlTemplate\":\"https:\/\/www.noticiasradioreflejos.com.ar\/2021\/?s={search_term_string}\"},\"query-input\":{\"@type\":\"PropertyValueSpecification\",\"valueRequired\":true,\"valueName\":\"search_term_string\"}}],\"inLanguage\":\"es\"},{\"@type\":\"Person\",\"@id\":\"https:\/\/www.noticiasradioreflejos.com.ar\/2021\/#\/schema\/person\/ad82545263dcc5ec0996818884fd5fb1\",\"name\":\"Arnaldo Botto\",\"image\":{\"@type\":\"ImageObject\",\"inLanguage\":\"es\",\"@id\":\"https:\/\/www.noticiasradioreflejos.com.ar\/2021\/#\/schema\/person\/image\/\",\"url\":\"https:\/\/secure.gravatar.com\/avatar\/55cb5e37c1efa326397366e6974cb338056df65cb50e7d64d1cf314e87504837?s=96&d=mm&r=g\",\"contentUrl\":\"https:\/\/secure.gravatar.com\/avatar\/55cb5e37c1efa326397366e6974cb338056df65cb50e7d64d1cf314e87504837?s=96&d=mm&r=g\",\"caption\":\"Arnaldo Botto\"},\"url\":\"https:\/\/www.noticiasradioreflejos.com.ar\/2021\/author\/arnaldo\/\"}]}<\/script>\n<!-- \/ Yoast SEO plugin. -->","yoast_head_json":{"title":"El polic\u00eda que hoy choc\u00f3 drogado hace un a\u00f1o le salv\u00f3 la vida a una nena - Noticias Radio Reflejos","robots":{"index":"index","follow":"follow","max-snippet":"max-snippet:-1","max-image-preview":"max-image-preview:large","max-video-preview":"max-video-preview:-1"},"canonical":"https:\/\/www.noticiasradioreflejos.com.ar\/2021\/el-policia-que-hoy-choco-drogado-hace-un-ano-le-salvo-la-vida-a-una-nena\/","og_locale":"es_ES","og_type":"article","og_title":"El polic\u00eda que hoy choc\u00f3 drogado hace un a\u00f1o le salv\u00f3 la vida a una nena - Noticias Radio Reflejos","og_description":"Esta ma\u00f1ana\u00a0un m\u00f3vil del Comando de Patrulla choc\u00f3 en la esquina de Capit\u00e1n Mart\u00ednez y Chubut\u00a0a un Alfa Romeo, y al hacerle el test de drogas, el uniformado que iba al mando sali\u00f3 positivo en marihuana.","og_url":"https:\/\/www.noticiasradioreflejos.com.ar\/2021\/el-policia-que-hoy-choco-drogado-hace-un-ano-le-salvo-la-vida-a-una-nena\/","og_site_name":"Noticias Radio Reflejos","article_published_time":"2025-07-08T16:42:49+00:00","og_image":[{"width":1000,"height":654,"url":"https:\/\/www.noticiasradioreflejos.com.ar\/2021\/wp-content\/uploads\/2025\/07\/Choque.jpg","type":"image\/jpeg"}],"author":"Arnaldo Botto","twitter_card":"summary_large_image","schema":{"@context":"https:\/\/schema.org","@graph":[{"@type":"WebPage","@id":"https:\/\/www.noticiasradioreflejos.com.ar\/2021\/el-policia-que-hoy-choco-drogado-hace-un-ano-le-salvo-la-vida-a-una-nena\/","url":"https:\/\/www.noticiasradioreflejos.com.ar\/2021\/el-policia-que-hoy-choco-drogado-hace-un-ano-le-salvo-la-vida-a-una-nena\/","name":"El polic\u00eda que hoy choc\u00f3 drogado hace un a\u00f1o le salv\u00f3 la vida a una nena - Noticias Radio Reflejos","isPartOf":{"@id":"https:\/\/www.noticiasradioreflejos.com.ar\/2021\/#website"},"primaryImageOfPage":{"@id":"https:\/\/www.noticiasradioreflejos.com.ar\/2021\/el-policia-que-hoy-choco-drogado-hace-un-ano-le-salvo-la-vida-a-una-nena\/#primaryimage"},"image":{"@id":"https:\/\/www.noticiasradioreflejos.com.ar\/2021\/el-policia-que-hoy-choco-drogado-hace-un-ano-le-salvo-la-vida-a-una-nena\/#primaryimage"},"thumbnailUrl":"https:\/\/www.noticiasradioreflejos.com.ar\/2021\/wp-content\/uploads\/2025\/07\/Choque.jpg","datePublished":"2025-07-08T16:42:49+00:00","author":{"@id":"https:\/\/www.noticiasradioreflejos.com.ar\/2021\/#\/schema\/person\/ad82545263dcc5ec0996818884fd5fb1"},"breadcrumb":{"@id":"https:\/\/www.noticiasradioreflejos.com.ar\/2021\/el-policia-que-hoy-choco-drogado-hace-un-ano-le-salvo-la-vida-a-una-nena\/#breadcrumb"},"inLanguage":"es","potentialAction":[{"@type":"ReadAction","target":["https:\/\/www.noticiasradioreflejos.com.ar\/2021\/el-policia-que-hoy-choco-drogado-hace-un-ano-le-salvo-la-vida-a-una-nena\/"]}]},{"@type":"ImageObject","inLanguage":"es","@id":"https:\/\/www.noticiasradioreflejos.com.ar\/2021\/el-policia-que-hoy-choco-drogado-hace-un-ano-le-salvo-la-vida-a-una-nena\/#primaryimage","url":"https:\/\/www.noticiasradioreflejos.com.ar\/2021\/wp-content\/uploads\/2025\/07\/Choque.jpg","contentUrl":"https:\/\/www.noticiasradioreflejos.com.ar\/2021\/wp-content\/uploads\/2025\/07\/Choque.jpg","width":1000,"height":654},{"@type":"BreadcrumbList","@id":"https:\/\/www.noticiasradioreflejos.com.ar\/2021\/el-policia-que-hoy-choco-drogado-hace-un-ano-le-salvo-la-vida-a-una-nena\/#breadcrumb","itemListElement":[{"@type":"ListItem","position":1,"name":"Portada","item":"https:\/\/www.noticiasradioreflejos.com.ar\/2021\/"},{"@type":"ListItem","position":2,"name":"El polic\u00eda que hoy choc\u00f3 drogado hace un a\u00f1o le salv\u00f3 la vida a una nena"}]},{"@type":"WebSite","@id":"https:\/\/www.noticiasradioreflejos.com.ar\/2021\/#website","url":"https:\/\/www.noticiasradioreflejos.com.ar\/2021\/","name":"Noticias Radio Reflejos","description":"Las noticias de mi comarca","potentialAction":[{"@type":"SearchAction","target":{"@type":"EntryPoint","urlTemplate":"https:\/\/www.noticiasradioreflejos.com.ar\/2021\/?s={search_term_string}"},"query-input":{"@type":"PropertyValueSpecification","valueRequired":true,"valueName":"search_term_string"}}],"inLanguage":"es"},{"@type":"Person","@id":"https:\/\/www.noticiasradioreflejos.com.ar\/2021\/#\/schema\/person\/ad82545263dcc5ec0996818884fd5fb1","name":"Arnaldo Botto","image":{"@type":"ImageObject","inLanguage":"es","@id":"https:\/\/www.noticiasradioreflejos.com.ar\/2021\/#\/schema\/person\/image\/","url":"https:\/\/secure.gravatar.com\/avatar\/55cb5e37c1efa326397366e6974cb338056df65cb50e7d64d1cf314e87504837?s=96&d=mm&r=g","contentUrl":"https:\/\/secure.gravatar.com\/avatar\/55cb5e37c1efa326397366e6974cb338056df65cb50e7d64d1cf314e87504837?s=96&d=mm&r=g","caption":"Arnaldo Botto"},"url":"https:\/\/www.noticiasradioreflejos.com.ar\/2021\/author\/arnaldo\/"}]}},"_links":{"self":[{"href":"https:\/\/www.noticiasradioreflejos.com.ar\/2021\/wp-json\/wp\/v2\/posts\/121500","targetHints":{"allow":["GET"]}}],"collection":[{"href":"https:\/\/www.noticiasradioreflejos.com.ar\/2021\/wp-json\/wp\/v2\/posts"}],"about":[{"href":"https:\/\/www.noticiasradioreflejos.com.ar\/2021\/wp-json\/wp\/v2\/types\/post"}],"author":[{"embeddable":true,"href":"https:\/\/www.noticiasradioreflejos.com.ar\/2021\/wp-json\/wp\/v2\/users\/3"}],"replies":[{"embeddable":true,"href":"https:\/\/www.noticiasradioreflejos.com.ar\/2021\/wp-json\/wp\/v2\/comments?post=121500"}],"version-history":[{"count":1,"href":"https:\/\/www.noticiasradioreflejos.com.ar\/2021\/wp-json\/wp\/v2\/posts\/121500\/revisions"}],"predecessor-version":[{"id":121502,"href":"https:\/\/www.noticiasradioreflejos.com.ar\/2021\/wp-json\/wp\/v2\/posts\/121500\/revisions\/121502"}],"wp:featuredmedia":[{"embeddable":true,"href":"https:\/\/www.noticiasradioreflejos.com.ar\/2021\/wp-json\/wp\/v2\/media\/121501"}],"wp:attachment":[{"href":"https:\/\/www.noticiasradioreflejos.com.ar\/2021\/wp-json\/wp\/v2\/media?parent=121500"}],"wp:term":[{"taxonomy":"category","embeddable":true,"href":"https:\/\/www.noticiasradioreflejos.com.ar\/2021\/wp-json\/wp\/v2\/categories?post=121500"},{"taxonomy":"post_tag","embeddable":true,"href":"https:\/\/www.noticiasradioreflejos.com.ar\/2021\/wp-json\/wp\/v2\/tags?post=121500"}],"curies":[{"name":"wp","href":"https:\/\/api.w.org\/{rel}","templated":true}]}}