{"id":121497,"date":"2025-07-08T13:40:30","date_gmt":"2025-07-08T16:40:30","guid":{"rendered":"https:\/\/www.noticiasradioreflejos.com.ar\/2021\/?p=121497"},"modified":"2025-07-08T13:40:30","modified_gmt":"2025-07-08T16:40:30","slug":"altar-nazi-y-escuchas-asi-cayo-el-autor-de-las-pintadas-en-la-daia","status":"publish","type":"post","link":"https:\/\/www.noticiasradioreflejos.com.ar\/2021\/altar-nazi-y-escuchas-asi-cayo-el-autor-de-las-pintadas-en-la-daia\/","title":{"rendered":"Altar nazi y escuchas: as\u00ed cay\u00f3 el autor de las pintadas en la DAIA"},"content":{"rendered":"<p>Los objetos incautados en su vivienda terminaron por comprometer al sujeto se\u00f1alado por adjudicarse los ataques escritos en la sede de la comunidad jud\u00eda en 2021.<br \/>\n<!--more--><\/p>\n<div class=\"mvp-post-main-out left relative\">\n<div class=\"mvp-post-main-in\">\n<div id=\"mvp-post-content\" class=\"left relative\">\n<div id=\"mvp-content-wrap\" class=\"left relative\">\n<div class=\"mvp-post-soc-out right relative\">\n<div class=\"mvp-post-soc-in\">\n<div id=\"mvp-content-body\" class=\"left relative\">\n<div id=\"mvp-content-body-top\" class=\"left relative\">\n<div id=\"mvp-content-main\" class=\"left relative\">\n<p>La Justicia Federal proces\u00f3 al autor de las pintadas antisemitas en edificios de la comunidad jud\u00eda de Bah\u00eda Blanca en 2021. Germ\u00e1n Brustle qued\u00f3 involucrado casi de causalidad. Su \u00abmala suerte\u00bb comenz\u00f3 luego de la detenci\u00f3n de\u00a0<a href=\"https:\/\/www.labrujula24.com\/notas\/2025\/06\/13\/confirman-el-procesamiento-de-bombita-dahua-n441816\/\" data-type=\"link\" data-id=\"https:\/\/www.labrujula24.com\/notas\/2025\/06\/13\/confirman-el-procesamiento-de-bombita-dahua-n441816\/\">Pablo \u00abBombita\u00bb Dahua<\/a>, quien fue detenido por un crimen y por ser el autor del atentado al local de La C\u00e1mpora.<\/p>\n<p>Seg\u00fan pudo reconstruir la Justicia, Brustle era miembro del Grupo Nueva Soberan\u00eda, liderado por \u00abBombita\u00bb. En una conversaci\u00f3n entre Brustle y Francisco Rosales, tambi\u00e9n imputado de pertenecer al grupo de ultraderecha, el joven se atribuye los grafitis antisemitas.<\/p>\n<p>En la charla, que gira en torno a m\u00e9todos de captaci\u00f3n, formas de evasi\u00f3n y la planificaci\u00f3n de diversos actos vand\u00e1licos, Brustle (alias \u00abBrus\u00bb) se adjudica las\u00a0<a href=\"https:\/\/www.labrujula24.com\/notas\/2021\/05\/17\/asi-realizaban-las-pintadas-antisemitas-en-el-frente-de-una-sinagoga-n130091\/\" data-type=\"link\" data-id=\"https:\/\/www.labrujula24.com\/notas\/2021\/05\/17\/asi-realizaban-las-pintadas-antisemitas-en-el-frente-de-una-sinagoga-n130091\/\">pintadas realizadas en mayo de 2021 en el frente de la DAIA<\/a>, donde se pod\u00edan leer frases como \u201clos vamos a matar\u201d y \u201cratas jud\u00edas\u201d, junto a una estrella de David.<\/p>\n<figure class=\"wp-block-image size-full\"><img loading=\"lazy\" decoding=\"async\" class=\"wp-image-446078\" src=\"https:\/\/www.labrujula24.com\/wp-content\/uploads\/2025\/07\/187395544_4270557536301410_3246210713728399394_n.jpg\" alt=\"\" width=\"1200\" height=\"818\" \/><\/figure>\n<p class=\"has-text-align-center\"><em>As\u00ed realizaban pintadas en el frente de la DAIA (imagen captada por una c\u00e1mara de seguridad)<\/em><\/p>\n<p>Tras varias diligencias, las fuerzas de seguridad identificaron a \u00abBrus\u00bb como Germ\u00e1n Brustle y allanaron su domicilio en Dorrego 394 el pasado 17 de diciembre de 2024. En el operativo se secuestraron celulares, computadoras, municiones y prendas de vestir presuntamente usadas en los hechos que se investigan. Tambi\u00e9n se dispusieron pericias inform\u00e1ticas y un cotejo de im\u00e1genes con videos de seguridad.<\/p>\n<p>De acuerdo a la hip\u00f3tesis judicial, tanto Dahua, Rosales y Brustle formar\u00edan parte de una o m\u00e1s organizaciones de tinte extremista, de estructura cerrada, con roles diferenciados -log\u00edstica, pol\u00edtica o combate- y discursos orientados al odio racial y pol\u00edtico. Estas agrupaciones, que emulan modelos militaristas como las SA alemanas (<em>organizaci\u00f3n de voluntarios vinculados al\u00a0Partido Nacional socialista Obrero Alem\u00e1n, o partido nazi<\/em>), tendr\u00edan como fin promover acciones violentas y captar personas dispuestas a inmolarse o participar en atentados.<\/p>\n<figure class=\"wp-block-image size-full\"><img loading=\"lazy\" decoding=\"async\" class=\"wp-image-446080\" src=\"https:\/\/www.labrujula24.com\/wp-content\/uploads\/2025\/07\/pintadas.jpg\" sizes=\"auto, (max-width: 1200px) 100vw, 1200px\" srcset=\"https:\/\/www.labrujula24.com\/wp-content\/uploads\/2025\/07\/pintadas.jpg 1200w, https:\/\/www.labrujula24.com\/wp-content\/uploads\/2025\/07\/pintadas-1000x600.jpg 1000w, https:\/\/www.labrujula24.com\/wp-content\/uploads\/2025\/07\/pintadas-590x354.jpg 590w, https:\/\/www.labrujula24.com\/wp-content\/uploads\/2025\/07\/pintadas-400x240.jpg 400w\" alt=\"\" width=\"1200\" height=\"720\" \/><\/figure>\n<p>La investigaci\u00f3n sigue en manos del fuero federal y suma informes de la Unidad Federal de Perfil Criminal y del Centro de Estudios Sociales de la DAIA, en un expediente que pretende esclarecer no s\u00f3lo los hechos, sino tambi\u00e9n el entramado organizativo detr\u00e1s de los mismos.<\/p>\n<p>Brustke, que se neg\u00f3 a declarar, pose\u00eda un altar con un busto de Adolf Hitler y todo tipo de \u00abmerchandising\u00bb nazi. Estos elementos, sumado a que el audio en el que se atribuye el hecho coincide con la reconstrucci\u00f3n de lo ocurrido esa noche, llevaron a que la jueza federal Mar\u00eda Gabriela Marr\u00f3n procesara al imputado. Curiosamente, el domicilio de Brustle, que comparte junto a sus padres, es lindante a un local partidario del Partido Comunista Revolucionario.<\/p>\n<p>Todo hace suponer que, el ahora procesado y con prohibici\u00f3n para salir del pa\u00eds, se dirigi\u00f3 caminando hacia el edificio de la comunidad jud\u00eda, que est\u00e1 a solo 300 metros de su domicilio. No se descarta que otro episodio de violencia pol\u00edtica sucedido en un\u00a0<a href=\"https:\/\/www.labrujula24.com\/notas\/2021\/11\/30\/susbielles-hay-que-terminar-con-el-discurso-de-odio-n175524\/\" data-type=\"link\" data-id=\"https:\/\/www.labrujula24.com\/notas\/2021\/11\/30\/susbielles-hay-que-terminar-con-el-discurso-de-odio-n175524\/\">local partidario del ahora intendente Federico Susbielles<\/a>\u00a0haya sido otro de sus objetivos. Ese lugar est\u00e1 a 20 metros de la puerta de la casa de Brustle.<\/p>\n<\/div>\n<\/div>\n<p><strong>Fuente: La Br\u00fajula 24<\/strong><\/p>\n<\/div>\n<\/div>\n<\/div>\n<\/div>\n<\/div>\n<\/div>\n<\/div>\n","protected":false},"excerpt":{"rendered":"<p>Los objetos incautados en su vivienda terminaron por comprometer al sujeto se\u00f1alado por adjudicarse los ataques escritos en la sede de la comunidad jud\u00eda en 2021.<\/p>\n","protected":false},"author":3,"featured_media":121498,"comment_status":"closed","ping_status":"closed","sticky":false,"template":"","format":"standard","meta":{"footnotes":""},"categories":[57,29],"tags":[],"class_list":["post-121497","post","type-post","status-publish","format-standard","has-post-thumbnail","hentry","category-judiciales","category-policiales"],"yoast_head":"<!-- This site is optimized with the Yoast SEO plugin v25.9 - https:\/\/yoast.com\/wordpress\/plugins\/seo\/ -->\n<title>Altar nazi y escuchas: as\u00ed cay\u00f3 el autor de las pintadas en la DAIA - Noticias Radio Reflejos<\/title>\n<meta name=\"robots\" content=\"index, follow, max-snippet:-1, max-image-preview:large, max-video-preview:-1\" \/>\n<link rel=\"canonical\" href=\"https:\/\/www.noticiasradioreflejos.com.ar\/2021\/altar-nazi-y-escuchas-asi-cayo-el-autor-de-las-pintadas-en-la-daia\/\" \/>\n<meta property=\"og:locale\" content=\"es_ES\" \/>\n<meta property=\"og:type\" content=\"article\" \/>\n<meta property=\"og:title\" content=\"Altar nazi y escuchas: as\u00ed cay\u00f3 el autor de las pintadas en la DAIA - Noticias Radio Reflejos\" \/>\n<meta property=\"og:description\" content=\"Los objetos incautados en su vivienda terminaron por comprometer al sujeto se\u00f1alado por adjudicarse los ataques escritos en la sede de la comunidad jud\u00eda en 2021.\" \/>\n<meta property=\"og:url\" content=\"https:\/\/www.noticiasradioreflejos.com.ar\/2021\/altar-nazi-y-escuchas-asi-cayo-el-autor-de-las-pintadas-en-la-daia\/\" \/>\n<meta property=\"og:site_name\" content=\"Noticias Radio Reflejos\" \/>\n<meta property=\"article:published_time\" content=\"2025-07-08T16:40:30+00:00\" \/>\n<meta property=\"og:image\" content=\"https:\/\/www.noticiasradioreflejos.com.ar\/2021\/wp-content\/uploads\/2025\/07\/pintadas-1000x600-1.jpg\" \/>\n\t<meta property=\"og:image:width\" content=\"1000\" \/>\n\t<meta property=\"og:image:height\" content=\"600\" \/>\n\t<meta property=\"og:image:type\" content=\"image\/jpeg\" \/>\n<meta name=\"author\" content=\"Arnaldo Botto\" \/>\n<meta name=\"twitter:card\" content=\"summary_large_image\" \/>\n<script type=\"application\/ld+json\" class=\"yoast-schema-graph\">{\"@context\":\"https:\/\/schema.org\",\"@graph\":[{\"@type\":\"WebPage\",\"@id\":\"https:\/\/www.noticiasradioreflejos.com.ar\/2021\/altar-nazi-y-escuchas-asi-cayo-el-autor-de-las-pintadas-en-la-daia\/\",\"url\":\"https:\/\/www.noticiasradioreflejos.com.ar\/2021\/altar-nazi-y-escuchas-asi-cayo-el-autor-de-las-pintadas-en-la-daia\/\",\"name\":\"Altar nazi y escuchas: as\u00ed cay\u00f3 el autor de las pintadas en la DAIA - Noticias Radio Reflejos\",\"isPartOf\":{\"@id\":\"https:\/\/www.noticiasradioreflejos.com.ar\/2021\/#website\"},\"primaryImageOfPage\":{\"@id\":\"https:\/\/www.noticiasradioreflejos.com.ar\/2021\/altar-nazi-y-escuchas-asi-cayo-el-autor-de-las-pintadas-en-la-daia\/#primaryimage\"},\"image\":{\"@id\":\"https:\/\/www.noticiasradioreflejos.com.ar\/2021\/altar-nazi-y-escuchas-asi-cayo-el-autor-de-las-pintadas-en-la-daia\/#primaryimage\"},\"thumbnailUrl\":\"https:\/\/www.noticiasradioreflejos.com.ar\/2021\/wp-content\/uploads\/2025\/07\/pintadas-1000x600-1.jpg\",\"datePublished\":\"2025-07-08T16:40:30+00:00\",\"author\":{\"@id\":\"https:\/\/www.noticiasradioreflejos.com.ar\/2021\/#\/schema\/person\/ad82545263dcc5ec0996818884fd5fb1\"},\"breadcrumb\":{\"@id\":\"https:\/\/www.noticiasradioreflejos.com.ar\/2021\/altar-nazi-y-escuchas-asi-cayo-el-autor-de-las-pintadas-en-la-daia\/#breadcrumb\"},\"inLanguage\":\"es\",\"potentialAction\":[{\"@type\":\"ReadAction\",\"target\":[\"https:\/\/www.noticiasradioreflejos.com.ar\/2021\/altar-nazi-y-escuchas-asi-cayo-el-autor-de-las-pintadas-en-la-daia\/\"]}]},{\"@type\":\"ImageObject\",\"inLanguage\":\"es\",\"@id\":\"https:\/\/www.noticiasradioreflejos.com.ar\/2021\/altar-nazi-y-escuchas-asi-cayo-el-autor-de-las-pintadas-en-la-daia\/#primaryimage\",\"url\":\"https:\/\/www.noticiasradioreflejos.com.ar\/2021\/wp-content\/uploads\/2025\/07\/pintadas-1000x600-1.jpg\",\"contentUrl\":\"https:\/\/www.noticiasradioreflejos.com.ar\/2021\/wp-content\/uploads\/2025\/07\/pintadas-1000x600-1.jpg\",\"width\":1000,\"height\":600},{\"@type\":\"BreadcrumbList\",\"@id\":\"https:\/\/www.noticiasradioreflejos.com.ar\/2021\/altar-nazi-y-escuchas-asi-cayo-el-autor-de-las-pintadas-en-la-daia\/#breadcrumb\",\"itemListElement\":[{\"@type\":\"ListItem\",\"position\":1,\"name\":\"Portada\",\"item\":\"https:\/\/www.noticiasradioreflejos.com.ar\/2021\/\"},{\"@type\":\"ListItem\",\"position\":2,\"name\":\"Altar nazi y escuchas: as\u00ed cay\u00f3 el autor de las pintadas en la DAIA\"}]},{\"@type\":\"WebSite\",\"@id\":\"https:\/\/www.noticiasradioreflejos.com.ar\/2021\/#website\",\"url\":\"https:\/\/www.noticiasradioreflejos.com.ar\/2021\/\",\"name\":\"Noticias Radio Reflejos\",\"description\":\"Las noticias de mi comarca\",\"potentialAction\":[{\"@type\":\"SearchAction\",\"target\":{\"@type\":\"EntryPoint\",\"urlTemplate\":\"https:\/\/www.noticiasradioreflejos.com.ar\/2021\/?s={search_term_string}\"},\"query-input\":{\"@type\":\"PropertyValueSpecification\",\"valueRequired\":true,\"valueName\":\"search_term_string\"}}],\"inLanguage\":\"es\"},{\"@type\":\"Person\",\"@id\":\"https:\/\/www.noticiasradioreflejos.com.ar\/2021\/#\/schema\/person\/ad82545263dcc5ec0996818884fd5fb1\",\"name\":\"Arnaldo Botto\",\"image\":{\"@type\":\"ImageObject\",\"inLanguage\":\"es\",\"@id\":\"https:\/\/www.noticiasradioreflejos.com.ar\/2021\/#\/schema\/person\/image\/\",\"url\":\"https:\/\/secure.gravatar.com\/avatar\/55cb5e37c1efa326397366e6974cb338056df65cb50e7d64d1cf314e87504837?s=96&d=mm&r=g\",\"contentUrl\":\"https:\/\/secure.gravatar.com\/avatar\/55cb5e37c1efa326397366e6974cb338056df65cb50e7d64d1cf314e87504837?s=96&d=mm&r=g\",\"caption\":\"Arnaldo Botto\"},\"url\":\"https:\/\/www.noticiasradioreflejos.com.ar\/2021\/author\/arnaldo\/\"}]}<\/script>\n<!-- \/ Yoast SEO plugin. -->","yoast_head_json":{"title":"Altar nazi y escuchas: as\u00ed cay\u00f3 el autor de las pintadas en la DAIA - Noticias Radio Reflejos","robots":{"index":"index","follow":"follow","max-snippet":"max-snippet:-1","max-image-preview":"max-image-preview:large","max-video-preview":"max-video-preview:-1"},"canonical":"https:\/\/www.noticiasradioreflejos.com.ar\/2021\/altar-nazi-y-escuchas-asi-cayo-el-autor-de-las-pintadas-en-la-daia\/","og_locale":"es_ES","og_type":"article","og_title":"Altar nazi y escuchas: as\u00ed cay\u00f3 el autor de las pintadas en la DAIA - Noticias Radio Reflejos","og_description":"Los objetos incautados en su vivienda terminaron por comprometer al sujeto se\u00f1alado por adjudicarse los ataques escritos en la sede de la comunidad jud\u00eda en 2021.","og_url":"https:\/\/www.noticiasradioreflejos.com.ar\/2021\/altar-nazi-y-escuchas-asi-cayo-el-autor-de-las-pintadas-en-la-daia\/","og_site_name":"Noticias Radio Reflejos","article_published_time":"2025-07-08T16:40:30+00:00","og_image":[{"width":1000,"height":600,"url":"https:\/\/www.noticiasradioreflejos.com.ar\/2021\/wp-content\/uploads\/2025\/07\/pintadas-1000x600-1.jpg","type":"image\/jpeg"}],"author":"Arnaldo Botto","twitter_card":"summary_large_image","schema":{"@context":"https:\/\/schema.org","@graph":[{"@type":"WebPage","@id":"https:\/\/www.noticiasradioreflejos.com.ar\/2021\/altar-nazi-y-escuchas-asi-cayo-el-autor-de-las-pintadas-en-la-daia\/","url":"https:\/\/www.noticiasradioreflejos.com.ar\/2021\/altar-nazi-y-escuchas-asi-cayo-el-autor-de-las-pintadas-en-la-daia\/","name":"Altar nazi y escuchas: as\u00ed cay\u00f3 el autor de las pintadas en la DAIA - Noticias Radio Reflejos","isPartOf":{"@id":"https:\/\/www.noticiasradioreflejos.com.ar\/2021\/#website"},"primaryImageOfPage":{"@id":"https:\/\/www.noticiasradioreflejos.com.ar\/2021\/altar-nazi-y-escuchas-asi-cayo-el-autor-de-las-pintadas-en-la-daia\/#primaryimage"},"image":{"@id":"https:\/\/www.noticiasradioreflejos.com.ar\/2021\/altar-nazi-y-escuchas-asi-cayo-el-autor-de-las-pintadas-en-la-daia\/#primaryimage"},"thumbnailUrl":"https:\/\/www.noticiasradioreflejos.com.ar\/2021\/wp-content\/uploads\/2025\/07\/pintadas-1000x600-1.jpg","datePublished":"2025-07-08T16:40:30+00:00","author":{"@id":"https:\/\/www.noticiasradioreflejos.com.ar\/2021\/#\/schema\/person\/ad82545263dcc5ec0996818884fd5fb1"},"breadcrumb":{"@id":"https:\/\/www.noticiasradioreflejos.com.ar\/2021\/altar-nazi-y-escuchas-asi-cayo-el-autor-de-las-pintadas-en-la-daia\/#breadcrumb"},"inLanguage":"es","potentialAction":[{"@type":"ReadAction","target":["https:\/\/www.noticiasradioreflejos.com.ar\/2021\/altar-nazi-y-escuchas-asi-cayo-el-autor-de-las-pintadas-en-la-daia\/"]}]},{"@type":"ImageObject","inLanguage":"es","@id":"https:\/\/www.noticiasradioreflejos.com.ar\/2021\/altar-nazi-y-escuchas-asi-cayo-el-autor-de-las-pintadas-en-la-daia\/#primaryimage","url":"https:\/\/www.noticiasradioreflejos.com.ar\/2021\/wp-content\/uploads\/2025\/07\/pintadas-1000x600-1.jpg","contentUrl":"https:\/\/www.noticiasradioreflejos.com.ar\/2021\/wp-content\/uploads\/2025\/07\/pintadas-1000x600-1.jpg","width":1000,"height":600},{"@type":"BreadcrumbList","@id":"https:\/\/www.noticiasradioreflejos.com.ar\/2021\/altar-nazi-y-escuchas-asi-cayo-el-autor-de-las-pintadas-en-la-daia\/#breadcrumb","itemListElement":[{"@type":"ListItem","position":1,"name":"Portada","item":"https:\/\/www.noticiasradioreflejos.com.ar\/2021\/"},{"@type":"ListItem","position":2,"name":"Altar nazi y escuchas: as\u00ed cay\u00f3 el autor de las pintadas en la DAIA"}]},{"@type":"WebSite","@id":"https:\/\/www.noticiasradioreflejos.com.ar\/2021\/#website","url":"https:\/\/www.noticiasradioreflejos.com.ar\/2021\/","name":"Noticias Radio Reflejos","description":"Las noticias de mi comarca","potentialAction":[{"@type":"SearchAction","target":{"@type":"EntryPoint","urlTemplate":"https:\/\/www.noticiasradioreflejos.com.ar\/2021\/?s={search_term_string}"},"query-input":{"@type":"PropertyValueSpecification","valueRequired":true,"valueName":"search_term_string"}}],"inLanguage":"es"},{"@type":"Person","@id":"https:\/\/www.noticiasradioreflejos.com.ar\/2021\/#\/schema\/person\/ad82545263dcc5ec0996818884fd5fb1","name":"Arnaldo Botto","image":{"@type":"ImageObject","inLanguage":"es","@id":"https:\/\/www.noticiasradioreflejos.com.ar\/2021\/#\/schema\/person\/image\/","url":"https:\/\/secure.gravatar.com\/avatar\/55cb5e37c1efa326397366e6974cb338056df65cb50e7d64d1cf314e87504837?s=96&d=mm&r=g","contentUrl":"https:\/\/secure.gravatar.com\/avatar\/55cb5e37c1efa326397366e6974cb338056df65cb50e7d64d1cf314e87504837?s=96&d=mm&r=g","caption":"Arnaldo Botto"},"url":"https:\/\/www.noticiasradioreflejos.com.ar\/2021\/author\/arnaldo\/"}]}},"_links":{"self":[{"href":"https:\/\/www.noticiasradioreflejos.com.ar\/2021\/wp-json\/wp\/v2\/posts\/121497","targetHints":{"allow":["GET"]}}],"collection":[{"href":"https:\/\/www.noticiasradioreflejos.com.ar\/2021\/wp-json\/wp\/v2\/posts"}],"about":[{"href":"https:\/\/www.noticiasradioreflejos.com.ar\/2021\/wp-json\/wp\/v2\/types\/post"}],"author":[{"embeddable":true,"href":"https:\/\/www.noticiasradioreflejos.com.ar\/2021\/wp-json\/wp\/v2\/users\/3"}],"replies":[{"embeddable":true,"href":"https:\/\/www.noticiasradioreflejos.com.ar\/2021\/wp-json\/wp\/v2\/comments?post=121497"}],"version-history":[{"count":1,"href":"https:\/\/www.noticiasradioreflejos.com.ar\/2021\/wp-json\/wp\/v2\/posts\/121497\/revisions"}],"predecessor-version":[{"id":121499,"href":"https:\/\/www.noticiasradioreflejos.com.ar\/2021\/wp-json\/wp\/v2\/posts\/121497\/revisions\/121499"}],"wp:featuredmedia":[{"embeddable":true,"href":"https:\/\/www.noticiasradioreflejos.com.ar\/2021\/wp-json\/wp\/v2\/media\/121498"}],"wp:attachment":[{"href":"https:\/\/www.noticiasradioreflejos.com.ar\/2021\/wp-json\/wp\/v2\/media?parent=121497"}],"wp:term":[{"taxonomy":"category","embeddable":true,"href":"https:\/\/www.noticiasradioreflejos.com.ar\/2021\/wp-json\/wp\/v2\/categories?post=121497"},{"taxonomy":"post_tag","embeddable":true,"href":"https:\/\/www.noticiasradioreflejos.com.ar\/2021\/wp-json\/wp\/v2\/tags?post=121497"}],"curies":[{"name":"wp","href":"https:\/\/api.w.org\/{rel}","templated":true}]}}