{"id":121486,"date":"2025-07-08T07:54:33","date_gmt":"2025-07-08T10:54:33","guid":{"rendered":"https:\/\/www.noticiasradioreflejos.com.ar\/2021\/?p=121486"},"modified":"2025-07-08T07:54:33","modified_gmt":"2025-07-08T10:54:33","slug":"la-junta-electoral-bonaerense-aprobo-el-padron-definitivo-y-las-boletas-de-colores","status":"publish","type":"post","link":"https:\/\/www.noticiasradioreflejos.com.ar\/2021\/la-junta-electoral-bonaerense-aprobo-el-padron-definitivo-y-las-boletas-de-colores\/","title":{"rendered":"La Junta Electoral Bonaerense aprob\u00f3 el padr\u00f3n definitivo y las boletas de colores"},"content":{"rendered":"<p>Podr\u00e1n incluir las fotos de hasta dos candidatos.<!--more--><\/p>\n<div class=\"noticia__rrss flex items-center gap-6\">La Junta Electoral Bonaerense tom\u00f3 en las \u00faltimas horas dos decisiones clave para los comicios del 7 de septiembre, que por primera vez, se har\u00e1n de manera desdoblada de los nacionales para cargos legislativos.<\/div>\n<div class=\"noticia__desarrollo\">\n<p>El organismo a cargo de la organizaci\u00f3n de la elecci\u00f3n aprob\u00f3 el padr\u00f3n de ciudadanos habilitados para votar y resolvi\u00f3 el formato que tendr\u00e1n las boletas partidarias: tendr\u00e1n color e incluir\u00e1n las fotos de hasta dos candidatos.<\/p>\n<p>Se trata de dos resoluciones a las que tuvo acceso Infobae, que llevan la firma de la presidenta de la Junta Electoral, Hilda Kogan, quien tambi\u00e9n encabeza la Suprema Corte de Justicia de la provincia de Buenos Aires.<\/p>\n<p>\u201c<strong>Apru\u00e9bese el padr\u00f3n definitivo de electores argentinos<\/strong>, entregado por el Juzgado Federal N\u00ba 1, con competencia electoral en el distrito Buenos Aires, para su utilizaci\u00f3n en los comicios provinciales a desarrollarse el pr\u00f3ximo 7 de septiembre del corriente a\u00f1o\u201d, indica el documento.<\/p>\n<p>En concreto, el padr\u00f3n al que accedi\u00f3 Infobae habilit\u00f3 a 13.361.359 bonaerenses a votar. En el anexo de la resoluci\u00f3n aparecen algunas singularidades en el listado de seccionales: la Primera Secci\u00f3n Electoral tiene 4.732.831 votantes, algo m\u00e1s que la Tercera Secci\u00f3n, que registra 4.637.863. Entre las dos, concentran el 70% del total de la provincia.<\/p>\n<p>Por orden de magnitudes, detr\u00e1s de esas dos, aparecen la Quinta Secci\u00f3n, cuya cabecera es Mar del Plata, con un total de 1.290.948 habilitados; luego la\u00a0<strong>Sexta Secci\u00f3n ( cabecera Bah\u00eda Blanca), con 652.077 electores<\/strong>; la Segunda Secci\u00f3n, que comprende a Z\u00e1rate y San Nicol\u00e1s, con 649.465; la Octava Secci\u00f3n o Secci\u00f3n Capital, con 576.691; la Cuarta Secci\u00f3n (de Jun\u00edn y Chivilcoy), con 540.354; y por \u00faltimo la S\u00e9ptima Secci\u00f3n, con algo m\u00e1s de 280 mil.<\/p>\n<p>Entre los 10 primeros municipios con m\u00e1s electores, la lista la encabeza La Matanza (1.057.458), La Plata (576.691), Mar del Plata (575.613), Lomas de Zamora (519.157), Quilmes (480.256), Almirante Brown (460.982), Merlo (434.550), San Mart\u00edn (378.476), Lan\u00fas (375.477) y Moreno (372.309). Salvo Mar del Plata, el resto son distritos gobernados por el peronismo.<\/p>\n<p>Son datos importantes porque el 7 de septiembre, cada seccional votar\u00e1 alternativamente por senadores o diputados provinciales, adem\u00e1s de concejales y consejeros escolares. Las cabezas de las boletas de la Primera ser\u00e1n distintas que las de la Tercera, y el tramo final de La Matanza ser\u00e1 distinto que el de Moreno.<\/p>\n<p>Los comicios provinciales, adem\u00e1s, ser\u00e1n completamente distintos de los nacionales del 26 de octubre, cuando solo se elegir\u00e1n diputados y se utilizar\u00e1, tambi\u00e9n por primera vez, boleta \u00fanica de papel.<\/p>\n<p>&nbsp;<\/p>\n<h4 class=\"has-medium-font-size\"><strong>Colores de la elecci\u00f3n<\/strong><\/h4>\n<p>La otra resoluci\u00f3n que tom\u00f3 la Junta Electoral es la definici\u00f3n del formato de las boletas. Se trata de una medida que no est\u00e1 exenta de sensibilidades pol\u00edticas. Es que el gobierno de Axel Kicillof -con aval del peronismo- hab\u00eda sugerido la alternativa de papeletas en blanco y negro. El argumento era una cuesti\u00f3n de costos: el uso de colores quintuplica el costo. Apenas trascendi\u00f3 esa posibilidad, La Libertad Avanza exigi\u00f3 que se respete la tradici\u00f3n de que las boletas tengan color, convencidos de que el violeta es una de las fortalezas del oficialismo nacional.<\/p>\n<blockquote class=\"wp-block-quote is-layout-flow wp-block-quote-is-layout-flow\"><p>M\u00e1s all\u00e1 de esos tironeos pol\u00edticos, la Junta Electoral tom\u00f3 ayer la decisi\u00f3n de que las boletas partidarias\u00a0<strong>tengan colores<\/strong>\u00a0y que puedan ser encabezadas con las\u00a0<strong>fotos de hasta dos candidatos<\/strong>.<\/p><\/blockquote>\n<p>La decisi\u00f3n, adoptada en el marco de las atribuciones conferidas por la Constituci\u00f3n provincial y la ley 5.109, respondi\u00f3 a la necesidad de \u201cunificar criterios y evitar confusiones en el electorado\u201d. El documento fue publicado oficialmente y notificado a todas las asociaciones pol\u00edticas reconocidas y en tr\u00e1mite de reconocimiento.<\/p>\n<p>La resoluci\u00f3n involucr\u00f3 a todos los partidos y agrupaciones que participar\u00e1n en los comicios provinciales. El texto detall\u00f3 que las boletas deber\u00e1n cumplir con una serie de requisitos t\u00e9cnicos y de dise\u00f1o, incluyendo el orden de las categor\u00edas de cargos, el tipo de papel, las dimensiones, el uso de colores y la inclusi\u00f3n de fotograf\u00edas de candidatos. Adem\u00e1s, fij\u00f3 plazos estrictos para la reserva de colores y la presentaci\u00f3n de los modelos definitivos de boletas.<\/p>\n<p>Seg\u00fan la Junta Electoral, la medida busc\u00f3 garantizar la transparencia y la claridad de la oferta pol\u00edtica ante el electorado. El organismo fundament\u00f3 su decisi\u00f3n en la ausencia de regulaciones espec\u00edficas sobre varios aspectos t\u00e9cnicos de las boletas en la legislaci\u00f3n vigente.<\/p>\n<p>Entre los considerandos del documento, se se\u00f1al\u00f3: \u201cLa legislaci\u00f3n no establece la inclusi\u00f3n de las categor\u00edas a elegir, la fecha de la elecci\u00f3n, el distrito o secci\u00f3n electoral, el orden de las categor\u00edas de los cargos a elegir ni las especificaciones t\u00e9cnicas para la confecci\u00f3n de las boletas partidarias que el proceso electoral requiere, en lo relativo a la asignaci\u00f3n de color, tipograf\u00eda, dimensi\u00f3n, n\u00famero identificatorio de cada asociaci\u00f3n pol\u00edtica, as\u00ed como la inclusi\u00f3n de fotograf\u00edas de los candidatos, raz\u00f3n por la cual resulta necesario establecer ciertas pautas al respecto\u201d.<\/p>\n<p>Entre los puntos principales de la resoluci\u00f3n, la Junta Electoral dispuso que las boletas deber\u00e1n seguir un orden de prelaci\u00f3n en las categor\u00edas de cargos: Senadores o Diputados seg\u00fan la secci\u00f3n electoral, Intendente y, finalmente, Concejales y Consejeros Escolares. El papel utilizado deber\u00e1 ser tipo obra de 60 gramos o un sustituto de calidad y gramaje similar, y las dimensiones de cada cuerpo de boleta ser\u00e1n de 12 por 19 cent\u00edmetros. El fondo del anverso llevar\u00e1 el color asignado a la asociaci\u00f3n pol\u00edtica, mientras que el reverso ser\u00e1 blanco.<\/p>\n<p>El texto tambi\u00e9n estableci\u00f3 que las asociaciones pol\u00edticas tendr\u00e1n un plazo de cincuenta d\u00edas antes del acto eleccionario para reservar el color que utilizar\u00e1n en la boleta. La Junta Electoral priorizar\u00e1 el orden temporal de la reserva y la habitualidad en el uso del color, siempre con el objetivo de evitar confusiones en el electorado. Una vez aprobadas, los partidos deber\u00e1n presentar el modelo definitivo treinta d\u00edas antes de la elecci\u00f3n. Si no se formulan observaciones, la Junta Electoral considerar\u00e1 el modelo como instrumento v\u00e1lido para la elecci\u00f3n.<\/p>\n<p>En cuanto a los elementos gr\u00e1ficos, la resoluci\u00f3n permiti\u00f3 la inclusi\u00f3n de la sigla, escudo, s\u00edmbolo o emblema del partido, as\u00ed como las fotograf\u00edas de los dos primeros candidatos, que podr\u00e1n ser en color o blanco y negro y deber\u00e1n ubicarse en el tercio central de la boleta. No se admitir\u00e1n im\u00e1genes como fondo ni sellos de agua.<\/p>\n<p>El documento especific\u00f3: \u201cSolo podr\u00e1n insertarse fotograf\u00edas de candidatos o candidatas, en color o en blanco y negro, las que se ubicar\u00e1n en el tercio central de la boleta. No podr\u00e1n utilizarse im\u00e1genes como fondo ni sello de agua\u201d.<\/p>\n<p>La tipograf\u00eda podr\u00e1 ser negra, blanca o del color asignado sobre fondo blanco, siempre que garantice la legibilidad. Las categor\u00edas de cargos deber\u00e1n imprimirse con un tama\u00f1o m\u00ednimo de cinco mil\u00edmetros. Cada cuerpo de la boleta estar\u00e1 separado por una l\u00ednea punteada negra para facilitar el corte. Adem\u00e1s, si por razones de fuerza mayor debidamente acreditadas no se pudiera utilizar el color asignado, se permitir\u00e1 el uso de boletas en blanco, que no ser\u00e1n consideradas no oficializadas.<\/p>\n<p>La resoluci\u00f3n exigi\u00f3 que los colores utilizados en las boletas se identifiquen mediante el sistema de codificaci\u00f3n Pantone y que se presente una muestra en papel acompa\u00f1ada de una certificaci\u00f3n de la imprenta.<\/p>\n<p>La resoluci\u00f3n fue firmada por el presidente, vicepresidente y vocales de la Junta Electoral de la Provincia de Buenos Aires. El documento ordena su publicaci\u00f3n en el Bolet\u00edn Oficial y en la p\u00e1gina web del organismo, y su comunicaci\u00f3n a todas las asociaciones pol\u00edticas involucradas en el proceso electoral.<\/p>\n<p>&nbsp;<\/p>\n<p>Fuente: diario Infobae<\/p>\n<\/div>\n","protected":false},"excerpt":{"rendered":"<p>Podr\u00e1n incluir las fotos de hasta dos candidatos.<\/p>\n","protected":false},"author":3,"featured_media":91568,"comment_status":"closed","ping_status":"closed","sticky":false,"template":"","format":"standard","meta":{"footnotes":""},"categories":[24],"tags":[],"class_list":["post-121486","post","type-post","status-publish","format-standard","has-post-thumbnail","hentry","category-politica"],"yoast_head":"<!-- This site is optimized with the Yoast SEO plugin v25.9 - https:\/\/yoast.com\/wordpress\/plugins\/seo\/ -->\n<title>La Junta Electoral Bonaerense aprob\u00f3 el padr\u00f3n definitivo y las boletas de colores - Noticias Radio Reflejos<\/title>\n<meta name=\"robots\" content=\"index, follow, max-snippet:-1, max-image-preview:large, max-video-preview:-1\" \/>\n<link rel=\"canonical\" href=\"https:\/\/www.noticiasradioreflejos.com.ar\/2021\/la-junta-electoral-bonaerense-aprobo-el-padron-definitivo-y-las-boletas-de-colores\/\" \/>\n<meta property=\"og:locale\" content=\"es_ES\" \/>\n<meta property=\"og:type\" content=\"article\" \/>\n<meta property=\"og:title\" content=\"La Junta Electoral Bonaerense aprob\u00f3 el padr\u00f3n definitivo y las boletas de colores - Noticias Radio Reflejos\" \/>\n<meta property=\"og:description\" content=\"Podr\u00e1n incluir las fotos de hasta dos candidatos.\" \/>\n<meta property=\"og:url\" content=\"https:\/\/www.noticiasradioreflejos.com.ar\/2021\/la-junta-electoral-bonaerense-aprobo-el-padron-definitivo-y-las-boletas-de-colores\/\" \/>\n<meta property=\"og:site_name\" content=\"Noticias Radio Reflejos\" \/>\n<meta property=\"article:published_time\" content=\"2025-07-08T10:54:33+00:00\" \/>\n<meta property=\"og:image\" content=\"https:\/\/www.noticiasradioreflejos.com.ar\/2021\/wp-content\/uploads\/2023\/08\/urnas.jpg\" \/>\n\t<meta property=\"og:image:width\" content=\"960\" \/>\n\t<meta property=\"og:image:height\" content=\"640\" \/>\n\t<meta property=\"og:image:type\" content=\"image\/jpeg\" \/>\n<meta name=\"author\" content=\"Arnaldo Botto\" \/>\n<meta name=\"twitter:card\" content=\"summary_large_image\" \/>\n<script type=\"application\/ld+json\" class=\"yoast-schema-graph\">{\"@context\":\"https:\/\/schema.org\",\"@graph\":[{\"@type\":\"WebPage\",\"@id\":\"https:\/\/www.noticiasradioreflejos.com.ar\/2021\/la-junta-electoral-bonaerense-aprobo-el-padron-definitivo-y-las-boletas-de-colores\/\",\"url\":\"https:\/\/www.noticiasradioreflejos.com.ar\/2021\/la-junta-electoral-bonaerense-aprobo-el-padron-definitivo-y-las-boletas-de-colores\/\",\"name\":\"La Junta Electoral Bonaerense aprob\u00f3 el padr\u00f3n definitivo y las boletas de colores - Noticias Radio Reflejos\",\"isPartOf\":{\"@id\":\"https:\/\/www.noticiasradioreflejos.com.ar\/2021\/#website\"},\"primaryImageOfPage\":{\"@id\":\"https:\/\/www.noticiasradioreflejos.com.ar\/2021\/la-junta-electoral-bonaerense-aprobo-el-padron-definitivo-y-las-boletas-de-colores\/#primaryimage\"},\"image\":{\"@id\":\"https:\/\/www.noticiasradioreflejos.com.ar\/2021\/la-junta-electoral-bonaerense-aprobo-el-padron-definitivo-y-las-boletas-de-colores\/#primaryimage\"},\"thumbnailUrl\":\"https:\/\/www.noticiasradioreflejos.com.ar\/2021\/wp-content\/uploads\/2023\/08\/urnas.jpg\",\"datePublished\":\"2025-07-08T10:54:33+00:00\",\"author\":{\"@id\":\"https:\/\/www.noticiasradioreflejos.com.ar\/2021\/#\/schema\/person\/ad82545263dcc5ec0996818884fd5fb1\"},\"breadcrumb\":{\"@id\":\"https:\/\/www.noticiasradioreflejos.com.ar\/2021\/la-junta-electoral-bonaerense-aprobo-el-padron-definitivo-y-las-boletas-de-colores\/#breadcrumb\"},\"inLanguage\":\"es\",\"potentialAction\":[{\"@type\":\"ReadAction\",\"target\":[\"https:\/\/www.noticiasradioreflejos.com.ar\/2021\/la-junta-electoral-bonaerense-aprobo-el-padron-definitivo-y-las-boletas-de-colores\/\"]}]},{\"@type\":\"ImageObject\",\"inLanguage\":\"es\",\"@id\":\"https:\/\/www.noticiasradioreflejos.com.ar\/2021\/la-junta-electoral-bonaerense-aprobo-el-padron-definitivo-y-las-boletas-de-colores\/#primaryimage\",\"url\":\"https:\/\/www.noticiasradioreflejos.com.ar\/2021\/wp-content\/uploads\/2023\/08\/urnas.jpg\",\"contentUrl\":\"https:\/\/www.noticiasradioreflejos.com.ar\/2021\/wp-content\/uploads\/2023\/08\/urnas.jpg\",\"width\":960,\"height\":640},{\"@type\":\"BreadcrumbList\",\"@id\":\"https:\/\/www.noticiasradioreflejos.com.ar\/2021\/la-junta-electoral-bonaerense-aprobo-el-padron-definitivo-y-las-boletas-de-colores\/#breadcrumb\",\"itemListElement\":[{\"@type\":\"ListItem\",\"position\":1,\"name\":\"Portada\",\"item\":\"https:\/\/www.noticiasradioreflejos.com.ar\/2021\/\"},{\"@type\":\"ListItem\",\"position\":2,\"name\":\"La Junta Electoral Bonaerense aprob\u00f3 el padr\u00f3n definitivo y las boletas de colores\"}]},{\"@type\":\"WebSite\",\"@id\":\"https:\/\/www.noticiasradioreflejos.com.ar\/2021\/#website\",\"url\":\"https:\/\/www.noticiasradioreflejos.com.ar\/2021\/\",\"name\":\"Noticias Radio Reflejos\",\"description\":\"Las noticias de mi comarca\",\"potentialAction\":[{\"@type\":\"SearchAction\",\"target\":{\"@type\":\"EntryPoint\",\"urlTemplate\":\"https:\/\/www.noticiasradioreflejos.com.ar\/2021\/?s={search_term_string}\"},\"query-input\":{\"@type\":\"PropertyValueSpecification\",\"valueRequired\":true,\"valueName\":\"search_term_string\"}}],\"inLanguage\":\"es\"},{\"@type\":\"Person\",\"@id\":\"https:\/\/www.noticiasradioreflejos.com.ar\/2021\/#\/schema\/person\/ad82545263dcc5ec0996818884fd5fb1\",\"name\":\"Arnaldo Botto\",\"image\":{\"@type\":\"ImageObject\",\"inLanguage\":\"es\",\"@id\":\"https:\/\/www.noticiasradioreflejos.com.ar\/2021\/#\/schema\/person\/image\/\",\"url\":\"https:\/\/secure.gravatar.com\/avatar\/55cb5e37c1efa326397366e6974cb338056df65cb50e7d64d1cf314e87504837?s=96&d=mm&r=g\",\"contentUrl\":\"https:\/\/secure.gravatar.com\/avatar\/55cb5e37c1efa326397366e6974cb338056df65cb50e7d64d1cf314e87504837?s=96&d=mm&r=g\",\"caption\":\"Arnaldo Botto\"},\"url\":\"https:\/\/www.noticiasradioreflejos.com.ar\/2021\/author\/arnaldo\/\"}]}<\/script>\n<!-- \/ Yoast SEO plugin. -->","yoast_head_json":{"title":"La Junta Electoral Bonaerense aprob\u00f3 el padr\u00f3n definitivo y las boletas de colores - Noticias Radio Reflejos","robots":{"index":"index","follow":"follow","max-snippet":"max-snippet:-1","max-image-preview":"max-image-preview:large","max-video-preview":"max-video-preview:-1"},"canonical":"https:\/\/www.noticiasradioreflejos.com.ar\/2021\/la-junta-electoral-bonaerense-aprobo-el-padron-definitivo-y-las-boletas-de-colores\/","og_locale":"es_ES","og_type":"article","og_title":"La Junta Electoral Bonaerense aprob\u00f3 el padr\u00f3n definitivo y las boletas de colores - Noticias Radio Reflejos","og_description":"Podr\u00e1n incluir las fotos de hasta dos candidatos.","og_url":"https:\/\/www.noticiasradioreflejos.com.ar\/2021\/la-junta-electoral-bonaerense-aprobo-el-padron-definitivo-y-las-boletas-de-colores\/","og_site_name":"Noticias Radio Reflejos","article_published_time":"2025-07-08T10:54:33+00:00","og_image":[{"width":960,"height":640,"url":"https:\/\/www.noticiasradioreflejos.com.ar\/2021\/wp-content\/uploads\/2023\/08\/urnas.jpg","type":"image\/jpeg"}],"author":"Arnaldo Botto","twitter_card":"summary_large_image","schema":{"@context":"https:\/\/schema.org","@graph":[{"@type":"WebPage","@id":"https:\/\/www.noticiasradioreflejos.com.ar\/2021\/la-junta-electoral-bonaerense-aprobo-el-padron-definitivo-y-las-boletas-de-colores\/","url":"https:\/\/www.noticiasradioreflejos.com.ar\/2021\/la-junta-electoral-bonaerense-aprobo-el-padron-definitivo-y-las-boletas-de-colores\/","name":"La Junta Electoral Bonaerense aprob\u00f3 el padr\u00f3n definitivo y las boletas de colores - Noticias Radio Reflejos","isPartOf":{"@id":"https:\/\/www.noticiasradioreflejos.com.ar\/2021\/#website"},"primaryImageOfPage":{"@id":"https:\/\/www.noticiasradioreflejos.com.ar\/2021\/la-junta-electoral-bonaerense-aprobo-el-padron-definitivo-y-las-boletas-de-colores\/#primaryimage"},"image":{"@id":"https:\/\/www.noticiasradioreflejos.com.ar\/2021\/la-junta-electoral-bonaerense-aprobo-el-padron-definitivo-y-las-boletas-de-colores\/#primaryimage"},"thumbnailUrl":"https:\/\/www.noticiasradioreflejos.com.ar\/2021\/wp-content\/uploads\/2023\/08\/urnas.jpg","datePublished":"2025-07-08T10:54:33+00:00","author":{"@id":"https:\/\/www.noticiasradioreflejos.com.ar\/2021\/#\/schema\/person\/ad82545263dcc5ec0996818884fd5fb1"},"breadcrumb":{"@id":"https:\/\/www.noticiasradioreflejos.com.ar\/2021\/la-junta-electoral-bonaerense-aprobo-el-padron-definitivo-y-las-boletas-de-colores\/#breadcrumb"},"inLanguage":"es","potentialAction":[{"@type":"ReadAction","target":["https:\/\/www.noticiasradioreflejos.com.ar\/2021\/la-junta-electoral-bonaerense-aprobo-el-padron-definitivo-y-las-boletas-de-colores\/"]}]},{"@type":"ImageObject","inLanguage":"es","@id":"https:\/\/www.noticiasradioreflejos.com.ar\/2021\/la-junta-electoral-bonaerense-aprobo-el-padron-definitivo-y-las-boletas-de-colores\/#primaryimage","url":"https:\/\/www.noticiasradioreflejos.com.ar\/2021\/wp-content\/uploads\/2023\/08\/urnas.jpg","contentUrl":"https:\/\/www.noticiasradioreflejos.com.ar\/2021\/wp-content\/uploads\/2023\/08\/urnas.jpg","width":960,"height":640},{"@type":"BreadcrumbList","@id":"https:\/\/www.noticiasradioreflejos.com.ar\/2021\/la-junta-electoral-bonaerense-aprobo-el-padron-definitivo-y-las-boletas-de-colores\/#breadcrumb","itemListElement":[{"@type":"ListItem","position":1,"name":"Portada","item":"https:\/\/www.noticiasradioreflejos.com.ar\/2021\/"},{"@type":"ListItem","position":2,"name":"La Junta Electoral Bonaerense aprob\u00f3 el padr\u00f3n definitivo y las boletas de colores"}]},{"@type":"WebSite","@id":"https:\/\/www.noticiasradioreflejos.com.ar\/2021\/#website","url":"https:\/\/www.noticiasradioreflejos.com.ar\/2021\/","name":"Noticias Radio Reflejos","description":"Las noticias de mi comarca","potentialAction":[{"@type":"SearchAction","target":{"@type":"EntryPoint","urlTemplate":"https:\/\/www.noticiasradioreflejos.com.ar\/2021\/?s={search_term_string}"},"query-input":{"@type":"PropertyValueSpecification","valueRequired":true,"valueName":"search_term_string"}}],"inLanguage":"es"},{"@type":"Person","@id":"https:\/\/www.noticiasradioreflejos.com.ar\/2021\/#\/schema\/person\/ad82545263dcc5ec0996818884fd5fb1","name":"Arnaldo Botto","image":{"@type":"ImageObject","inLanguage":"es","@id":"https:\/\/www.noticiasradioreflejos.com.ar\/2021\/#\/schema\/person\/image\/","url":"https:\/\/secure.gravatar.com\/avatar\/55cb5e37c1efa326397366e6974cb338056df65cb50e7d64d1cf314e87504837?s=96&d=mm&r=g","contentUrl":"https:\/\/secure.gravatar.com\/avatar\/55cb5e37c1efa326397366e6974cb338056df65cb50e7d64d1cf314e87504837?s=96&d=mm&r=g","caption":"Arnaldo Botto"},"url":"https:\/\/www.noticiasradioreflejos.com.ar\/2021\/author\/arnaldo\/"}]}},"_links":{"self":[{"href":"https:\/\/www.noticiasradioreflejos.com.ar\/2021\/wp-json\/wp\/v2\/posts\/121486","targetHints":{"allow":["GET"]}}],"collection":[{"href":"https:\/\/www.noticiasradioreflejos.com.ar\/2021\/wp-json\/wp\/v2\/posts"}],"about":[{"href":"https:\/\/www.noticiasradioreflejos.com.ar\/2021\/wp-json\/wp\/v2\/types\/post"}],"author":[{"embeddable":true,"href":"https:\/\/www.noticiasradioreflejos.com.ar\/2021\/wp-json\/wp\/v2\/users\/3"}],"replies":[{"embeddable":true,"href":"https:\/\/www.noticiasradioreflejos.com.ar\/2021\/wp-json\/wp\/v2\/comments?post=121486"}],"version-history":[{"count":2,"href":"https:\/\/www.noticiasradioreflejos.com.ar\/2021\/wp-json\/wp\/v2\/posts\/121486\/revisions"}],"predecessor-version":[{"id":121488,"href":"https:\/\/www.noticiasradioreflejos.com.ar\/2021\/wp-json\/wp\/v2\/posts\/121486\/revisions\/121488"}],"wp:featuredmedia":[{"embeddable":true,"href":"https:\/\/www.noticiasradioreflejos.com.ar\/2021\/wp-json\/wp\/v2\/media\/91568"}],"wp:attachment":[{"href":"https:\/\/www.noticiasradioreflejos.com.ar\/2021\/wp-json\/wp\/v2\/media?parent=121486"}],"wp:term":[{"taxonomy":"category","embeddable":true,"href":"https:\/\/www.noticiasradioreflejos.com.ar\/2021\/wp-json\/wp\/v2\/categories?post=121486"},{"taxonomy":"post_tag","embeddable":true,"href":"https:\/\/www.noticiasradioreflejos.com.ar\/2021\/wp-json\/wp\/v2\/tags?post=121486"}],"curies":[{"name":"wp","href":"https:\/\/api.w.org\/{rel}","templated":true}]}}