{"id":121483,"date":"2025-07-08T07:50:16","date_gmt":"2025-07-08T10:50:16","guid":{"rendered":"https:\/\/www.noticiasradioreflejos.com.ar\/2021\/?p=121483"},"modified":"2025-07-08T07:50:16","modified_gmt":"2025-07-08T10:50:16","slug":"reaparecio-un-ave-de-la-que-no-se-tenia-informacion-hace-mas-de-50-anos","status":"publish","type":"post","link":"https:\/\/www.noticiasradioreflejos.com.ar\/2021\/reaparecio-un-ave-de-la-que-no-se-tenia-informacion-hace-mas-de-50-anos\/","title":{"rendered":"Reapareci\u00f3 un ave de la que no se ten\u00eda informaci\u00f3n hace m\u00e1s de 50 a\u00f1os"},"content":{"rendered":"<p>Un fot\u00f3grafo logr\u00f3 capturar por primera vez en 55 a\u00f1os el azor de Nueva Breta\u00f1a en Pap\u00faa Nueva Guinea. Este descubrimiento hist\u00f3rico renueva las esperanzas para la conservaci\u00f3n de esta especie vulnerable.<!--more--><\/p>\n<div class=\"media nota-media \">En un descubrimiento fascinante para el mundo de la ciencia, <strong>se logr\u00f3\u00a0fotografiar por primera vez\u00a0en m\u00e1s de 50 a\u00f1os al azor de Nueva Breta\u00f1a, una\u00a0ave\u00a0de presa considerada vulnerable<\/strong>. Este momento crucial tuvo lugar en un\u00a0<strong>bosque de Pap\u00faa Nueva Guinea<\/strong>\u00a0y lo destac\u00f3 la organizaci\u00f3n World Wildlife Fund (<strong>WWF)<\/strong>.<\/div>\n<div class=\"cuerpo lbp-cuerpo\" data-mrf-recirculation=\"Nota: contenido\">\n<div>\n<p><strong>El azor de Nueva Breta\u00f1a (Accipiter princeps) es una especie que vive \u00fanicamente en los bosques de esa isla del Pac\u00edfico<\/strong>. Desde\u00a0<strong>1969, no exist\u00eda\u00a0un registro fotogr\u00e1fico de este ave,<\/strong>\u00a0lo que convirti\u00f3 este hallazgo en un hito significativo tanto para la fotograf\u00eda de fauna silvestre como para la conservaci\u00f3n de la biodiversidad.<\/p>\n<p><img decoding=\"async\" class=\"i-amphtml-fill-content amp-hidden\" src=\"https:\/\/i.ytimg.com\/vi\/TbEzvSs1V58\/sddefault.jpg#404_is_fine\" alt=\"Loading video\" \/><\/p>\n<\/div>\n<div>\n<p>&nbsp;<\/p>\n<p><strong>La fotograf\u00eda la realiz\u00f3 el fot\u00f3grafo Tom Vierus, quien, junto a un equipo de WWF-Pac\u00edfico y gu\u00edas de comunidades locales<\/strong>, explor\u00f3 la zona de Pomio. Vierus coment\u00f3 que esa jornada tom\u00f3 muchas fotos de diferentes aves, sin imaginar que una de ellas ser\u00eda tan especial. La validaci\u00f3n del registro ocurri\u00f3 m\u00e1s tarde, gracias a la revisi\u00f3n de especialistas en ornitolog\u00eda.<\/p>\n<p><strong>John Mittermeier<\/strong>, de\u00a0<em>American Bird Conservancy<\/em>, indic\u00f3 que\u00a0<strong>el \u00faltimo registro corroborado dat\u00f3 de un esp\u00e9cimen que se conserva en un museo de Nueva York<\/strong>\u00a0desde julio de 1969. Aunque hubo reportes visuales no documentados en a\u00f1os anteriores, ninguno present\u00f3 una evidencia tan clara como esta fotograf\u00eda.<\/p>\n<\/div>\n<\/div>\n<p>&nbsp;<\/p>\n<p><strong>Fuente: El Destape<\/strong><\/p>\n","protected":false},"excerpt":{"rendered":"<p>Un fot\u00f3grafo logr\u00f3 capturar por primera vez en 55 a\u00f1os el azor de Nueva Breta\u00f1a en Pap\u00faa Nueva Guinea. Este descubrimiento hist\u00f3rico renueva las esperanzas para la conservaci\u00f3n de esta especie vulnerable.<\/p>\n","protected":false},"author":3,"featured_media":121484,"comment_status":"closed","ping_status":"closed","sticky":false,"template":"","format":"standard","meta":{"footnotes":""},"categories":[46],"tags":[],"class_list":["post-121483","post","type-post","status-publish","format-standard","has-post-thumbnail","hentry","category-ciencia-y-tecnologia"],"yoast_head":"<!-- This site is optimized with the Yoast SEO plugin v25.9 - https:\/\/yoast.com\/wordpress\/plugins\/seo\/ -->\n<title>Reapareci\u00f3 un ave de la que no se ten\u00eda informaci\u00f3n hace m\u00e1s de 50 a\u00f1os - Noticias Radio Reflejos<\/title>\n<meta name=\"robots\" content=\"index, follow, max-snippet:-1, max-image-preview:large, max-video-preview:-1\" \/>\n<link rel=\"canonical\" href=\"https:\/\/www.noticiasradioreflejos.com.ar\/2021\/reaparecio-un-ave-de-la-que-no-se-tenia-informacion-hace-mas-de-50-anos\/\" \/>\n<meta property=\"og:locale\" content=\"es_ES\" \/>\n<meta property=\"og:type\" content=\"article\" \/>\n<meta property=\"og:title\" content=\"Reapareci\u00f3 un ave de la que no se ten\u00eda informaci\u00f3n hace m\u00e1s de 50 a\u00f1os - Noticias Radio Reflejos\" \/>\n<meta property=\"og:description\" content=\"Un fot\u00f3grafo logr\u00f3 capturar por primera vez en 55 a\u00f1os el azor de Nueva Breta\u00f1a en Pap\u00faa Nueva Guinea. Este descubrimiento hist\u00f3rico renueva las esperanzas para la conservaci\u00f3n de esta especie vulnerable.\" \/>\n<meta property=\"og:url\" content=\"https:\/\/www.noticiasradioreflejos.com.ar\/2021\/reaparecio-un-ave-de-la-que-no-se-tenia-informacion-hace-mas-de-50-anos\/\" \/>\n<meta property=\"og:site_name\" content=\"Noticias Radio Reflejos\" \/>\n<meta property=\"article:published_time\" content=\"2025-07-08T10:50:16+00:00\" \/>\n<meta property=\"og:image\" content=\"https:\/\/www.noticiasradioreflejos.com.ar\/2021\/wp-content\/uploads\/2025\/07\/Ave-50-annos.jpg\" \/>\n\t<meta property=\"og:image:width\" content=\"616\" \/>\n\t<meta property=\"og:image:height\" content=\"305\" \/>\n\t<meta property=\"og:image:type\" content=\"image\/jpeg\" \/>\n<meta name=\"author\" content=\"Arnaldo Botto\" \/>\n<meta name=\"twitter:card\" content=\"summary_large_image\" \/>\n<script type=\"application\/ld+json\" class=\"yoast-schema-graph\">{\"@context\":\"https:\/\/schema.org\",\"@graph\":[{\"@type\":\"WebPage\",\"@id\":\"https:\/\/www.noticiasradioreflejos.com.ar\/2021\/reaparecio-un-ave-de-la-que-no-se-tenia-informacion-hace-mas-de-50-anos\/\",\"url\":\"https:\/\/www.noticiasradioreflejos.com.ar\/2021\/reaparecio-un-ave-de-la-que-no-se-tenia-informacion-hace-mas-de-50-anos\/\",\"name\":\"Reapareci\u00f3 un ave de la que no se ten\u00eda informaci\u00f3n hace m\u00e1s de 50 a\u00f1os - Noticias Radio Reflejos\",\"isPartOf\":{\"@id\":\"https:\/\/www.noticiasradioreflejos.com.ar\/2021\/#website\"},\"primaryImageOfPage\":{\"@id\":\"https:\/\/www.noticiasradioreflejos.com.ar\/2021\/reaparecio-un-ave-de-la-que-no-se-tenia-informacion-hace-mas-de-50-anos\/#primaryimage\"},\"image\":{\"@id\":\"https:\/\/www.noticiasradioreflejos.com.ar\/2021\/reaparecio-un-ave-de-la-que-no-se-tenia-informacion-hace-mas-de-50-anos\/#primaryimage\"},\"thumbnailUrl\":\"https:\/\/www.noticiasradioreflejos.com.ar\/2021\/wp-content\/uploads\/2025\/07\/Ave-50-annos.jpg\",\"datePublished\":\"2025-07-08T10:50:16+00:00\",\"author\":{\"@id\":\"https:\/\/www.noticiasradioreflejos.com.ar\/2021\/#\/schema\/person\/ad82545263dcc5ec0996818884fd5fb1\"},\"breadcrumb\":{\"@id\":\"https:\/\/www.noticiasradioreflejos.com.ar\/2021\/reaparecio-un-ave-de-la-que-no-se-tenia-informacion-hace-mas-de-50-anos\/#breadcrumb\"},\"inLanguage\":\"es\",\"potentialAction\":[{\"@type\":\"ReadAction\",\"target\":[\"https:\/\/www.noticiasradioreflejos.com.ar\/2021\/reaparecio-un-ave-de-la-que-no-se-tenia-informacion-hace-mas-de-50-anos\/\"]}]},{\"@type\":\"ImageObject\",\"inLanguage\":\"es\",\"@id\":\"https:\/\/www.noticiasradioreflejos.com.ar\/2021\/reaparecio-un-ave-de-la-que-no-se-tenia-informacion-hace-mas-de-50-anos\/#primaryimage\",\"url\":\"https:\/\/www.noticiasradioreflejos.com.ar\/2021\/wp-content\/uploads\/2025\/07\/Ave-50-annos.jpg\",\"contentUrl\":\"https:\/\/www.noticiasradioreflejos.com.ar\/2021\/wp-content\/uploads\/2025\/07\/Ave-50-annos.jpg\",\"width\":616,\"height\":305},{\"@type\":\"BreadcrumbList\",\"@id\":\"https:\/\/www.noticiasradioreflejos.com.ar\/2021\/reaparecio-un-ave-de-la-que-no-se-tenia-informacion-hace-mas-de-50-anos\/#breadcrumb\",\"itemListElement\":[{\"@type\":\"ListItem\",\"position\":1,\"name\":\"Portada\",\"item\":\"https:\/\/www.noticiasradioreflejos.com.ar\/2021\/\"},{\"@type\":\"ListItem\",\"position\":2,\"name\":\"Reapareci\u00f3 un ave de la que no se ten\u00eda informaci\u00f3n hace m\u00e1s de 50 a\u00f1os\"}]},{\"@type\":\"WebSite\",\"@id\":\"https:\/\/www.noticiasradioreflejos.com.ar\/2021\/#website\",\"url\":\"https:\/\/www.noticiasradioreflejos.com.ar\/2021\/\",\"name\":\"Noticias Radio Reflejos\",\"description\":\"Las noticias de mi comarca\",\"potentialAction\":[{\"@type\":\"SearchAction\",\"target\":{\"@type\":\"EntryPoint\",\"urlTemplate\":\"https:\/\/www.noticiasradioreflejos.com.ar\/2021\/?s={search_term_string}\"},\"query-input\":{\"@type\":\"PropertyValueSpecification\",\"valueRequired\":true,\"valueName\":\"search_term_string\"}}],\"inLanguage\":\"es\"},{\"@type\":\"Person\",\"@id\":\"https:\/\/www.noticiasradioreflejos.com.ar\/2021\/#\/schema\/person\/ad82545263dcc5ec0996818884fd5fb1\",\"name\":\"Arnaldo Botto\",\"image\":{\"@type\":\"ImageObject\",\"inLanguage\":\"es\",\"@id\":\"https:\/\/www.noticiasradioreflejos.com.ar\/2021\/#\/schema\/person\/image\/\",\"url\":\"https:\/\/secure.gravatar.com\/avatar\/55cb5e37c1efa326397366e6974cb338056df65cb50e7d64d1cf314e87504837?s=96&d=mm&r=g\",\"contentUrl\":\"https:\/\/secure.gravatar.com\/avatar\/55cb5e37c1efa326397366e6974cb338056df65cb50e7d64d1cf314e87504837?s=96&d=mm&r=g\",\"caption\":\"Arnaldo Botto\"},\"url\":\"https:\/\/www.noticiasradioreflejos.com.ar\/2021\/author\/arnaldo\/\"}]}<\/script>\n<!-- \/ Yoast SEO plugin. -->","yoast_head_json":{"title":"Reapareci\u00f3 un ave de la que no se ten\u00eda informaci\u00f3n hace m\u00e1s de 50 a\u00f1os - Noticias Radio Reflejos","robots":{"index":"index","follow":"follow","max-snippet":"max-snippet:-1","max-image-preview":"max-image-preview:large","max-video-preview":"max-video-preview:-1"},"canonical":"https:\/\/www.noticiasradioreflejos.com.ar\/2021\/reaparecio-un-ave-de-la-que-no-se-tenia-informacion-hace-mas-de-50-anos\/","og_locale":"es_ES","og_type":"article","og_title":"Reapareci\u00f3 un ave de la que no se ten\u00eda informaci\u00f3n hace m\u00e1s de 50 a\u00f1os - Noticias Radio Reflejos","og_description":"Un fot\u00f3grafo logr\u00f3 capturar por primera vez en 55 a\u00f1os el azor de Nueva Breta\u00f1a en Pap\u00faa Nueva Guinea. Este descubrimiento hist\u00f3rico renueva las esperanzas para la conservaci\u00f3n de esta especie vulnerable.","og_url":"https:\/\/www.noticiasradioreflejos.com.ar\/2021\/reaparecio-un-ave-de-la-que-no-se-tenia-informacion-hace-mas-de-50-anos\/","og_site_name":"Noticias Radio Reflejos","article_published_time":"2025-07-08T10:50:16+00:00","og_image":[{"width":616,"height":305,"url":"https:\/\/www.noticiasradioreflejos.com.ar\/2021\/wp-content\/uploads\/2025\/07\/Ave-50-annos.jpg","type":"image\/jpeg"}],"author":"Arnaldo Botto","twitter_card":"summary_large_image","schema":{"@context":"https:\/\/schema.org","@graph":[{"@type":"WebPage","@id":"https:\/\/www.noticiasradioreflejos.com.ar\/2021\/reaparecio-un-ave-de-la-que-no-se-tenia-informacion-hace-mas-de-50-anos\/","url":"https:\/\/www.noticiasradioreflejos.com.ar\/2021\/reaparecio-un-ave-de-la-que-no-se-tenia-informacion-hace-mas-de-50-anos\/","name":"Reapareci\u00f3 un ave de la que no se ten\u00eda informaci\u00f3n hace m\u00e1s de 50 a\u00f1os - Noticias Radio Reflejos","isPartOf":{"@id":"https:\/\/www.noticiasradioreflejos.com.ar\/2021\/#website"},"primaryImageOfPage":{"@id":"https:\/\/www.noticiasradioreflejos.com.ar\/2021\/reaparecio-un-ave-de-la-que-no-se-tenia-informacion-hace-mas-de-50-anos\/#primaryimage"},"image":{"@id":"https:\/\/www.noticiasradioreflejos.com.ar\/2021\/reaparecio-un-ave-de-la-que-no-se-tenia-informacion-hace-mas-de-50-anos\/#primaryimage"},"thumbnailUrl":"https:\/\/www.noticiasradioreflejos.com.ar\/2021\/wp-content\/uploads\/2025\/07\/Ave-50-annos.jpg","datePublished":"2025-07-08T10:50:16+00:00","author":{"@id":"https:\/\/www.noticiasradioreflejos.com.ar\/2021\/#\/schema\/person\/ad82545263dcc5ec0996818884fd5fb1"},"breadcrumb":{"@id":"https:\/\/www.noticiasradioreflejos.com.ar\/2021\/reaparecio-un-ave-de-la-que-no-se-tenia-informacion-hace-mas-de-50-anos\/#breadcrumb"},"inLanguage":"es","potentialAction":[{"@type":"ReadAction","target":["https:\/\/www.noticiasradioreflejos.com.ar\/2021\/reaparecio-un-ave-de-la-que-no-se-tenia-informacion-hace-mas-de-50-anos\/"]}]},{"@type":"ImageObject","inLanguage":"es","@id":"https:\/\/www.noticiasradioreflejos.com.ar\/2021\/reaparecio-un-ave-de-la-que-no-se-tenia-informacion-hace-mas-de-50-anos\/#primaryimage","url":"https:\/\/www.noticiasradioreflejos.com.ar\/2021\/wp-content\/uploads\/2025\/07\/Ave-50-annos.jpg","contentUrl":"https:\/\/www.noticiasradioreflejos.com.ar\/2021\/wp-content\/uploads\/2025\/07\/Ave-50-annos.jpg","width":616,"height":305},{"@type":"BreadcrumbList","@id":"https:\/\/www.noticiasradioreflejos.com.ar\/2021\/reaparecio-un-ave-de-la-que-no-se-tenia-informacion-hace-mas-de-50-anos\/#breadcrumb","itemListElement":[{"@type":"ListItem","position":1,"name":"Portada","item":"https:\/\/www.noticiasradioreflejos.com.ar\/2021\/"},{"@type":"ListItem","position":2,"name":"Reapareci\u00f3 un ave de la que no se ten\u00eda informaci\u00f3n hace m\u00e1s de 50 a\u00f1os"}]},{"@type":"WebSite","@id":"https:\/\/www.noticiasradioreflejos.com.ar\/2021\/#website","url":"https:\/\/www.noticiasradioreflejos.com.ar\/2021\/","name":"Noticias Radio Reflejos","description":"Las noticias de mi comarca","potentialAction":[{"@type":"SearchAction","target":{"@type":"EntryPoint","urlTemplate":"https:\/\/www.noticiasradioreflejos.com.ar\/2021\/?s={search_term_string}"},"query-input":{"@type":"PropertyValueSpecification","valueRequired":true,"valueName":"search_term_string"}}],"inLanguage":"es"},{"@type":"Person","@id":"https:\/\/www.noticiasradioreflejos.com.ar\/2021\/#\/schema\/person\/ad82545263dcc5ec0996818884fd5fb1","name":"Arnaldo Botto","image":{"@type":"ImageObject","inLanguage":"es","@id":"https:\/\/www.noticiasradioreflejos.com.ar\/2021\/#\/schema\/person\/image\/","url":"https:\/\/secure.gravatar.com\/avatar\/55cb5e37c1efa326397366e6974cb338056df65cb50e7d64d1cf314e87504837?s=96&d=mm&r=g","contentUrl":"https:\/\/secure.gravatar.com\/avatar\/55cb5e37c1efa326397366e6974cb338056df65cb50e7d64d1cf314e87504837?s=96&d=mm&r=g","caption":"Arnaldo Botto"},"url":"https:\/\/www.noticiasradioreflejos.com.ar\/2021\/author\/arnaldo\/"}]}},"_links":{"self":[{"href":"https:\/\/www.noticiasradioreflejos.com.ar\/2021\/wp-json\/wp\/v2\/posts\/121483","targetHints":{"allow":["GET"]}}],"collection":[{"href":"https:\/\/www.noticiasradioreflejos.com.ar\/2021\/wp-json\/wp\/v2\/posts"}],"about":[{"href":"https:\/\/www.noticiasradioreflejos.com.ar\/2021\/wp-json\/wp\/v2\/types\/post"}],"author":[{"embeddable":true,"href":"https:\/\/www.noticiasradioreflejos.com.ar\/2021\/wp-json\/wp\/v2\/users\/3"}],"replies":[{"embeddable":true,"href":"https:\/\/www.noticiasradioreflejos.com.ar\/2021\/wp-json\/wp\/v2\/comments?post=121483"}],"version-history":[{"count":1,"href":"https:\/\/www.noticiasradioreflejos.com.ar\/2021\/wp-json\/wp\/v2\/posts\/121483\/revisions"}],"predecessor-version":[{"id":121485,"href":"https:\/\/www.noticiasradioreflejos.com.ar\/2021\/wp-json\/wp\/v2\/posts\/121483\/revisions\/121485"}],"wp:featuredmedia":[{"embeddable":true,"href":"https:\/\/www.noticiasradioreflejos.com.ar\/2021\/wp-json\/wp\/v2\/media\/121484"}],"wp:attachment":[{"href":"https:\/\/www.noticiasradioreflejos.com.ar\/2021\/wp-json\/wp\/v2\/media?parent=121483"}],"wp:term":[{"taxonomy":"category","embeddable":true,"href":"https:\/\/www.noticiasradioreflejos.com.ar\/2021\/wp-json\/wp\/v2\/categories?post=121483"},{"taxonomy":"post_tag","embeddable":true,"href":"https:\/\/www.noticiasradioreflejos.com.ar\/2021\/wp-json\/wp\/v2\/tags?post=121483"}],"curies":[{"name":"wp","href":"https:\/\/api.w.org\/{rel}","templated":true}]}}