{"id":121480,"date":"2025-07-08T07:34:35","date_gmt":"2025-07-08T10:34:35","guid":{"rendered":"https:\/\/www.noticiasradioreflejos.com.ar\/2021\/?p=121480"},"modified":"2025-07-08T07:34:35","modified_gmt":"2025-07-08T10:34:35","slug":"calentar-las-esponjas-adentro-del-horno-microondas-por-que-sugieren-hacerlo-y-que-previene","status":"publish","type":"post","link":"https:\/\/www.noticiasradioreflejos.com.ar\/2021\/calentar-las-esponjas-adentro-del-horno-microondas-por-que-sugieren-hacerlo-y-que-previene\/","title":{"rendered":"Calentar las esponjas adentro del horno microondas: por qu\u00e9 sugieren hacerlo y qu\u00e9 previene"},"content":{"rendered":"<p>Es uno de los elementos m\u00e1s comunes en cualquier cocina. Sin embargo, puede convertirse en uno de los principales focos de contaminaci\u00f3n del hogar.<br \/>\n<!--more--><\/p>\n<div class=\"zox-post-soc-top-wrap\">\n<div id=\"st-1\" class=\"sharethis-inline-share-buttons st-left st-lang-es st-inline-share-buttons st-animated\">\n<div class=\"st-btn st-last\" data-network=\"sharethis\"><\/div>\n<\/div>\n<\/div>\n<div class=\"mvp-post-main-out left relative\">\n<div class=\"mvp-post-main-in\">\n<div id=\"mvp-post-content\" class=\"left relative\">\n<div id=\"mvp-post-feat-img\" class=\"left relative mvp-post-feat-img-wide2\"><\/div>\n<div id=\"mvp-content-wrap\" class=\"left relative\">\n<div class=\"mvp-post-soc-out right relative\">\n<div class=\"mvp-post-soc-in\">\n<div id=\"mvp-content-body\" class=\"left relative\">\n<div id=\"mvp-content-body-top\" class=\"left relative\">\n<div id=\"mvp-content-main\" class=\"left relative\">\n<p>Es uno de los elementos m\u00e1s comunes en cualquier cocina, utilizado a diario para lavar platos, limpiar superficies o remover restos de comida. Sin embargo, la esponja de cocina puede convertirse en uno de los principales focos de contaminaci\u00f3n del hogar. Lo que parece un simple accesorio de limpieza, en realidad puede estar albergando colonias enteras de bacterias peligrosas como E. coli o Salmonella.<\/p>\n<p>Diversos estudios cient\u00edficos y entidades de salud coinciden en que las esponjas de cocina, especialmente cuando se mantienen h\u00famedas, son el ambiente perfecto para el crecimiento de microorganismos. La combinaci\u00f3n de restos de comida, humedad y temperatura ambiente favorece la proliferaci\u00f3n bacteriana. Y aunque solemos pensar que al enjuagarla con agua caliente o jab\u00f3n basta, la realidad es que eso no alcanza para eliminar las bacterias m\u00e1s resistentes.<\/p>\n<figure class=\"wp-block-image size-large\"><img decoding=\"async\" src=\"https:\/\/media.a24.com\/p\/662d9fa45b0e050fb9f9f7dd75007302\/adjuntos\/296\/imagenes\/009\/585\/0009585359\/1200x675\/smart\/image.png\" alt=\"\" \/><\/figure>\n<\/div>\n<\/div>\n<\/div>\n<\/div>\n<\/div>\n<\/div>\n<\/div>\n<\/div>\n<\/div>\n<p>Calentar la esponja dentro del microondas: por qu\u00e9 recomiendan hacerlo y qu\u00e9 previene<\/p>\n<h2 class=\"wp-block-heading\">Un simple gesto puede marcar la diferencia<\/h2>\n<p>Frente a este problema, un sencillo truco casero se populariz\u00f3 como una soluci\u00f3n pr\u00e1ctica y efectiva: calentar la esponja en el microondas. Lejos de ser una ocurrencia sin fundamento, este m\u00e9todo cuenta con el respaldo de investigaciones que comprobaron su eficacia para reducir la carga bacteriana en este objeto de limpieza.<\/p>\n<p>La idea es muy simple: colocar la esponja h\u00fameda en un recipiente con agua apto para microondas y calentarla durante uno o dos minutos. Este proceso permite desinfectar la esponja mediante el calor y el vapor, eliminando gran parte de los microorganismos presentes.<\/p>\n<h2 class=\"wp-block-heading\">Por qu\u00e9 funciona el calor del microondas<\/h2>\n<p>La explicaci\u00f3n est\u00e1 en la ciencia. El microondas no calienta directamente los objetos, sino que agita las mol\u00e9culas de agua que contienen, generando calor desde el interior. En el caso de la esponja, el agua que contiene se transforma en vapor, lo que distribuye el calor de manera m\u00e1s uniforme y penetra en las fibras del material. Este vapor tiene la capacidad de alcanzar temperaturas suficientemente altas como para matar bacterias pat\u00f3genas.<\/p>\n<p>Seg\u00fan expertos en microbiolog\u00eda, este m\u00e9todo puede ser m\u00e1s efectivo que el lavado con jab\u00f3n o incluso que algunos desinfectantes qu\u00edmicos, siempre y cuando se realice correctamente. Sin embargo, hay advertencias importantes que deben ser tenidas en cuenta para evitar accidentes o da\u00f1os al electrodom\u00e9stico.<\/p>\n<h2 class=\"wp-block-heading\">Precauciones antes de usar este truco<\/h2>\n<p>Aunque el procedimiento es simple, no todas las esponjas son aptas para ser introducidas en el microondas. En primer lugar, es imprescindible que la esponja est\u00e9 completamente h\u00fameda. Calentar una esponja seca puede provocar que se queme, e incluso que se incendie.<\/p>\n<p>Adem\u00e1s, debe evitarse por completo usar esponjas que contengan elementos met\u00e1licos, como fibras met\u00e1licas o refuerzos con aluminio. El metal en el microondas puede generar chispas, da\u00f1ar el aparato e incluso provocar un incendio.<\/p>\n<p>Tambi\u00e9n es fundamental utilizar un recipiente apto para microondas, de preferencia uno de vidrio o pl\u00e1stico resistente al calor. Este recipiente no solo sirve como soporte para la esponja, sino que ayuda a evitar que el vapor se concentre en exceso o que se derrame el agua caliente al manipularla luego.<\/p>\n<h2 class=\"wp-block-heading\"><strong>Paso a paso: c\u00f3mo aplicar correctamente el truco del microondas<\/strong><\/h2>\n<p>Para garantizar los mejores resultados y evitar riesgos,\u00a0este es el procedimiento detallado:<\/p>\n<ul class=\"wp-block-list\">\n<li><strong>Humedecer bien la esponja<\/strong>: aseg\u00farate de que est\u00e9 completamente empapada en agua. No debe estar seca en ning\u00fan sector.<\/li>\n<li><strong>Colocarla en un recipiente apto para microondas<\/strong>: lo ideal es que tenga un poco de agua adicional en el fondo, para favorecer la generaci\u00f3n de vapor.<\/li>\n<li><strong>Calentar durante 1 a 2 minutos a m\u00e1xima potencia<\/strong>: el tiempo puede variar ligeramente seg\u00fan el tipo de microondas, pero en general con este intervalo alcanza.<\/li>\n<li><strong>Dejar enfriar antes de manipularla<\/strong>: el vapor puede causar quemaduras si se extrae la esponja inmediatamente. Espera unos minutos antes de tocarla.<\/li>\n<\/ul>\n<ul class=\"wp-block-list\">\n<li><strong>Escurrir bien el exceso de agua<\/strong>: una vez fr\u00eda, presiona la esponja para eliminar el agua sobrante. Ya estar\u00e1 lista para volver a usarse.<\/li>\n<\/ul>\n<h2 class=\"wp-block-heading\">Beneficios concretos para la salud y el hogar<\/h2>\n<p>El mayor beneficio de este truco es que ayuda a reducir significativamente la carga bacteriana presente en la esponja. Esto no solo mejora la limpieza de los utensilios y superficies de cocina, sino que disminuye el riesgo de intoxicaciones alimentarias y enfermedades gastrointestinales.<\/p>\n<p>Adem\u00e1s, al prolongar la vida \u00fatil de la esponja, tambi\u00e9n se reduce el consumo innecesario de recursos, lo que representa un peque\u00f1o pero importante aporte al cuidado del medio ambiente y a la econom\u00eda dom\u00e9stica.<\/p>\n<h2 class=\"wp-block-heading\">Cada cu\u00e1nto tiempo debe realizarse este procedimiento<\/h2>\n<p>Aunque esta t\u00e9cnica ayuda a mantener la esponja en mejores condiciones, no reemplaza la necesidad de cambiarla peri\u00f3dicamente. Los especialistas recomiendan renovar la esponja al menos una vez cada dos semanas, aunque el tiempo puede variar seg\u00fan la frecuencia de uso y el tipo de tareas a las que se la destine.<\/p>\n<p>Realizar esta desinfecci\u00f3n en el microondas dos o tres veces por semana es una buena medida para mantenerla limpia, pero si la esponja presenta mal olor persistente, p\u00e9rdida de forma o desprende residuos, lo mejor es desecharla.<\/p>\n<h2 class=\"wp-block-heading\">Otros m\u00e9todos caseros que pueden complementar la limpieza<\/h2>\n<p>Adem\u00e1s del microondas, existen otras t\u00e9cnicas caseras que tambi\u00e9n pueden ayudar a mantener las esponjas en mejor estado, aunque con menor eficacia. Algunas personas las sumergen en agua hirviendo durante unos minutos, otras las dejan reposar en una mezcla de agua con vinagre o agua con lej\u00eda (lavandina).<\/p>\n<p>No obstante, el microondas sigue siendo uno de los m\u00e9todos m\u00e1s accesibles, r\u00e1pidos y eficaces, siempre que se utilice con responsabilidad y siguiendo las recomendaciones.<\/p>\n<h2 class=\"wp-block-heading\">El hogar, un lugar m\u00e1s seguro con peque\u00f1os cambios<\/h2>\n<p>En la rutina dom\u00e9stica, muchas veces se pasan por alto detalles que pueden marcar una gran diferencia. La higiene de los elementos de limpieza es uno de ellos. Una esponja sucia puede esparcir m\u00e1s g\u00e9rmenes de los que elimina, poniendo en riesgo a toda la familia.<\/p>\n<p>Implementar pr\u00e1cticas sencillas como esta no solo mejora la limpieza, sino que contribuye al bienestar general y a prevenir enfermedades. Peque\u00f1os h\u00e1bitos, cuando se incorporan con constancia, pueden lograr grandes cambios en la salud del hogar.<\/p>\n<figure class=\"wp-block-image size-large\"><img decoding=\"async\" src=\"https:\/\/media.a24.com\/p\/2d95ad2a3b36e476635b805d83c3f99f\/adjuntos\/296\/imagenes\/009\/585\/0009585358\/1200x675\/smart\/image.png\" alt=\"\" \/><figcaption class=\"wp-element-caption\">Calentar la esponja dentro del microondas: por qu\u00e9 recomiendan hacerlo y qu\u00e9 previene<\/figcaption><\/figure>\n<p><strong>Fuente:<\/strong>\u00a0LB24 \/ A24.<\/p>\n","protected":false},"excerpt":{"rendered":"<p>Es uno de los elementos m\u00e1s comunes en cualquier cocina. Sin embargo, puede convertirse en uno de los principales focos de contaminaci\u00f3n del hogar.<\/p>\n","protected":false},"author":3,"featured_media":121481,"comment_status":"closed","ping_status":"closed","sticky":false,"template":"","format":"standard","meta":{"footnotes":""},"categories":[26],"tags":[],"class_list":["post-121480","post","type-post","status-publish","format-standard","has-post-thumbnail","hentry","category-sociedad"],"yoast_head":"<!-- This site is optimized with the Yoast SEO plugin v25.9 - https:\/\/yoast.com\/wordpress\/plugins\/seo\/ -->\n<title>Calentar las esponjas adentro del horno microondas: por qu\u00e9 sugieren hacerlo y qu\u00e9 previene - Noticias Radio Reflejos<\/title>\n<meta name=\"robots\" content=\"index, follow, max-snippet:-1, max-image-preview:large, max-video-preview:-1\" \/>\n<link rel=\"canonical\" href=\"https:\/\/www.noticiasradioreflejos.com.ar\/2021\/calentar-las-esponjas-adentro-del-horno-microondas-por-que-sugieren-hacerlo-y-que-previene\/\" \/>\n<meta property=\"og:locale\" content=\"es_ES\" \/>\n<meta property=\"og:type\" content=\"article\" \/>\n<meta property=\"og:title\" content=\"Calentar las esponjas adentro del horno microondas: por qu\u00e9 sugieren hacerlo y qu\u00e9 previene - Noticias Radio Reflejos\" \/>\n<meta property=\"og:description\" content=\"Es uno de los elementos m\u00e1s comunes en cualquier cocina. Sin embargo, puede convertirse en uno de los principales focos de contaminaci\u00f3n del hogar.\" \/>\n<meta property=\"og:url\" content=\"https:\/\/www.noticiasradioreflejos.com.ar\/2021\/calentar-las-esponjas-adentro-del-horno-microondas-por-que-sugieren-hacerlo-y-que-previene\/\" \/>\n<meta property=\"og:site_name\" content=\"Noticias Radio Reflejos\" \/>\n<meta property=\"article:published_time\" content=\"2025-07-08T10:34:35+00:00\" \/>\n<meta property=\"og:image\" content=\"https:\/\/www.noticiasradioreflejos.com.ar\/2021\/wp-content\/uploads\/2025\/07\/ESPONJA.jpg\" \/>\n\t<meta property=\"og:image:width\" content=\"1200\" \/>\n\t<meta property=\"og:image:height\" content=\"675\" \/>\n\t<meta property=\"og:image:type\" content=\"image\/jpeg\" \/>\n<meta name=\"author\" content=\"Arnaldo Botto\" \/>\n<meta name=\"twitter:card\" content=\"summary_large_image\" \/>\n<script type=\"application\/ld+json\" class=\"yoast-schema-graph\">{\"@context\":\"https:\/\/schema.org\",\"@graph\":[{\"@type\":\"WebPage\",\"@id\":\"https:\/\/www.noticiasradioreflejos.com.ar\/2021\/calentar-las-esponjas-adentro-del-horno-microondas-por-que-sugieren-hacerlo-y-que-previene\/\",\"url\":\"https:\/\/www.noticiasradioreflejos.com.ar\/2021\/calentar-las-esponjas-adentro-del-horno-microondas-por-que-sugieren-hacerlo-y-que-previene\/\",\"name\":\"Calentar las esponjas adentro del horno microondas: por qu\u00e9 sugieren hacerlo y qu\u00e9 previene - Noticias Radio Reflejos\",\"isPartOf\":{\"@id\":\"https:\/\/www.noticiasradioreflejos.com.ar\/2021\/#website\"},\"primaryImageOfPage\":{\"@id\":\"https:\/\/www.noticiasradioreflejos.com.ar\/2021\/calentar-las-esponjas-adentro-del-horno-microondas-por-que-sugieren-hacerlo-y-que-previene\/#primaryimage\"},\"image\":{\"@id\":\"https:\/\/www.noticiasradioreflejos.com.ar\/2021\/calentar-las-esponjas-adentro-del-horno-microondas-por-que-sugieren-hacerlo-y-que-previene\/#primaryimage\"},\"thumbnailUrl\":\"https:\/\/www.noticiasradioreflejos.com.ar\/2021\/wp-content\/uploads\/2025\/07\/ESPONJA.jpg\",\"datePublished\":\"2025-07-08T10:34:35+00:00\",\"author\":{\"@id\":\"https:\/\/www.noticiasradioreflejos.com.ar\/2021\/#\/schema\/person\/ad82545263dcc5ec0996818884fd5fb1\"},\"breadcrumb\":{\"@id\":\"https:\/\/www.noticiasradioreflejos.com.ar\/2021\/calentar-las-esponjas-adentro-del-horno-microondas-por-que-sugieren-hacerlo-y-que-previene\/#breadcrumb\"},\"inLanguage\":\"es\",\"potentialAction\":[{\"@type\":\"ReadAction\",\"target\":[\"https:\/\/www.noticiasradioreflejos.com.ar\/2021\/calentar-las-esponjas-adentro-del-horno-microondas-por-que-sugieren-hacerlo-y-que-previene\/\"]}]},{\"@type\":\"ImageObject\",\"inLanguage\":\"es\",\"@id\":\"https:\/\/www.noticiasradioreflejos.com.ar\/2021\/calentar-las-esponjas-adentro-del-horno-microondas-por-que-sugieren-hacerlo-y-que-previene\/#primaryimage\",\"url\":\"https:\/\/www.noticiasradioreflejos.com.ar\/2021\/wp-content\/uploads\/2025\/07\/ESPONJA.jpg\",\"contentUrl\":\"https:\/\/www.noticiasradioreflejos.com.ar\/2021\/wp-content\/uploads\/2025\/07\/ESPONJA.jpg\",\"width\":1200,\"height\":675},{\"@type\":\"BreadcrumbList\",\"@id\":\"https:\/\/www.noticiasradioreflejos.com.ar\/2021\/calentar-las-esponjas-adentro-del-horno-microondas-por-que-sugieren-hacerlo-y-que-previene\/#breadcrumb\",\"itemListElement\":[{\"@type\":\"ListItem\",\"position\":1,\"name\":\"Portada\",\"item\":\"https:\/\/www.noticiasradioreflejos.com.ar\/2021\/\"},{\"@type\":\"ListItem\",\"position\":2,\"name\":\"Calentar las esponjas adentro del horno microondas: por qu\u00e9 sugieren hacerlo y qu\u00e9 previene\"}]},{\"@type\":\"WebSite\",\"@id\":\"https:\/\/www.noticiasradioreflejos.com.ar\/2021\/#website\",\"url\":\"https:\/\/www.noticiasradioreflejos.com.ar\/2021\/\",\"name\":\"Noticias Radio Reflejos\",\"description\":\"Las noticias de mi comarca\",\"potentialAction\":[{\"@type\":\"SearchAction\",\"target\":{\"@type\":\"EntryPoint\",\"urlTemplate\":\"https:\/\/www.noticiasradioreflejos.com.ar\/2021\/?s={search_term_string}\"},\"query-input\":{\"@type\":\"PropertyValueSpecification\",\"valueRequired\":true,\"valueName\":\"search_term_string\"}}],\"inLanguage\":\"es\"},{\"@type\":\"Person\",\"@id\":\"https:\/\/www.noticiasradioreflejos.com.ar\/2021\/#\/schema\/person\/ad82545263dcc5ec0996818884fd5fb1\",\"name\":\"Arnaldo Botto\",\"image\":{\"@type\":\"ImageObject\",\"inLanguage\":\"es\",\"@id\":\"https:\/\/www.noticiasradioreflejos.com.ar\/2021\/#\/schema\/person\/image\/\",\"url\":\"https:\/\/secure.gravatar.com\/avatar\/55cb5e37c1efa326397366e6974cb338056df65cb50e7d64d1cf314e87504837?s=96&d=mm&r=g\",\"contentUrl\":\"https:\/\/secure.gravatar.com\/avatar\/55cb5e37c1efa326397366e6974cb338056df65cb50e7d64d1cf314e87504837?s=96&d=mm&r=g\",\"caption\":\"Arnaldo Botto\"},\"url\":\"https:\/\/www.noticiasradioreflejos.com.ar\/2021\/author\/arnaldo\/\"}]}<\/script>\n<!-- \/ Yoast SEO plugin. -->","yoast_head_json":{"title":"Calentar las esponjas adentro del horno microondas: por qu\u00e9 sugieren hacerlo y qu\u00e9 previene - Noticias Radio Reflejos","robots":{"index":"index","follow":"follow","max-snippet":"max-snippet:-1","max-image-preview":"max-image-preview:large","max-video-preview":"max-video-preview:-1"},"canonical":"https:\/\/www.noticiasradioreflejos.com.ar\/2021\/calentar-las-esponjas-adentro-del-horno-microondas-por-que-sugieren-hacerlo-y-que-previene\/","og_locale":"es_ES","og_type":"article","og_title":"Calentar las esponjas adentro del horno microondas: por qu\u00e9 sugieren hacerlo y qu\u00e9 previene - Noticias Radio Reflejos","og_description":"Es uno de los elementos m\u00e1s comunes en cualquier cocina. Sin embargo, puede convertirse en uno de los principales focos de contaminaci\u00f3n del hogar.","og_url":"https:\/\/www.noticiasradioreflejos.com.ar\/2021\/calentar-las-esponjas-adentro-del-horno-microondas-por-que-sugieren-hacerlo-y-que-previene\/","og_site_name":"Noticias Radio Reflejos","article_published_time":"2025-07-08T10:34:35+00:00","og_image":[{"width":1200,"height":675,"url":"https:\/\/www.noticiasradioreflejos.com.ar\/2021\/wp-content\/uploads\/2025\/07\/ESPONJA.jpg","type":"image\/jpeg"}],"author":"Arnaldo Botto","twitter_card":"summary_large_image","schema":{"@context":"https:\/\/schema.org","@graph":[{"@type":"WebPage","@id":"https:\/\/www.noticiasradioreflejos.com.ar\/2021\/calentar-las-esponjas-adentro-del-horno-microondas-por-que-sugieren-hacerlo-y-que-previene\/","url":"https:\/\/www.noticiasradioreflejos.com.ar\/2021\/calentar-las-esponjas-adentro-del-horno-microondas-por-que-sugieren-hacerlo-y-que-previene\/","name":"Calentar las esponjas adentro del horno microondas: por qu\u00e9 sugieren hacerlo y qu\u00e9 previene - Noticias Radio Reflejos","isPartOf":{"@id":"https:\/\/www.noticiasradioreflejos.com.ar\/2021\/#website"},"primaryImageOfPage":{"@id":"https:\/\/www.noticiasradioreflejos.com.ar\/2021\/calentar-las-esponjas-adentro-del-horno-microondas-por-que-sugieren-hacerlo-y-que-previene\/#primaryimage"},"image":{"@id":"https:\/\/www.noticiasradioreflejos.com.ar\/2021\/calentar-las-esponjas-adentro-del-horno-microondas-por-que-sugieren-hacerlo-y-que-previene\/#primaryimage"},"thumbnailUrl":"https:\/\/www.noticiasradioreflejos.com.ar\/2021\/wp-content\/uploads\/2025\/07\/ESPONJA.jpg","datePublished":"2025-07-08T10:34:35+00:00","author":{"@id":"https:\/\/www.noticiasradioreflejos.com.ar\/2021\/#\/schema\/person\/ad82545263dcc5ec0996818884fd5fb1"},"breadcrumb":{"@id":"https:\/\/www.noticiasradioreflejos.com.ar\/2021\/calentar-las-esponjas-adentro-del-horno-microondas-por-que-sugieren-hacerlo-y-que-previene\/#breadcrumb"},"inLanguage":"es","potentialAction":[{"@type":"ReadAction","target":["https:\/\/www.noticiasradioreflejos.com.ar\/2021\/calentar-las-esponjas-adentro-del-horno-microondas-por-que-sugieren-hacerlo-y-que-previene\/"]}]},{"@type":"ImageObject","inLanguage":"es","@id":"https:\/\/www.noticiasradioreflejos.com.ar\/2021\/calentar-las-esponjas-adentro-del-horno-microondas-por-que-sugieren-hacerlo-y-que-previene\/#primaryimage","url":"https:\/\/www.noticiasradioreflejos.com.ar\/2021\/wp-content\/uploads\/2025\/07\/ESPONJA.jpg","contentUrl":"https:\/\/www.noticiasradioreflejos.com.ar\/2021\/wp-content\/uploads\/2025\/07\/ESPONJA.jpg","width":1200,"height":675},{"@type":"BreadcrumbList","@id":"https:\/\/www.noticiasradioreflejos.com.ar\/2021\/calentar-las-esponjas-adentro-del-horno-microondas-por-que-sugieren-hacerlo-y-que-previene\/#breadcrumb","itemListElement":[{"@type":"ListItem","position":1,"name":"Portada","item":"https:\/\/www.noticiasradioreflejos.com.ar\/2021\/"},{"@type":"ListItem","position":2,"name":"Calentar las esponjas adentro del horno microondas: por qu\u00e9 sugieren hacerlo y qu\u00e9 previene"}]},{"@type":"WebSite","@id":"https:\/\/www.noticiasradioreflejos.com.ar\/2021\/#website","url":"https:\/\/www.noticiasradioreflejos.com.ar\/2021\/","name":"Noticias Radio Reflejos","description":"Las noticias de mi comarca","potentialAction":[{"@type":"SearchAction","target":{"@type":"EntryPoint","urlTemplate":"https:\/\/www.noticiasradioreflejos.com.ar\/2021\/?s={search_term_string}"},"query-input":{"@type":"PropertyValueSpecification","valueRequired":true,"valueName":"search_term_string"}}],"inLanguage":"es"},{"@type":"Person","@id":"https:\/\/www.noticiasradioreflejos.com.ar\/2021\/#\/schema\/person\/ad82545263dcc5ec0996818884fd5fb1","name":"Arnaldo Botto","image":{"@type":"ImageObject","inLanguage":"es","@id":"https:\/\/www.noticiasradioreflejos.com.ar\/2021\/#\/schema\/person\/image\/","url":"https:\/\/secure.gravatar.com\/avatar\/55cb5e37c1efa326397366e6974cb338056df65cb50e7d64d1cf314e87504837?s=96&d=mm&r=g","contentUrl":"https:\/\/secure.gravatar.com\/avatar\/55cb5e37c1efa326397366e6974cb338056df65cb50e7d64d1cf314e87504837?s=96&d=mm&r=g","caption":"Arnaldo Botto"},"url":"https:\/\/www.noticiasradioreflejos.com.ar\/2021\/author\/arnaldo\/"}]}},"_links":{"self":[{"href":"https:\/\/www.noticiasradioreflejos.com.ar\/2021\/wp-json\/wp\/v2\/posts\/121480","targetHints":{"allow":["GET"]}}],"collection":[{"href":"https:\/\/www.noticiasradioreflejos.com.ar\/2021\/wp-json\/wp\/v2\/posts"}],"about":[{"href":"https:\/\/www.noticiasradioreflejos.com.ar\/2021\/wp-json\/wp\/v2\/types\/post"}],"author":[{"embeddable":true,"href":"https:\/\/www.noticiasradioreflejos.com.ar\/2021\/wp-json\/wp\/v2\/users\/3"}],"replies":[{"embeddable":true,"href":"https:\/\/www.noticiasradioreflejos.com.ar\/2021\/wp-json\/wp\/v2\/comments?post=121480"}],"version-history":[{"count":1,"href":"https:\/\/www.noticiasradioreflejos.com.ar\/2021\/wp-json\/wp\/v2\/posts\/121480\/revisions"}],"predecessor-version":[{"id":121482,"href":"https:\/\/www.noticiasradioreflejos.com.ar\/2021\/wp-json\/wp\/v2\/posts\/121480\/revisions\/121482"}],"wp:featuredmedia":[{"embeddable":true,"href":"https:\/\/www.noticiasradioreflejos.com.ar\/2021\/wp-json\/wp\/v2\/media\/121481"}],"wp:attachment":[{"href":"https:\/\/www.noticiasradioreflejos.com.ar\/2021\/wp-json\/wp\/v2\/media?parent=121480"}],"wp:term":[{"taxonomy":"category","embeddable":true,"href":"https:\/\/www.noticiasradioreflejos.com.ar\/2021\/wp-json\/wp\/v2\/categories?post=121480"},{"taxonomy":"post_tag","embeddable":true,"href":"https:\/\/www.noticiasradioreflejos.com.ar\/2021\/wp-json\/wp\/v2\/tags?post=121480"}],"curies":[{"name":"wp","href":"https:\/\/api.w.org\/{rel}","templated":true}]}}