{"id":121477,"date":"2025-07-08T07:24:06","date_gmt":"2025-07-08T10:24:06","guid":{"rendered":"https:\/\/www.noticiasradioreflejos.com.ar\/2021\/?p=121477"},"modified":"2025-07-08T07:50:46","modified_gmt":"2025-07-08T10:50:46","slug":"que-va-a-pasar-con-las-reparaciones-anunciadas-por-la-ex-vialidad-nacional","status":"publish","type":"post","link":"https:\/\/www.noticiasradioreflejos.com.ar\/2021\/que-va-a-pasar-con-las-reparaciones-anunciadas-por-la-ex-vialidad-nacional\/","title":{"rendered":"Qu\u00e9 va a pasar con las reparaciones anunciadas por la ex Vialidad Nacional"},"content":{"rendered":"<p>El Gobierno la remplaz\u00f3 por la \u201cAgencia de Control de Concesiones y Servicios P\u00fablicos de Transporte\u201d. \u00bfQui\u00e9n se har\u00e1 cargo ahora de la red vial del pa\u00eds?<!--more--><\/p>\n<div class=\"columns\" data-tadevel-template=\"web\/article-columns\">\n<div class=\"column-main\">\n<div class=\"article-body\" data-tadevel-template=\"web\/article-body\">\n<div class=\"article-body-content\">\n<p><strong>Vialidad Nacional\u00a0<\/strong>es historia. El\u00a0<strong>Gobierno\u00a0<\/strong><strong>Nacional\u00a0<\/strong>a trav\u00e9s del presidente\u00a0<strong>Javier Milei<\/strong>\u00a0hizo efectivo el anunci\u00f3 que ven\u00eda haciendo sobre la disoluci\u00f3n de la Direcci\u00f3n de Vialidad Nacional. La comunicaci\u00f3n estuvo a cargo del Vocero presidencial, Manuel Adorni esta tarde en conferencia de prensa.<\/p>\n<p>El nuevo organismo pasar\u00e1 a denominarse\u00a0<strong>\u201cAgencia de Control de Concesiones y Servicios P\u00fablicos de Transporte\u201d<\/strong>\u00a0y ser\u00e1 la Autoridad de Aplicaci\u00f3n de todas las normas, como as\u00ed tambi\u00e9n de los actos administrativos en relaci\u00f3n a la fiscalizaci\u00f3n de las concesiones viales en\u00a0<strong>Argentina<\/strong>.<\/p>\n<p>La gran pregunta es\u00a0<strong>qu\u00e9 va a pasar con las obras viales anunciadas<\/strong>\u00a0ya para seguir reparando y manteniendo las<strong>\u00a0rutas nacionales\u00a0<\/strong>del pa\u00eds. En tal sentido, Adorni dio una respuesta sobre el tema. \u00bfqu\u00e9 dijo?<\/p>\n<p>Las rutas nacionales son muchas y en su mayor\u00eda no gozan de buena salud por lo que,\u00a0<strong>\u201cel Gobierno dar\u00e1 apertura a la licitaci\u00f3n de 9.120\u00a0<\/strong><strong>kil\u00f3metros\u00a0<\/strong><strong>de rutas\u201d\u00a0<\/strong>asever\u00f3 el Vocero Adorni quien sostuvo que se lleg\u00f3 a este punto de inflexi\u00f3n \u201c<strong>tras d\u00e9cadas de despilfarro y corrupci\u00f3n\u201d<\/strong>, donde\u00a0<strong>\u201cse vieron degradadas como nunca antes en la historia de nuestro pa\u00eds\u201d<\/strong>, sentenci\u00f3.<\/p>\n<p>&nbsp;<\/p>\n<\/div>\n<\/div>\n<p><strong>Fuente NA<\/strong><\/p>\n<\/div>\n<\/div>\n","protected":false},"excerpt":{"rendered":"<p>El Gobierno la remplaz\u00f3 por la \u201cAgencia de Control de Concesiones y Servicios P\u00fablicos de Transporte\u201d. \u00bfQui\u00e9n se har\u00e1 cargo ahora de la red vial del pa\u00eds?<\/p>\n","protected":false},"author":3,"featured_media":121478,"comment_status":"closed","ping_status":"closed","sticky":false,"template":"","format":"standard","meta":{"footnotes":""},"categories":[26],"tags":[48],"class_list":["post-121477","post","type-post","status-publish","format-standard","has-post-thumbnail","hentry","category-sociedad","tag-destacada"],"yoast_head":"<!-- This site is optimized with the Yoast SEO plugin v25.9 - https:\/\/yoast.com\/wordpress\/plugins\/seo\/ -->\n<title>Qu\u00e9 va a pasar con las reparaciones anunciadas por la ex Vialidad Nacional - Noticias Radio Reflejos<\/title>\n<meta name=\"robots\" content=\"index, follow, max-snippet:-1, max-image-preview:large, max-video-preview:-1\" \/>\n<link rel=\"canonical\" href=\"https:\/\/www.noticiasradioreflejos.com.ar\/2021\/que-va-a-pasar-con-las-reparaciones-anunciadas-por-la-ex-vialidad-nacional\/\" \/>\n<meta property=\"og:locale\" content=\"es_ES\" \/>\n<meta property=\"og:type\" content=\"article\" \/>\n<meta property=\"og:title\" content=\"Qu\u00e9 va a pasar con las reparaciones anunciadas por la ex Vialidad Nacional - Noticias Radio Reflejos\" \/>\n<meta property=\"og:description\" content=\"El Gobierno la remplaz\u00f3 por la \u201cAgencia de Control de Concesiones y Servicios P\u00fablicos de Transporte\u201d. \u00bfQui\u00e9n se har\u00e1 cargo ahora de la red vial del pa\u00eds?\" \/>\n<meta property=\"og:url\" content=\"https:\/\/www.noticiasradioreflejos.com.ar\/2021\/que-va-a-pasar-con-las-reparaciones-anunciadas-por-la-ex-vialidad-nacional\/\" \/>\n<meta property=\"og:site_name\" content=\"Noticias Radio Reflejos\" \/>\n<meta property=\"article:published_time\" content=\"2025-07-08T10:24:06+00:00\" \/>\n<meta property=\"article:modified_time\" content=\"2025-07-08T10:50:46+00:00\" \/>\n<meta property=\"og:image\" content=\"https:\/\/www.noticiasradioreflejos.com.ar\/2021\/wp-content\/uploads\/2025\/07\/DNV-El-CHOLO.jpg\" \/>\n\t<meta property=\"og:image:width\" content=\"800\" \/>\n\t<meta property=\"og:image:height\" content=\"385\" \/>\n\t<meta property=\"og:image:type\" content=\"image\/jpeg\" \/>\n<meta name=\"author\" content=\"Arnaldo Botto\" \/>\n<meta name=\"twitter:card\" content=\"summary_large_image\" \/>\n<script type=\"application\/ld+json\" class=\"yoast-schema-graph\">{\"@context\":\"https:\/\/schema.org\",\"@graph\":[{\"@type\":\"WebPage\",\"@id\":\"https:\/\/www.noticiasradioreflejos.com.ar\/2021\/que-va-a-pasar-con-las-reparaciones-anunciadas-por-la-ex-vialidad-nacional\/\",\"url\":\"https:\/\/www.noticiasradioreflejos.com.ar\/2021\/que-va-a-pasar-con-las-reparaciones-anunciadas-por-la-ex-vialidad-nacional\/\",\"name\":\"Qu\u00e9 va a pasar con las reparaciones anunciadas por la ex Vialidad Nacional - Noticias Radio Reflejos\",\"isPartOf\":{\"@id\":\"https:\/\/www.noticiasradioreflejos.com.ar\/2021\/#website\"},\"primaryImageOfPage\":{\"@id\":\"https:\/\/www.noticiasradioreflejos.com.ar\/2021\/que-va-a-pasar-con-las-reparaciones-anunciadas-por-la-ex-vialidad-nacional\/#primaryimage\"},\"image\":{\"@id\":\"https:\/\/www.noticiasradioreflejos.com.ar\/2021\/que-va-a-pasar-con-las-reparaciones-anunciadas-por-la-ex-vialidad-nacional\/#primaryimage\"},\"thumbnailUrl\":\"https:\/\/www.noticiasradioreflejos.com.ar\/2021\/wp-content\/uploads\/2025\/07\/DNV-El-CHOLO.jpg\",\"datePublished\":\"2025-07-08T10:24:06+00:00\",\"dateModified\":\"2025-07-08T10:50:46+00:00\",\"author\":{\"@id\":\"https:\/\/www.noticiasradioreflejos.com.ar\/2021\/#\/schema\/person\/ad82545263dcc5ec0996818884fd5fb1\"},\"breadcrumb\":{\"@id\":\"https:\/\/www.noticiasradioreflejos.com.ar\/2021\/que-va-a-pasar-con-las-reparaciones-anunciadas-por-la-ex-vialidad-nacional\/#breadcrumb\"},\"inLanguage\":\"es\",\"potentialAction\":[{\"@type\":\"ReadAction\",\"target\":[\"https:\/\/www.noticiasradioreflejos.com.ar\/2021\/que-va-a-pasar-con-las-reparaciones-anunciadas-por-la-ex-vialidad-nacional\/\"]}]},{\"@type\":\"ImageObject\",\"inLanguage\":\"es\",\"@id\":\"https:\/\/www.noticiasradioreflejos.com.ar\/2021\/que-va-a-pasar-con-las-reparaciones-anunciadas-por-la-ex-vialidad-nacional\/#primaryimage\",\"url\":\"https:\/\/www.noticiasradioreflejos.com.ar\/2021\/wp-content\/uploads\/2025\/07\/DNV-El-CHOLO.jpg\",\"contentUrl\":\"https:\/\/www.noticiasradioreflejos.com.ar\/2021\/wp-content\/uploads\/2025\/07\/DNV-El-CHOLO.jpg\",\"width\":800,\"height\":385},{\"@type\":\"BreadcrumbList\",\"@id\":\"https:\/\/www.noticiasradioreflejos.com.ar\/2021\/que-va-a-pasar-con-las-reparaciones-anunciadas-por-la-ex-vialidad-nacional\/#breadcrumb\",\"itemListElement\":[{\"@type\":\"ListItem\",\"position\":1,\"name\":\"Portada\",\"item\":\"https:\/\/www.noticiasradioreflejos.com.ar\/2021\/\"},{\"@type\":\"ListItem\",\"position\":2,\"name\":\"Qu\u00e9 va a pasar con las reparaciones anunciadas por la ex Vialidad Nacional\"}]},{\"@type\":\"WebSite\",\"@id\":\"https:\/\/www.noticiasradioreflejos.com.ar\/2021\/#website\",\"url\":\"https:\/\/www.noticiasradioreflejos.com.ar\/2021\/\",\"name\":\"Noticias Radio Reflejos\",\"description\":\"Las noticias de mi comarca\",\"potentialAction\":[{\"@type\":\"SearchAction\",\"target\":{\"@type\":\"EntryPoint\",\"urlTemplate\":\"https:\/\/www.noticiasradioreflejos.com.ar\/2021\/?s={search_term_string}\"},\"query-input\":{\"@type\":\"PropertyValueSpecification\",\"valueRequired\":true,\"valueName\":\"search_term_string\"}}],\"inLanguage\":\"es\"},{\"@type\":\"Person\",\"@id\":\"https:\/\/www.noticiasradioreflejos.com.ar\/2021\/#\/schema\/person\/ad82545263dcc5ec0996818884fd5fb1\",\"name\":\"Arnaldo Botto\",\"image\":{\"@type\":\"ImageObject\",\"inLanguage\":\"es\",\"@id\":\"https:\/\/www.noticiasradioreflejos.com.ar\/2021\/#\/schema\/person\/image\/\",\"url\":\"https:\/\/secure.gravatar.com\/avatar\/55cb5e37c1efa326397366e6974cb338056df65cb50e7d64d1cf314e87504837?s=96&d=mm&r=g\",\"contentUrl\":\"https:\/\/secure.gravatar.com\/avatar\/55cb5e37c1efa326397366e6974cb338056df65cb50e7d64d1cf314e87504837?s=96&d=mm&r=g\",\"caption\":\"Arnaldo Botto\"},\"url\":\"https:\/\/www.noticiasradioreflejos.com.ar\/2021\/author\/arnaldo\/\"}]}<\/script>\n<!-- \/ Yoast SEO plugin. -->","yoast_head_json":{"title":"Qu\u00e9 va a pasar con las reparaciones anunciadas por la ex Vialidad Nacional - Noticias Radio Reflejos","robots":{"index":"index","follow":"follow","max-snippet":"max-snippet:-1","max-image-preview":"max-image-preview:large","max-video-preview":"max-video-preview:-1"},"canonical":"https:\/\/www.noticiasradioreflejos.com.ar\/2021\/que-va-a-pasar-con-las-reparaciones-anunciadas-por-la-ex-vialidad-nacional\/","og_locale":"es_ES","og_type":"article","og_title":"Qu\u00e9 va a pasar con las reparaciones anunciadas por la ex Vialidad Nacional - Noticias Radio Reflejos","og_description":"El Gobierno la remplaz\u00f3 por la \u201cAgencia de Control de Concesiones y Servicios P\u00fablicos de Transporte\u201d. \u00bfQui\u00e9n se har\u00e1 cargo ahora de la red vial del pa\u00eds?","og_url":"https:\/\/www.noticiasradioreflejos.com.ar\/2021\/que-va-a-pasar-con-las-reparaciones-anunciadas-por-la-ex-vialidad-nacional\/","og_site_name":"Noticias Radio Reflejos","article_published_time":"2025-07-08T10:24:06+00:00","article_modified_time":"2025-07-08T10:50:46+00:00","og_image":[{"width":800,"height":385,"url":"https:\/\/www.noticiasradioreflejos.com.ar\/2021\/wp-content\/uploads\/2025\/07\/DNV-El-CHOLO.jpg","type":"image\/jpeg"}],"author":"Arnaldo Botto","twitter_card":"summary_large_image","schema":{"@context":"https:\/\/schema.org","@graph":[{"@type":"WebPage","@id":"https:\/\/www.noticiasradioreflejos.com.ar\/2021\/que-va-a-pasar-con-las-reparaciones-anunciadas-por-la-ex-vialidad-nacional\/","url":"https:\/\/www.noticiasradioreflejos.com.ar\/2021\/que-va-a-pasar-con-las-reparaciones-anunciadas-por-la-ex-vialidad-nacional\/","name":"Qu\u00e9 va a pasar con las reparaciones anunciadas por la ex Vialidad Nacional - Noticias Radio Reflejos","isPartOf":{"@id":"https:\/\/www.noticiasradioreflejos.com.ar\/2021\/#website"},"primaryImageOfPage":{"@id":"https:\/\/www.noticiasradioreflejos.com.ar\/2021\/que-va-a-pasar-con-las-reparaciones-anunciadas-por-la-ex-vialidad-nacional\/#primaryimage"},"image":{"@id":"https:\/\/www.noticiasradioreflejos.com.ar\/2021\/que-va-a-pasar-con-las-reparaciones-anunciadas-por-la-ex-vialidad-nacional\/#primaryimage"},"thumbnailUrl":"https:\/\/www.noticiasradioreflejos.com.ar\/2021\/wp-content\/uploads\/2025\/07\/DNV-El-CHOLO.jpg","datePublished":"2025-07-08T10:24:06+00:00","dateModified":"2025-07-08T10:50:46+00:00","author":{"@id":"https:\/\/www.noticiasradioreflejos.com.ar\/2021\/#\/schema\/person\/ad82545263dcc5ec0996818884fd5fb1"},"breadcrumb":{"@id":"https:\/\/www.noticiasradioreflejos.com.ar\/2021\/que-va-a-pasar-con-las-reparaciones-anunciadas-por-la-ex-vialidad-nacional\/#breadcrumb"},"inLanguage":"es","potentialAction":[{"@type":"ReadAction","target":["https:\/\/www.noticiasradioreflejos.com.ar\/2021\/que-va-a-pasar-con-las-reparaciones-anunciadas-por-la-ex-vialidad-nacional\/"]}]},{"@type":"ImageObject","inLanguage":"es","@id":"https:\/\/www.noticiasradioreflejos.com.ar\/2021\/que-va-a-pasar-con-las-reparaciones-anunciadas-por-la-ex-vialidad-nacional\/#primaryimage","url":"https:\/\/www.noticiasradioreflejos.com.ar\/2021\/wp-content\/uploads\/2025\/07\/DNV-El-CHOLO.jpg","contentUrl":"https:\/\/www.noticiasradioreflejos.com.ar\/2021\/wp-content\/uploads\/2025\/07\/DNV-El-CHOLO.jpg","width":800,"height":385},{"@type":"BreadcrumbList","@id":"https:\/\/www.noticiasradioreflejos.com.ar\/2021\/que-va-a-pasar-con-las-reparaciones-anunciadas-por-la-ex-vialidad-nacional\/#breadcrumb","itemListElement":[{"@type":"ListItem","position":1,"name":"Portada","item":"https:\/\/www.noticiasradioreflejos.com.ar\/2021\/"},{"@type":"ListItem","position":2,"name":"Qu\u00e9 va a pasar con las reparaciones anunciadas por la ex Vialidad Nacional"}]},{"@type":"WebSite","@id":"https:\/\/www.noticiasradioreflejos.com.ar\/2021\/#website","url":"https:\/\/www.noticiasradioreflejos.com.ar\/2021\/","name":"Noticias Radio Reflejos","description":"Las noticias de mi comarca","potentialAction":[{"@type":"SearchAction","target":{"@type":"EntryPoint","urlTemplate":"https:\/\/www.noticiasradioreflejos.com.ar\/2021\/?s={search_term_string}"},"query-input":{"@type":"PropertyValueSpecification","valueRequired":true,"valueName":"search_term_string"}}],"inLanguage":"es"},{"@type":"Person","@id":"https:\/\/www.noticiasradioreflejos.com.ar\/2021\/#\/schema\/person\/ad82545263dcc5ec0996818884fd5fb1","name":"Arnaldo Botto","image":{"@type":"ImageObject","inLanguage":"es","@id":"https:\/\/www.noticiasradioreflejos.com.ar\/2021\/#\/schema\/person\/image\/","url":"https:\/\/secure.gravatar.com\/avatar\/55cb5e37c1efa326397366e6974cb338056df65cb50e7d64d1cf314e87504837?s=96&d=mm&r=g","contentUrl":"https:\/\/secure.gravatar.com\/avatar\/55cb5e37c1efa326397366e6974cb338056df65cb50e7d64d1cf314e87504837?s=96&d=mm&r=g","caption":"Arnaldo Botto"},"url":"https:\/\/www.noticiasradioreflejos.com.ar\/2021\/author\/arnaldo\/"}]}},"_links":{"self":[{"href":"https:\/\/www.noticiasradioreflejos.com.ar\/2021\/wp-json\/wp\/v2\/posts\/121477","targetHints":{"allow":["GET"]}}],"collection":[{"href":"https:\/\/www.noticiasradioreflejos.com.ar\/2021\/wp-json\/wp\/v2\/posts"}],"about":[{"href":"https:\/\/www.noticiasradioreflejos.com.ar\/2021\/wp-json\/wp\/v2\/types\/post"}],"author":[{"embeddable":true,"href":"https:\/\/www.noticiasradioreflejos.com.ar\/2021\/wp-json\/wp\/v2\/users\/3"}],"replies":[{"embeddable":true,"href":"https:\/\/www.noticiasradioreflejos.com.ar\/2021\/wp-json\/wp\/v2\/comments?post=121477"}],"version-history":[{"count":1,"href":"https:\/\/www.noticiasradioreflejos.com.ar\/2021\/wp-json\/wp\/v2\/posts\/121477\/revisions"}],"predecessor-version":[{"id":121479,"href":"https:\/\/www.noticiasradioreflejos.com.ar\/2021\/wp-json\/wp\/v2\/posts\/121477\/revisions\/121479"}],"wp:featuredmedia":[{"embeddable":true,"href":"https:\/\/www.noticiasradioreflejos.com.ar\/2021\/wp-json\/wp\/v2\/media\/121478"}],"wp:attachment":[{"href":"https:\/\/www.noticiasradioreflejos.com.ar\/2021\/wp-json\/wp\/v2\/media?parent=121477"}],"wp:term":[{"taxonomy":"category","embeddable":true,"href":"https:\/\/www.noticiasradioreflejos.com.ar\/2021\/wp-json\/wp\/v2\/categories?post=121477"},{"taxonomy":"post_tag","embeddable":true,"href":"https:\/\/www.noticiasradioreflejos.com.ar\/2021\/wp-json\/wp\/v2\/tags?post=121477"}],"curies":[{"name":"wp","href":"https:\/\/api.w.org\/{rel}","templated":true}]}}