{"id":121475,"date":"2025-07-08T07:15:19","date_gmt":"2025-07-08T10:15:19","guid":{"rendered":"https:\/\/www.noticiasradioreflejos.com.ar\/2021\/?p=121475"},"modified":"2025-07-08T13:47:12","modified_gmt":"2025-07-08T16:47:12","slug":"el-gobierno-avanzo-sobre-el-inti-y-el-inta-y-disolvio-la-agencia-que-regula-la-industria-del-cannabis-medicinal","status":"publish","type":"post","link":"https:\/\/www.noticiasradioreflejos.com.ar\/2021\/el-gobierno-avanzo-sobre-el-inti-y-el-inta-y-disolvio-la-agencia-que-regula-la-industria-del-cannabis-medicinal\/","title":{"rendered":"El gobierno avanz\u00f3 sobre el INTI y el INTA y disolvi\u00f3 la agencia que regula la industria del cannabis medicinal"},"content":{"rendered":"<p>Tambi\u00e9n elimin\u00f3 al Instituto de la Agricultura Familiar, Campesina e Ind\u00edgena y al Instituto Nacional de Semillas.<!--more--><br \/>\nAtrav\u00e9s de un extenso decreto publicado durante la madrugada de este martes, el Gobierno materializ\u00f3 los \u00faltimos cambios sobre entes nacionales que abarcan desde disoluciones hasta transformaciones, como el caso del<strong>\u00a0Instituto Nacional de Tecnolog\u00eda Agropecuaria<\/strong>\u00a0(INTA) y del\u00a0<strong>Instituto Nacional de Tecnolog\u00eda Industrial\u00a0<\/strong>(INTI).<\/p>\n<p>Los rumores sobre ambas modificaciones comenzaron a surgir hace apenas unos d\u00edas, cuando se reafirm\u00f3 el fin de las facultades extraordinarias delegadas al Ejecutivo mediante la Ley Bases, cuya vigencia caduca este martes. Esto gener\u00f3, entre otras cosas, malestar en los trabajadores del instituto agropecuario que rechazaron la decisi\u00f3n cortando la colectora de la Avenida General Paz. Hubo enfrentamientos con la Polic\u00eda de la Ciudad.<\/p>\n<p>Mientras tanto,\u00a0<a href=\"https:\/\/frenteacano.com.ar\/el-gobierno-anuncio-la-disolucion-de-vialidad-nacional-y-la-concesion-de-9-120-kms-de-rutas\/\">en conferencia de prensa, el vocero Manuel Adorni repasaba el extenso listado de entes reestructurados, suprimidos o fusionados por el Gobierno\u00a0<\/a>que le implicaron al Estado un alto gasto p\u00fablico.<\/p>\n<p>Dentro de los cambios ejecutados, se\u00f1alaba el ajuste del INTI, el cual dej\u00f3 de tener estatus de organismo descentralizado y pasar\u00e1 a funcionar bajo la estructura de dependencias de la Secretar\u00eda de Industria y Comercio, como una \u201cunidad organizativa dependiente\u201d. Esta modificaci\u00f3n responde a un relevamiento oficial que atribuye a la estructura previa altos grados de superposici\u00f3n jer\u00e1rquica, presencia de \u00e1reas administrativas sobredimensionadas y desconexi\u00f3n entre funciones estrat\u00e9gicas y necesidades del sector industrial, seg\u00fan el texto.<\/p>\n<p>En el segundo cap\u00edtulo del decreto N\u00b0 462\/2025, dedicado al ente se\u00f1alaron que los derechos, aranceles o tasas que perciba \u201cen el ejercicio de sus funciones, as\u00ed como las rentas o frutos de sus bienes patrimoniales, las patentes que se registren a su nombre y los derechos intelectuales que le correspondan, y los aportes de terceros destinados a solventar el funcionamiento de sus Centros de Investigaci\u00f3n, constituir\u00e1n recursos del Tesoro Nacional\u201d.<\/p>\n<p>Adem\u00e1s, el Instituto podr\u00e1 crear Centros de Investigaci\u00f3n a pedido de parte interesada, con aportes t\u00e9cnicos o econ\u00f3micos, seg\u00fan la reglamentaci\u00f3n vigente, bajo supervisi\u00f3n y aprobaci\u00f3n de la autoridad competente.<\/p>\n<p>El mismo cambio de estatus se aplic\u00f3 para el\u00a0<strong>Instituto Nacional de Vitivinicultura\u00a0<\/strong>(INV), que se ubicar\u00e1 dentro de la \u00f3rbita de la Secretar\u00eda de Agricultura, Ganader\u00eda y Pesca. A pesar de perder autonom\u00eda, conservar\u00e1 su denominaci\u00f3n para preservar su identidad y reconocimiento internacional, manteniendo potestades sobre certificaci\u00f3n de productos y control t\u00e9cnico, aunque ahora concentrando su fiscalizaci\u00f3n sobre el tramo final de la cadena productiva y habilitando que funciones de certificaci\u00f3n puedan ser delegadas en entidades p\u00fablicas o privadas.<\/p>\n<p>Asimismo, el<strong>\u00a0Instituto Nacional de Tecnolog\u00eda Agropecuaria<\/strong>\u00a0(INTA) y el\u00a0<strong>Instituto Nacional de la Propiedad Industrial\u00a0<\/strong>(INPI) se transformar\u00e1n en organismos desconcentrados, respetando sus funciones esenciales.<\/p>\n<p>En el primer caso, la modificaci\u00f3n apunta a mejorar la coordinaci\u00f3n con otras \u00e1reas de la administraci\u00f3n y dotarlo de mayor flexibilidad, manteniendo sus funciones esenciales de investigaci\u00f3n, asistencia t\u00e9cnica y articulaci\u00f3n territorial. Por su parte, el INPI se reorganiza como organismo desconcentrado, continuando con sus funciones b\u00e1sicas ligadas al registro, administraci\u00f3n y control en materia de propiedad industrial, patentes, marcas y modelos.<\/p>\n<p><strong>Cu\u00e1les son los dem\u00e1s cambios<\/strong><\/p>\n<p>Uno de los ejes centrales de la normativa es la\u00a0<strong>disoluci\u00f3n de la Agencia Regulatoria de la Industria del C\u00e1\u00f1amo y del Cannabis Medicinal<\/strong>\u00a0(ARICCAME). Tras una evaluaci\u00f3n interna, el Ejecutivo detect\u00f3 un esquema jer\u00e1rquico sobredimensionado en proporci\u00f3n a su dotaci\u00f3n real de personal y sugiri\u00f3 su eliminaci\u00f3n. En el informe elaborado por el Interventor, se pone de manifiesto que el esquema actual \u201cno distingue suficientemente entre los distintos usos y productos derivados de la planta de Cannabis Sativa L. y que ello genera obst\u00e1culos para el desarrollo de la industria del c\u00e1\u00f1amo en aquellos pa\u00edses que no adaptaron su regulaci\u00f3n, comprometiendo la competitividad del sector y generando cargas regulatorias innecesarias\u201d.<\/p>\n<p>A partir de ahora, las competencias regulatorias quedan distribuidas entre el Ministerio de Econom\u00eda \u2014manejando registros y controles del c\u00e1\u00f1amo industrial y su biomasa, as\u00ed como la regulaci\u00f3n sobre semillas del producto\u2014, y la Administraci\u00f3n Nacional de Medicamentos, Alimentos y Tecnolog\u00eda M\u00e9dica (ANMAT) \u2014que supervisar\u00e1 todo lo relacionado con productos de cannabis destinados exclusivamente a fines medicinales\u2014.<\/p>\n<p>La norma tambi\u00e9n dispone la\u00a0<strong>disoluci\u00f3n del Instituto Nacional de la Agricultura Familiar, Campesina e Ind\u00edgena\u00a0<\/strong>(INAFCI), que hasta ahora funcionaba como organismo descentralizado orientado a pol\u00edticas espec\u00edficas para la agricultura familiar, en \u201cla ejecuci\u00f3n de las pol\u00edticas, planes y programas que atiendan las necesidades y fomenten el desarrollo y fortalecimiento de los diversos sectores agroproductivos vinculados a la agricultura familiar, campesina e ind\u00edgena y de la pesca artesanal\u201d.<\/p>\n<p>Sus responsabilidades y obligaciones ser\u00e1n absorbidas por la cartera que dirige Luis Caputo, que adem\u00e1s asume las funciones como autoridad de aplicaci\u00f3n de la Ley 27.118. Solo se mantienen el Registro Nacional de la Agricultura Familiar y competencias b\u00e1sicas de fiscalizaci\u00f3n.<\/p>\n<p>En otro eje de reorganizaci\u00f3n, el decreto establece la\u00a0<strong>disoluci\u00f3n del Instituto Nacional de Semillas<\/strong>\u00a0(INASE) y\u00a0<strong>la Comisi\u00f3n Nacional de Semillas<\/strong>, traspasando sus facultades regulatorias e inspectivas a la Secretar\u00eda de Agricultura, Ganader\u00eda y Pesca. Bajo este nuevo esquema, las tareas t\u00e9cnicas y de control en materia de semillas estar\u00e1n a cargo de un Comit\u00e9 Asesor de Semillas de car\u00e1cter honorario, eliminando la estructura descentralizada anterior y favoreciendo la centralizaci\u00f3n bajo autoridad ministerial.<\/p>\n<p>Fuente: diario Infobae<\/p>\n<\/div>\n<\/div>\n","protected":false},"excerpt":{"rendered":"<p>Tambi\u00e9n elimin\u00f3 al Instituto de la Agricultura Familiar, Campesina e Ind\u00edgena y al Instituto Nacional de Semillas.<\/p>\n","protected":false},"author":3,"featured_media":76572,"comment_status":"closed","ping_status":"closed","sticky":false,"template":"","format":"standard","meta":{"footnotes":""},"categories":[58],"tags":[],"class_list":["post-121475","post","type-post","status-publish","format-standard","has-post-thumbnail","hentry","category-gobierno"],"yoast_head":"<!-- This site is optimized with the Yoast SEO plugin v25.9 - https:\/\/yoast.com\/wordpress\/plugins\/seo\/ -->\n<title>El gobierno avanz\u00f3 sobre el INTI y el INTA y disolvi\u00f3 la agencia que regula la industria del cannabis medicinal - Noticias Radio Reflejos<\/title>\n<meta name=\"robots\" content=\"index, follow, max-snippet:-1, max-image-preview:large, max-video-preview:-1\" \/>\n<link rel=\"canonical\" href=\"https:\/\/www.noticiasradioreflejos.com.ar\/2021\/el-gobierno-avanzo-sobre-el-inti-y-el-inta-y-disolvio-la-agencia-que-regula-la-industria-del-cannabis-medicinal\/\" \/>\n<meta property=\"og:locale\" content=\"es_ES\" \/>\n<meta property=\"og:type\" content=\"article\" \/>\n<meta property=\"og:title\" content=\"El gobierno avanz\u00f3 sobre el INTI y el INTA y disolvi\u00f3 la agencia que regula la industria del cannabis medicinal - Noticias Radio Reflejos\" \/>\n<meta property=\"og:description\" content=\"Tambi\u00e9n elimin\u00f3 al Instituto de la Agricultura Familiar, Campesina e Ind\u00edgena y al Instituto Nacional de Semillas.\" \/>\n<meta property=\"og:url\" content=\"https:\/\/www.noticiasradioreflejos.com.ar\/2021\/el-gobierno-avanzo-sobre-el-inti-y-el-inta-y-disolvio-la-agencia-que-regula-la-industria-del-cannabis-medicinal\/\" \/>\n<meta property=\"og:site_name\" content=\"Noticias Radio Reflejos\" \/>\n<meta property=\"article:published_time\" content=\"2025-07-08T10:15:19+00:00\" \/>\n<meta property=\"article:modified_time\" content=\"2025-07-08T16:47:12+00:00\" \/>\n<meta property=\"og:image\" content=\"https:\/\/www.noticiasradioreflejos.com.ar\/2021\/wp-content\/uploads\/2022\/08\/Cannabis.jpg\" \/>\n\t<meta property=\"og:image:width\" content=\"900\" \/>\n\t<meta property=\"og:image:height\" content=\"506\" \/>\n\t<meta property=\"og:image:type\" content=\"image\/jpeg\" \/>\n<meta name=\"author\" content=\"Arnaldo Botto\" \/>\n<meta name=\"twitter:card\" content=\"summary_large_image\" \/>\n<script type=\"application\/ld+json\" class=\"yoast-schema-graph\">{\"@context\":\"https:\/\/schema.org\",\"@graph\":[{\"@type\":\"WebPage\",\"@id\":\"https:\/\/www.noticiasradioreflejos.com.ar\/2021\/el-gobierno-avanzo-sobre-el-inti-y-el-inta-y-disolvio-la-agencia-que-regula-la-industria-del-cannabis-medicinal\/\",\"url\":\"https:\/\/www.noticiasradioreflejos.com.ar\/2021\/el-gobierno-avanzo-sobre-el-inti-y-el-inta-y-disolvio-la-agencia-que-regula-la-industria-del-cannabis-medicinal\/\",\"name\":\"El gobierno avanz\u00f3 sobre el INTI y el INTA y disolvi\u00f3 la agencia que regula la industria del cannabis medicinal - Noticias Radio Reflejos\",\"isPartOf\":{\"@id\":\"https:\/\/www.noticiasradioreflejos.com.ar\/2021\/#website\"},\"primaryImageOfPage\":{\"@id\":\"https:\/\/www.noticiasradioreflejos.com.ar\/2021\/el-gobierno-avanzo-sobre-el-inti-y-el-inta-y-disolvio-la-agencia-que-regula-la-industria-del-cannabis-medicinal\/#primaryimage\"},\"image\":{\"@id\":\"https:\/\/www.noticiasradioreflejos.com.ar\/2021\/el-gobierno-avanzo-sobre-el-inti-y-el-inta-y-disolvio-la-agencia-que-regula-la-industria-del-cannabis-medicinal\/#primaryimage\"},\"thumbnailUrl\":\"https:\/\/www.noticiasradioreflejos.com.ar\/2021\/wp-content\/uploads\/2022\/08\/Cannabis.jpg\",\"datePublished\":\"2025-07-08T10:15:19+00:00\",\"dateModified\":\"2025-07-08T16:47:12+00:00\",\"author\":{\"@id\":\"https:\/\/www.noticiasradioreflejos.com.ar\/2021\/#\/schema\/person\/ad82545263dcc5ec0996818884fd5fb1\"},\"breadcrumb\":{\"@id\":\"https:\/\/www.noticiasradioreflejos.com.ar\/2021\/el-gobierno-avanzo-sobre-el-inti-y-el-inta-y-disolvio-la-agencia-que-regula-la-industria-del-cannabis-medicinal\/#breadcrumb\"},\"inLanguage\":\"es\",\"potentialAction\":[{\"@type\":\"ReadAction\",\"target\":[\"https:\/\/www.noticiasradioreflejos.com.ar\/2021\/el-gobierno-avanzo-sobre-el-inti-y-el-inta-y-disolvio-la-agencia-que-regula-la-industria-del-cannabis-medicinal\/\"]}]},{\"@type\":\"ImageObject\",\"inLanguage\":\"es\",\"@id\":\"https:\/\/www.noticiasradioreflejos.com.ar\/2021\/el-gobierno-avanzo-sobre-el-inti-y-el-inta-y-disolvio-la-agencia-que-regula-la-industria-del-cannabis-medicinal\/#primaryimage\",\"url\":\"https:\/\/www.noticiasradioreflejos.com.ar\/2021\/wp-content\/uploads\/2022\/08\/Cannabis.jpg\",\"contentUrl\":\"https:\/\/www.noticiasradioreflejos.com.ar\/2021\/wp-content\/uploads\/2022\/08\/Cannabis.jpg\",\"width\":900,\"height\":506},{\"@type\":\"BreadcrumbList\",\"@id\":\"https:\/\/www.noticiasradioreflejos.com.ar\/2021\/el-gobierno-avanzo-sobre-el-inti-y-el-inta-y-disolvio-la-agencia-que-regula-la-industria-del-cannabis-medicinal\/#breadcrumb\",\"itemListElement\":[{\"@type\":\"ListItem\",\"position\":1,\"name\":\"Portada\",\"item\":\"https:\/\/www.noticiasradioreflejos.com.ar\/2021\/\"},{\"@type\":\"ListItem\",\"position\":2,\"name\":\"El gobierno avanz\u00f3 sobre el INTI y el INTA y disolvi\u00f3 la agencia que regula la industria del cannabis medicinal\"}]},{\"@type\":\"WebSite\",\"@id\":\"https:\/\/www.noticiasradioreflejos.com.ar\/2021\/#website\",\"url\":\"https:\/\/www.noticiasradioreflejos.com.ar\/2021\/\",\"name\":\"Noticias Radio Reflejos\",\"description\":\"Las noticias de mi comarca\",\"potentialAction\":[{\"@type\":\"SearchAction\",\"target\":{\"@type\":\"EntryPoint\",\"urlTemplate\":\"https:\/\/www.noticiasradioreflejos.com.ar\/2021\/?s={search_term_string}\"},\"query-input\":{\"@type\":\"PropertyValueSpecification\",\"valueRequired\":true,\"valueName\":\"search_term_string\"}}],\"inLanguage\":\"es\"},{\"@type\":\"Person\",\"@id\":\"https:\/\/www.noticiasradioreflejos.com.ar\/2021\/#\/schema\/person\/ad82545263dcc5ec0996818884fd5fb1\",\"name\":\"Arnaldo Botto\",\"image\":{\"@type\":\"ImageObject\",\"inLanguage\":\"es\",\"@id\":\"https:\/\/www.noticiasradioreflejos.com.ar\/2021\/#\/schema\/person\/image\/\",\"url\":\"https:\/\/secure.gravatar.com\/avatar\/55cb5e37c1efa326397366e6974cb338056df65cb50e7d64d1cf314e87504837?s=96&d=mm&r=g\",\"contentUrl\":\"https:\/\/secure.gravatar.com\/avatar\/55cb5e37c1efa326397366e6974cb338056df65cb50e7d64d1cf314e87504837?s=96&d=mm&r=g\",\"caption\":\"Arnaldo Botto\"},\"url\":\"https:\/\/www.noticiasradioreflejos.com.ar\/2021\/author\/arnaldo\/\"}]}<\/script>\n<!-- \/ Yoast SEO plugin. -->","yoast_head_json":{"title":"El gobierno avanz\u00f3 sobre el INTI y el INTA y disolvi\u00f3 la agencia que regula la industria del cannabis medicinal - Noticias Radio Reflejos","robots":{"index":"index","follow":"follow","max-snippet":"max-snippet:-1","max-image-preview":"max-image-preview:large","max-video-preview":"max-video-preview:-1"},"canonical":"https:\/\/www.noticiasradioreflejos.com.ar\/2021\/el-gobierno-avanzo-sobre-el-inti-y-el-inta-y-disolvio-la-agencia-que-regula-la-industria-del-cannabis-medicinal\/","og_locale":"es_ES","og_type":"article","og_title":"El gobierno avanz\u00f3 sobre el INTI y el INTA y disolvi\u00f3 la agencia que regula la industria del cannabis medicinal - Noticias Radio Reflejos","og_description":"Tambi\u00e9n elimin\u00f3 al Instituto de la Agricultura Familiar, Campesina e Ind\u00edgena y al Instituto Nacional de Semillas.","og_url":"https:\/\/www.noticiasradioreflejos.com.ar\/2021\/el-gobierno-avanzo-sobre-el-inti-y-el-inta-y-disolvio-la-agencia-que-regula-la-industria-del-cannabis-medicinal\/","og_site_name":"Noticias Radio Reflejos","article_published_time":"2025-07-08T10:15:19+00:00","article_modified_time":"2025-07-08T16:47:12+00:00","og_image":[{"width":900,"height":506,"url":"https:\/\/www.noticiasradioreflejos.com.ar\/2021\/wp-content\/uploads\/2022\/08\/Cannabis.jpg","type":"image\/jpeg"}],"author":"Arnaldo Botto","twitter_card":"summary_large_image","schema":{"@context":"https:\/\/schema.org","@graph":[{"@type":"WebPage","@id":"https:\/\/www.noticiasradioreflejos.com.ar\/2021\/el-gobierno-avanzo-sobre-el-inti-y-el-inta-y-disolvio-la-agencia-que-regula-la-industria-del-cannabis-medicinal\/","url":"https:\/\/www.noticiasradioreflejos.com.ar\/2021\/el-gobierno-avanzo-sobre-el-inti-y-el-inta-y-disolvio-la-agencia-que-regula-la-industria-del-cannabis-medicinal\/","name":"El gobierno avanz\u00f3 sobre el INTI y el INTA y disolvi\u00f3 la agencia que regula la industria del cannabis medicinal - Noticias Radio Reflejos","isPartOf":{"@id":"https:\/\/www.noticiasradioreflejos.com.ar\/2021\/#website"},"primaryImageOfPage":{"@id":"https:\/\/www.noticiasradioreflejos.com.ar\/2021\/el-gobierno-avanzo-sobre-el-inti-y-el-inta-y-disolvio-la-agencia-que-regula-la-industria-del-cannabis-medicinal\/#primaryimage"},"image":{"@id":"https:\/\/www.noticiasradioreflejos.com.ar\/2021\/el-gobierno-avanzo-sobre-el-inti-y-el-inta-y-disolvio-la-agencia-que-regula-la-industria-del-cannabis-medicinal\/#primaryimage"},"thumbnailUrl":"https:\/\/www.noticiasradioreflejos.com.ar\/2021\/wp-content\/uploads\/2022\/08\/Cannabis.jpg","datePublished":"2025-07-08T10:15:19+00:00","dateModified":"2025-07-08T16:47:12+00:00","author":{"@id":"https:\/\/www.noticiasradioreflejos.com.ar\/2021\/#\/schema\/person\/ad82545263dcc5ec0996818884fd5fb1"},"breadcrumb":{"@id":"https:\/\/www.noticiasradioreflejos.com.ar\/2021\/el-gobierno-avanzo-sobre-el-inti-y-el-inta-y-disolvio-la-agencia-que-regula-la-industria-del-cannabis-medicinal\/#breadcrumb"},"inLanguage":"es","potentialAction":[{"@type":"ReadAction","target":["https:\/\/www.noticiasradioreflejos.com.ar\/2021\/el-gobierno-avanzo-sobre-el-inti-y-el-inta-y-disolvio-la-agencia-que-regula-la-industria-del-cannabis-medicinal\/"]}]},{"@type":"ImageObject","inLanguage":"es","@id":"https:\/\/www.noticiasradioreflejos.com.ar\/2021\/el-gobierno-avanzo-sobre-el-inti-y-el-inta-y-disolvio-la-agencia-que-regula-la-industria-del-cannabis-medicinal\/#primaryimage","url":"https:\/\/www.noticiasradioreflejos.com.ar\/2021\/wp-content\/uploads\/2022\/08\/Cannabis.jpg","contentUrl":"https:\/\/www.noticiasradioreflejos.com.ar\/2021\/wp-content\/uploads\/2022\/08\/Cannabis.jpg","width":900,"height":506},{"@type":"BreadcrumbList","@id":"https:\/\/www.noticiasradioreflejos.com.ar\/2021\/el-gobierno-avanzo-sobre-el-inti-y-el-inta-y-disolvio-la-agencia-que-regula-la-industria-del-cannabis-medicinal\/#breadcrumb","itemListElement":[{"@type":"ListItem","position":1,"name":"Portada","item":"https:\/\/www.noticiasradioreflejos.com.ar\/2021\/"},{"@type":"ListItem","position":2,"name":"El gobierno avanz\u00f3 sobre el INTI y el INTA y disolvi\u00f3 la agencia que regula la industria del cannabis medicinal"}]},{"@type":"WebSite","@id":"https:\/\/www.noticiasradioreflejos.com.ar\/2021\/#website","url":"https:\/\/www.noticiasradioreflejos.com.ar\/2021\/","name":"Noticias Radio Reflejos","description":"Las noticias de mi comarca","potentialAction":[{"@type":"SearchAction","target":{"@type":"EntryPoint","urlTemplate":"https:\/\/www.noticiasradioreflejos.com.ar\/2021\/?s={search_term_string}"},"query-input":{"@type":"PropertyValueSpecification","valueRequired":true,"valueName":"search_term_string"}}],"inLanguage":"es"},{"@type":"Person","@id":"https:\/\/www.noticiasradioreflejos.com.ar\/2021\/#\/schema\/person\/ad82545263dcc5ec0996818884fd5fb1","name":"Arnaldo Botto","image":{"@type":"ImageObject","inLanguage":"es","@id":"https:\/\/www.noticiasradioreflejos.com.ar\/2021\/#\/schema\/person\/image\/","url":"https:\/\/secure.gravatar.com\/avatar\/55cb5e37c1efa326397366e6974cb338056df65cb50e7d64d1cf314e87504837?s=96&d=mm&r=g","contentUrl":"https:\/\/secure.gravatar.com\/avatar\/55cb5e37c1efa326397366e6974cb338056df65cb50e7d64d1cf314e87504837?s=96&d=mm&r=g","caption":"Arnaldo Botto"},"url":"https:\/\/www.noticiasradioreflejos.com.ar\/2021\/author\/arnaldo\/"}]}},"_links":{"self":[{"href":"https:\/\/www.noticiasradioreflejos.com.ar\/2021\/wp-json\/wp\/v2\/posts\/121475","targetHints":{"allow":["GET"]}}],"collection":[{"href":"https:\/\/www.noticiasradioreflejos.com.ar\/2021\/wp-json\/wp\/v2\/posts"}],"about":[{"href":"https:\/\/www.noticiasradioreflejos.com.ar\/2021\/wp-json\/wp\/v2\/types\/post"}],"author":[{"embeddable":true,"href":"https:\/\/www.noticiasradioreflejos.com.ar\/2021\/wp-json\/wp\/v2\/users\/3"}],"replies":[{"embeddable":true,"href":"https:\/\/www.noticiasradioreflejos.com.ar\/2021\/wp-json\/wp\/v2\/comments?post=121475"}],"version-history":[{"count":2,"href":"https:\/\/www.noticiasradioreflejos.com.ar\/2021\/wp-json\/wp\/v2\/posts\/121475\/revisions"}],"predecessor-version":[{"id":121503,"href":"https:\/\/www.noticiasradioreflejos.com.ar\/2021\/wp-json\/wp\/v2\/posts\/121475\/revisions\/121503"}],"wp:featuredmedia":[{"embeddable":true,"href":"https:\/\/www.noticiasradioreflejos.com.ar\/2021\/wp-json\/wp\/v2\/media\/76572"}],"wp:attachment":[{"href":"https:\/\/www.noticiasradioreflejos.com.ar\/2021\/wp-json\/wp\/v2\/media?parent=121475"}],"wp:term":[{"taxonomy":"category","embeddable":true,"href":"https:\/\/www.noticiasradioreflejos.com.ar\/2021\/wp-json\/wp\/v2\/categories?post=121475"},{"taxonomy":"post_tag","embeddable":true,"href":"https:\/\/www.noticiasradioreflejos.com.ar\/2021\/wp-json\/wp\/v2\/tags?post=121475"}],"curies":[{"name":"wp","href":"https:\/\/api.w.org\/{rel}","templated":true}]}}