{"id":121455,"date":"2025-07-07T17:29:16","date_gmt":"2025-07-07T20:29:16","guid":{"rendered":"https:\/\/www.noticiasradioreflejos.com.ar\/2021\/?p=121455"},"modified":"2025-07-07T17:29:16","modified_gmt":"2025-07-07T20:29:16","slug":"mujeres-que-hicieron-la-historia-argentina-en-el-siglo-xx-nuevo-espacio-en-fm-reflejos","status":"publish","type":"post","link":"https:\/\/www.noticiasradioreflejos.com.ar\/2021\/mujeres-que-hicieron-la-historia-argentina-en-el-siglo-xx-nuevo-espacio-en-fm-reflejos\/","title":{"rendered":"\u00abMUJERES QUE HICIERON LA HISTORIA ARGENTINA EN EL SIGLO XX\u201d &#8211; Nuevo espacio en FM Reflejos"},"content":{"rendered":"<p>Este nuevo micro radial quiere proponerles bucear en las historias de las vidas y de las luchas de mujeres del siglo XX que conquistaron derechos que hoy naturalizamos porque son parte de nuestra cotidianeidad y delinear un escenario donde visibilizarlas, compartir sus voces, sus ideas, sus luchas como as\u00ed tambi\u00e9n, hablar de las se\u00f1ales que advierten que los estamos perdiendo.<!--more--><\/p>\n<p><iframe loading=\"lazy\" src=\"https:\/\/w.soundcloud.com\/player\/?url=https%3A\/\/api.soundcloud.com\/tracks\/2125931448&amp;color=%23ff5500&amp;auto_play=false&amp;hide_related=false&amp;show_comments=true&amp;show_user=true&amp;show_reposts=false&amp;show_teaser=true\" width=\"100%\" height=\"166\" frameborder=\"no\" scrolling=\"no\"><\/iframe><\/p>\n<div style=\"font-size: 10px; color: #cccccc; line-break: anywhere; word-break: normal; overflow: hidden; white-space: nowrap; text-overflow: ellipsis; font-family: Interstate,Lucida Grande,Lucida Sans Unicode,Lucida Sans,Garuda,Verdana,Tahoma,sans-serif; font-weight: 100;\"><a style=\"color: #cccccc; text-decoration: none;\" title=\"fmreflejos 103.7\" href=\"https:\/\/soundcloud.com\/fmreflejos-103-7\" target=\"_blank\" rel=\"noopener\">fmreflejos 103.7<\/a> \u00b7 <a style=\"color: #cccccc; text-decoration: none;\" title=\"Mujeres de la historia argentina 07-07\" href=\"https:\/\/soundcloud.com\/fmreflejos-103-7\/mujeres-de-la-historia\" target=\"_blank\" rel=\"noopener\">Mujeres de la historia argentina 07-07<\/a><\/div>\n<p>&nbsp;<\/p>\n","protected":false},"excerpt":{"rendered":"<p>Este nuevo micro radial quiere proponerles bucear en las historias de las vidas y de las luchas de mujeres del siglo XX que conquistaron derechos que hoy naturalizamos porque son parte de nuestra cotidianeidad y delinear un escenario donde visibilizarlas, compartir sus voces, sus ideas, sus luchas como as\u00ed tambi\u00e9n, hablar de las se\u00f1ales que [&hellip;]<\/p>\n","protected":false},"author":3,"featured_media":121459,"comment_status":"closed","ping_status":"closed","sticky":false,"template":"","format":"standard","meta":{"footnotes":""},"categories":[60],"tags":[48],"class_list":["post-121455","post","type-post","status-publish","format-standard","has-post-thumbnail","hentry","category-programas-radiales","tag-destacada"],"yoast_head":"<!-- This site is optimized with the Yoast SEO plugin v25.9 - https:\/\/yoast.com\/wordpress\/plugins\/seo\/ -->\n<title>&quot;MUJERES QUE HICIERON LA HISTORIA ARGENTINA EN EL SIGLO XX\u201d - Nuevo espacio en FM Reflejos - Noticias Radio Reflejos<\/title>\n<meta name=\"robots\" content=\"index, follow, max-snippet:-1, max-image-preview:large, max-video-preview:-1\" \/>\n<link rel=\"canonical\" href=\"https:\/\/www.noticiasradioreflejos.com.ar\/2021\/mujeres-que-hicieron-la-historia-argentina-en-el-siglo-xx-nuevo-espacio-en-fm-reflejos\/\" \/>\n<meta property=\"og:locale\" content=\"es_ES\" \/>\n<meta property=\"og:type\" content=\"article\" \/>\n<meta property=\"og:title\" content=\"&quot;MUJERES QUE HICIERON LA HISTORIA ARGENTINA EN EL SIGLO XX\u201d - Nuevo espacio en FM Reflejos - Noticias Radio Reflejos\" \/>\n<meta property=\"og:description\" content=\"Este nuevo micro radial quiere proponerles bucear en las historias de las vidas y de las luchas de mujeres del siglo XX que conquistaron derechos que hoy naturalizamos porque son parte de nuestra cotidianeidad y delinear un escenario donde visibilizarlas, compartir sus voces, sus ideas, sus luchas como as\u00ed tambi\u00e9n, hablar de las se\u00f1ales que [&hellip;]\" \/>\n<meta property=\"og:url\" content=\"https:\/\/www.noticiasradioreflejos.com.ar\/2021\/mujeres-que-hicieron-la-historia-argentina-en-el-siglo-xx-nuevo-espacio-en-fm-reflejos\/\" \/>\n<meta property=\"og:site_name\" content=\"Noticias Radio Reflejos\" \/>\n<meta property=\"article:published_time\" content=\"2025-07-07T20:29:16+00:00\" \/>\n<meta property=\"og:image\" content=\"https:\/\/www.noticiasradioreflejos.com.ar\/2021\/wp-content\/uploads\/2025\/07\/Mujeres-Argentinas.jpg\" \/>\n\t<meta property=\"og:image:width\" content=\"1991\" \/>\n\t<meta property=\"og:image:height\" content=\"1260\" \/>\n\t<meta property=\"og:image:type\" content=\"image\/jpeg\" \/>\n<meta name=\"author\" content=\"Arnaldo Botto\" \/>\n<meta name=\"twitter:card\" content=\"summary_large_image\" \/>\n<script type=\"application\/ld+json\" class=\"yoast-schema-graph\">{\"@context\":\"https:\/\/schema.org\",\"@graph\":[{\"@type\":\"WebPage\",\"@id\":\"https:\/\/www.noticiasradioreflejos.com.ar\/2021\/mujeres-que-hicieron-la-historia-argentina-en-el-siglo-xx-nuevo-espacio-en-fm-reflejos\/\",\"url\":\"https:\/\/www.noticiasradioreflejos.com.ar\/2021\/mujeres-que-hicieron-la-historia-argentina-en-el-siglo-xx-nuevo-espacio-en-fm-reflejos\/\",\"name\":\"\\\"MUJERES QUE HICIERON LA HISTORIA ARGENTINA EN EL SIGLO XX\u201d - Nuevo espacio en FM Reflejos - Noticias Radio Reflejos\",\"isPartOf\":{\"@id\":\"https:\/\/www.noticiasradioreflejos.com.ar\/2021\/#website\"},\"primaryImageOfPage\":{\"@id\":\"https:\/\/www.noticiasradioreflejos.com.ar\/2021\/mujeres-que-hicieron-la-historia-argentina-en-el-siglo-xx-nuevo-espacio-en-fm-reflejos\/#primaryimage\"},\"image\":{\"@id\":\"https:\/\/www.noticiasradioreflejos.com.ar\/2021\/mujeres-que-hicieron-la-historia-argentina-en-el-siglo-xx-nuevo-espacio-en-fm-reflejos\/#primaryimage\"},\"thumbnailUrl\":\"https:\/\/www.noticiasradioreflejos.com.ar\/2021\/wp-content\/uploads\/2025\/07\/Mujeres-Argentinas.jpg\",\"datePublished\":\"2025-07-07T20:29:16+00:00\",\"author\":{\"@id\":\"https:\/\/www.noticiasradioreflejos.com.ar\/2021\/#\/schema\/person\/ad82545263dcc5ec0996818884fd5fb1\"},\"breadcrumb\":{\"@id\":\"https:\/\/www.noticiasradioreflejos.com.ar\/2021\/mujeres-que-hicieron-la-historia-argentina-en-el-siglo-xx-nuevo-espacio-en-fm-reflejos\/#breadcrumb\"},\"inLanguage\":\"es\",\"potentialAction\":[{\"@type\":\"ReadAction\",\"target\":[\"https:\/\/www.noticiasradioreflejos.com.ar\/2021\/mujeres-que-hicieron-la-historia-argentina-en-el-siglo-xx-nuevo-espacio-en-fm-reflejos\/\"]}]},{\"@type\":\"ImageObject\",\"inLanguage\":\"es\",\"@id\":\"https:\/\/www.noticiasradioreflejos.com.ar\/2021\/mujeres-que-hicieron-la-historia-argentina-en-el-siglo-xx-nuevo-espacio-en-fm-reflejos\/#primaryimage\",\"url\":\"https:\/\/www.noticiasradioreflejos.com.ar\/2021\/wp-content\/uploads\/2025\/07\/Mujeres-Argentinas.jpg\",\"contentUrl\":\"https:\/\/www.noticiasradioreflejos.com.ar\/2021\/wp-content\/uploads\/2025\/07\/Mujeres-Argentinas.jpg\",\"width\":1991,\"height\":1260},{\"@type\":\"BreadcrumbList\",\"@id\":\"https:\/\/www.noticiasradioreflejos.com.ar\/2021\/mujeres-que-hicieron-la-historia-argentina-en-el-siglo-xx-nuevo-espacio-en-fm-reflejos\/#breadcrumb\",\"itemListElement\":[{\"@type\":\"ListItem\",\"position\":1,\"name\":\"Portada\",\"item\":\"https:\/\/www.noticiasradioreflejos.com.ar\/2021\/\"},{\"@type\":\"ListItem\",\"position\":2,\"name\":\"\u00abMUJERES QUE HICIERON LA HISTORIA ARGENTINA EN EL SIGLO XX\u201d &#8211; Nuevo espacio en FM Reflejos\"}]},{\"@type\":\"WebSite\",\"@id\":\"https:\/\/www.noticiasradioreflejos.com.ar\/2021\/#website\",\"url\":\"https:\/\/www.noticiasradioreflejos.com.ar\/2021\/\",\"name\":\"Noticias Radio Reflejos\",\"description\":\"Las noticias de mi comarca\",\"potentialAction\":[{\"@type\":\"SearchAction\",\"target\":{\"@type\":\"EntryPoint\",\"urlTemplate\":\"https:\/\/www.noticiasradioreflejos.com.ar\/2021\/?s={search_term_string}\"},\"query-input\":{\"@type\":\"PropertyValueSpecification\",\"valueRequired\":true,\"valueName\":\"search_term_string\"}}],\"inLanguage\":\"es\"},{\"@type\":\"Person\",\"@id\":\"https:\/\/www.noticiasradioreflejos.com.ar\/2021\/#\/schema\/person\/ad82545263dcc5ec0996818884fd5fb1\",\"name\":\"Arnaldo Botto\",\"image\":{\"@type\":\"ImageObject\",\"inLanguage\":\"es\",\"@id\":\"https:\/\/www.noticiasradioreflejos.com.ar\/2021\/#\/schema\/person\/image\/\",\"url\":\"https:\/\/secure.gravatar.com\/avatar\/55cb5e37c1efa326397366e6974cb338056df65cb50e7d64d1cf314e87504837?s=96&d=mm&r=g\",\"contentUrl\":\"https:\/\/secure.gravatar.com\/avatar\/55cb5e37c1efa326397366e6974cb338056df65cb50e7d64d1cf314e87504837?s=96&d=mm&r=g\",\"caption\":\"Arnaldo Botto\"},\"url\":\"https:\/\/www.noticiasradioreflejos.com.ar\/2021\/author\/arnaldo\/\"}]}<\/script>\n<!-- \/ Yoast SEO plugin. -->","yoast_head_json":{"title":"\"MUJERES QUE HICIERON LA HISTORIA ARGENTINA EN EL SIGLO XX\u201d - Nuevo espacio en FM Reflejos - Noticias Radio Reflejos","robots":{"index":"index","follow":"follow","max-snippet":"max-snippet:-1","max-image-preview":"max-image-preview:large","max-video-preview":"max-video-preview:-1"},"canonical":"https:\/\/www.noticiasradioreflejos.com.ar\/2021\/mujeres-que-hicieron-la-historia-argentina-en-el-siglo-xx-nuevo-espacio-en-fm-reflejos\/","og_locale":"es_ES","og_type":"article","og_title":"\"MUJERES QUE HICIERON LA HISTORIA ARGENTINA EN EL SIGLO XX\u201d - Nuevo espacio en FM Reflejos - Noticias Radio Reflejos","og_description":"Este nuevo micro radial quiere proponerles bucear en las historias de las vidas y de las luchas de mujeres del siglo XX que conquistaron derechos que hoy naturalizamos porque son parte de nuestra cotidianeidad y delinear un escenario donde visibilizarlas, compartir sus voces, sus ideas, sus luchas como as\u00ed tambi\u00e9n, hablar de las se\u00f1ales que [&hellip;]","og_url":"https:\/\/www.noticiasradioreflejos.com.ar\/2021\/mujeres-que-hicieron-la-historia-argentina-en-el-siglo-xx-nuevo-espacio-en-fm-reflejos\/","og_site_name":"Noticias Radio Reflejos","article_published_time":"2025-07-07T20:29:16+00:00","og_image":[{"width":1991,"height":1260,"url":"https:\/\/www.noticiasradioreflejos.com.ar\/2021\/wp-content\/uploads\/2025\/07\/Mujeres-Argentinas.jpg","type":"image\/jpeg"}],"author":"Arnaldo Botto","twitter_card":"summary_large_image","schema":{"@context":"https:\/\/schema.org","@graph":[{"@type":"WebPage","@id":"https:\/\/www.noticiasradioreflejos.com.ar\/2021\/mujeres-que-hicieron-la-historia-argentina-en-el-siglo-xx-nuevo-espacio-en-fm-reflejos\/","url":"https:\/\/www.noticiasradioreflejos.com.ar\/2021\/mujeres-que-hicieron-la-historia-argentina-en-el-siglo-xx-nuevo-espacio-en-fm-reflejos\/","name":"\"MUJERES QUE HICIERON LA HISTORIA ARGENTINA EN EL SIGLO XX\u201d - Nuevo espacio en FM Reflejos - Noticias Radio Reflejos","isPartOf":{"@id":"https:\/\/www.noticiasradioreflejos.com.ar\/2021\/#website"},"primaryImageOfPage":{"@id":"https:\/\/www.noticiasradioreflejos.com.ar\/2021\/mujeres-que-hicieron-la-historia-argentina-en-el-siglo-xx-nuevo-espacio-en-fm-reflejos\/#primaryimage"},"image":{"@id":"https:\/\/www.noticiasradioreflejos.com.ar\/2021\/mujeres-que-hicieron-la-historia-argentina-en-el-siglo-xx-nuevo-espacio-en-fm-reflejos\/#primaryimage"},"thumbnailUrl":"https:\/\/www.noticiasradioreflejos.com.ar\/2021\/wp-content\/uploads\/2025\/07\/Mujeres-Argentinas.jpg","datePublished":"2025-07-07T20:29:16+00:00","author":{"@id":"https:\/\/www.noticiasradioreflejos.com.ar\/2021\/#\/schema\/person\/ad82545263dcc5ec0996818884fd5fb1"},"breadcrumb":{"@id":"https:\/\/www.noticiasradioreflejos.com.ar\/2021\/mujeres-que-hicieron-la-historia-argentina-en-el-siglo-xx-nuevo-espacio-en-fm-reflejos\/#breadcrumb"},"inLanguage":"es","potentialAction":[{"@type":"ReadAction","target":["https:\/\/www.noticiasradioreflejos.com.ar\/2021\/mujeres-que-hicieron-la-historia-argentina-en-el-siglo-xx-nuevo-espacio-en-fm-reflejos\/"]}]},{"@type":"ImageObject","inLanguage":"es","@id":"https:\/\/www.noticiasradioreflejos.com.ar\/2021\/mujeres-que-hicieron-la-historia-argentina-en-el-siglo-xx-nuevo-espacio-en-fm-reflejos\/#primaryimage","url":"https:\/\/www.noticiasradioreflejos.com.ar\/2021\/wp-content\/uploads\/2025\/07\/Mujeres-Argentinas.jpg","contentUrl":"https:\/\/www.noticiasradioreflejos.com.ar\/2021\/wp-content\/uploads\/2025\/07\/Mujeres-Argentinas.jpg","width":1991,"height":1260},{"@type":"BreadcrumbList","@id":"https:\/\/www.noticiasradioreflejos.com.ar\/2021\/mujeres-que-hicieron-la-historia-argentina-en-el-siglo-xx-nuevo-espacio-en-fm-reflejos\/#breadcrumb","itemListElement":[{"@type":"ListItem","position":1,"name":"Portada","item":"https:\/\/www.noticiasradioreflejos.com.ar\/2021\/"},{"@type":"ListItem","position":2,"name":"\u00abMUJERES QUE HICIERON LA HISTORIA ARGENTINA EN EL SIGLO XX\u201d &#8211; Nuevo espacio en FM Reflejos"}]},{"@type":"WebSite","@id":"https:\/\/www.noticiasradioreflejos.com.ar\/2021\/#website","url":"https:\/\/www.noticiasradioreflejos.com.ar\/2021\/","name":"Noticias Radio Reflejos","description":"Las noticias de mi comarca","potentialAction":[{"@type":"SearchAction","target":{"@type":"EntryPoint","urlTemplate":"https:\/\/www.noticiasradioreflejos.com.ar\/2021\/?s={search_term_string}"},"query-input":{"@type":"PropertyValueSpecification","valueRequired":true,"valueName":"search_term_string"}}],"inLanguage":"es"},{"@type":"Person","@id":"https:\/\/www.noticiasradioreflejos.com.ar\/2021\/#\/schema\/person\/ad82545263dcc5ec0996818884fd5fb1","name":"Arnaldo Botto","image":{"@type":"ImageObject","inLanguage":"es","@id":"https:\/\/www.noticiasradioreflejos.com.ar\/2021\/#\/schema\/person\/image\/","url":"https:\/\/secure.gravatar.com\/avatar\/55cb5e37c1efa326397366e6974cb338056df65cb50e7d64d1cf314e87504837?s=96&d=mm&r=g","contentUrl":"https:\/\/secure.gravatar.com\/avatar\/55cb5e37c1efa326397366e6974cb338056df65cb50e7d64d1cf314e87504837?s=96&d=mm&r=g","caption":"Arnaldo Botto"},"url":"https:\/\/www.noticiasradioreflejos.com.ar\/2021\/author\/arnaldo\/"}]}},"_links":{"self":[{"href":"https:\/\/www.noticiasradioreflejos.com.ar\/2021\/wp-json\/wp\/v2\/posts\/121455","targetHints":{"allow":["GET"]}}],"collection":[{"href":"https:\/\/www.noticiasradioreflejos.com.ar\/2021\/wp-json\/wp\/v2\/posts"}],"about":[{"href":"https:\/\/www.noticiasradioreflejos.com.ar\/2021\/wp-json\/wp\/v2\/types\/post"}],"author":[{"embeddable":true,"href":"https:\/\/www.noticiasradioreflejos.com.ar\/2021\/wp-json\/wp\/v2\/users\/3"}],"replies":[{"embeddable":true,"href":"https:\/\/www.noticiasradioreflejos.com.ar\/2021\/wp-json\/wp\/v2\/comments?post=121455"}],"version-history":[{"count":1,"href":"https:\/\/www.noticiasradioreflejos.com.ar\/2021\/wp-json\/wp\/v2\/posts\/121455\/revisions"}],"predecessor-version":[{"id":121460,"href":"https:\/\/www.noticiasradioreflejos.com.ar\/2021\/wp-json\/wp\/v2\/posts\/121455\/revisions\/121460"}],"wp:featuredmedia":[{"embeddable":true,"href":"https:\/\/www.noticiasradioreflejos.com.ar\/2021\/wp-json\/wp\/v2\/media\/121459"}],"wp:attachment":[{"href":"https:\/\/www.noticiasradioreflejos.com.ar\/2021\/wp-json\/wp\/v2\/media?parent=121455"}],"wp:term":[{"taxonomy":"category","embeddable":true,"href":"https:\/\/www.noticiasradioreflejos.com.ar\/2021\/wp-json\/wp\/v2\/categories?post=121455"},{"taxonomy":"post_tag","embeddable":true,"href":"https:\/\/www.noticiasradioreflejos.com.ar\/2021\/wp-json\/wp\/v2\/tags?post=121455"}],"curies":[{"name":"wp","href":"https:\/\/api.w.org\/{rel}","templated":true}]}}