{"id":121454,"date":"2025-07-07T18:02:46","date_gmt":"2025-07-07T21:02:46","guid":{"rendered":"https:\/\/www.noticiasradioreflejos.com.ar\/2021\/?p=121454"},"modified":"2025-07-07T18:05:51","modified_gmt":"2025-07-07T21:05:51","slug":"tener-una-calefaccion-mas-eficiente-hace-que-nuestro-trabajo-tambien-sea-mas-eficiente","status":"publish","type":"post","link":"https:\/\/www.noticiasradioreflejos.com.ar\/2021\/tener-una-calefaccion-mas-eficiente-hace-que-nuestro-trabajo-tambien-sea-mas-eficiente\/","title":{"rendered":"\u00abTener una calefacci\u00f3n m\u00e1s eficiente hace que nuestro trabajo tambi\u00e9n sea m\u00e1s eficiente\u00bb."},"content":{"rendered":"<p><strong>Irene Antognolli, representante de la comisi\u00f3n directiva de la Biblioteca Popular Macedonio Fernandez<\/strong>, estuvo en<a href=\"https:\/\/www.noticiasradioreflejos.com.ar\/2021\/radio-en-vivo\/\"> <strong>FM Reflejos<\/strong><\/a> anunciando la nueva adquisici\u00f3n de la biblioteca de Villa Ventana luego de trabajar durante dos a\u00f1os para que pueda concretarse. La Macedonio hoy cuenta con calefactores, caldera y radiadores para mantener el espacio c\u00e1lido para todos los que se acercan a realizar alguna actividad.<!--more--><\/p>\n<p>\u00abEstamos estrenando calefactores\u00bb informa Irene al comenzar la nota, haciendo referencia a que han tenido una reuni\u00f3n con el Intendente, la Secretar\u00eda de Cultura y el Delegado de Villa Ventana. \u00abNos est\u00e1 cambiando la vida esto, antes nos manej\u00e1bamos con le\u00f1a y salamandra. Pero tener una calefacci\u00f3n m\u00e1s eficiente hace que nuestro trabajo tambi\u00e9n sea m\u00e1s eficiente. Esto fue una gesti\u00f3n de hace a\u00f1os y despu\u00e9s de tiempo de conversaciones con el Intendente Bordoni y su equipo, esto se concret\u00f3 de una manera muy piola. Se puso caldera y calefactores con radiadores en la zona de la biblioteca y del sal\u00f3n cultural\u00bb.<\/p>\n<p>&nbsp;<\/p>\n<p><a href=\"https:\/\/www.noticiasradioreflejos.com.ar\/2021\/tener-una-calefaccion-mas-eficiente-hace-que-nuestro-trabajo-tambien-sea-mas-eficiente\/biblio-macedonio-1\/\" rel=\"attachment wp-att-121465\"><img loading=\"lazy\" decoding=\"async\" class=\"aligncenter size-full wp-image-121465\" src=\"https:\/\/www.noticiasradioreflejos.com.ar\/2021\/wp-content\/uploads\/2025\/07\/biblio-macedonio-1-scaled.jpg\" alt=\"\" width=\"1920\" height=\"2560\" \/><\/a><\/p>\n<p>\u00abTenemos 22 a\u00f1os. La verdad que en ese momento, despu\u00e9s de gestionar y luchar y del trabajo voluntario y excelente y profesional de Mar\u00eda Amalia, tenemos una alegr\u00eda importante. Queremos seguir creciendo\u00bb expresa en relaci\u00f3n al crecimiento que ha tenido la biblioteca popular. \u00abTen\u00edamos una salamandra en el sal\u00f3n de lectura y una salamandra en el sal\u00f3n cultural. No las vamos a sacar, porque tienen su m\u00edstica. Pero ya no dependemos de la le\u00f1a, que tiene un costo tambi\u00e9n\u00bb. Agreg\u00f3 que el proyecto de la calefacci\u00f3n tard\u00f3 unos dos a\u00f1os en poder concretarse.<\/p>\n<p>\u00abPod\u00edamos hacer las actividades sin problemas, pero con la particularidad de ir un rato antes a prender la salamandra, por ejemplo\u00bb explica c\u00f3mo mejor\u00f3 la log\u00edstica de la instituci\u00f3n el contar con una calefacci\u00f3n m\u00e1s moderna. En cuanto a los gastos, menciona: \u00abEn ese detalle no estoy todav\u00eda, pero supongo que va a haber una apreciaci\u00f3n particular a nosotros que somos una instituci\u00f3n\u00bb.<\/p>\n<p>Cuando le consultamos sobre la actualidad de la biblioteca con el cierre de la <strong>CONABIP<\/strong>, responde: \u00abEs terrible, es una noticia terrible para nosotros. Es muy triste. Nosotros estamos trabajando con toda una red de bibliotecas para denunciar esto. Es una garant\u00eda de funcionamiento impresionante pero ya hay bibliotecas que ya ni cuentan con espacio propio. El retiro de much\u00edsimas ayudas de parte del gobierno Nacional, es triste. En nuestro caso, vivimos un poco en una burbuja, tenemos ayuda del gobierno municipal y provincial. Nos solidarizamos con el resto de las bibliotecas\u00bb.<\/p>\n<p>&nbsp;<\/p>\n<p><iframe loading=\"lazy\" src=\"https:\/\/w.soundcloud.com\/player\/?url=https%3A\/\/api.soundcloud.com\/tracks\/2125928547&amp;color=%23ff5500&amp;auto_play=false&amp;hide_related=false&amp;show_comments=true&amp;show_user=true&amp;show_reposts=false&amp;show_teaser=true\" width=\"100%\" height=\"166\" frameborder=\"no\" scrolling=\"no\"><\/iframe><\/p>\n<div style=\"font-size: 10px; color: #cccccc; line-break: anywhere; word-break: normal; overflow: hidden; white-space: nowrap; text-overflow: ellipsis; font-family: Interstate,Lucida Grande,Lucida Sans Unicode,Lucida Sans,Garuda,Verdana,Tahoma,sans-serif; font-weight: 100;\"><a style=\"color: #cccccc; text-decoration: none;\" title=\"fmreflejos 103.7\" href=\"https:\/\/soundcloud.com\/fmreflejos-103-7\" target=\"_blank\" rel=\"noopener\">fmreflejos 103.7<\/a> \u00b7 <a style=\"color: #cccccc; text-decoration: none;\" title=\"Irene Antognolli 07-07\" href=\"https:\/\/soundcloud.com\/fmreflejos-103-7\/irene-antognoli-07-07\" target=\"_blank\" rel=\"noopener\">Irene Antognolli 07-07<\/a><\/div>\n","protected":false},"excerpt":{"rendered":"<p>Irene Antognolli, representante de la comisi\u00f3n directiva de la Biblioteca Popular Macedonio Fernandez, estuvo en FM Reflejos anunciando la nueva adquisici\u00f3n de la biblioteca de Villa Ventana luego de trabajar durante dos a\u00f1os para que pueda concretarse. La Macedonio hoy cuenta con calefactores, caldera y radiadores para mantener el espacio c\u00e1lido para todos los que [&hellip;]<\/p>\n","protected":false},"author":3,"featured_media":0,"comment_status":"closed","ping_status":"closed","sticky":false,"template":"","format":"standard","meta":{"footnotes":""},"categories":[35,28],"tags":[48],"class_list":["post-121454","post","type-post","status-publish","format-standard","hentry","category-cultura","category-municipales","tag-destacada"],"yoast_head":"<!-- This site is optimized with the Yoast SEO plugin v25.9 - https:\/\/yoast.com\/wordpress\/plugins\/seo\/ -->\n<title>&quot;Tener una calefacci\u00f3n m\u00e1s eficiente hace que nuestro trabajo tambi\u00e9n sea m\u00e1s eficiente&quot;. - Noticias Radio Reflejos<\/title>\n<meta name=\"robots\" content=\"index, follow, max-snippet:-1, max-image-preview:large, max-video-preview:-1\" \/>\n<link rel=\"canonical\" href=\"https:\/\/www.noticiasradioreflejos.com.ar\/2021\/tener-una-calefaccion-mas-eficiente-hace-que-nuestro-trabajo-tambien-sea-mas-eficiente\/\" \/>\n<meta property=\"og:locale\" content=\"es_ES\" \/>\n<meta property=\"og:type\" content=\"article\" \/>\n<meta property=\"og:title\" content=\"&quot;Tener una calefacci\u00f3n m\u00e1s eficiente hace que nuestro trabajo tambi\u00e9n sea m\u00e1s eficiente&quot;. - Noticias Radio Reflejos\" \/>\n<meta property=\"og:description\" content=\"Irene Antognolli, representante de la comisi\u00f3n directiva de la Biblioteca Popular Macedonio Fernandez, estuvo en FM Reflejos anunciando la nueva adquisici\u00f3n de la biblioteca de Villa Ventana luego de trabajar durante dos a\u00f1os para que pueda concretarse. La Macedonio hoy cuenta con calefactores, caldera y radiadores para mantener el espacio c\u00e1lido para todos los que [&hellip;]\" \/>\n<meta property=\"og:url\" content=\"https:\/\/www.noticiasradioreflejos.com.ar\/2021\/tener-una-calefaccion-mas-eficiente-hace-que-nuestro-trabajo-tambien-sea-mas-eficiente\/\" \/>\n<meta property=\"og:site_name\" content=\"Noticias Radio Reflejos\" \/>\n<meta property=\"article:published_time\" content=\"2025-07-07T21:02:46+00:00\" \/>\n<meta property=\"article:modified_time\" content=\"2025-07-07T21:05:51+00:00\" \/>\n<meta property=\"og:image\" content=\"https:\/\/www.noticiasradioreflejos.com.ar\/2021\/wp-content\/uploads\/2025\/07\/biblio-macedonio-1-scaled.jpg\" \/>\n<meta name=\"author\" content=\"Arnaldo Botto\" \/>\n<meta name=\"twitter:card\" content=\"summary_large_image\" \/>\n<script type=\"application\/ld+json\" class=\"yoast-schema-graph\">{\"@context\":\"https:\/\/schema.org\",\"@graph\":[{\"@type\":\"WebPage\",\"@id\":\"https:\/\/www.noticiasradioreflejos.com.ar\/2021\/tener-una-calefaccion-mas-eficiente-hace-que-nuestro-trabajo-tambien-sea-mas-eficiente\/\",\"url\":\"https:\/\/www.noticiasradioreflejos.com.ar\/2021\/tener-una-calefaccion-mas-eficiente-hace-que-nuestro-trabajo-tambien-sea-mas-eficiente\/\",\"name\":\"\\\"Tener una calefacci\u00f3n m\u00e1s eficiente hace que nuestro trabajo tambi\u00e9n sea m\u00e1s eficiente\\\". - Noticias Radio Reflejos\",\"isPartOf\":{\"@id\":\"https:\/\/www.noticiasradioreflejos.com.ar\/2021\/#website\"},\"primaryImageOfPage\":{\"@id\":\"https:\/\/www.noticiasradioreflejos.com.ar\/2021\/tener-una-calefaccion-mas-eficiente-hace-que-nuestro-trabajo-tambien-sea-mas-eficiente\/#primaryimage\"},\"image\":{\"@id\":\"https:\/\/www.noticiasradioreflejos.com.ar\/2021\/tener-una-calefaccion-mas-eficiente-hace-que-nuestro-trabajo-tambien-sea-mas-eficiente\/#primaryimage\"},\"thumbnailUrl\":\"https:\/\/www.noticiasradioreflejos.com.ar\/2021\/wp-content\/uploads\/2025\/07\/biblio-macedonio-1-scaled.jpg\",\"datePublished\":\"2025-07-07T21:02:46+00:00\",\"dateModified\":\"2025-07-07T21:05:51+00:00\",\"author\":{\"@id\":\"https:\/\/www.noticiasradioreflejos.com.ar\/2021\/#\/schema\/person\/ad82545263dcc5ec0996818884fd5fb1\"},\"breadcrumb\":{\"@id\":\"https:\/\/www.noticiasradioreflejos.com.ar\/2021\/tener-una-calefaccion-mas-eficiente-hace-que-nuestro-trabajo-tambien-sea-mas-eficiente\/#breadcrumb\"},\"inLanguage\":\"es\",\"potentialAction\":[{\"@type\":\"ReadAction\",\"target\":[\"https:\/\/www.noticiasradioreflejos.com.ar\/2021\/tener-una-calefaccion-mas-eficiente-hace-que-nuestro-trabajo-tambien-sea-mas-eficiente\/\"]}]},{\"@type\":\"ImageObject\",\"inLanguage\":\"es\",\"@id\":\"https:\/\/www.noticiasradioreflejos.com.ar\/2021\/tener-una-calefaccion-mas-eficiente-hace-que-nuestro-trabajo-tambien-sea-mas-eficiente\/#primaryimage\",\"url\":\"\",\"contentUrl\":\"\"},{\"@type\":\"BreadcrumbList\",\"@id\":\"https:\/\/www.noticiasradioreflejos.com.ar\/2021\/tener-una-calefaccion-mas-eficiente-hace-que-nuestro-trabajo-tambien-sea-mas-eficiente\/#breadcrumb\",\"itemListElement\":[{\"@type\":\"ListItem\",\"position\":1,\"name\":\"Portada\",\"item\":\"https:\/\/www.noticiasradioreflejos.com.ar\/2021\/\"},{\"@type\":\"ListItem\",\"position\":2,\"name\":\"\u00abTener una calefacci\u00f3n m\u00e1s eficiente hace que nuestro trabajo tambi\u00e9n sea m\u00e1s eficiente\u00bb.\"}]},{\"@type\":\"WebSite\",\"@id\":\"https:\/\/www.noticiasradioreflejos.com.ar\/2021\/#website\",\"url\":\"https:\/\/www.noticiasradioreflejos.com.ar\/2021\/\",\"name\":\"Noticias Radio Reflejos\",\"description\":\"Las noticias de mi comarca\",\"potentialAction\":[{\"@type\":\"SearchAction\",\"target\":{\"@type\":\"EntryPoint\",\"urlTemplate\":\"https:\/\/www.noticiasradioreflejos.com.ar\/2021\/?s={search_term_string}\"},\"query-input\":{\"@type\":\"PropertyValueSpecification\",\"valueRequired\":true,\"valueName\":\"search_term_string\"}}],\"inLanguage\":\"es\"},{\"@type\":\"Person\",\"@id\":\"https:\/\/www.noticiasradioreflejos.com.ar\/2021\/#\/schema\/person\/ad82545263dcc5ec0996818884fd5fb1\",\"name\":\"Arnaldo Botto\",\"image\":{\"@type\":\"ImageObject\",\"inLanguage\":\"es\",\"@id\":\"https:\/\/www.noticiasradioreflejos.com.ar\/2021\/#\/schema\/person\/image\/\",\"url\":\"https:\/\/secure.gravatar.com\/avatar\/55cb5e37c1efa326397366e6974cb338056df65cb50e7d64d1cf314e87504837?s=96&d=mm&r=g\",\"contentUrl\":\"https:\/\/secure.gravatar.com\/avatar\/55cb5e37c1efa326397366e6974cb338056df65cb50e7d64d1cf314e87504837?s=96&d=mm&r=g\",\"caption\":\"Arnaldo Botto\"},\"url\":\"https:\/\/www.noticiasradioreflejos.com.ar\/2021\/author\/arnaldo\/\"}]}<\/script>\n<!-- \/ Yoast SEO plugin. -->","yoast_head_json":{"title":"\"Tener una calefacci\u00f3n m\u00e1s eficiente hace que nuestro trabajo tambi\u00e9n sea m\u00e1s eficiente\". - Noticias Radio Reflejos","robots":{"index":"index","follow":"follow","max-snippet":"max-snippet:-1","max-image-preview":"max-image-preview:large","max-video-preview":"max-video-preview:-1"},"canonical":"https:\/\/www.noticiasradioreflejos.com.ar\/2021\/tener-una-calefaccion-mas-eficiente-hace-que-nuestro-trabajo-tambien-sea-mas-eficiente\/","og_locale":"es_ES","og_type":"article","og_title":"\"Tener una calefacci\u00f3n m\u00e1s eficiente hace que nuestro trabajo tambi\u00e9n sea m\u00e1s eficiente\". - Noticias Radio Reflejos","og_description":"Irene Antognolli, representante de la comisi\u00f3n directiva de la Biblioteca Popular Macedonio Fernandez, estuvo en FM Reflejos anunciando la nueva adquisici\u00f3n de la biblioteca de Villa Ventana luego de trabajar durante dos a\u00f1os para que pueda concretarse. La Macedonio hoy cuenta con calefactores, caldera y radiadores para mantener el espacio c\u00e1lido para todos los que [&hellip;]","og_url":"https:\/\/www.noticiasradioreflejos.com.ar\/2021\/tener-una-calefaccion-mas-eficiente-hace-que-nuestro-trabajo-tambien-sea-mas-eficiente\/","og_site_name":"Noticias Radio Reflejos","article_published_time":"2025-07-07T21:02:46+00:00","article_modified_time":"2025-07-07T21:05:51+00:00","og_image":[{"url":"https:\/\/www.noticiasradioreflejos.com.ar\/2021\/wp-content\/uploads\/2025\/07\/biblio-macedonio-1-scaled.jpg","type":"","width":"","height":""}],"author":"Arnaldo Botto","twitter_card":"summary_large_image","schema":{"@context":"https:\/\/schema.org","@graph":[{"@type":"WebPage","@id":"https:\/\/www.noticiasradioreflejos.com.ar\/2021\/tener-una-calefaccion-mas-eficiente-hace-que-nuestro-trabajo-tambien-sea-mas-eficiente\/","url":"https:\/\/www.noticiasradioreflejos.com.ar\/2021\/tener-una-calefaccion-mas-eficiente-hace-que-nuestro-trabajo-tambien-sea-mas-eficiente\/","name":"\"Tener una calefacci\u00f3n m\u00e1s eficiente hace que nuestro trabajo tambi\u00e9n sea m\u00e1s eficiente\". - Noticias Radio Reflejos","isPartOf":{"@id":"https:\/\/www.noticiasradioreflejos.com.ar\/2021\/#website"},"primaryImageOfPage":{"@id":"https:\/\/www.noticiasradioreflejos.com.ar\/2021\/tener-una-calefaccion-mas-eficiente-hace-que-nuestro-trabajo-tambien-sea-mas-eficiente\/#primaryimage"},"image":{"@id":"https:\/\/www.noticiasradioreflejos.com.ar\/2021\/tener-una-calefaccion-mas-eficiente-hace-que-nuestro-trabajo-tambien-sea-mas-eficiente\/#primaryimage"},"thumbnailUrl":"https:\/\/www.noticiasradioreflejos.com.ar\/2021\/wp-content\/uploads\/2025\/07\/biblio-macedonio-1-scaled.jpg","datePublished":"2025-07-07T21:02:46+00:00","dateModified":"2025-07-07T21:05:51+00:00","author":{"@id":"https:\/\/www.noticiasradioreflejos.com.ar\/2021\/#\/schema\/person\/ad82545263dcc5ec0996818884fd5fb1"},"breadcrumb":{"@id":"https:\/\/www.noticiasradioreflejos.com.ar\/2021\/tener-una-calefaccion-mas-eficiente-hace-que-nuestro-trabajo-tambien-sea-mas-eficiente\/#breadcrumb"},"inLanguage":"es","potentialAction":[{"@type":"ReadAction","target":["https:\/\/www.noticiasradioreflejos.com.ar\/2021\/tener-una-calefaccion-mas-eficiente-hace-que-nuestro-trabajo-tambien-sea-mas-eficiente\/"]}]},{"@type":"ImageObject","inLanguage":"es","@id":"https:\/\/www.noticiasradioreflejos.com.ar\/2021\/tener-una-calefaccion-mas-eficiente-hace-que-nuestro-trabajo-tambien-sea-mas-eficiente\/#primaryimage","url":"","contentUrl":""},{"@type":"BreadcrumbList","@id":"https:\/\/www.noticiasradioreflejos.com.ar\/2021\/tener-una-calefaccion-mas-eficiente-hace-que-nuestro-trabajo-tambien-sea-mas-eficiente\/#breadcrumb","itemListElement":[{"@type":"ListItem","position":1,"name":"Portada","item":"https:\/\/www.noticiasradioreflejos.com.ar\/2021\/"},{"@type":"ListItem","position":2,"name":"\u00abTener una calefacci\u00f3n m\u00e1s eficiente hace que nuestro trabajo tambi\u00e9n sea m\u00e1s eficiente\u00bb."}]},{"@type":"WebSite","@id":"https:\/\/www.noticiasradioreflejos.com.ar\/2021\/#website","url":"https:\/\/www.noticiasradioreflejos.com.ar\/2021\/","name":"Noticias Radio Reflejos","description":"Las noticias de mi comarca","potentialAction":[{"@type":"SearchAction","target":{"@type":"EntryPoint","urlTemplate":"https:\/\/www.noticiasradioreflejos.com.ar\/2021\/?s={search_term_string}"},"query-input":{"@type":"PropertyValueSpecification","valueRequired":true,"valueName":"search_term_string"}}],"inLanguage":"es"},{"@type":"Person","@id":"https:\/\/www.noticiasradioreflejos.com.ar\/2021\/#\/schema\/person\/ad82545263dcc5ec0996818884fd5fb1","name":"Arnaldo Botto","image":{"@type":"ImageObject","inLanguage":"es","@id":"https:\/\/www.noticiasradioreflejos.com.ar\/2021\/#\/schema\/person\/image\/","url":"https:\/\/secure.gravatar.com\/avatar\/55cb5e37c1efa326397366e6974cb338056df65cb50e7d64d1cf314e87504837?s=96&d=mm&r=g","contentUrl":"https:\/\/secure.gravatar.com\/avatar\/55cb5e37c1efa326397366e6974cb338056df65cb50e7d64d1cf314e87504837?s=96&d=mm&r=g","caption":"Arnaldo Botto"},"url":"https:\/\/www.noticiasradioreflejos.com.ar\/2021\/author\/arnaldo\/"}]}},"_links":{"self":[{"href":"https:\/\/www.noticiasradioreflejos.com.ar\/2021\/wp-json\/wp\/v2\/posts\/121454","targetHints":{"allow":["GET"]}}],"collection":[{"href":"https:\/\/www.noticiasradioreflejos.com.ar\/2021\/wp-json\/wp\/v2\/posts"}],"about":[{"href":"https:\/\/www.noticiasradioreflejos.com.ar\/2021\/wp-json\/wp\/v2\/types\/post"}],"author":[{"embeddable":true,"href":"https:\/\/www.noticiasradioreflejos.com.ar\/2021\/wp-json\/wp\/v2\/users\/3"}],"replies":[{"embeddable":true,"href":"https:\/\/www.noticiasradioreflejos.com.ar\/2021\/wp-json\/wp\/v2\/comments?post=121454"}],"version-history":[{"count":6,"href":"https:\/\/www.noticiasradioreflejos.com.ar\/2021\/wp-json\/wp\/v2\/posts\/121454\/revisions"}],"predecessor-version":[{"id":121470,"href":"https:\/\/www.noticiasradioreflejos.com.ar\/2021\/wp-json\/wp\/v2\/posts\/121454\/revisions\/121470"}],"wp:attachment":[{"href":"https:\/\/www.noticiasradioreflejos.com.ar\/2021\/wp-json\/wp\/v2\/media?parent=121454"}],"wp:term":[{"taxonomy":"category","embeddable":true,"href":"https:\/\/www.noticiasradioreflejos.com.ar\/2021\/wp-json\/wp\/v2\/categories?post=121454"},{"taxonomy":"post_tag","embeddable":true,"href":"https:\/\/www.noticiasradioreflejos.com.ar\/2021\/wp-json\/wp\/v2\/tags?post=121454"}],"curies":[{"name":"wp","href":"https:\/\/api.w.org\/{rel}","templated":true}]}}