{"id":121452,"date":"2025-07-07T17:57:27","date_gmt":"2025-07-07T20:57:27","guid":{"rendered":"https:\/\/www.noticiasradioreflejos.com.ar\/2021\/?p=121452"},"modified":"2025-07-07T17:57:27","modified_gmt":"2025-07-07T20:57:27","slug":"sebastian-bassi-nos-guardamos-la-ultima-palabra-porque-no-es-a-cualquier-precio-este-frente","status":"publish","type":"post","link":"https:\/\/www.noticiasradioreflejos.com.ar\/2021\/sebastian-bassi-nos-guardamos-la-ultima-palabra-porque-no-es-a-cualquier-precio-este-frente\/","title":{"rendered":"Sebasti\u00e1n Bassi: \u00abNos guardamos la \u00faltima palabra porque no es a cualquier precio este frente\u201d"},"content":{"rendered":"<p>El referente del PRO en Tornquist no alent\u00f3 ninguna posibilidad de una alianza entre La Libertad Avanza con el Pro para las pr\u00f3ximas elecciones en el distrito. <!--more--><\/p>\n<p>\u201cEn este nuevo escenario, todav\u00eda con ganas de participar, pero nada confirmado y definido. El acuerdo para formar un frente LLA entre el Pro, dentro de dos d\u00edas, se oficializa. De ah\u00ed al 19 empieza la conformaci\u00f3n final de las listas\u201d confirma la coalici\u00f3n el entrevistado del d\u00eda de la fecha.<\/p>\n<p>\u201cLas negociaciones siguen y las tensiones siguen para definir en cada distrito para poder hacer las mejores listas posibles y llegar al mejor resultado. Mi partido se est\u00e1 armando con referentes seccionales y provinciales. Una bajada de l\u00ednea no la tenemos hoy\u201d comparte sobre la actualidad. Agrega que no han estado en di\u00e1logo con Mario Rodr\u00edguez, aunque ser\u00eda inminente.<\/p>\n<p>\u201cHasta tanto no tengamos una mayor definici\u00f3n, siempre nos guardamos la \u00faltima palabra porque no es a cualquier precio este frente\u201d expresa en relaci\u00f3n a cualquier incomodidad que pueda surgir de parte de los partidos. \u201cTengo la confianza para llegar a plantear algo de eso\u201d responde cuando le consultamos sobre un posible arreglo con el radicalismo. \u201cEn base a mi experiencia, sumarnos al radicalismo hoy no veo que sea el camino. Puedo estar acertado o equivocado, pero no lo voy a probar\u201d continua.<\/p>\n<p>&nbsp;<\/p>\n<p><iframe loading=\"lazy\" src=\"https:\/\/w.soundcloud.com\/player\/?url=https%3A\/\/api.soundcloud.com\/tracks\/2125952952&amp;color=%23ff5500&amp;auto_play=false&amp;hide_related=false&amp;show_comments=true&amp;show_user=true&amp;show_reposts=false&amp;show_teaser=true\" width=\"100%\" height=\"166\" frameborder=\"no\" scrolling=\"no\"><\/iframe><\/p>\n<div style=\"font-size: 10px; color: #cccccc; line-break: anywhere; word-break: normal; overflow: hidden; white-space: nowrap; text-overflow: ellipsis; font-family: Interstate,Lucida Grande,Lucida Sans Unicode,Lucida Sans,Garuda,Verdana,Tahoma,sans-serif; font-weight: 100;\"><a style=\"color: #cccccc; text-decoration: none;\" title=\"fmreflejos 103.7\" href=\"https:\/\/soundcloud.com\/fmreflejos-103-7\" target=\"_blank\" rel=\"noopener\">fmreflejos 103.7<\/a> \u00b7 <a style=\"color: #cccccc; text-decoration: none;\" title=\"Sebastian Bassi 07-07\" href=\"https:\/\/soundcloud.com\/fmreflejos-103-7\/sebastian-basi-07-07\" target=\"_blank\" rel=\"noopener\">Sebastian Bassi 07-07<\/a><\/div>\n","protected":false},"excerpt":{"rendered":"<p>El referente del PRO en Tornquist no alent\u00f3 ninguna posibilidad de una alianza entre La Libertad Avanza con el Pro para las pr\u00f3ximas elecciones en el distrito.<\/p>\n","protected":false},"author":3,"featured_media":82280,"comment_status":"closed","ping_status":"closed","sticky":false,"template":"","format":"standard","meta":{"footnotes":""},"categories":[24],"tags":[48],"class_list":["post-121452","post","type-post","status-publish","format-standard","has-post-thumbnail","hentry","category-politica","tag-destacada"],"yoast_head":"<!-- This site is optimized with the Yoast SEO plugin v25.9 - https:\/\/yoast.com\/wordpress\/plugins\/seo\/ -->\n<title>Sebasti\u00e1n Bassi: &quot;Nos guardamos la \u00faltima palabra porque no es a cualquier precio este frente\u201d - Noticias Radio Reflejos<\/title>\n<meta name=\"robots\" content=\"index, follow, max-snippet:-1, max-image-preview:large, max-video-preview:-1\" \/>\n<link rel=\"canonical\" href=\"https:\/\/www.noticiasradioreflejos.com.ar\/2021\/sebastian-bassi-nos-guardamos-la-ultima-palabra-porque-no-es-a-cualquier-precio-este-frente\/\" \/>\n<meta property=\"og:locale\" content=\"es_ES\" \/>\n<meta property=\"og:type\" content=\"article\" \/>\n<meta property=\"og:title\" content=\"Sebasti\u00e1n Bassi: &quot;Nos guardamos la \u00faltima palabra porque no es a cualquier precio este frente\u201d - Noticias Radio Reflejos\" \/>\n<meta property=\"og:description\" content=\"El referente del PRO en Tornquist no alent\u00f3 ninguna posibilidad de una alianza entre La Libertad Avanza con el Pro para las pr\u00f3ximas elecciones en el distrito.\" \/>\n<meta property=\"og:url\" content=\"https:\/\/www.noticiasradioreflejos.com.ar\/2021\/sebastian-bassi-nos-guardamos-la-ultima-palabra-porque-no-es-a-cualquier-precio-este-frente\/\" \/>\n<meta property=\"og:site_name\" content=\"Noticias Radio Reflejos\" \/>\n<meta property=\"article:published_time\" content=\"2025-07-07T20:57:27+00:00\" \/>\n<meta property=\"og:image\" content=\"https:\/\/www.noticiasradioreflejos.com.ar\/2021\/wp-content\/uploads\/2023\/01\/Seba-Bassi.jpeg\" \/>\n\t<meta property=\"og:image:width\" content=\"1326\" \/>\n\t<meta property=\"og:image:height\" content=\"716\" \/>\n\t<meta property=\"og:image:type\" content=\"image\/jpeg\" \/>\n<meta name=\"author\" content=\"Arnaldo Botto\" \/>\n<meta name=\"twitter:card\" content=\"summary_large_image\" \/>\n<script type=\"application\/ld+json\" class=\"yoast-schema-graph\">{\"@context\":\"https:\/\/schema.org\",\"@graph\":[{\"@type\":\"WebPage\",\"@id\":\"https:\/\/www.noticiasradioreflejos.com.ar\/2021\/sebastian-bassi-nos-guardamos-la-ultima-palabra-porque-no-es-a-cualquier-precio-este-frente\/\",\"url\":\"https:\/\/www.noticiasradioreflejos.com.ar\/2021\/sebastian-bassi-nos-guardamos-la-ultima-palabra-porque-no-es-a-cualquier-precio-este-frente\/\",\"name\":\"Sebasti\u00e1n Bassi: \\\"Nos guardamos la \u00faltima palabra porque no es a cualquier precio este frente\u201d - Noticias Radio Reflejos\",\"isPartOf\":{\"@id\":\"https:\/\/www.noticiasradioreflejos.com.ar\/2021\/#website\"},\"primaryImageOfPage\":{\"@id\":\"https:\/\/www.noticiasradioreflejos.com.ar\/2021\/sebastian-bassi-nos-guardamos-la-ultima-palabra-porque-no-es-a-cualquier-precio-este-frente\/#primaryimage\"},\"image\":{\"@id\":\"https:\/\/www.noticiasradioreflejos.com.ar\/2021\/sebastian-bassi-nos-guardamos-la-ultima-palabra-porque-no-es-a-cualquier-precio-este-frente\/#primaryimage\"},\"thumbnailUrl\":\"https:\/\/www.noticiasradioreflejos.com.ar\/2021\/wp-content\/uploads\/2023\/01\/Seba-Bassi.jpeg\",\"datePublished\":\"2025-07-07T20:57:27+00:00\",\"author\":{\"@id\":\"https:\/\/www.noticiasradioreflejos.com.ar\/2021\/#\/schema\/person\/ad82545263dcc5ec0996818884fd5fb1\"},\"breadcrumb\":{\"@id\":\"https:\/\/www.noticiasradioreflejos.com.ar\/2021\/sebastian-bassi-nos-guardamos-la-ultima-palabra-porque-no-es-a-cualquier-precio-este-frente\/#breadcrumb\"},\"inLanguage\":\"es\",\"potentialAction\":[{\"@type\":\"ReadAction\",\"target\":[\"https:\/\/www.noticiasradioreflejos.com.ar\/2021\/sebastian-bassi-nos-guardamos-la-ultima-palabra-porque-no-es-a-cualquier-precio-este-frente\/\"]}]},{\"@type\":\"ImageObject\",\"inLanguage\":\"es\",\"@id\":\"https:\/\/www.noticiasradioreflejos.com.ar\/2021\/sebastian-bassi-nos-guardamos-la-ultima-palabra-porque-no-es-a-cualquier-precio-este-frente\/#primaryimage\",\"url\":\"https:\/\/www.noticiasradioreflejos.com.ar\/2021\/wp-content\/uploads\/2023\/01\/Seba-Bassi.jpeg\",\"contentUrl\":\"https:\/\/www.noticiasradioreflejos.com.ar\/2021\/wp-content\/uploads\/2023\/01\/Seba-Bassi.jpeg\",\"width\":1326,\"height\":716},{\"@type\":\"BreadcrumbList\",\"@id\":\"https:\/\/www.noticiasradioreflejos.com.ar\/2021\/sebastian-bassi-nos-guardamos-la-ultima-palabra-porque-no-es-a-cualquier-precio-este-frente\/#breadcrumb\",\"itemListElement\":[{\"@type\":\"ListItem\",\"position\":1,\"name\":\"Portada\",\"item\":\"https:\/\/www.noticiasradioreflejos.com.ar\/2021\/\"},{\"@type\":\"ListItem\",\"position\":2,\"name\":\"Sebasti\u00e1n Bassi: \u00abNos guardamos la \u00faltima palabra porque no es a cualquier precio este frente\u201d\"}]},{\"@type\":\"WebSite\",\"@id\":\"https:\/\/www.noticiasradioreflejos.com.ar\/2021\/#website\",\"url\":\"https:\/\/www.noticiasradioreflejos.com.ar\/2021\/\",\"name\":\"Noticias Radio Reflejos\",\"description\":\"Las noticias de mi comarca\",\"potentialAction\":[{\"@type\":\"SearchAction\",\"target\":{\"@type\":\"EntryPoint\",\"urlTemplate\":\"https:\/\/www.noticiasradioreflejos.com.ar\/2021\/?s={search_term_string}\"},\"query-input\":{\"@type\":\"PropertyValueSpecification\",\"valueRequired\":true,\"valueName\":\"search_term_string\"}}],\"inLanguage\":\"es\"},{\"@type\":\"Person\",\"@id\":\"https:\/\/www.noticiasradioreflejos.com.ar\/2021\/#\/schema\/person\/ad82545263dcc5ec0996818884fd5fb1\",\"name\":\"Arnaldo Botto\",\"image\":{\"@type\":\"ImageObject\",\"inLanguage\":\"es\",\"@id\":\"https:\/\/www.noticiasradioreflejos.com.ar\/2021\/#\/schema\/person\/image\/\",\"url\":\"https:\/\/secure.gravatar.com\/avatar\/55cb5e37c1efa326397366e6974cb338056df65cb50e7d64d1cf314e87504837?s=96&d=mm&r=g\",\"contentUrl\":\"https:\/\/secure.gravatar.com\/avatar\/55cb5e37c1efa326397366e6974cb338056df65cb50e7d64d1cf314e87504837?s=96&d=mm&r=g\",\"caption\":\"Arnaldo Botto\"},\"url\":\"https:\/\/www.noticiasradioreflejos.com.ar\/2021\/author\/arnaldo\/\"}]}<\/script>\n<!-- \/ Yoast SEO plugin. -->","yoast_head_json":{"title":"Sebasti\u00e1n Bassi: \"Nos guardamos la \u00faltima palabra porque no es a cualquier precio este frente\u201d - Noticias Radio Reflejos","robots":{"index":"index","follow":"follow","max-snippet":"max-snippet:-1","max-image-preview":"max-image-preview:large","max-video-preview":"max-video-preview:-1"},"canonical":"https:\/\/www.noticiasradioreflejos.com.ar\/2021\/sebastian-bassi-nos-guardamos-la-ultima-palabra-porque-no-es-a-cualquier-precio-este-frente\/","og_locale":"es_ES","og_type":"article","og_title":"Sebasti\u00e1n Bassi: \"Nos guardamos la \u00faltima palabra porque no es a cualquier precio este frente\u201d - Noticias Radio Reflejos","og_description":"El referente del PRO en Tornquist no alent\u00f3 ninguna posibilidad de una alianza entre La Libertad Avanza con el Pro para las pr\u00f3ximas elecciones en el distrito.","og_url":"https:\/\/www.noticiasradioreflejos.com.ar\/2021\/sebastian-bassi-nos-guardamos-la-ultima-palabra-porque-no-es-a-cualquier-precio-este-frente\/","og_site_name":"Noticias Radio Reflejos","article_published_time":"2025-07-07T20:57:27+00:00","og_image":[{"width":1326,"height":716,"url":"https:\/\/www.noticiasradioreflejos.com.ar\/2021\/wp-content\/uploads\/2023\/01\/Seba-Bassi.jpeg","type":"image\/jpeg"}],"author":"Arnaldo Botto","twitter_card":"summary_large_image","schema":{"@context":"https:\/\/schema.org","@graph":[{"@type":"WebPage","@id":"https:\/\/www.noticiasradioreflejos.com.ar\/2021\/sebastian-bassi-nos-guardamos-la-ultima-palabra-porque-no-es-a-cualquier-precio-este-frente\/","url":"https:\/\/www.noticiasradioreflejos.com.ar\/2021\/sebastian-bassi-nos-guardamos-la-ultima-palabra-porque-no-es-a-cualquier-precio-este-frente\/","name":"Sebasti\u00e1n Bassi: \"Nos guardamos la \u00faltima palabra porque no es a cualquier precio este frente\u201d - Noticias Radio Reflejos","isPartOf":{"@id":"https:\/\/www.noticiasradioreflejos.com.ar\/2021\/#website"},"primaryImageOfPage":{"@id":"https:\/\/www.noticiasradioreflejos.com.ar\/2021\/sebastian-bassi-nos-guardamos-la-ultima-palabra-porque-no-es-a-cualquier-precio-este-frente\/#primaryimage"},"image":{"@id":"https:\/\/www.noticiasradioreflejos.com.ar\/2021\/sebastian-bassi-nos-guardamos-la-ultima-palabra-porque-no-es-a-cualquier-precio-este-frente\/#primaryimage"},"thumbnailUrl":"https:\/\/www.noticiasradioreflejos.com.ar\/2021\/wp-content\/uploads\/2023\/01\/Seba-Bassi.jpeg","datePublished":"2025-07-07T20:57:27+00:00","author":{"@id":"https:\/\/www.noticiasradioreflejos.com.ar\/2021\/#\/schema\/person\/ad82545263dcc5ec0996818884fd5fb1"},"breadcrumb":{"@id":"https:\/\/www.noticiasradioreflejos.com.ar\/2021\/sebastian-bassi-nos-guardamos-la-ultima-palabra-porque-no-es-a-cualquier-precio-este-frente\/#breadcrumb"},"inLanguage":"es","potentialAction":[{"@type":"ReadAction","target":["https:\/\/www.noticiasradioreflejos.com.ar\/2021\/sebastian-bassi-nos-guardamos-la-ultima-palabra-porque-no-es-a-cualquier-precio-este-frente\/"]}]},{"@type":"ImageObject","inLanguage":"es","@id":"https:\/\/www.noticiasradioreflejos.com.ar\/2021\/sebastian-bassi-nos-guardamos-la-ultima-palabra-porque-no-es-a-cualquier-precio-este-frente\/#primaryimage","url":"https:\/\/www.noticiasradioreflejos.com.ar\/2021\/wp-content\/uploads\/2023\/01\/Seba-Bassi.jpeg","contentUrl":"https:\/\/www.noticiasradioreflejos.com.ar\/2021\/wp-content\/uploads\/2023\/01\/Seba-Bassi.jpeg","width":1326,"height":716},{"@type":"BreadcrumbList","@id":"https:\/\/www.noticiasradioreflejos.com.ar\/2021\/sebastian-bassi-nos-guardamos-la-ultima-palabra-porque-no-es-a-cualquier-precio-este-frente\/#breadcrumb","itemListElement":[{"@type":"ListItem","position":1,"name":"Portada","item":"https:\/\/www.noticiasradioreflejos.com.ar\/2021\/"},{"@type":"ListItem","position":2,"name":"Sebasti\u00e1n Bassi: \u00abNos guardamos la \u00faltima palabra porque no es a cualquier precio este frente\u201d"}]},{"@type":"WebSite","@id":"https:\/\/www.noticiasradioreflejos.com.ar\/2021\/#website","url":"https:\/\/www.noticiasradioreflejos.com.ar\/2021\/","name":"Noticias Radio Reflejos","description":"Las noticias de mi comarca","potentialAction":[{"@type":"SearchAction","target":{"@type":"EntryPoint","urlTemplate":"https:\/\/www.noticiasradioreflejos.com.ar\/2021\/?s={search_term_string}"},"query-input":{"@type":"PropertyValueSpecification","valueRequired":true,"valueName":"search_term_string"}}],"inLanguage":"es"},{"@type":"Person","@id":"https:\/\/www.noticiasradioreflejos.com.ar\/2021\/#\/schema\/person\/ad82545263dcc5ec0996818884fd5fb1","name":"Arnaldo Botto","image":{"@type":"ImageObject","inLanguage":"es","@id":"https:\/\/www.noticiasradioreflejos.com.ar\/2021\/#\/schema\/person\/image\/","url":"https:\/\/secure.gravatar.com\/avatar\/55cb5e37c1efa326397366e6974cb338056df65cb50e7d64d1cf314e87504837?s=96&d=mm&r=g","contentUrl":"https:\/\/secure.gravatar.com\/avatar\/55cb5e37c1efa326397366e6974cb338056df65cb50e7d64d1cf314e87504837?s=96&d=mm&r=g","caption":"Arnaldo Botto"},"url":"https:\/\/www.noticiasradioreflejos.com.ar\/2021\/author\/arnaldo\/"}]}},"_links":{"self":[{"href":"https:\/\/www.noticiasradioreflejos.com.ar\/2021\/wp-json\/wp\/v2\/posts\/121452","targetHints":{"allow":["GET"]}}],"collection":[{"href":"https:\/\/www.noticiasradioreflejos.com.ar\/2021\/wp-json\/wp\/v2\/posts"}],"about":[{"href":"https:\/\/www.noticiasradioreflejos.com.ar\/2021\/wp-json\/wp\/v2\/types\/post"}],"author":[{"embeddable":true,"href":"https:\/\/www.noticiasradioreflejos.com.ar\/2021\/wp-json\/wp\/v2\/users\/3"}],"replies":[{"embeddable":true,"href":"https:\/\/www.noticiasradioreflejos.com.ar\/2021\/wp-json\/wp\/v2\/comments?post=121452"}],"version-history":[{"count":2,"href":"https:\/\/www.noticiasradioreflejos.com.ar\/2021\/wp-json\/wp\/v2\/posts\/121452\/revisions"}],"predecessor-version":[{"id":121464,"href":"https:\/\/www.noticiasradioreflejos.com.ar\/2021\/wp-json\/wp\/v2\/posts\/121452\/revisions\/121464"}],"wp:featuredmedia":[{"embeddable":true,"href":"https:\/\/www.noticiasradioreflejos.com.ar\/2021\/wp-json\/wp\/v2\/media\/82280"}],"wp:attachment":[{"href":"https:\/\/www.noticiasradioreflejos.com.ar\/2021\/wp-json\/wp\/v2\/media?parent=121452"}],"wp:term":[{"taxonomy":"category","embeddable":true,"href":"https:\/\/www.noticiasradioreflejos.com.ar\/2021\/wp-json\/wp\/v2\/categories?post=121452"},{"taxonomy":"post_tag","embeddable":true,"href":"https:\/\/www.noticiasradioreflejos.com.ar\/2021\/wp-json\/wp\/v2\/tags?post=121452"}],"curies":[{"name":"wp","href":"https:\/\/api.w.org\/{rel}","templated":true}]}}