{"id":121449,"date":"2025-07-07T17:16:20","date_gmt":"2025-07-07T20:16:20","guid":{"rendered":"https:\/\/www.noticiasradioreflejos.com.ar\/2021\/?p=121449"},"modified":"2025-07-07T17:16:20","modified_gmt":"2025-07-07T20:16:20","slug":"uno-de-los-gurues-economicos-de-milei-involucrado-en-una-estafa-de-alquileres-en-espana-por-miles-de-euros","status":"publish","type":"post","link":"https:\/\/www.noticiasradioreflejos.com.ar\/2021\/uno-de-los-gurues-economicos-de-milei-involucrado-en-una-estafa-de-alquileres-en-espana-por-miles-de-euros\/","title":{"rendered":"Uno de los gur\u00faes econ\u00f3micos de Milei, involucrado en una estafa de alquileres en Espa\u00f1a por miles de euros"},"content":{"rendered":"<p>Pol Victoria, un economista &#8216;austrolibertario&#8217;, &#8216;cristiano&#8217;, &#8216;reaccionario&#8217; y &#8216;revisionista&#8217;, seg\u00fan su p\u00e1gina web, lleg\u00f3 a deber hasta 53.500 euros en cuotas de alquiler pendientes a la propietaria de la casa en la que vivi\u00f3 tres a\u00f1os y alquilaba, sin su consentimiento, en diferentes plataformas de booking.<!--more--><\/p>\n<p>Por los abarrotados y abigarrados pasillos, repletos de prensa y tipos encorbatados del Foro de Davos, un hombre con sombrero y chaqueta americana aguarda en un lateral al paso de\u00a0<strong>Javier Milei<\/strong>, al que aborda con un apret\u00f3n de manos. Se acerca con decisi\u00f3n al o\u00eddo derecho del mandatario y le susurra algo que cambia por completo la expresi\u00f3n de su cara, retorciendo en ella esa sonrisa de fan devoto que le sale al presidente argentino cuando est\u00e1 con alguien a quien admira.<\/p>\n<p class=\"article-text\">\u201c[Tu libro] es un librazo\u201d, le dice con efusividad mientras se abrazan. Las coincidencias no existen. El mismo Milei apareci\u00f3 \u00edbidem un a\u00f1o antes con dicho libro bajo el brazo, \u2018El Manifiesto austrolibertario\u2019, de Pol Victoria. Pero esta no es la historia de c\u00f3mo Javier conoci\u00f3 a Pol. Esta es la historia de c\u00f3mo Concepci\u00f3n conoci\u00f3 a Pol, o c\u00f3mo este\u00a0<strong>acab\u00f3 debiendo a una jubilada de Murcia m\u00e1s de 50.000 euros por no pagar el alquiler del chal\u00e9 en el que viv\u00eda junto a su familia.<\/strong>\u00a0\u201cEstamos listos de tanto sinverg\u00fcenza\u201d, declara Concepci\u00f3n de su inquilino.<\/p>\n<p class=\"article-text\">Remont\u00e9monos al verano de 2022. Concepci\u00f3n [nombre ficticio] es una jubilada murciana a la que su casa de toda la vida se le qued\u00f3 grande; no es para menos: se trata de un chal\u00e9 ubicado en una pedan\u00eda de la capital de 580 metros cuadrados con una parcela de otros 1.400. Hace unos a\u00f1os, tom\u00f3 la decisi\u00f3n de poner en venta la propiedad, valorada en torno a algo m\u00e1s de 600.000 euros, y mudarse a otra vivienda. Poco tiempo despu\u00e9s, la inmobiliaria se puso en contacto con ella: una familia estaba interesada en alquilar. Aunque reticente, puesto que no era su intenci\u00f3n, acab\u00f3 aceptando.<\/p>\n<p class=\"article-text\">El perfil de sus inquilinos era, a todas luces, inmejorable: un matrimonio joven con varios hijos de por medio, que aparentemente se ganaba bien la vida; gente seria, gente de fe y, sobre todo, gente solvente con pocas pintas de dar problemas. Los primeros meses, la relaci\u00f3n contractual se desarroll\u00f3 sin problemas hasta que entr\u00f3 la navidad del a\u00f1o 2022:\u00a0<strong>la renta de 2.000 euros mensuales por el chal\u00e9 que Concepci\u00f3n deb\u00eda recibir a primeros de cada mes dej\u00f3 de llegar.<\/strong><\/p>\n<p class=\"article-text\">\u201cElla [su esposa] me mandaba audios y escritos muy largos justific\u00e1ndose y pasado un tiempo, les tuve que decir que si esto segu\u00eda as\u00ed, los iba a tener que denunciar. O no pagaban el mes, o me enviaban una transferencia de cien euros, o de doscientos euros\u201d, explica Concepci\u00f3n, que, consciente de que no siempre llueve a gusto de todos, que hasta en las mejores familias pasan estas cosas, siempre intent\u00f3 darles un voto de confianza. Pero el voto cay\u00f3 en saco roto, y la sorpresa fue may\u00fascula cuando vio c\u00f3mo su casa comenzaba a aparecer en diferentes webs de alquiler.<\/p>\n<h2 class=\"article-text\">Palad\u00edn del libre mercado<\/h2>\n<p class=\"article-text\"><strong>Pol Victoria es economista, pero sobre todo es un hombre autodefinido. Se identifica a s\u00ed mismo como cristiano, reaccionario, rom\u00e1ntico, hisp\u00e1nico, revisionista, polimicromon\u00e1rquico y libertario.\u00a0<\/strong>Si preguntas a Pol Victoria acerca de Pol Victoria, te hablar\u00e1 maravillas de un tipo que \u201cse inclina m\u00e1s por lo espiritual que por lo material\u201d, que ha tenido una vida de \u201cviajes intensos\u201d o que educa en casa a sus hijos. Si preguntas a su ex casera, \u201ces un tarambana al que le gusta mucho viajar, le gusta mucho aparentar y va siempre con su carpeta y con su libro a todas partes\u201d.<\/p>\n<figure class=\"embed-container embed-container--type-twitter \">\n<div class=\"twitter-tweet twitter-tweet-rendered\"><iframe id=\"twitter-widget-0\" class=\"\" title=\"X Post\" src=\"https:\/\/platform.twitter.com\/embed\/Tweet.html?dnt=false&amp;embedId=twitter-widget-0&amp;features=eyJ0ZndfdGltZWxpbmVfbGlzdCI6eyJidWNrZXQiOltdLCJ2ZXJzaW9uIjpudWxsfSwidGZ3X2ZvbGxvd2VyX2NvdW50X3N1bnNldCI6eyJidWNrZXQiOnRydWUsInZlcnNpb24iOm51bGx9LCJ0ZndfdHdlZXRfZWRpdF9iYWNrZW5kIjp7ImJ1Y2tldCI6Im9uIiwidmVyc2lvbiI6bnVsbH0sInRmd19yZWZzcmNfc2Vzc2lvbiI6eyJidWNrZXQiOiJvbiIsInZlcnNpb24iOm51bGx9LCJ0ZndfZm9zbnJfc29mdF9pbnRlcnZlbnRpb25zX2VuYWJsZWQiOnsiYnVja2V0Ijoib24iLCJ2ZXJzaW9uIjpudWxsfSwidGZ3X21peGVkX21lZGlhXzE1ODk3Ijp7ImJ1Y2tldCI6InRyZWF0bWVudCIsInZlcnNpb24iOm51bGx9LCJ0ZndfZXhwZXJpbWVudHNfY29va2llX2V4cGlyYXRpb24iOnsiYnVja2V0IjoxMjA5NjAwLCJ2ZXJzaW9uIjpudWxsfSwidGZ3X3Nob3dfYmlyZHdhdGNoX3Bpdm90c19lbmFibGVkIjp7ImJ1Y2tldCI6Im9uIiwidmVyc2lvbiI6bnVsbH0sInRmd19kdXBsaWNhdGVfc2NyaWJlc190b19zZXR0aW5ncyI6eyJidWNrZXQiOiJvbiIsInZlcnNpb24iOm51bGx9LCJ0ZndfdXNlX3Byb2ZpbGVfaW1hZ2Vfc2hhcGVfZW5hYmxlZCI6eyJidWNrZXQiOiJvbiIsInZlcnNpb24iOm51bGx9LCJ0ZndfdmlkZW9faGxzX2R5bmFtaWNfbWFuaWZlc3RzXzE1MDgyIjp7ImJ1Y2tldCI6InRydWVfYml0cmF0ZSIsInZlcnNpb24iOm51bGx9LCJ0ZndfbGVnYWN5X3RpbWVsaW5lX3N1bnNldCI6eyJidWNrZXQiOnRydWUsInZlcnNpb24iOm51bGx9LCJ0ZndfdHdlZXRfZWRpdF9mcm9udGVuZCI6eyJidWNrZXQiOiJvbiIsInZlcnNpb24iOm51bGx9fQ%3D%3D&amp;frame=false&amp;hideCard=false&amp;hideThread=true&amp;id=1747482182501736703&amp;lang=es&amp;origin=https%3A%2F%2Fwww.eldiarioar.com%2Fpolitica%2Fgurus-economicos-milei-involucrado-estafa-alquileres-espana-miles-euros_1_12446014.html&amp;sessionId=bf9c4befef8ce0d3c13536fcefa746bc9487e921&amp;theme=light&amp;widgetsVersion=2615f7e52b7e0%3A1702314776716&amp;width=550px\" frameborder=\"0\" scrolling=\"no\" allowfullscreen=\"allowfullscreen\" data-tweet-id=\"1747482182501736703\" data-mce-fragment=\"1\"><\/iframe><\/div>\n<\/figure>\n<p class=\"article-text\"><strong>Pol Victoria es autor de &#8216;El manifiesto austrolibertario&#8217;<\/strong>, un ensayo que pretende ser la ant\u00edtesis de lo expuesto por Marx y Engels en 1848, publicado en el a\u00f1o 2019 por la editorial\u00a0<em>Lassez Faire!.\u00a0<\/em>Entre sus p\u00e1ginas, pueden encontrarse fragmentos muy ilustrativos de una ideolog\u00eda que ha ganado muchos adeptos estos \u00faltimos a\u00f1os; los suficientes, al menos, para\u00a0<strong>aupar a la presidencia a alguien como Javier Milei.<\/strong>\u00a0&#8216;El manifiesto austrolibertario&#8217; deja claro que un libertario lo es en la medida en que la libertad le resulte \u00fatil: \u201cSi la tiran\u00eda, la dictadura o el totalitarismo trajeran mejores resultados que la libertad, entonces la libertad pasar\u00eda a ser un anti-valor a combatir\u201d. Tambi\u00e9n afirma que la justicia social es \u201cla constante y persistente voluntad de quitar a cada cual su derecho\u201d.<\/p>\n<figure class=\"embed-container embed-container--type-facebook \">\n<div id=\"fb-root\" class=\" fb_reset\">\n<div>\n<div><\/div>\n<\/div>\n<\/div>\n<div class=\"fb-post fb_iframe_widget\" data-href=\"https:\/\/www.facebook.com\/photo\/?fbid=10160180960967373&amp;set=a.10154883392492373\"><iframe loading=\"lazy\" class=\"\" title=\"fb:post Facebook Social Plugin\" src=\"https:\/\/www.facebook.com\/v19.0\/plugins\/post.php?app_id=&amp;channel=https%3A%2F%2Fstaticxx.facebook.com%2Fx%2Fconnect%2Fxd_arbiter%2F%3Fversion%3D46%23cb%3Dfe65b87f7c34b57cc%26domain%3Dwww.eldiarioar.com%26is_canvas%3Dfalse%26origin%3Dhttps%253A%252F%252Fwww.eldiarioar.com%252Fffa4359df40cd7561%26relation%3Dparent.parent&amp;container_width=0&amp;href=https%3A%2F%2Fwww.facebook.com%2Fphoto%2F%3Ffbid%3D10160180960967373%26set%3Da.10154883392492373&amp;locale=es_ES&amp;sdk=joey\" name=\"fb135262371f6bca6\" width=\"1000px\" height=\"1000px\" frameborder=\"0\" scrolling=\"no\" allowfullscreen=\"allowfullscreen\" data-testid=\"fb:post Facebook Social Plugin\" data-mce-fragment=\"1\"><\/iframe><\/div>\n<\/figure>\n<p class=\"article-text\">Su curr\u00edculum es menos po\u00e9tico: de emprendedor a empresario, de consultor a criptoeconomista y gestor de activos cripto. Desde mayo de 2024\u00a0<strong>se presenta ante el mundo como Embajador Especial de la Rep\u00fablica Libre de Liberland<\/strong>, un experimento en forma de estado-naci\u00f3n anarcocapitalista situado en un territorio junto al Danubio no reclamado entre Serbia y Croacia. En el universo ideol\u00f3gico de Pol Victoria, la propiedad privada es el pilar fundamental de la civilizaci\u00f3n. En la realidad m\u00e1s inmediata, en cambio, esto depende.<\/p>\n<figure class=\"embed-container embed-container--type-facebook \">\n<div id=\"fb-root\"><\/div>\n<div class=\"fb-post fb_iframe_widget\" data-href=\"https:\/\/www.facebook.com\/photo?fbid=872680686544014&amp;set=a.359634117848676\"><iframe loading=\"lazy\" class=\"\" title=\"fb:post Facebook Social Plugin\" src=\"https:\/\/www.facebook.com\/v19.0\/plugins\/post.php?app_id=&amp;channel=https%3A%2F%2Fstaticxx.facebook.com%2Fx%2Fconnect%2Fxd_arbiter%2F%3Fversion%3D46%23cb%3Df44e5013fc705efbe%26domain%3Dwww.eldiarioar.com%26is_canvas%3Dfalse%26origin%3Dhttps%253A%252F%252Fwww.eldiarioar.com%252Fffa4359df40cd7561%26relation%3Dparent.parent&amp;container_width=0&amp;href=https%3A%2F%2Fwww.facebook.com%2Fphoto%3Ffbid%3D872680686544014%26set%3Da.359634117848676&amp;locale=es_ES&amp;sdk=joey\" name=\"fad701bc7bb2ceb49\" width=\"1000px\" height=\"1000px\" frameborder=\"0\" scrolling=\"no\" allowfullscreen=\"allowfullscreen\" data-testid=\"fb:post Facebook Social Plugin\" data-mce-fragment=\"1\"><\/iframe><\/div>\n<\/figure>\n<h2 class=\"article-text\">No pagaban alquiler y realquilaban la piscina<\/h2>\n<p class=\"article-text\">La deuda, que ha llegado a alcanzar un m\u00e1ximo de 53.500 euros, crec\u00eda mientras Concepci\u00f3n dej\u00f3 de saber de ellos. \u201cLa cosa no se queda aqu\u00ed. Un d\u00eda me escribi\u00f3 una vecina para decirme que hab\u00eda visto coches que no conoc\u00eda aparcados fuera y que hab\u00eda jaleo en la piscina. Mis hijos se pusieron a investigar y resulta que hab\u00edan anunciado la casa para alquilarla en varios sitios\u201d, comenta. \u201cElla [su esposa] era la que daba la cara, la que sal\u00eda en los anuncios. \u00c9l nunca\u201d. Pol ha sido contactado para dar su versi\u00f3n de los hechos, pero ha preferido no contestar a los mensajes. Carolina, su mujer, ha explicado que \u201cla deuda ya est\u00e1 pagada\u201d y que \u201csimplemente trataban de sacar un dinero extra en medio de una gran inestabilidad econ\u00f3mica. No hay\u00a0mucho\u00a0m\u00e1s\u201d.<\/p>\n<figure><picture class=\"news-image\"><source srcset=\"https:\/\/static.eldiario.es\/clip\/7a104e92-b793-432b-853f-22f318cfb2da_16-9-discover-aspect-ratio_50p_0.webp\" type=\"image\/webp\" media=\"(max-width: 576px)\" \/><source srcset=\"https:\/\/static.eldiario.es\/clip\/7a104e92-b793-432b-853f-22f318cfb2da_16-9-discover-aspect-ratio_50p_0.jpg\" type=\"image\/jpg\" media=\"(max-width: 576px)\" \/><source srcset=\"https:\/\/static.eldiario.es\/clip\/7a104e92-b793-432b-853f-22f318cfb2da_16-9-discover-aspect-ratio_75p_0.webp\" type=\"image\/webp\" media=\"(max-width: 767px)\" \/><source srcset=\"https:\/\/static.eldiario.es\/clip\/7a104e92-b793-432b-853f-22f318cfb2da_16-9-discover-aspect-ratio_75p_0.jpg\" type=\"image\/jpg\" media=\"(max-width: 767px)\" \/><source srcset=\"https:\/\/static.eldiario.es\/clip\/7a104e92-b793-432b-853f-22f318cfb2da_16-9-discover-aspect-ratio_default_0.webp\" type=\"image\/webp\" media=\"(min-width: 768px)\" \/><source srcset=\"https:\/\/static.eldiario.es\/clip\/7a104e92-b793-432b-853f-22f318cfb2da_16-9-discover-aspect-ratio_default_0.jpg\" type=\"image\/jpg\" media=\"(min-width: 768px)\" \/><source srcset=\"https:\/\/static.eldiario.es\/clip\/7a104e92-b793-432b-853f-22f318cfb2da_16-9-discover-aspect-ratio_default_0.webp\" type=\"image\/webp\" \/><img decoding=\"async\" class=\"lazy entered loaded\" src=\"https:\/\/static.eldiario.es\/clip\/7a104e92-b793-432b-853f-22f318cfb2da_16-9-discover-aspect-ratio_default_0.jpg\" alt=\"\" data-src=\"https:\/\/static.eldiario.es\/clip\/7a104e92-b793-432b-853f-22f318cfb2da_16-9-discover-aspect-ratio_default_0.jpg\" data-ll-status=\"loaded\" \/><\/picture><figcaption class=\"image-footer\"><span class=\"title\">Foto de uno de los anuncios en los que alquilaban la casa de Concha\u00a0<span class=\"author\">Cocopool<\/span><\/span><\/figcaption><\/figure>\n<p class=\"article-text\">En p\u00e1ginas como swimmy o Airbnb, el matrimonio ofrec\u00eda la piscina de la casa por horas, desde 30 euros la hora para un grupo de cinco personas a 100 euros para grupos de cien. Esto, sin los molestos gastos de alquiler de por medio, lo convert\u00edan de facto en el Airbnb m\u00e1s rentable de Murcia. Probablemente de todo el mundo. Tambi\u00e9n ofertaban un apartamento independiente que ten\u00eda el chalet construido en el s\u00f3tano, con cocina y ba\u00f1o, para \u201cparejas\u201d. Una de las rese\u00f1as que a\u00fan pueden visitarse en dichos sitios web reza: \u201cComo pareja, pasamos un tiempo privado maravilloso, la decoraci\u00f3n era perfecta, la piscina es muy grande y los anfitriones fueron muy amables, lo recomiendo.\u201d En Cocopol, otra p\u00e1gina de arrendamiento de piscinas, anunciaban la casa de Concepci\u00f3n como\u00a0<em>El Oasis<\/em>: \u201ces un espacio ideal para celebrar eventos, fiestas, networking, encuentros. Apto para adultos y ni\u00f1os\u201d.<\/p>\n<p class=\"article-text\">\u201cCuando sal\u00ed de mi casa me fui a un piso de alquiler. Fui aut\u00f3noma y ahora tengo una pensi\u00f3n muy baja, y si no es por mis hijos me veo en la calle\u201d, cuenta Concepci\u00f3n, que este pasado mes de enero pudo recuperar su vivienda tras la marcha de los inquilinos. A principios de mayo estaba previsto el juicio por impago, atrasado varias veces gracias a la condici\u00f3n de familia vulnerable de los inquilinos, que acab\u00f3 resolvi\u00e9ndose con un acuerdo extrajudicial en sala con el reconocimiento de la deuda y el compromiso de abonar el total en el plazo de un mes. \u201cHan ido pagando a lo largo de este mes [los 53.500\u20ac] poco a poco (&#8230;) alguna transferencia del hermano de ella, unas de mil, otras de m\u00e1s (&#8230;) pero se ha acabado\u201d.<\/p>\n<div id=\"container-after-news-outlook\"><\/div>\n<p class=\"article-text\">\u201cSe han llevado dos muebles auxiliares, un mont\u00f3n de libros (&#8230;) y el sinverg\u00fcenza me dijo que hab\u00eda pagado tres horas a su asistenta para limpiar la casa y no sabes c\u00f3mo me la han dejado. Vamos a tener que tirar hasta el horno. La piscina la han da\u00f1ado, esa es otra&#8230; pero ya se han ido, por fin se han ido\u201d.\u00a0<strong>Al igual que Pol en Davos, Concepci\u00f3n ha tenido su final feliz.\u00a0<\/strong>Admite que a lo largo de este tiempo ha necesitado ayuda psicol\u00f3gica y que se ha llevado una decepci\u00f3n muy grande: \u201cEs un encantador de serpientes\u201d, lamenta al otro lado del tel\u00e9fono.<\/p>\n<p class=\"article-text\"><em>MC &#8211; <\/em>Aldo Conway &#8211; Murcia, Espa\u00f1a \u2014<\/p>\n<div class=\"twitter-wrapper\"><\/div>\n","protected":false},"excerpt":{"rendered":"<p>Pol Victoria, un economista &#8216;austrolibertario&#8217;, &#8216;cristiano&#8217;, &#8216;reaccionario&#8217; y &#8216;revisionista&#8217;, seg\u00fan su p\u00e1gina web, lleg\u00f3 a deber hasta 53.500 euros en cuotas de alquiler pendientes a la propietaria de la casa en la que vivi\u00f3 tres a\u00f1os y alquilaba, sin su consentimiento, en diferentes plataformas de booking.<\/p>\n","protected":false},"author":3,"featured_media":0,"comment_status":"closed","ping_status":"closed","sticky":false,"template":"","format":"standard","meta":{"footnotes":""},"categories":[24],"tags":[],"class_list":["post-121449","post","type-post","status-publish","format-standard","hentry","category-politica"],"yoast_head":"<!-- This site is optimized with the Yoast SEO plugin v25.9 - https:\/\/yoast.com\/wordpress\/plugins\/seo\/ -->\n<title>Uno de los gur\u00faes econ\u00f3micos de Milei, involucrado en una estafa de alquileres en Espa\u00f1a por miles de euros - Noticias Radio Reflejos<\/title>\n<meta name=\"robots\" content=\"index, follow, max-snippet:-1, max-image-preview:large, max-video-preview:-1\" \/>\n<link rel=\"canonical\" href=\"https:\/\/www.noticiasradioreflejos.com.ar\/2021\/uno-de-los-gurues-economicos-de-milei-involucrado-en-una-estafa-de-alquileres-en-espana-por-miles-de-euros\/\" \/>\n<meta property=\"og:locale\" content=\"es_ES\" \/>\n<meta property=\"og:type\" content=\"article\" \/>\n<meta property=\"og:title\" content=\"Uno de los gur\u00faes econ\u00f3micos de Milei, involucrado en una estafa de alquileres en Espa\u00f1a por miles de euros - Noticias Radio Reflejos\" \/>\n<meta property=\"og:description\" content=\"Pol Victoria, un economista &#8216;austrolibertario&#8217;, &#8216;cristiano&#8217;, &#8216;reaccionario&#8217; y &#8216;revisionista&#8217;, seg\u00fan su p\u00e1gina web, lleg\u00f3 a deber hasta 53.500 euros en cuotas de alquiler pendientes a la propietaria de la casa en la que vivi\u00f3 tres a\u00f1os y alquilaba, sin su consentimiento, en diferentes plataformas de booking.\" \/>\n<meta property=\"og:url\" content=\"https:\/\/www.noticiasradioreflejos.com.ar\/2021\/uno-de-los-gurues-economicos-de-milei-involucrado-en-una-estafa-de-alquileres-en-espana-por-miles-de-euros\/\" \/>\n<meta property=\"og:site_name\" content=\"Noticias Radio Reflejos\" \/>\n<meta property=\"article:published_time\" content=\"2025-07-07T20:16:20+00:00\" \/>\n<meta property=\"og:image\" content=\"https:\/\/static.eldiario.es\/clip\/7a104e92-b793-432b-853f-22f318cfb2da_16-9-discover-aspect-ratio_default_0.jpg\" \/>\n<meta name=\"author\" content=\"Arnaldo Botto\" \/>\n<meta name=\"twitter:card\" content=\"summary_large_image\" \/>\n<script type=\"application\/ld+json\" class=\"yoast-schema-graph\">{\"@context\":\"https:\/\/schema.org\",\"@graph\":[{\"@type\":\"WebPage\",\"@id\":\"https:\/\/www.noticiasradioreflejos.com.ar\/2021\/uno-de-los-gurues-economicos-de-milei-involucrado-en-una-estafa-de-alquileres-en-espana-por-miles-de-euros\/\",\"url\":\"https:\/\/www.noticiasradioreflejos.com.ar\/2021\/uno-de-los-gurues-economicos-de-milei-involucrado-en-una-estafa-de-alquileres-en-espana-por-miles-de-euros\/\",\"name\":\"Uno de los gur\u00faes econ\u00f3micos de Milei, involucrado en una estafa de alquileres en Espa\u00f1a por miles de euros - Noticias Radio Reflejos\",\"isPartOf\":{\"@id\":\"https:\/\/www.noticiasradioreflejos.com.ar\/2021\/#website\"},\"primaryImageOfPage\":{\"@id\":\"https:\/\/www.noticiasradioreflejos.com.ar\/2021\/uno-de-los-gurues-economicos-de-milei-involucrado-en-una-estafa-de-alquileres-en-espana-por-miles-de-euros\/#primaryimage\"},\"image\":{\"@id\":\"https:\/\/www.noticiasradioreflejos.com.ar\/2021\/uno-de-los-gurues-economicos-de-milei-involucrado-en-una-estafa-de-alquileres-en-espana-por-miles-de-euros\/#primaryimage\"},\"thumbnailUrl\":\"https:\/\/static.eldiario.es\/clip\/7a104e92-b793-432b-853f-22f318cfb2da_16-9-discover-aspect-ratio_default_0.jpg\",\"datePublished\":\"2025-07-07T20:16:20+00:00\",\"author\":{\"@id\":\"https:\/\/www.noticiasradioreflejos.com.ar\/2021\/#\/schema\/person\/ad82545263dcc5ec0996818884fd5fb1\"},\"breadcrumb\":{\"@id\":\"https:\/\/www.noticiasradioreflejos.com.ar\/2021\/uno-de-los-gurues-economicos-de-milei-involucrado-en-una-estafa-de-alquileres-en-espana-por-miles-de-euros\/#breadcrumb\"},\"inLanguage\":\"es\",\"potentialAction\":[{\"@type\":\"ReadAction\",\"target\":[\"https:\/\/www.noticiasradioreflejos.com.ar\/2021\/uno-de-los-gurues-economicos-de-milei-involucrado-en-una-estafa-de-alquileres-en-espana-por-miles-de-euros\/\"]}]},{\"@type\":\"ImageObject\",\"inLanguage\":\"es\",\"@id\":\"https:\/\/www.noticiasradioreflejos.com.ar\/2021\/uno-de-los-gurues-economicos-de-milei-involucrado-en-una-estafa-de-alquileres-en-espana-por-miles-de-euros\/#primaryimage\",\"url\":\"https:\/\/static.eldiario.es\/clip\/7a104e92-b793-432b-853f-22f318cfb2da_16-9-discover-aspect-ratio_default_0.jpg\",\"contentUrl\":\"https:\/\/static.eldiario.es\/clip\/7a104e92-b793-432b-853f-22f318cfb2da_16-9-discover-aspect-ratio_default_0.jpg\"},{\"@type\":\"BreadcrumbList\",\"@id\":\"https:\/\/www.noticiasradioreflejos.com.ar\/2021\/uno-de-los-gurues-economicos-de-milei-involucrado-en-una-estafa-de-alquileres-en-espana-por-miles-de-euros\/#breadcrumb\",\"itemListElement\":[{\"@type\":\"ListItem\",\"position\":1,\"name\":\"Portada\",\"item\":\"https:\/\/www.noticiasradioreflejos.com.ar\/2021\/\"},{\"@type\":\"ListItem\",\"position\":2,\"name\":\"Uno de los gur\u00faes econ\u00f3micos de Milei, involucrado en una estafa de alquileres en Espa\u00f1a por miles de euros\"}]},{\"@type\":\"WebSite\",\"@id\":\"https:\/\/www.noticiasradioreflejos.com.ar\/2021\/#website\",\"url\":\"https:\/\/www.noticiasradioreflejos.com.ar\/2021\/\",\"name\":\"Noticias Radio Reflejos\",\"description\":\"Las noticias de mi comarca\",\"potentialAction\":[{\"@type\":\"SearchAction\",\"target\":{\"@type\":\"EntryPoint\",\"urlTemplate\":\"https:\/\/www.noticiasradioreflejos.com.ar\/2021\/?s={search_term_string}\"},\"query-input\":{\"@type\":\"PropertyValueSpecification\",\"valueRequired\":true,\"valueName\":\"search_term_string\"}}],\"inLanguage\":\"es\"},{\"@type\":\"Person\",\"@id\":\"https:\/\/www.noticiasradioreflejos.com.ar\/2021\/#\/schema\/person\/ad82545263dcc5ec0996818884fd5fb1\",\"name\":\"Arnaldo Botto\",\"image\":{\"@type\":\"ImageObject\",\"inLanguage\":\"es\",\"@id\":\"https:\/\/www.noticiasradioreflejos.com.ar\/2021\/#\/schema\/person\/image\/\",\"url\":\"https:\/\/secure.gravatar.com\/avatar\/55cb5e37c1efa326397366e6974cb338056df65cb50e7d64d1cf314e87504837?s=96&d=mm&r=g\",\"contentUrl\":\"https:\/\/secure.gravatar.com\/avatar\/55cb5e37c1efa326397366e6974cb338056df65cb50e7d64d1cf314e87504837?s=96&d=mm&r=g\",\"caption\":\"Arnaldo Botto\"},\"url\":\"https:\/\/www.noticiasradioreflejos.com.ar\/2021\/author\/arnaldo\/\"}]}<\/script>\n<!-- \/ Yoast SEO plugin. -->","yoast_head_json":{"title":"Uno de los gur\u00faes econ\u00f3micos de Milei, involucrado en una estafa de alquileres en Espa\u00f1a por miles de euros - Noticias Radio Reflejos","robots":{"index":"index","follow":"follow","max-snippet":"max-snippet:-1","max-image-preview":"max-image-preview:large","max-video-preview":"max-video-preview:-1"},"canonical":"https:\/\/www.noticiasradioreflejos.com.ar\/2021\/uno-de-los-gurues-economicos-de-milei-involucrado-en-una-estafa-de-alquileres-en-espana-por-miles-de-euros\/","og_locale":"es_ES","og_type":"article","og_title":"Uno de los gur\u00faes econ\u00f3micos de Milei, involucrado en una estafa de alquileres en Espa\u00f1a por miles de euros - Noticias Radio Reflejos","og_description":"Pol Victoria, un economista &#8216;austrolibertario&#8217;, &#8216;cristiano&#8217;, &#8216;reaccionario&#8217; y &#8216;revisionista&#8217;, seg\u00fan su p\u00e1gina web, lleg\u00f3 a deber hasta 53.500 euros en cuotas de alquiler pendientes a la propietaria de la casa en la que vivi\u00f3 tres a\u00f1os y alquilaba, sin su consentimiento, en diferentes plataformas de booking.","og_url":"https:\/\/www.noticiasradioreflejos.com.ar\/2021\/uno-de-los-gurues-economicos-de-milei-involucrado-en-una-estafa-de-alquileres-en-espana-por-miles-de-euros\/","og_site_name":"Noticias Radio Reflejos","article_published_time":"2025-07-07T20:16:20+00:00","og_image":[{"url":"https:\/\/static.eldiario.es\/clip\/7a104e92-b793-432b-853f-22f318cfb2da_16-9-discover-aspect-ratio_default_0.jpg","type":"","width":"","height":""}],"author":"Arnaldo Botto","twitter_card":"summary_large_image","schema":{"@context":"https:\/\/schema.org","@graph":[{"@type":"WebPage","@id":"https:\/\/www.noticiasradioreflejos.com.ar\/2021\/uno-de-los-gurues-economicos-de-milei-involucrado-en-una-estafa-de-alquileres-en-espana-por-miles-de-euros\/","url":"https:\/\/www.noticiasradioreflejos.com.ar\/2021\/uno-de-los-gurues-economicos-de-milei-involucrado-en-una-estafa-de-alquileres-en-espana-por-miles-de-euros\/","name":"Uno de los gur\u00faes econ\u00f3micos de Milei, involucrado en una estafa de alquileres en Espa\u00f1a por miles de euros - Noticias Radio Reflejos","isPartOf":{"@id":"https:\/\/www.noticiasradioreflejos.com.ar\/2021\/#website"},"primaryImageOfPage":{"@id":"https:\/\/www.noticiasradioreflejos.com.ar\/2021\/uno-de-los-gurues-economicos-de-milei-involucrado-en-una-estafa-de-alquileres-en-espana-por-miles-de-euros\/#primaryimage"},"image":{"@id":"https:\/\/www.noticiasradioreflejos.com.ar\/2021\/uno-de-los-gurues-economicos-de-milei-involucrado-en-una-estafa-de-alquileres-en-espana-por-miles-de-euros\/#primaryimage"},"thumbnailUrl":"https:\/\/static.eldiario.es\/clip\/7a104e92-b793-432b-853f-22f318cfb2da_16-9-discover-aspect-ratio_default_0.jpg","datePublished":"2025-07-07T20:16:20+00:00","author":{"@id":"https:\/\/www.noticiasradioreflejos.com.ar\/2021\/#\/schema\/person\/ad82545263dcc5ec0996818884fd5fb1"},"breadcrumb":{"@id":"https:\/\/www.noticiasradioreflejos.com.ar\/2021\/uno-de-los-gurues-economicos-de-milei-involucrado-en-una-estafa-de-alquileres-en-espana-por-miles-de-euros\/#breadcrumb"},"inLanguage":"es","potentialAction":[{"@type":"ReadAction","target":["https:\/\/www.noticiasradioreflejos.com.ar\/2021\/uno-de-los-gurues-economicos-de-milei-involucrado-en-una-estafa-de-alquileres-en-espana-por-miles-de-euros\/"]}]},{"@type":"ImageObject","inLanguage":"es","@id":"https:\/\/www.noticiasradioreflejos.com.ar\/2021\/uno-de-los-gurues-economicos-de-milei-involucrado-en-una-estafa-de-alquileres-en-espana-por-miles-de-euros\/#primaryimage","url":"https:\/\/static.eldiario.es\/clip\/7a104e92-b793-432b-853f-22f318cfb2da_16-9-discover-aspect-ratio_default_0.jpg","contentUrl":"https:\/\/static.eldiario.es\/clip\/7a104e92-b793-432b-853f-22f318cfb2da_16-9-discover-aspect-ratio_default_0.jpg"},{"@type":"BreadcrumbList","@id":"https:\/\/www.noticiasradioreflejos.com.ar\/2021\/uno-de-los-gurues-economicos-de-milei-involucrado-en-una-estafa-de-alquileres-en-espana-por-miles-de-euros\/#breadcrumb","itemListElement":[{"@type":"ListItem","position":1,"name":"Portada","item":"https:\/\/www.noticiasradioreflejos.com.ar\/2021\/"},{"@type":"ListItem","position":2,"name":"Uno de los gur\u00faes econ\u00f3micos de Milei, involucrado en una estafa de alquileres en Espa\u00f1a por miles de euros"}]},{"@type":"WebSite","@id":"https:\/\/www.noticiasradioreflejos.com.ar\/2021\/#website","url":"https:\/\/www.noticiasradioreflejos.com.ar\/2021\/","name":"Noticias Radio Reflejos","description":"Las noticias de mi comarca","potentialAction":[{"@type":"SearchAction","target":{"@type":"EntryPoint","urlTemplate":"https:\/\/www.noticiasradioreflejos.com.ar\/2021\/?s={search_term_string}"},"query-input":{"@type":"PropertyValueSpecification","valueRequired":true,"valueName":"search_term_string"}}],"inLanguage":"es"},{"@type":"Person","@id":"https:\/\/www.noticiasradioreflejos.com.ar\/2021\/#\/schema\/person\/ad82545263dcc5ec0996818884fd5fb1","name":"Arnaldo Botto","image":{"@type":"ImageObject","inLanguage":"es","@id":"https:\/\/www.noticiasradioreflejos.com.ar\/2021\/#\/schema\/person\/image\/","url":"https:\/\/secure.gravatar.com\/avatar\/55cb5e37c1efa326397366e6974cb338056df65cb50e7d64d1cf314e87504837?s=96&d=mm&r=g","contentUrl":"https:\/\/secure.gravatar.com\/avatar\/55cb5e37c1efa326397366e6974cb338056df65cb50e7d64d1cf314e87504837?s=96&d=mm&r=g","caption":"Arnaldo Botto"},"url":"https:\/\/www.noticiasradioreflejos.com.ar\/2021\/author\/arnaldo\/"}]}},"_links":{"self":[{"href":"https:\/\/www.noticiasradioreflejos.com.ar\/2021\/wp-json\/wp\/v2\/posts\/121449","targetHints":{"allow":["GET"]}}],"collection":[{"href":"https:\/\/www.noticiasradioreflejos.com.ar\/2021\/wp-json\/wp\/v2\/posts"}],"about":[{"href":"https:\/\/www.noticiasradioreflejos.com.ar\/2021\/wp-json\/wp\/v2\/types\/post"}],"author":[{"embeddable":true,"href":"https:\/\/www.noticiasradioreflejos.com.ar\/2021\/wp-json\/wp\/v2\/users\/3"}],"replies":[{"embeddable":true,"href":"https:\/\/www.noticiasradioreflejos.com.ar\/2021\/wp-json\/wp\/v2\/comments?post=121449"}],"version-history":[{"count":1,"href":"https:\/\/www.noticiasradioreflejos.com.ar\/2021\/wp-json\/wp\/v2\/posts\/121449\/revisions"}],"predecessor-version":[{"id":121451,"href":"https:\/\/www.noticiasradioreflejos.com.ar\/2021\/wp-json\/wp\/v2\/posts\/121449\/revisions\/121451"}],"wp:attachment":[{"href":"https:\/\/www.noticiasradioreflejos.com.ar\/2021\/wp-json\/wp\/v2\/media?parent=121449"}],"wp:term":[{"taxonomy":"category","embeddable":true,"href":"https:\/\/www.noticiasradioreflejos.com.ar\/2021\/wp-json\/wp\/v2\/categories?post=121449"},{"taxonomy":"post_tag","embeddable":true,"href":"https:\/\/www.noticiasradioreflejos.com.ar\/2021\/wp-json\/wp\/v2\/tags?post=121449"}],"curies":[{"name":"wp","href":"https:\/\/api.w.org\/{rel}","templated":true}]}}