{"id":121439,"date":"2025-07-07T17:03:49","date_gmt":"2025-07-07T20:03:49","guid":{"rendered":"https:\/\/www.noticiasradioreflejos.com.ar\/2021\/?p=121439"},"modified":"2025-07-07T17:06:00","modified_gmt":"2025-07-07T20:06:00","slug":"el-nieto-recuperado-140-nacio-en-el-centro-de-detencion-clandestino-la-escuelita","status":"publish","type":"post","link":"https:\/\/www.noticiasradioreflejos.com.ar\/2021\/el-nieto-recuperado-140-nacio-en-el-centro-de-detencion-clandestino-la-escuelita\/","title":{"rendered":"El nieto recuperado 140 naci\u00f3 en el centro de detenci\u00f3n clandestino \u201cLa Escuelita\u201d."},"content":{"rendered":"<p>Su madre y su padre, Graciela Romero y Ra\u00fal Metz, fueron secuestrados en Cutral C\u00f3 en 1977, mientras ella estaba embarazada de cinco meses.<!--more--><br \/>\nEl\u00a0<strong>nieto recuperado 140<\/strong>, cuya restituci\u00f3n fue anunciada este lunes en la Casa por la Identidad, es\u00a0<strong>hijo Graciela Alicia Romero y Ra\u00fal Eugenio Metz<\/strong>, secuestrados en diciembre de 1976 en Cutral-C\u00f3, provincia de Neuqu\u00e9n,\u00a0<strong>y hermano de Adriana Metz<\/strong>, quien \u201clo busc\u00f3 desde siempre\u201d, dijo emocionada la presidenta de Abuelas de Plaza de Mayo, Estela de Carlotto.<\/p>\n<p>Seg\u00fan reconstruy\u00f3 el organismo de derechos humanos,<strong>\u00a0Graciela dio a luz a su beb\u00e9\u00a0<\/strong>el 17 de abril de 1977 en el centro clandestino de detenci\u00f3n conocido como\u00a0<strong>La Escuelita de Bah\u00eda Blanca<\/strong>.<\/p>\n<div class=\"twitter-tweet twitter-tweet-rendered\"><iframe id=\"twitter-widget-0\" class=\"\" title=\"X Post\" src=\"https:\/\/platform.twitter.com\/embed\/Tweet.html?dnt=false&amp;embedId=twitter-widget-0&amp;features=eyJ0ZndfdGltZWxpbmVfbGlzdCI6eyJidWNrZXQiOltdLCJ2ZXJzaW9uIjpudWxsfSwidGZ3X2ZvbGxvd2VyX2NvdW50X3N1bnNldCI6eyJidWNrZXQiOnRydWUsInZlcnNpb24iOm51bGx9LCJ0ZndfdHdlZXRfZWRpdF9iYWNrZW5kIjp7ImJ1Y2tldCI6Im9uIiwidmVyc2lvbiI6bnVsbH0sInRmd19yZWZzcmNfc2Vzc2lvbiI6eyJidWNrZXQiOiJvbiIsInZlcnNpb24iOm51bGx9LCJ0ZndfZm9zbnJfc29mdF9pbnRlcnZlbnRpb25zX2VuYWJsZWQiOnsiYnVja2V0Ijoib24iLCJ2ZXJzaW9uIjpudWxsfSwidGZ3X21peGVkX21lZGlhXzE1ODk3Ijp7ImJ1Y2tldCI6InRyZWF0bWVudCIsInZlcnNpb24iOm51bGx9LCJ0ZndfZXhwZXJpbWVudHNfY29va2llX2V4cGlyYXRpb24iOnsiYnVja2V0IjoxMjA5NjAwLCJ2ZXJzaW9uIjpudWxsfSwidGZ3X3Nob3dfYmlyZHdhdGNoX3Bpdm90c19lbmFibGVkIjp7ImJ1Y2tldCI6Im9uIiwidmVyc2lvbiI6bnVsbH0sInRmd19kdXBsaWNhdGVfc2NyaWJlc190b19zZXR0aW5ncyI6eyJidWNrZXQiOiJvbiIsInZlcnNpb24iOm51bGx9LCJ0ZndfdXNlX3Byb2ZpbGVfaW1hZ2Vfc2hhcGVfZW5hYmxlZCI6eyJidWNrZXQiOiJvbiIsInZlcnNpb24iOm51bGx9LCJ0ZndfdmlkZW9faGxzX2R5bmFtaWNfbWFuaWZlc3RzXzE1MDgyIjp7ImJ1Y2tldCI6InRydWVfYml0cmF0ZSIsInZlcnNpb24iOm51bGx9LCJ0ZndfbGVnYWN5X3RpbWVsaW5lX3N1bnNldCI6eyJidWNrZXQiOnRydWUsInZlcnNpb24iOm51bGx9LCJ0ZndfdHdlZXRfZWRpdF9mcm9udGVuZCI6eyJidWNrZXQiOiJvbiIsInZlcnNpb24iOm51bGx9fQ%3D%3D&amp;frame=false&amp;hideCard=false&amp;hideThread=false&amp;id=1942273989029814363&amp;lang=es&amp;maxWidth=560px&amp;origin=https%3A%2F%2Ffrenteacano.com.ar%2Fel-nieto-recuperado-140-nacio-en-el-centro-de-detencion-clandestino-la-escuelita%2F&amp;sessionId=47fb54cb4f2c8d8e5de21a4ab02cc145287f6342&amp;theme=light&amp;widgetsVersion=2615f7e52b7e0%3A1702314776716&amp;width=550px\" frameborder=\"0\" scrolling=\"no\" allowfullscreen=\"allowfullscreen\" data-tweet-id=\"1942273989029814363\" data-mce-fragment=\"1\"><\/iframe><\/div>\n<p><strong>Graciela\u00a0<\/strong>naci\u00f3 el 21 de agosto de 1952 en Bah\u00eda Blanca. Sus amigos y familiares le dec\u00edan \u201cPeti\u201d. En la conferencia de prensa de este lunes, se describi\u00f3 a Graciela como una mujer \u201c<strong>estudiosa, emprendedora y aguerrida\u201d<\/strong>, que \u201cten\u00eda buen humor, cocinaba bien y tambi\u00e9n cos\u00eda\u201d. Estudi\u00f3 econom\u00eda hasta que se cas\u00f3 y se aboc\u00f3 a la militancia. Su hermana menor, Maria Elena, fue asesinada por la dictadura en 1977.<\/p>\n<p>Ra\u00fal, a quien le dec\u00edan \u201cMelli\u201d porque ten\u00eda un hermano gemelo, naci\u00f3 el 24 de agosto de 1953, tambi\u00e9n en Bah\u00eda Blanca.\u00a0<strong>\u201cLos Metz ten\u00edan 10 hermanos. Se criaron en un hogar politizado ya que el abuelo era militante del Partido Comunista y trabajador ferroviario\u201d<\/strong>, repas\u00f3 Abuelas de Plaza de Mayo. Ra\u00fal, que \u201cten\u00eda sentido del humor aunque era un poco calent\u00f3n\u201d, comenz\u00f3 su militancia en la Federaci\u00f3n Juventud Comunista junto a su gemelo N\u00e9stor. \u201cEran compinches, militaban, iban juntos al colegio, compart\u00edan salidas, amigos\u201d, record\u00f3 el organismo.<\/p>\n<p>Los \u201cmellis\u201d Metz, que a los 13 a\u00f1os eran cadetes en una tintorer\u00eda y luego empezaron a trabajar en el ferrocarril, sufrieron su primera detenci\u00f3n durante la dictadura de Juan Carlos\u00a0Ongan\u00eda. \u201c<strong>Con 19 a\u00f1os fueron llevados a la c\u00e1rcel de Bah\u00eda Blanca y luego como presos de m\u00e1xima seguridad a Devoto. Mientras estaban detenidos en Bah\u00eda Blanca se realiz\u00f3 una campa\u00f1a pidiendo su liberaci\u00f3n. Entre las organizadoras estaba Graciela<\/strong>\u201c, record\u00f3 Abuelas de Plaza de Mayo.<\/p>\n<div class=\"twitter-tweet twitter-tweet-rendered\"><iframe id=\"twitter-widget-1\" class=\"\" title=\"X Post\" src=\"https:\/\/platform.twitter.com\/embed\/Tweet.html?dnt=false&amp;embedId=twitter-widget-1&amp;features=eyJ0ZndfdGltZWxpbmVfbGlzdCI6eyJidWNrZXQiOltdLCJ2ZXJzaW9uIjpudWxsfSwidGZ3X2ZvbGxvd2VyX2NvdW50X3N1bnNldCI6eyJidWNrZXQiOnRydWUsInZlcnNpb24iOm51bGx9LCJ0ZndfdHdlZXRfZWRpdF9iYWNrZW5kIjp7ImJ1Y2tldCI6Im9uIiwidmVyc2lvbiI6bnVsbH0sInRmd19yZWZzcmNfc2Vzc2lvbiI6eyJidWNrZXQiOiJvbiIsInZlcnNpb24iOm51bGx9LCJ0ZndfZm9zbnJfc29mdF9pbnRlcnZlbnRpb25zX2VuYWJsZWQiOnsiYnVja2V0Ijoib24iLCJ2ZXJzaW9uIjpudWxsfSwidGZ3X21peGVkX21lZGlhXzE1ODk3Ijp7ImJ1Y2tldCI6InRyZWF0bWVudCIsInZlcnNpb24iOm51bGx9LCJ0ZndfZXhwZXJpbWVudHNfY29va2llX2V4cGlyYXRpb24iOnsiYnVja2V0IjoxMjA5NjAwLCJ2ZXJzaW9uIjpudWxsfSwidGZ3X3Nob3dfYmlyZHdhdGNoX3Bpdm90c19lbmFibGVkIjp7ImJ1Y2tldCI6Im9uIiwidmVyc2lvbiI6bnVsbH0sInRmd19kdXBsaWNhdGVfc2NyaWJlc190b19zZXR0aW5ncyI6eyJidWNrZXQiOiJvbiIsInZlcnNpb24iOm51bGx9LCJ0ZndfdXNlX3Byb2ZpbGVfaW1hZ2Vfc2hhcGVfZW5hYmxlZCI6eyJidWNrZXQiOiJvbiIsInZlcnNpb24iOm51bGx9LCJ0ZndfdmlkZW9faGxzX2R5bmFtaWNfbWFuaWZlc3RzXzE1MDgyIjp7ImJ1Y2tldCI6InRydWVfYml0cmF0ZSIsInZlcnNpb24iOm51bGx9LCJ0ZndfbGVnYWN5X3RpbWVsaW5lX3N1bnNldCI6eyJidWNrZXQiOnRydWUsInZlcnNpb24iOm51bGx9LCJ0ZndfdHdlZXRfZWRpdF9mcm9udGVuZCI6eyJidWNrZXQiOiJvbiIsInZlcnNpb24iOm51bGx9fQ%3D%3D&amp;frame=false&amp;hideCard=false&amp;hideThread=false&amp;id=1942292141394518358&amp;lang=es&amp;origin=https%3A%2F%2Ffrenteacano.com.ar%2Fel-nieto-recuperado-140-nacio-en-el-centro-de-detencion-clandestino-la-escuelita%2F&amp;sessionId=47fb54cb4f2c8d8e5de21a4ab02cc145287f6342&amp;theme=light&amp;widgetsVersion=2615f7e52b7e0%3A1702314776716&amp;width=550px\" frameborder=\"0\" scrolling=\"no\" allowfullscreen=\"allowfullscreen\" data-tweet-id=\"1942292141394518358\" data-mce-fragment=\"1\"><\/iframe><\/div>\n<p>Cuando Ra\u00fal y N\u00e9stor salieron de la c\u00e1rcel, se alejaron del PC pero siguieron militando en\u00a0<strong>comedores barriales<\/strong>, donde Ra\u00fal y Graciela se conocieron y enamoraron. Luego, la pareja ingres\u00f3 al Partido Revolucionario de los Trabajadores (PRT) y tuvo a su primera hija, Adriana, en octubre de 1975.<\/p>\n<p>En un momento, Ra\u00fal fue a buscar trabajo en una empresa constructora en Neuqu\u00e9n. Cuando lo consigui\u00f3, viajaron para all\u00e1 Graciela y Adriana. Antes, \u00e9l hab\u00eda sufrido un intento de secuestro en su lugar de trabajo.<\/p>\n<p>El\u00a0<strong>16 de diciembre de 1977<\/strong>, un grupo de tareas integrado por el Ej\u00e9rcito y la polic\u00eda de Neuqu\u00e9n irrumpi\u00f3 en la casa en la que viv\u00eda la pareja con su hijita de un a\u00f1o y unos pocos d\u00edas. Se llevaron a R\u00e1ul y a Graciela, que cursaba un embarazo de cinco meses.<\/p>\n<p><strong>Los represores dejaron a Adriana con un vecino. \u201cTom\u00e1, criala como si fuera tuya\u201d<\/strong>, le aconsejaron. Pero el vecino decidi\u00f3 contactar a la familia de la ni\u00f1a y d\u00edas despu\u00e9s los abuelos paternos Oscar y Elsa la fueron a buscarla a Neuqu\u00e9n y la llevaron a Bah\u00eda Blanca para que creciera con ellos.<\/p>\n<p>Ra\u00fal y Graciela permanecieron cautivos inicialmente en La Escuelita de Neuqu\u00e9n, \u201cdonde fueron torturados f\u00edsica y psicol\u00f3gicamente\u201d, y despu\u00e9s fueron trasladados hasta La Escuelita de Bah\u00eda Blanca, donde \u201ctambi\u00e9n sufrieron brutales tormentos\u201d, lament\u00f3 Abuelas de Plaza de Mayo.<\/p>\n<p>&nbsp;<\/p>\n<div class=\"twitter-tweet twitter-tweet-rendered\"><iframe id=\"twitter-widget-2\" class=\"\" title=\"X Post\" src=\"https:\/\/platform.twitter.com\/embed\/Tweet.html?dnt=false&amp;embedId=twitter-widget-2&amp;features=eyJ0ZndfdGltZWxpbmVfbGlzdCI6eyJidWNrZXQiOltdLCJ2ZXJzaW9uIjpudWxsfSwidGZ3X2ZvbGxvd2VyX2NvdW50X3N1bnNldCI6eyJidWNrZXQiOnRydWUsInZlcnNpb24iOm51bGx9LCJ0ZndfdHdlZXRfZWRpdF9iYWNrZW5kIjp7ImJ1Y2tldCI6Im9uIiwidmVyc2lvbiI6bnVsbH0sInRmd19yZWZzcmNfc2Vzc2lvbiI6eyJidWNrZXQiOiJvbiIsInZlcnNpb24iOm51bGx9LCJ0ZndfZm9zbnJfc29mdF9pbnRlcnZlbnRpb25zX2VuYWJsZWQiOnsiYnVja2V0Ijoib24iLCJ2ZXJzaW9uIjpudWxsfSwidGZ3X21peGVkX21lZGlhXzE1ODk3Ijp7ImJ1Y2tldCI6InRyZWF0bWVudCIsInZlcnNpb24iOm51bGx9LCJ0ZndfZXhwZXJpbWVudHNfY29va2llX2V4cGlyYXRpb24iOnsiYnVja2V0IjoxMjA5NjAwLCJ2ZXJzaW9uIjpudWxsfSwidGZ3X3Nob3dfYmlyZHdhdGNoX3Bpdm90c19lbmFibGVkIjp7ImJ1Y2tldCI6Im9uIiwidmVyc2lvbiI6bnVsbH0sInRmd19kdXBsaWNhdGVfc2NyaWJlc190b19zZXR0aW5ncyI6eyJidWNrZXQiOiJvbiIsInZlcnNpb24iOm51bGx9LCJ0ZndfdXNlX3Byb2ZpbGVfaW1hZ2Vfc2hhcGVfZW5hYmxlZCI6eyJidWNrZXQiOiJvbiIsInZlcnNpb24iOm51bGx9LCJ0ZndfdmlkZW9faGxzX2R5bmFtaWNfbWFuaWZlc3RzXzE1MDgyIjp7ImJ1Y2tldCI6InRydWVfYml0cmF0ZSIsInZlcnNpb24iOm51bGx9LCJ0ZndfbGVnYWN5X3RpbWVsaW5lX3N1bnNldCI6eyJidWNrZXQiOnRydWUsInZlcnNpb24iOm51bGx9LCJ0ZndfdHdlZXRfZWRpdF9mcm9udGVuZCI6eyJidWNrZXQiOiJvbiIsInZlcnNpb24iOm51bGx9fQ%3D%3D&amp;frame=false&amp;hideCard=false&amp;hideThread=false&amp;id=1942296808769630534&amp;lang=es&amp;origin=https%3A%2F%2Ffrenteacano.com.ar%2Fel-nieto-recuperado-140-nacio-en-el-centro-de-detencion-clandestino-la-escuelita%2F&amp;sessionId=47fb54cb4f2c8d8e5de21a4ab02cc145287f6342&amp;theme=light&amp;widgetsVersion=2615f7e52b7e0%3A1702314776716&amp;width=550px\" frameborder=\"0\" scrolling=\"no\" allowfullscreen=\"allowfullscreen\" data-tweet-id=\"1942296808769630534\" data-mce-fragment=\"1\"><\/iframe><\/div>\n<div><\/div>\n<p><strong>De \u00e9l se perdi\u00f3 el rastro en enero de 1977<\/strong>, seg\u00fan se reconstruy\u00f3 en los juicios que se sustanciaron por la represi\u00f3n en el V Cuerpo de Ej\u00e9rcito<strong>. Ella tuvo a su hijo en\u00a0abril de 1977 y tambi\u00e9n permanece desaparecida.\u00a0<\/strong><\/p>\n<p><strong>Dos meses antes de que Graciela diera a luz, un m\u00e9dico la revis\u00f3 en el campo de concentraci\u00f3n y les dijo a los represores que deber\u00edan dejarla caminar<\/strong>.<\/p>\n<p>En abril de 1977, hubo revuelo en La Escuelita porque se aproximaba el parto de Graciela. Sin embargo, no llamaron a m\u00e9dico alguno para que la asistiera. Luego de dar a luz, ella pudo permanecer con su hijo solo unos pocos d\u00edas.<\/p>\n<p>En una oportunidad,<strong>\u00a0Graciela se cruz\u00f3 con otra secuestrada, Alicia Partnoy, en un ba\u00f1o y pudo decirle que hab\u00eda tenido un var\u00f3n.<\/strong>\u00a0Alicia tambi\u00e9n escuch\u00f3 que uno de los interrogadores se habr\u00eda llevado al ni\u00f1o.<\/p>\n<p>El 4 de diciembre de 1981,\u00a0<strong>Alicia envi\u00f3 una carta manuscrita a la casa de los abuelos Metz para contarles que su nieto hab\u00eda nacido el 17 de abril de 1977<\/strong>. Oscar ley\u00f3 la nota en voz alta. Sin que \u00e9l lo supiera,<strong>\u00a0Adriana escuch\u00f3 tambi\u00e9n<\/strong>. As\u00ed se enter\u00f3 de que su hermano hab\u00eda nacido.<\/p>\n<p>Oscar muri\u00f3 al poco tiempo, en 1982. Adriana se cri\u00f3 con su abuela hasta los catorce a\u00f1os, cuando ella se enferm\u00f3 y ya no pudo cuidar de su nieta. En ese momento, se mud\u00f3 a Mar del Plata para vivir con la hermana de su mam\u00e1.<\/p>\n<p><strong>Adriana continu\u00f3 la b\u00fasqueda de su familia. Empez\u00f3 a militar a partir de los juicios por cr\u00edmenes de lesa humanidad.<\/strong>\u00a0Es actualmente referente de Abuelas de Plaza de Mayo en la ciudad de Mar del Plata, donde vive con sus hijos. Desde 2023, integra la comisi\u00f3n directiva de la asociaci\u00f3n que preside Estela\u00a0de\u00a0Carlotto.<\/p>\n<p>Seg\u00fan inform\u00f3 Abuelas, a partir de una<strong>\u00a0informaci\u00f3n que el organismo recibi\u00f3 de manera an\u00f3nima<\/strong>, \u201cse inici\u00f3 una investigaci\u00f3n que luego se trabaj\u00f3 de manera conjunta con la Comisi\u00f3n Nacional por el Derecho a la Identidad (CONADI) y la Unidad Especializada para Casos de Apropiaci\u00f3n de Ni\u00f1os durante el Terrorismo de Estado (UFICANTE)\u201d.<\/p>\n<p>Este trabajo conjunto permiti\u00f3 reforzar la hip\u00f3tesis de una posible apropiaci\u00f3n, reunir la documentaci\u00f3n necesaria y profundizar en el caso, explic\u00f3 el organismo.<\/p>\n<p>\u201cEn este marco, y una vez finalizada esta etapa,\u00a0<strong>en abril de este a\u00f1o la CONADI tom\u00f3 contacto con el posible nieto para brindarle toda la informaci\u00f3n recabada<\/strong>. As\u00ed, \u00e9l accedi\u00f3 a concurrir al Banco Nacional de Datos Gen\u00e9ticos y dejar su muestra de ADN para ser cotejada con las familias que buscan\u201d, resumi\u00f3 Abuelas de Plaza de Mayo.<\/p>\n<p>Finalmente<strong>, el viernes pasado el Banco de Datos Gen\u00e9ticos comunic\u00f3 a la CONADI el resultado de ADN\u00a0<\/strong>y \u201cla Comisi\u00f3n le inform\u00f3 al hombre que efectivamente se trataba de un caso de apropiaci\u00f3n y que su perfil coincid\u00eda con el de la familia Metz Romero\u201d.<\/p>\n<p>&nbsp;<\/p>\n<p><strong>Fuente: P\u00e1gina 12<\/strong><\/p>\n","protected":false},"excerpt":{"rendered":"<p>Su madre y su padre, Graciela Romero y Ra\u00fal Metz, fueron secuestrados en Cutral C\u00f3 en 1977, mientras ella estaba embarazada de cinco meses.<\/p>\n","protected":false},"author":3,"featured_media":121442,"comment_status":"closed","ping_status":"closed","sticky":false,"template":"","format":"standard","meta":{"footnotes":""},"categories":[24],"tags":[48],"class_list":["post-121439","post","type-post","status-publish","format-standard","has-post-thumbnail","hentry","category-politica","tag-destacada"],"yoast_head":"<!-- This site is optimized with the Yoast SEO plugin v25.9 - https:\/\/yoast.com\/wordpress\/plugins\/seo\/ -->\n<title>El nieto recuperado 140 naci\u00f3 en el centro de detenci\u00f3n clandestino \u201cLa Escuelita\u201d. - Noticias Radio Reflejos<\/title>\n<meta name=\"robots\" content=\"index, follow, max-snippet:-1, max-image-preview:large, max-video-preview:-1\" \/>\n<link rel=\"canonical\" href=\"https:\/\/www.noticiasradioreflejos.com.ar\/2021\/el-nieto-recuperado-140-nacio-en-el-centro-de-detencion-clandestino-la-escuelita\/\" \/>\n<meta property=\"og:locale\" content=\"es_ES\" \/>\n<meta property=\"og:type\" content=\"article\" \/>\n<meta property=\"og:title\" content=\"El nieto recuperado 140 naci\u00f3 en el centro de detenci\u00f3n clandestino \u201cLa Escuelita\u201d. - Noticias Radio Reflejos\" \/>\n<meta property=\"og:description\" content=\"Su madre y su padre, Graciela Romero y Ra\u00fal Metz, fueron secuestrados en Cutral C\u00f3 en 1977, mientras ella estaba embarazada de cinco meses.\" \/>\n<meta property=\"og:url\" content=\"https:\/\/www.noticiasradioreflejos.com.ar\/2021\/el-nieto-recuperado-140-nacio-en-el-centro-de-detencion-clandestino-la-escuelita\/\" \/>\n<meta property=\"og:site_name\" content=\"Noticias Radio Reflejos\" \/>\n<meta property=\"article:published_time\" content=\"2025-07-07T20:03:49+00:00\" \/>\n<meta property=\"article:modified_time\" content=\"2025-07-07T20:06:00+00:00\" \/>\n<meta property=\"og:image\" content=\"https:\/\/www.noticiasradioreflejos.com.ar\/2021\/wp-content\/uploads\/2025\/07\/metz.jpg\" \/>\n\t<meta property=\"og:image:width\" content=\"999\" \/>\n\t<meta property=\"og:image:height\" content=\"720\" \/>\n\t<meta property=\"og:image:type\" content=\"image\/jpeg\" \/>\n<meta name=\"author\" content=\"Arnaldo Botto\" \/>\n<meta name=\"twitter:card\" content=\"summary_large_image\" \/>\n<script type=\"application\/ld+json\" class=\"yoast-schema-graph\">{\"@context\":\"https:\/\/schema.org\",\"@graph\":[{\"@type\":\"WebPage\",\"@id\":\"https:\/\/www.noticiasradioreflejos.com.ar\/2021\/el-nieto-recuperado-140-nacio-en-el-centro-de-detencion-clandestino-la-escuelita\/\",\"url\":\"https:\/\/www.noticiasradioreflejos.com.ar\/2021\/el-nieto-recuperado-140-nacio-en-el-centro-de-detencion-clandestino-la-escuelita\/\",\"name\":\"El nieto recuperado 140 naci\u00f3 en el centro de detenci\u00f3n clandestino \u201cLa Escuelita\u201d. - Noticias Radio Reflejos\",\"isPartOf\":{\"@id\":\"https:\/\/www.noticiasradioreflejos.com.ar\/2021\/#website\"},\"primaryImageOfPage\":{\"@id\":\"https:\/\/www.noticiasradioreflejos.com.ar\/2021\/el-nieto-recuperado-140-nacio-en-el-centro-de-detencion-clandestino-la-escuelita\/#primaryimage\"},\"image\":{\"@id\":\"https:\/\/www.noticiasradioreflejos.com.ar\/2021\/el-nieto-recuperado-140-nacio-en-el-centro-de-detencion-clandestino-la-escuelita\/#primaryimage\"},\"thumbnailUrl\":\"https:\/\/www.noticiasradioreflejos.com.ar\/2021\/wp-content\/uploads\/2025\/07\/metz.jpg\",\"datePublished\":\"2025-07-07T20:03:49+00:00\",\"dateModified\":\"2025-07-07T20:06:00+00:00\",\"author\":{\"@id\":\"https:\/\/www.noticiasradioreflejos.com.ar\/2021\/#\/schema\/person\/ad82545263dcc5ec0996818884fd5fb1\"},\"breadcrumb\":{\"@id\":\"https:\/\/www.noticiasradioreflejos.com.ar\/2021\/el-nieto-recuperado-140-nacio-en-el-centro-de-detencion-clandestino-la-escuelita\/#breadcrumb\"},\"inLanguage\":\"es\",\"potentialAction\":[{\"@type\":\"ReadAction\",\"target\":[\"https:\/\/www.noticiasradioreflejos.com.ar\/2021\/el-nieto-recuperado-140-nacio-en-el-centro-de-detencion-clandestino-la-escuelita\/\"]}]},{\"@type\":\"ImageObject\",\"inLanguage\":\"es\",\"@id\":\"https:\/\/www.noticiasradioreflejos.com.ar\/2021\/el-nieto-recuperado-140-nacio-en-el-centro-de-detencion-clandestino-la-escuelita\/#primaryimage\",\"url\":\"https:\/\/www.noticiasradioreflejos.com.ar\/2021\/wp-content\/uploads\/2025\/07\/metz.jpg\",\"contentUrl\":\"https:\/\/www.noticiasradioreflejos.com.ar\/2021\/wp-content\/uploads\/2025\/07\/metz.jpg\",\"width\":999,\"height\":720},{\"@type\":\"BreadcrumbList\",\"@id\":\"https:\/\/www.noticiasradioreflejos.com.ar\/2021\/el-nieto-recuperado-140-nacio-en-el-centro-de-detencion-clandestino-la-escuelita\/#breadcrumb\",\"itemListElement\":[{\"@type\":\"ListItem\",\"position\":1,\"name\":\"Portada\",\"item\":\"https:\/\/www.noticiasradioreflejos.com.ar\/2021\/\"},{\"@type\":\"ListItem\",\"position\":2,\"name\":\"El nieto recuperado 140 naci\u00f3 en el centro de detenci\u00f3n clandestino \u201cLa Escuelita\u201d.\"}]},{\"@type\":\"WebSite\",\"@id\":\"https:\/\/www.noticiasradioreflejos.com.ar\/2021\/#website\",\"url\":\"https:\/\/www.noticiasradioreflejos.com.ar\/2021\/\",\"name\":\"Noticias Radio Reflejos\",\"description\":\"Las noticias de mi comarca\",\"potentialAction\":[{\"@type\":\"SearchAction\",\"target\":{\"@type\":\"EntryPoint\",\"urlTemplate\":\"https:\/\/www.noticiasradioreflejos.com.ar\/2021\/?s={search_term_string}\"},\"query-input\":{\"@type\":\"PropertyValueSpecification\",\"valueRequired\":true,\"valueName\":\"search_term_string\"}}],\"inLanguage\":\"es\"},{\"@type\":\"Person\",\"@id\":\"https:\/\/www.noticiasradioreflejos.com.ar\/2021\/#\/schema\/person\/ad82545263dcc5ec0996818884fd5fb1\",\"name\":\"Arnaldo Botto\",\"image\":{\"@type\":\"ImageObject\",\"inLanguage\":\"es\",\"@id\":\"https:\/\/www.noticiasradioreflejos.com.ar\/2021\/#\/schema\/person\/image\/\",\"url\":\"https:\/\/secure.gravatar.com\/avatar\/55cb5e37c1efa326397366e6974cb338056df65cb50e7d64d1cf314e87504837?s=96&d=mm&r=g\",\"contentUrl\":\"https:\/\/secure.gravatar.com\/avatar\/55cb5e37c1efa326397366e6974cb338056df65cb50e7d64d1cf314e87504837?s=96&d=mm&r=g\",\"caption\":\"Arnaldo Botto\"},\"url\":\"https:\/\/www.noticiasradioreflejos.com.ar\/2021\/author\/arnaldo\/\"}]}<\/script>\n<!-- \/ Yoast SEO plugin. -->","yoast_head_json":{"title":"El nieto recuperado 140 naci\u00f3 en el centro de detenci\u00f3n clandestino \u201cLa Escuelita\u201d. - Noticias Radio Reflejos","robots":{"index":"index","follow":"follow","max-snippet":"max-snippet:-1","max-image-preview":"max-image-preview:large","max-video-preview":"max-video-preview:-1"},"canonical":"https:\/\/www.noticiasradioreflejos.com.ar\/2021\/el-nieto-recuperado-140-nacio-en-el-centro-de-detencion-clandestino-la-escuelita\/","og_locale":"es_ES","og_type":"article","og_title":"El nieto recuperado 140 naci\u00f3 en el centro de detenci\u00f3n clandestino \u201cLa Escuelita\u201d. - Noticias Radio Reflejos","og_description":"Su madre y su padre, Graciela Romero y Ra\u00fal Metz, fueron secuestrados en Cutral C\u00f3 en 1977, mientras ella estaba embarazada de cinco meses.","og_url":"https:\/\/www.noticiasradioreflejos.com.ar\/2021\/el-nieto-recuperado-140-nacio-en-el-centro-de-detencion-clandestino-la-escuelita\/","og_site_name":"Noticias Radio Reflejos","article_published_time":"2025-07-07T20:03:49+00:00","article_modified_time":"2025-07-07T20:06:00+00:00","og_image":[{"width":999,"height":720,"url":"https:\/\/www.noticiasradioreflejos.com.ar\/2021\/wp-content\/uploads\/2025\/07\/metz.jpg","type":"image\/jpeg"}],"author":"Arnaldo Botto","twitter_card":"summary_large_image","schema":{"@context":"https:\/\/schema.org","@graph":[{"@type":"WebPage","@id":"https:\/\/www.noticiasradioreflejos.com.ar\/2021\/el-nieto-recuperado-140-nacio-en-el-centro-de-detencion-clandestino-la-escuelita\/","url":"https:\/\/www.noticiasradioreflejos.com.ar\/2021\/el-nieto-recuperado-140-nacio-en-el-centro-de-detencion-clandestino-la-escuelita\/","name":"El nieto recuperado 140 naci\u00f3 en el centro de detenci\u00f3n clandestino \u201cLa Escuelita\u201d. - Noticias Radio Reflejos","isPartOf":{"@id":"https:\/\/www.noticiasradioreflejos.com.ar\/2021\/#website"},"primaryImageOfPage":{"@id":"https:\/\/www.noticiasradioreflejos.com.ar\/2021\/el-nieto-recuperado-140-nacio-en-el-centro-de-detencion-clandestino-la-escuelita\/#primaryimage"},"image":{"@id":"https:\/\/www.noticiasradioreflejos.com.ar\/2021\/el-nieto-recuperado-140-nacio-en-el-centro-de-detencion-clandestino-la-escuelita\/#primaryimage"},"thumbnailUrl":"https:\/\/www.noticiasradioreflejos.com.ar\/2021\/wp-content\/uploads\/2025\/07\/metz.jpg","datePublished":"2025-07-07T20:03:49+00:00","dateModified":"2025-07-07T20:06:00+00:00","author":{"@id":"https:\/\/www.noticiasradioreflejos.com.ar\/2021\/#\/schema\/person\/ad82545263dcc5ec0996818884fd5fb1"},"breadcrumb":{"@id":"https:\/\/www.noticiasradioreflejos.com.ar\/2021\/el-nieto-recuperado-140-nacio-en-el-centro-de-detencion-clandestino-la-escuelita\/#breadcrumb"},"inLanguage":"es","potentialAction":[{"@type":"ReadAction","target":["https:\/\/www.noticiasradioreflejos.com.ar\/2021\/el-nieto-recuperado-140-nacio-en-el-centro-de-detencion-clandestino-la-escuelita\/"]}]},{"@type":"ImageObject","inLanguage":"es","@id":"https:\/\/www.noticiasradioreflejos.com.ar\/2021\/el-nieto-recuperado-140-nacio-en-el-centro-de-detencion-clandestino-la-escuelita\/#primaryimage","url":"https:\/\/www.noticiasradioreflejos.com.ar\/2021\/wp-content\/uploads\/2025\/07\/metz.jpg","contentUrl":"https:\/\/www.noticiasradioreflejos.com.ar\/2021\/wp-content\/uploads\/2025\/07\/metz.jpg","width":999,"height":720},{"@type":"BreadcrumbList","@id":"https:\/\/www.noticiasradioreflejos.com.ar\/2021\/el-nieto-recuperado-140-nacio-en-el-centro-de-detencion-clandestino-la-escuelita\/#breadcrumb","itemListElement":[{"@type":"ListItem","position":1,"name":"Portada","item":"https:\/\/www.noticiasradioreflejos.com.ar\/2021\/"},{"@type":"ListItem","position":2,"name":"El nieto recuperado 140 naci\u00f3 en el centro de detenci\u00f3n clandestino \u201cLa Escuelita\u201d."}]},{"@type":"WebSite","@id":"https:\/\/www.noticiasradioreflejos.com.ar\/2021\/#website","url":"https:\/\/www.noticiasradioreflejos.com.ar\/2021\/","name":"Noticias Radio Reflejos","description":"Las noticias de mi comarca","potentialAction":[{"@type":"SearchAction","target":{"@type":"EntryPoint","urlTemplate":"https:\/\/www.noticiasradioreflejos.com.ar\/2021\/?s={search_term_string}"},"query-input":{"@type":"PropertyValueSpecification","valueRequired":true,"valueName":"search_term_string"}}],"inLanguage":"es"},{"@type":"Person","@id":"https:\/\/www.noticiasradioreflejos.com.ar\/2021\/#\/schema\/person\/ad82545263dcc5ec0996818884fd5fb1","name":"Arnaldo Botto","image":{"@type":"ImageObject","inLanguage":"es","@id":"https:\/\/www.noticiasradioreflejos.com.ar\/2021\/#\/schema\/person\/image\/","url":"https:\/\/secure.gravatar.com\/avatar\/55cb5e37c1efa326397366e6974cb338056df65cb50e7d64d1cf314e87504837?s=96&d=mm&r=g","contentUrl":"https:\/\/secure.gravatar.com\/avatar\/55cb5e37c1efa326397366e6974cb338056df65cb50e7d64d1cf314e87504837?s=96&d=mm&r=g","caption":"Arnaldo Botto"},"url":"https:\/\/www.noticiasradioreflejos.com.ar\/2021\/author\/arnaldo\/"}]}},"_links":{"self":[{"href":"https:\/\/www.noticiasradioreflejos.com.ar\/2021\/wp-json\/wp\/v2\/posts\/121439","targetHints":{"allow":["GET"]}}],"collection":[{"href":"https:\/\/www.noticiasradioreflejos.com.ar\/2021\/wp-json\/wp\/v2\/posts"}],"about":[{"href":"https:\/\/www.noticiasradioreflejos.com.ar\/2021\/wp-json\/wp\/v2\/types\/post"}],"author":[{"embeddable":true,"href":"https:\/\/www.noticiasradioreflejos.com.ar\/2021\/wp-json\/wp\/v2\/users\/3"}],"replies":[{"embeddable":true,"href":"https:\/\/www.noticiasradioreflejos.com.ar\/2021\/wp-json\/wp\/v2\/comments?post=121439"}],"version-history":[{"count":1,"href":"https:\/\/www.noticiasradioreflejos.com.ar\/2021\/wp-json\/wp\/v2\/posts\/121439\/revisions"}],"predecessor-version":[{"id":121440,"href":"https:\/\/www.noticiasradioreflejos.com.ar\/2021\/wp-json\/wp\/v2\/posts\/121439\/revisions\/121440"}],"wp:featuredmedia":[{"embeddable":true,"href":"https:\/\/www.noticiasradioreflejos.com.ar\/2021\/wp-json\/wp\/v2\/media\/121442"}],"wp:attachment":[{"href":"https:\/\/www.noticiasradioreflejos.com.ar\/2021\/wp-json\/wp\/v2\/media?parent=121439"}],"wp:term":[{"taxonomy":"category","embeddable":true,"href":"https:\/\/www.noticiasradioreflejos.com.ar\/2021\/wp-json\/wp\/v2\/categories?post=121439"},{"taxonomy":"post_tag","embeddable":true,"href":"https:\/\/www.noticiasradioreflejos.com.ar\/2021\/wp-json\/wp\/v2\/tags?post=121439"}],"curies":[{"name":"wp","href":"https:\/\/api.w.org\/{rel}","templated":true}]}}