{"id":121436,"date":"2025-07-07T14:50:11","date_gmt":"2025-07-07T17:50:11","guid":{"rendered":"https:\/\/www.noticiasradioreflejos.com.ar\/2021\/?p=121436"},"modified":"2025-07-07T14:50:11","modified_gmt":"2025-07-07T17:50:11","slug":"nombre-del-frente-color-de-la-boleta-y-las-porciones-en-las-listas-que-se-juega-en-el-cierre-de-alianzas-bonaerenses","status":"publish","type":"post","link":"https:\/\/www.noticiasradioreflejos.com.ar\/2021\/nombre-del-frente-color-de-la-boleta-y-las-porciones-en-las-listas-que-se-juega-en-el-cierre-de-alianzas-bonaerenses\/","title":{"rendered":"Nombre del frente, color de la boleta y las porciones en las listas: qu\u00e9 se juega en el cierre de alianzas bonaerenses"},"content":{"rendered":"<p>Este mi\u00e9rcoles vence el plazo para presentar los frentes electorales en Buenos Aires. El PJ logr\u00f3 una costosa unidad y ahora Kicillof y M\u00e1ximo Kirchner discuten los t\u00e9rminos y condiciones. La Libertad Avanza absorber\u00e1 al PRO salvo una rebeli\u00f3n de intendentes amarillos.<!--more--><\/p>\n<div><\/div>\n<div class=\"content-container col-12 col-lg-8\">\n<div class=\"c-content\">\n<div class=\"partner-wrapper opening\" data-mrf-recirculation=\"Apertura\">\n<div class=\"second-col\">\n<figure class=\"ni-figure\"><picture class=\"news-image\"><source srcset=\"https:\/\/static.eldiario.es\/clip\/ffafe6b7-dc0b-43f4-a9da-e7098d416d91_16-9-discover-aspect-ratio_50p_0.webp\" type=\"image\/webp\" media=\"(max-width: 576px)\" \/><source srcset=\"https:\/\/static.eldiario.es\/clip\/ffafe6b7-dc0b-43f4-a9da-e7098d416d91_16-9-discover-aspect-ratio_50p_0.jpg\" type=\"image\/jpg\" media=\"(max-width: 576px)\" \/><source srcset=\"https:\/\/static.eldiario.es\/clip\/ffafe6b7-dc0b-43f4-a9da-e7098d416d91_16-9-discover-aspect-ratio_75p_0.webp\" type=\"image\/webp\" media=\"(max-width: 767px)\" \/><source srcset=\"https:\/\/static.eldiario.es\/clip\/ffafe6b7-dc0b-43f4-a9da-e7098d416d91_16-9-discover-aspect-ratio_75p_0.jpg\" type=\"image\/jpg\" media=\"(max-width: 767px)\" \/><source srcset=\"https:\/\/static.eldiario.es\/clip\/ffafe6b7-dc0b-43f4-a9da-e7098d416d91_16-9-discover-aspect-ratio_default_0.webp\" type=\"image\/webp\" \/><source srcset=\"https:\/\/static.eldiario.es\/clip\/ffafe6b7-dc0b-43f4-a9da-e7098d416d91_16-9-discover-aspect-ratio_default_0.jpg\" type=\"image\/jpg\" \/><img decoding=\"async\" src=\"https:\/\/static.eldiario.es\/clip\/ffafe6b7-dc0b-43f4-a9da-e7098d416d91_16-9-discover-aspect-ratio_default_0.jpg\" alt=\"El congreso del PJ del s\u00e1bado donde se sell\u00f3 una discutida unidad.\" \/><\/picture><figcaption class=\"image-footer\"><span class=\"title\">El congreso del PJ del s\u00e1bado donde se sell\u00f3 una discutida unidad.\u00a0<span class=\"author\">Prensa<\/span><\/span><\/figcaption><\/figure>\n<\/div>\n<div class=\"news-info\" data-mrf-recirculation=\"firma\">\n<div class=\"info-wrapper\">\n<p class=\"authors\"><a href=\"https:\/\/www.eldiarioar.com\/autores\/mauricio-caminos\/\" data-mrf-link=\"https:\/\/www.eldiarioar.com\/autores\/mauricio-caminos\/\">Mauricio Caminos<\/a><\/p>\n<div class=\"date-comments-wrapper\">\n<div class=\"date\"><span class=\"day\">7 de julio de 2025<\/span>\u00a0<span class=\"hour\">12:35 h<\/span><\/div>\n<p><time class=\"date modification-date\" datetime=\"2025-07-07T12:35:18-03:00\"><span class=\"day\">Actualizado el 07\/07\/2025<\/span>\u00a0<span class=\"hour\">12:35 h<\/span>\u00a0<\/time><\/p>\n<p id=\"comments-number\" class=\"comments\"><i class=\"far fa-comment-alt\"><\/i>0<\/p>\n<\/div>\n<\/div>\n<div class=\"twitter-wrapper\"><a class=\"twitter-account\" href=\"https:\/\/twitter.com\/@MauriCaminos\" target=\"_blank\" rel=\"noopener\" data-mrf-link=\"https:\/\/twitter.com\/@MauriCaminos\"><i class=\"fab fa-twitter\"><\/i>@MauriCaminos<\/a><\/div>\n<\/div>\n<\/div>\n<div class=\"partner-wrapper article-page__body-row\">\n<div class=\"second-col\">\n<p class=\"article-text\">Las elecciones bonaerenses del 7 de septiembre llegan a un momento de definici\u00f3n.\u00a0<strong>Este mi\u00e9rcoles 9 de julio se inscriben los frentes electorales y la atenci\u00f3n pol\u00edtica est\u00e1 puesta en c\u00f3mo quedar\u00e1 sellada la interna en el panperonismo y de qu\u00e9 manera se dar\u00e1 la alianza entre La Libertad Avanza y el PRO.<\/strong>\u00a0Son horas fren\u00e9ticas en cada bando porque el\u00a0<em>deadline<\/em>\u00a0implica presentar el nombre formal que aparecer\u00e1 en la boleta de papel, el color predominante para ser identificado por los votantes y \u2013un dato subterr\u00e1neo, pero clave\u2013 qui\u00e9nes son los apoderados. Esto \u00faltimo quiere decir qui\u00e9nes son los custodios de las firmas para inscribir los candidatos el 19 de julio pr\u00f3ximo, momento en que se juega realmente la confianza y la traici\u00f3n entre los socios.<\/p>\n<h2 class=\"article-text\"><strong>\u00bfUn frente peronista?<\/strong><\/h2>\n<p class=\"article-text\">El PJ bonaerense se reuni\u00f3 el s\u00e1bado en Merlo y logr\u00f3 acordar una lista de unidad tras una semana de duros cruces y la amenaza de que cada tribu interna presente su propio sello electoral. \u201cSe acord\u00f3 consolidar un gran frente que, en las pr\u00f3ximas elecciones legislativas, funcione como escudo y ponga un freno a la motosierra que hoy arrasa derechos y sue\u00f1os en nuestra provincia y en toda la Argentina\u201d, promocion\u00f3\u00a0<strong>Axel Kicillof\u00a0<\/strong>en redes sociales.<\/p>\n<p class=\"article-text\">Las tensiones entre el gobernador y\u00a0<strong>M\u00e1ximo Kirchner<\/strong>\u00a0se mantienen, pero se apost\u00f3 por la unidad ahora que Cristina Kirchner qued\u00f3 fuera de juego. El PJ facult\u00f3 a una \u201cmesa chica\u201d para que discuta los t\u00e9rminos y condiciones del acuerdo.\u00a0<strong>\u201cTodos quer\u00edan todo, todos cedieron un poco, todos ganaron\u201d<\/strong>, apunt\u00f3 una fuente sobre los t\u00e9rminos en los que se dio la unidad.<\/p>\n<p class=\"article-text\">Ahora se sentar\u00e1n lapicera en mano el hijo de la expresidenta, Gabriel Katopodis (ministro de Kicillof y armador entre los intendentes), Mariel Fern\u00e1ndez (intendenta de Moreno, referente del Movimiento Evita y lugarteniente de Cristina), Federico Oterm\u00edn (jefe comunal de Lomas de Zamora, alfil a Mart\u00edn Insaurralde) y Ver\u00f3nica Magario (vicegobernadora y pareja del mandam\u00e1s de La Matanza, Fernando Espinoza).<\/p>\n<p class=\"article-text\">Fueron los facultados para conformar un \u201cFrente Peronista\u201d, primer potencial nombre que trascendi\u00f3 de la posible oferta electoral del oficialismo en PBA. El color ser\u00e1 el tradicional azul, as\u00ed como la utilizaci\u00f3n de la Lista 2 y el escudo partidario: las manos estrechadas con la pica con el gorro frigio y, detr\u00e1s, la bandera celeste y blanca.<\/p>\n<figure class=\"embed-container embed-container--type-twitter \">\n<div class=\"twitter-tweet twitter-tweet-rendered\"><iframe id=\"twitter-widget-0\" class=\"\" title=\"X Post\" src=\"https:\/\/platform.twitter.com\/embed\/Tweet.html?dnt=false&amp;embedId=twitter-widget-0&amp;features=eyJ0ZndfdGltZWxpbmVfbGlzdCI6eyJidWNrZXQiOltdLCJ2ZXJzaW9uIjpudWxsfSwidGZ3X2ZvbGxvd2VyX2NvdW50X3N1bnNldCI6eyJidWNrZXQiOnRydWUsInZlcnNpb24iOm51bGx9LCJ0ZndfdHdlZXRfZWRpdF9iYWNrZW5kIjp7ImJ1Y2tldCI6Im9uIiwidmVyc2lvbiI6bnVsbH0sInRmd19yZWZzcmNfc2Vzc2lvbiI6eyJidWNrZXQiOiJvbiIsInZlcnNpb24iOm51bGx9LCJ0ZndfZm9zbnJfc29mdF9pbnRlcnZlbnRpb25zX2VuYWJsZWQiOnsiYnVja2V0Ijoib24iLCJ2ZXJzaW9uIjpudWxsfSwidGZ3X21peGVkX21lZGlhXzE1ODk3Ijp7ImJ1Y2tldCI6InRyZWF0bWVudCIsInZlcnNpb24iOm51bGx9LCJ0ZndfZXhwZXJpbWVudHNfY29va2llX2V4cGlyYXRpb24iOnsiYnVja2V0IjoxMjA5NjAwLCJ2ZXJzaW9uIjpudWxsfSwidGZ3X3Nob3dfYmlyZHdhdGNoX3Bpdm90c19lbmFibGVkIjp7ImJ1Y2tldCI6Im9uIiwidmVyc2lvbiI6bnVsbH0sInRmd19kdXBsaWNhdGVfc2NyaWJlc190b19zZXR0aW5ncyI6eyJidWNrZXQiOiJvbiIsInZlcnNpb24iOm51bGx9LCJ0ZndfdXNlX3Byb2ZpbGVfaW1hZ2Vfc2hhcGVfZW5hYmxlZCI6eyJidWNrZXQiOiJvbiIsInZlcnNpb24iOm51bGx9LCJ0ZndfdmlkZW9faGxzX2R5bmFtaWNfbWFuaWZlc3RzXzE1MDgyIjp7ImJ1Y2tldCI6InRydWVfYml0cmF0ZSIsInZlcnNpb24iOm51bGx9LCJ0ZndfbGVnYWN5X3RpbWVsaW5lX3N1bnNldCI6eyJidWNrZXQiOnRydWUsInZlcnNpb24iOm51bGx9LCJ0ZndfdHdlZXRfZWRpdF9mcm9udGVuZCI6eyJidWNrZXQiOiJvbiIsInZlcnNpb24iOm51bGx9fQ%3D%3D&amp;frame=false&amp;hideCard=false&amp;hideThread=false&amp;id=1941892965095416076&amp;lang=es&amp;origin=https%3A%2F%2Fwww.eldiarioar.com%2Fpolitica%2Fnombre-frente-color-boleta-porciones-listas-juega-cierre-alianzas-bonaerenses_1_12445503.html&amp;sessionId=c5a45eb461773aae0e9edc4af25a72c3fffa9693&amp;theme=light&amp;widgetsVersion=2615f7e52b7e0%3A1702314776716&amp;width=550px\" frameborder=\"0\" scrolling=\"no\" allowfullscreen=\"allowfullscreen\" data-tweet-id=\"1941892965095416076\"><\/iframe><\/div>\n<\/figure>\n<p class=\"article-text\">Tras el mi\u00e9rcoles,<strong>\u00a0le quedar\u00e1 al peronismo comenzar a discutir qui\u00e9n ser\u00e1 el cabeza de lista y c\u00f3mo se repartir\u00e1n los \u201cravioles\u201d para cada secci\u00f3n electoral bonaerense que va a las urnas, as\u00ed como los cargos municipales en juego.\u00a0<\/strong>De alguna manera son ocho elecciones simult\u00e1neas porque en cada regi\u00f3n se votan cargos distintos. As\u00ed, por ejemplo, en la Tercera \u2013que corresponden al sur del conurbano\u2013 se vota para diputados provinciales, pero en la Primera \u2013el norte del conurbano\u2013 se eligen senadores.<\/p>\n<p class=\"article-text\">El PJ tiene que definir qu\u00e9 participaci\u00f3n tendr\u00e1 en cada lista el axelismo, el kirchnerismo y el massismo, adem\u00e1s de los intendentes, los movimientos sociales y los gremios. La intenci\u00f3n es que el acuerdo bonaerense sirva para ordenar la posterior lista de toda la PBA de cara a las elecciones nacionales. \u201cHay reuniones en todo momento\u201d, anticip\u00f3 esta ma\u00f1ana un operador del conurbano profundo, marcando la pauta del frenes\u00ed de las negociaciones.<\/p>\n<p class=\"article-text\">Una protesta qu\u00e9 est\u00e1 en el aire es una repartija de tres tercios para cada tribu principal, pero se est\u00e1 analizando los pesos relativos de cada espacio en cada distrito. No es lo mismo que La C\u00e1mpora ocupe m\u00e1s lugares en Quilmes, donde gobierna Mayra Mendoza, que en San Mart\u00edn, donde est\u00e1 Fernando Moreira, aliado de Katopodis.\u00a0<strong>\u201cEsta es una elecci\u00f3n de desmotivaci\u00f3n, la gente no quiere ir a votar.<\/strong>\u00a0Entonces tenes que mover el aparato y eso depende que est\u00e9n todos arriba del colectivo\u201d, concluy\u00f3 un peronista.<\/p>\n<h2 class=\"article-text\"><strong>Los amarillos, ahora de violeta<\/strong><\/h2>\n<p class=\"article-text\"><strong>\u201cVioleta. La Libertad Avanza\u201d<\/strong>, concluy\u00f3 un operador libertario ante la consulta de c\u00f3mo se cerrar\u00e1 la alianza entre el Gobierno y el PRO este mi\u00e9rcoles, y no dej\u00f3 lugar a dudas: le dedic\u00f3 un insulto irreproducible a Mauricio Macri.<\/p>\n<figure><picture class=\"news-image\"><source srcset=\"https:\/\/static.eldiario.es\/clip\/0b9cb9bc-2fae-402b-92ee-0ea413d181d3_16-9-discover-aspect-ratio_50p_0.webp\" type=\"image\/webp\" media=\"(max-width: 576px)\" \/><source srcset=\"https:\/\/static.eldiario.es\/clip\/0b9cb9bc-2fae-402b-92ee-0ea413d181d3_16-9-discover-aspect-ratio_50p_0.jpg\" type=\"image\/jpg\" media=\"(max-width: 576px)\" \/><source srcset=\"https:\/\/static.eldiario.es\/clip\/0b9cb9bc-2fae-402b-92ee-0ea413d181d3_16-9-discover-aspect-ratio_75p_0.webp\" type=\"image\/webp\" media=\"(max-width: 767px)\" \/><source srcset=\"https:\/\/static.eldiario.es\/clip\/0b9cb9bc-2fae-402b-92ee-0ea413d181d3_16-9-discover-aspect-ratio_75p_0.jpg\" type=\"image\/jpg\" media=\"(max-width: 767px)\" \/><source srcset=\"https:\/\/static.eldiario.es\/clip\/0b9cb9bc-2fae-402b-92ee-0ea413d181d3_16-9-discover-aspect-ratio_default_0.webp\" type=\"image\/webp\" media=\"(min-width: 768px)\" \/><source srcset=\"https:\/\/static.eldiario.es\/clip\/0b9cb9bc-2fae-402b-92ee-0ea413d181d3_16-9-discover-aspect-ratio_default_0.jpg\" type=\"image\/jpg\" media=\"(min-width: 768px)\" \/><source srcset=\"https:\/\/static.eldiario.es\/clip\/0b9cb9bc-2fae-402b-92ee-0ea413d181d3_16-9-discover-aspect-ratio_default_0.webp\" type=\"image\/webp\" \/><img decoding=\"async\" class=\"lazy entered loaded\" src=\"https:\/\/static.eldiario.es\/clip\/0b9cb9bc-2fae-402b-92ee-0ea413d181d3_16-9-discover-aspect-ratio_default_0.jpg\" alt=\"\" data-src=\"https:\/\/static.eldiario.es\/clip\/0b9cb9bc-2fae-402b-92ee-0ea413d181d3_16-9-discover-aspect-ratio_default_0.jpg\" data-ll-status=\"loaded\" \/><\/picture><figcaption class=\"image-footer\"><span class=\"title\">Javier Milei y Cristian Ritondo, las terminales de la negociaci\u00f3n LLA-PRO en provincia de Buenos Aires.\u00a0<span class=\"author\">NA<\/span><\/span><\/figcaption><\/figure>\n<p class=\"article-text\">El partido amarillo acept\u00f3 el viernes ir a un frente con el oficialismo nacional y en las pr\u00f3ximas horas quedar\u00e1 confirmado que la batuta la llevar\u00e1\u00a0<strong>Karina Milei.<\/strong>\u00a0La oposici\u00f3n al peronismo ser\u00e1 una boleta violeta y con el nombre del partido libertario.<\/p>\n<p class=\"article-text\">A cambio de esa concesi\u00f3n, en la mesa de definici\u00f3n de las listas estar\u00e1\u00a0<strong>Cristian Ritondo\u00a0<\/strong>con un apoderado propio para custodiar el pacto. Ritondo est\u00e1 haciendo esfuerzos para que no naufrague el acuerdo en aquellos distritos donde el PRO tiene intendentes.<\/p>\n<p class=\"article-text\">Es que los jefes comunales \u2013por ejemplo Soledad Mart\u00ednez, de Vicente L\u00f3pez, de la Primera Secci\u00f3n\u2013 no quieren militar una boleta full violeta porque abajo del tramo para la Legislatura bonaerense van los candidatos para los concejos deliberantes de cada municipio, as\u00ed como los consejeros escolares locales.\u00a0<strong>\u201cDonde hay intendentes PRO, en la lista tendr\u00e1n m\u00e1s lugares disponibles entre concejales entrables\u201d<\/strong>, explic\u00f3 la voz libertaria consultada. Traducci\u00f3n: si hay posibilidad de meter seis ediles, cuatro lugares ser\u00e1n nominados por los amarillos.<\/p>\n<figure class=\"embed-container embed-container--type-twitter \">\n<div class=\"twitter-tweet twitter-tweet-rendered\"><iframe id=\"twitter-widget-1\" class=\"\" title=\"X Post\" src=\"https:\/\/platform.twitter.com\/embed\/Tweet.html?dnt=false&amp;embedId=twitter-widget-1&amp;features=eyJ0ZndfdGltZWxpbmVfbGlzdCI6eyJidWNrZXQiOltdLCJ2ZXJzaW9uIjpudWxsfSwidGZ3X2ZvbGxvd2VyX2NvdW50X3N1bnNldCI6eyJidWNrZXQiOnRydWUsInZlcnNpb24iOm51bGx9LCJ0ZndfdHdlZXRfZWRpdF9iYWNrZW5kIjp7ImJ1Y2tldCI6Im9uIiwidmVyc2lvbiI6bnVsbH0sInRmd19yZWZzcmNfc2Vzc2lvbiI6eyJidWNrZXQiOiJvbiIsInZlcnNpb24iOm51bGx9LCJ0ZndfZm9zbnJfc29mdF9pbnRlcnZlbnRpb25zX2VuYWJsZWQiOnsiYnVja2V0Ijoib24iLCJ2ZXJzaW9uIjpudWxsfSwidGZ3X21peGVkX21lZGlhXzE1ODk3Ijp7ImJ1Y2tldCI6InRyZWF0bWVudCIsInZlcnNpb24iOm51bGx9LCJ0ZndfZXhwZXJpbWVudHNfY29va2llX2V4cGlyYXRpb24iOnsiYnVja2V0IjoxMjA5NjAwLCJ2ZXJzaW9uIjpudWxsfSwidGZ3X3Nob3dfYmlyZHdhdGNoX3Bpdm90c19lbmFibGVkIjp7ImJ1Y2tldCI6Im9uIiwidmVyc2lvbiI6bnVsbH0sInRmd19kdXBsaWNhdGVfc2NyaWJlc190b19zZXR0aW5ncyI6eyJidWNrZXQiOiJvbiIsInZlcnNpb24iOm51bGx9LCJ0ZndfdXNlX3Byb2ZpbGVfaW1hZ2Vfc2hhcGVfZW5hYmxlZCI6eyJidWNrZXQiOiJvbiIsInZlcnNpb24iOm51bGx9LCJ0ZndfdmlkZW9faGxzX2R5bmFtaWNfbWFuaWZlc3RzXzE1MDgyIjp7ImJ1Y2tldCI6InRydWVfYml0cmF0ZSIsInZlcnNpb24iOm51bGx9LCJ0ZndfbGVnYWN5X3RpbWVsaW5lX3N1bnNldCI6eyJidWNrZXQiOnRydWUsInZlcnNpb24iOm51bGx9LCJ0ZndfdHdlZXRfZWRpdF9mcm9udGVuZCI6eyJidWNrZXQiOiJvbiIsInZlcnNpb24iOm51bGx9fQ%3D%3D&amp;frame=false&amp;hideCard=false&amp;hideThread=false&amp;id=1941202044809068632&amp;lang=es&amp;origin=https%3A%2F%2Fwww.eldiarioar.com%2Fpolitica%2Fnombre-frente-color-boleta-porciones-listas-juega-cierre-alianzas-bonaerenses_1_12445503.html&amp;sessionId=c5a45eb461773aae0e9edc4af25a72c3fffa9693&amp;theme=light&amp;widgetsVersion=2615f7e52b7e0%3A1702314776716&amp;width=550px\" frameborder=\"0\" scrolling=\"no\" allowfullscreen=\"allowfullscreen\" data-tweet-id=\"1941202044809068632\"><\/iframe><\/div>\n<\/figure>\n<p class=\"article-text\">La discusi\u00f3n se vuelve compleja cuando se sale del conurbano, porque los amarillos Pablo Petrecca (intendente de Jun\u00edn), Javier Mart\u00ednez (Pergamino) o Diego Reyes (Puan) no quieren ceder tanto la lapicera a la Casa Rosada. \u201cEn el interior es m\u00e1s complicado porque la negociaci\u00f3n no est\u00e1 contemplando gobernabilidad sino s\u00f3lo posibilidad de ganar. Meter un troyano dentro de las lista no nos interesa\u201d, apunt\u00f3 una fuente del macrismo.<\/p>\n<div id=\"container-after-news-outlook\"><\/div>\n<p class=\"article-text\">Se esperaban por estas horas nuevas reuniones entre Ritondo y\u00a0<strong>Sebasti\u00e1n Pareja<\/strong>, titular de LLA en PBA, as\u00ed como Zoom con los intendentes. Tambi\u00e9n puede pasar que como las secciones electorales definen cargos distintos, las condiciones acordadas entre LLA y el PRO en el conurbano \u2013lugar clave para enfrentar al peronismo\u2013 no se repliquen en las regiones del interior. Eso significar\u00eda que los intendentes macristas podr\u00edan no aceptar las condiciones y romper el acuerdo en sus pagos chicos: \u201cExiste es posibilidad\u201d, admiti\u00f3 un amarillo. Lo complet\u00f3 un libertario:\u00a0<strong>\u201cSi alguno de ellos no quiere, que se vaya. No hay lugar a debate ni discusi\u00f3n\u201d.<\/strong><\/p>\n<p class=\"article-text\"><em>MC<\/em><\/p>\n<\/div>\n<\/div>\n<\/div>\n<\/div>\n","protected":false},"excerpt":{"rendered":"<p>Este mi\u00e9rcoles vence el plazo para presentar los frentes electorales en Buenos Aires. El PJ logr\u00f3 una costosa unidad y ahora Kicillof y M\u00e1ximo Kirchner discuten los t\u00e9rminos y condiciones. La Libertad Avanza absorber\u00e1 al PRO salvo una rebeli\u00f3n de intendentes amarillos.<\/p>\n","protected":false},"author":3,"featured_media":0,"comment_status":"closed","ping_status":"closed","sticky":false,"template":"","format":"standard","meta":{"footnotes":""},"categories":[24],"tags":[48],"class_list":["post-121436","post","type-post","status-publish","format-standard","hentry","category-politica","tag-destacada"],"yoast_head":"<!-- This site is optimized with the Yoast SEO plugin v25.9 - https:\/\/yoast.com\/wordpress\/plugins\/seo\/ -->\n<title>Nombre del frente, color de la boleta y las porciones en las listas: qu\u00e9 se juega en el cierre de alianzas bonaerenses - Noticias Radio Reflejos<\/title>\n<meta name=\"robots\" content=\"index, follow, max-snippet:-1, max-image-preview:large, max-video-preview:-1\" \/>\n<link rel=\"canonical\" href=\"https:\/\/www.noticiasradioreflejos.com.ar\/2021\/nombre-del-frente-color-de-la-boleta-y-las-porciones-en-las-listas-que-se-juega-en-el-cierre-de-alianzas-bonaerenses\/\" \/>\n<meta property=\"og:locale\" content=\"es_ES\" \/>\n<meta property=\"og:type\" content=\"article\" \/>\n<meta property=\"og:title\" content=\"Nombre del frente, color de la boleta y las porciones en las listas: qu\u00e9 se juega en el cierre de alianzas bonaerenses - Noticias Radio Reflejos\" \/>\n<meta property=\"og:description\" content=\"Este mi\u00e9rcoles vence el plazo para presentar los frentes electorales en Buenos Aires. El PJ logr\u00f3 una costosa unidad y ahora Kicillof y M\u00e1ximo Kirchner discuten los t\u00e9rminos y condiciones. La Libertad Avanza absorber\u00e1 al PRO salvo una rebeli\u00f3n de intendentes amarillos.\" \/>\n<meta property=\"og:url\" content=\"https:\/\/www.noticiasradioreflejos.com.ar\/2021\/nombre-del-frente-color-de-la-boleta-y-las-porciones-en-las-listas-que-se-juega-en-el-cierre-de-alianzas-bonaerenses\/\" \/>\n<meta property=\"og:site_name\" content=\"Noticias Radio Reflejos\" \/>\n<meta property=\"article:published_time\" content=\"2025-07-07T17:50:11+00:00\" \/>\n<meta property=\"og:image\" content=\"https:\/\/www.noticiasradioreflejos.com.ar\/2021\/wp-content\/uploads\/2025\/07\/congreso-PJ.jpg\" \/>\n\t<meta property=\"og:image:width\" content=\"1200\" \/>\n\t<meta property=\"og:image:height\" content=\"675\" \/>\n\t<meta property=\"og:image:type\" content=\"image\/jpeg\" \/>\n<meta name=\"author\" content=\"Arnaldo Botto\" \/>\n<meta name=\"twitter:card\" content=\"summary_large_image\" \/>\n<script type=\"application\/ld+json\" class=\"yoast-schema-graph\">{\"@context\":\"https:\/\/schema.org\",\"@graph\":[{\"@type\":\"WebPage\",\"@id\":\"https:\/\/www.noticiasradioreflejos.com.ar\/2021\/nombre-del-frente-color-de-la-boleta-y-las-porciones-en-las-listas-que-se-juega-en-el-cierre-de-alianzas-bonaerenses\/\",\"url\":\"https:\/\/www.noticiasradioreflejos.com.ar\/2021\/nombre-del-frente-color-de-la-boleta-y-las-porciones-en-las-listas-que-se-juega-en-el-cierre-de-alianzas-bonaerenses\/\",\"name\":\"Nombre del frente, color de la boleta y las porciones en las listas: qu\u00e9 se juega en el cierre de alianzas bonaerenses - Noticias Radio Reflejos\",\"isPartOf\":{\"@id\":\"https:\/\/www.noticiasradioreflejos.com.ar\/2021\/#website\"},\"primaryImageOfPage\":{\"@id\":\"https:\/\/www.noticiasradioreflejos.com.ar\/2021\/nombre-del-frente-color-de-la-boleta-y-las-porciones-en-las-listas-que-se-juega-en-el-cierre-de-alianzas-bonaerenses\/#primaryimage\"},\"image\":{\"@id\":\"https:\/\/www.noticiasradioreflejos.com.ar\/2021\/nombre-del-frente-color-de-la-boleta-y-las-porciones-en-las-listas-que-se-juega-en-el-cierre-de-alianzas-bonaerenses\/#primaryimage\"},\"thumbnailUrl\":\"https:\/\/static.eldiario.es\/clip\/ffafe6b7-dc0b-43f4-a9da-e7098d416d91_16-9-discover-aspect-ratio_default_0.jpg\",\"datePublished\":\"2025-07-07T17:50:11+00:00\",\"author\":{\"@id\":\"https:\/\/www.noticiasradioreflejos.com.ar\/2021\/#\/schema\/person\/ad82545263dcc5ec0996818884fd5fb1\"},\"breadcrumb\":{\"@id\":\"https:\/\/www.noticiasradioreflejos.com.ar\/2021\/nombre-del-frente-color-de-la-boleta-y-las-porciones-en-las-listas-que-se-juega-en-el-cierre-de-alianzas-bonaerenses\/#breadcrumb\"},\"inLanguage\":\"es\",\"potentialAction\":[{\"@type\":\"ReadAction\",\"target\":[\"https:\/\/www.noticiasradioreflejos.com.ar\/2021\/nombre-del-frente-color-de-la-boleta-y-las-porciones-en-las-listas-que-se-juega-en-el-cierre-de-alianzas-bonaerenses\/\"]}]},{\"@type\":\"ImageObject\",\"inLanguage\":\"es\",\"@id\":\"https:\/\/www.noticiasradioreflejos.com.ar\/2021\/nombre-del-frente-color-de-la-boleta-y-las-porciones-en-las-listas-que-se-juega-en-el-cierre-de-alianzas-bonaerenses\/#primaryimage\",\"url\":\"https:\/\/static.eldiario.es\/clip\/ffafe6b7-dc0b-43f4-a9da-e7098d416d91_16-9-discover-aspect-ratio_default_0.jpg\",\"contentUrl\":\"https:\/\/static.eldiario.es\/clip\/ffafe6b7-dc0b-43f4-a9da-e7098d416d91_16-9-discover-aspect-ratio_default_0.jpg\"},{\"@type\":\"BreadcrumbList\",\"@id\":\"https:\/\/www.noticiasradioreflejos.com.ar\/2021\/nombre-del-frente-color-de-la-boleta-y-las-porciones-en-las-listas-que-se-juega-en-el-cierre-de-alianzas-bonaerenses\/#breadcrumb\",\"itemListElement\":[{\"@type\":\"ListItem\",\"position\":1,\"name\":\"Portada\",\"item\":\"https:\/\/www.noticiasradioreflejos.com.ar\/2021\/\"},{\"@type\":\"ListItem\",\"position\":2,\"name\":\"Nombre del frente, color de la boleta y las porciones en las listas: qu\u00e9 se juega en el cierre de alianzas bonaerenses\"}]},{\"@type\":\"WebSite\",\"@id\":\"https:\/\/www.noticiasradioreflejos.com.ar\/2021\/#website\",\"url\":\"https:\/\/www.noticiasradioreflejos.com.ar\/2021\/\",\"name\":\"Noticias Radio Reflejos\",\"description\":\"Las noticias de mi comarca\",\"potentialAction\":[{\"@type\":\"SearchAction\",\"target\":{\"@type\":\"EntryPoint\",\"urlTemplate\":\"https:\/\/www.noticiasradioreflejos.com.ar\/2021\/?s={search_term_string}\"},\"query-input\":{\"@type\":\"PropertyValueSpecification\",\"valueRequired\":true,\"valueName\":\"search_term_string\"}}],\"inLanguage\":\"es\"},{\"@type\":\"Person\",\"@id\":\"https:\/\/www.noticiasradioreflejos.com.ar\/2021\/#\/schema\/person\/ad82545263dcc5ec0996818884fd5fb1\",\"name\":\"Arnaldo Botto\",\"image\":{\"@type\":\"ImageObject\",\"inLanguage\":\"es\",\"@id\":\"https:\/\/www.noticiasradioreflejos.com.ar\/2021\/#\/schema\/person\/image\/\",\"url\":\"https:\/\/secure.gravatar.com\/avatar\/55cb5e37c1efa326397366e6974cb338056df65cb50e7d64d1cf314e87504837?s=96&d=mm&r=g\",\"contentUrl\":\"https:\/\/secure.gravatar.com\/avatar\/55cb5e37c1efa326397366e6974cb338056df65cb50e7d64d1cf314e87504837?s=96&d=mm&r=g\",\"caption\":\"Arnaldo Botto\"},\"url\":\"https:\/\/www.noticiasradioreflejos.com.ar\/2021\/author\/arnaldo\/\"}]}<\/script>\n<!-- \/ Yoast SEO plugin. -->","yoast_head_json":{"title":"Nombre del frente, color de la boleta y las porciones en las listas: qu\u00e9 se juega en el cierre de alianzas bonaerenses - Noticias Radio Reflejos","robots":{"index":"index","follow":"follow","max-snippet":"max-snippet:-1","max-image-preview":"max-image-preview:large","max-video-preview":"max-video-preview:-1"},"canonical":"https:\/\/www.noticiasradioreflejos.com.ar\/2021\/nombre-del-frente-color-de-la-boleta-y-las-porciones-en-las-listas-que-se-juega-en-el-cierre-de-alianzas-bonaerenses\/","og_locale":"es_ES","og_type":"article","og_title":"Nombre del frente, color de la boleta y las porciones en las listas: qu\u00e9 se juega en el cierre de alianzas bonaerenses - Noticias Radio Reflejos","og_description":"Este mi\u00e9rcoles vence el plazo para presentar los frentes electorales en Buenos Aires. El PJ logr\u00f3 una costosa unidad y ahora Kicillof y M\u00e1ximo Kirchner discuten los t\u00e9rminos y condiciones. La Libertad Avanza absorber\u00e1 al PRO salvo una rebeli\u00f3n de intendentes amarillos.","og_url":"https:\/\/www.noticiasradioreflejos.com.ar\/2021\/nombre-del-frente-color-de-la-boleta-y-las-porciones-en-las-listas-que-se-juega-en-el-cierre-de-alianzas-bonaerenses\/","og_site_name":"Noticias Radio Reflejos","article_published_time":"2025-07-07T17:50:11+00:00","og_image":[{"width":1200,"height":675,"url":"https:\/\/www.noticiasradioreflejos.com.ar\/2021\/wp-content\/uploads\/2025\/07\/congreso-PJ.jpg","type":"image\/jpeg"}],"author":"Arnaldo Botto","twitter_card":"summary_large_image","schema":{"@context":"https:\/\/schema.org","@graph":[{"@type":"WebPage","@id":"https:\/\/www.noticiasradioreflejos.com.ar\/2021\/nombre-del-frente-color-de-la-boleta-y-las-porciones-en-las-listas-que-se-juega-en-el-cierre-de-alianzas-bonaerenses\/","url":"https:\/\/www.noticiasradioreflejos.com.ar\/2021\/nombre-del-frente-color-de-la-boleta-y-las-porciones-en-las-listas-que-se-juega-en-el-cierre-de-alianzas-bonaerenses\/","name":"Nombre del frente, color de la boleta y las porciones en las listas: qu\u00e9 se juega en el cierre de alianzas bonaerenses - Noticias Radio Reflejos","isPartOf":{"@id":"https:\/\/www.noticiasradioreflejos.com.ar\/2021\/#website"},"primaryImageOfPage":{"@id":"https:\/\/www.noticiasradioreflejos.com.ar\/2021\/nombre-del-frente-color-de-la-boleta-y-las-porciones-en-las-listas-que-se-juega-en-el-cierre-de-alianzas-bonaerenses\/#primaryimage"},"image":{"@id":"https:\/\/www.noticiasradioreflejos.com.ar\/2021\/nombre-del-frente-color-de-la-boleta-y-las-porciones-en-las-listas-que-se-juega-en-el-cierre-de-alianzas-bonaerenses\/#primaryimage"},"thumbnailUrl":"https:\/\/static.eldiario.es\/clip\/ffafe6b7-dc0b-43f4-a9da-e7098d416d91_16-9-discover-aspect-ratio_default_0.jpg","datePublished":"2025-07-07T17:50:11+00:00","author":{"@id":"https:\/\/www.noticiasradioreflejos.com.ar\/2021\/#\/schema\/person\/ad82545263dcc5ec0996818884fd5fb1"},"breadcrumb":{"@id":"https:\/\/www.noticiasradioreflejos.com.ar\/2021\/nombre-del-frente-color-de-la-boleta-y-las-porciones-en-las-listas-que-se-juega-en-el-cierre-de-alianzas-bonaerenses\/#breadcrumb"},"inLanguage":"es","potentialAction":[{"@type":"ReadAction","target":["https:\/\/www.noticiasradioreflejos.com.ar\/2021\/nombre-del-frente-color-de-la-boleta-y-las-porciones-en-las-listas-que-se-juega-en-el-cierre-de-alianzas-bonaerenses\/"]}]},{"@type":"ImageObject","inLanguage":"es","@id":"https:\/\/www.noticiasradioreflejos.com.ar\/2021\/nombre-del-frente-color-de-la-boleta-y-las-porciones-en-las-listas-que-se-juega-en-el-cierre-de-alianzas-bonaerenses\/#primaryimage","url":"https:\/\/static.eldiario.es\/clip\/ffafe6b7-dc0b-43f4-a9da-e7098d416d91_16-9-discover-aspect-ratio_default_0.jpg","contentUrl":"https:\/\/static.eldiario.es\/clip\/ffafe6b7-dc0b-43f4-a9da-e7098d416d91_16-9-discover-aspect-ratio_default_0.jpg"},{"@type":"BreadcrumbList","@id":"https:\/\/www.noticiasradioreflejos.com.ar\/2021\/nombre-del-frente-color-de-la-boleta-y-las-porciones-en-las-listas-que-se-juega-en-el-cierre-de-alianzas-bonaerenses\/#breadcrumb","itemListElement":[{"@type":"ListItem","position":1,"name":"Portada","item":"https:\/\/www.noticiasradioreflejos.com.ar\/2021\/"},{"@type":"ListItem","position":2,"name":"Nombre del frente, color de la boleta y las porciones en las listas: qu\u00e9 se juega en el cierre de alianzas bonaerenses"}]},{"@type":"WebSite","@id":"https:\/\/www.noticiasradioreflejos.com.ar\/2021\/#website","url":"https:\/\/www.noticiasradioreflejos.com.ar\/2021\/","name":"Noticias Radio Reflejos","description":"Las noticias de mi comarca","potentialAction":[{"@type":"SearchAction","target":{"@type":"EntryPoint","urlTemplate":"https:\/\/www.noticiasradioreflejos.com.ar\/2021\/?s={search_term_string}"},"query-input":{"@type":"PropertyValueSpecification","valueRequired":true,"valueName":"search_term_string"}}],"inLanguage":"es"},{"@type":"Person","@id":"https:\/\/www.noticiasradioreflejos.com.ar\/2021\/#\/schema\/person\/ad82545263dcc5ec0996818884fd5fb1","name":"Arnaldo Botto","image":{"@type":"ImageObject","inLanguage":"es","@id":"https:\/\/www.noticiasradioreflejos.com.ar\/2021\/#\/schema\/person\/image\/","url":"https:\/\/secure.gravatar.com\/avatar\/55cb5e37c1efa326397366e6974cb338056df65cb50e7d64d1cf314e87504837?s=96&d=mm&r=g","contentUrl":"https:\/\/secure.gravatar.com\/avatar\/55cb5e37c1efa326397366e6974cb338056df65cb50e7d64d1cf314e87504837?s=96&d=mm&r=g","caption":"Arnaldo Botto"},"url":"https:\/\/www.noticiasradioreflejos.com.ar\/2021\/author\/arnaldo\/"}]}},"_links":{"self":[{"href":"https:\/\/www.noticiasradioreflejos.com.ar\/2021\/wp-json\/wp\/v2\/posts\/121436","targetHints":{"allow":["GET"]}}],"collection":[{"href":"https:\/\/www.noticiasradioreflejos.com.ar\/2021\/wp-json\/wp\/v2\/posts"}],"about":[{"href":"https:\/\/www.noticiasradioreflejos.com.ar\/2021\/wp-json\/wp\/v2\/types\/post"}],"author":[{"embeddable":true,"href":"https:\/\/www.noticiasradioreflejos.com.ar\/2021\/wp-json\/wp\/v2\/users\/3"}],"replies":[{"embeddable":true,"href":"https:\/\/www.noticiasradioreflejos.com.ar\/2021\/wp-json\/wp\/v2\/comments?post=121436"}],"version-history":[{"count":1,"href":"https:\/\/www.noticiasradioreflejos.com.ar\/2021\/wp-json\/wp\/v2\/posts\/121436\/revisions"}],"predecessor-version":[{"id":121438,"href":"https:\/\/www.noticiasradioreflejos.com.ar\/2021\/wp-json\/wp\/v2\/posts\/121436\/revisions\/121438"}],"wp:attachment":[{"href":"https:\/\/www.noticiasradioreflejos.com.ar\/2021\/wp-json\/wp\/v2\/media?parent=121436"}],"wp:term":[{"taxonomy":"category","embeddable":true,"href":"https:\/\/www.noticiasradioreflejos.com.ar\/2021\/wp-json\/wp\/v2\/categories?post=121436"},{"taxonomy":"post_tag","embeddable":true,"href":"https:\/\/www.noticiasradioreflejos.com.ar\/2021\/wp-json\/wp\/v2\/tags?post=121436"}],"curies":[{"name":"wp","href":"https:\/\/api.w.org\/{rel}","templated":true}]}}