{"id":121431,"date":"2025-07-07T13:19:37","date_gmt":"2025-07-07T16:19:37","guid":{"rendered":"https:\/\/www.noticiasradioreflejos.com.ar\/2021\/?p=121431"},"modified":"2025-07-07T13:19:37","modified_gmt":"2025-07-07T16:19:37","slug":"actividades-que-vas-a-poder-disfrutar-en-estas-vacaciones-de-invierno-en-la-macedonio","status":"publish","type":"post","link":"https:\/\/www.noticiasradioreflejos.com.ar\/2021\/actividades-que-vas-a-poder-disfrutar-en-estas-vacaciones-de-invierno-en-la-macedonio\/","title":{"rendered":"Actividades que vas a poder disfrutar en estas vacaciones de invierno en la Macedonio"},"content":{"rendered":"<div><b>TALLERES EN VACACIONES DE INVIERNO<\/b><\/div>\n<p><!--more--><\/p>\n<div><b>\u00a0<\/b><\/div>\n<div><b><u>Taller de Caleidoscopios\u00a0<img decoding=\"async\" class=\"an1\" draggable=\"false\" src=\"https:\/\/fonts.gstatic.com\/s\/e\/notoemoji\/16.0\/1f308\/32.png\" alt=\"\ud83c\udf08\" data-emoji=\"\ud83c\udf08\" aria-label=\"\ud83c\udf08\" \/><\/u><\/b><\/div>\n<div><img decoding=\"async\" class=\"an1\" draggable=\"false\" src=\"https:\/\/fonts.gstatic.com\/s\/e\/notoemoji\/16.0\/1f5d3_fe0f\/32.png\" alt=\"\ud83d\uddd3\ufe0f\" data-emoji=\"\ud83d\uddd3\ufe0f\" aria-label=\"\ud83d\uddd3\ufe0f\" \/>S\u00e1bado 26\/7<\/div>\n<div><img decoding=\"async\" class=\"an1\" draggable=\"false\" src=\"https:\/\/fonts.gstatic.com\/s\/e\/notoemoji\/16.0\/1f563\/32.png\" alt=\"\ud83d\udd63\" data-emoji=\"\ud83d\udd63\" aria-label=\"\ud83d\udd63\" \/>15 hs<\/div>\n<div>Duraci\u00f3n del taller: 2 hs<\/div>\n<div>Trabajaremos con materiales reciclados\u00a0<img decoding=\"async\" class=\"an1\" draggable=\"false\" src=\"https:\/\/fonts.gstatic.com\/s\/e\/notoemoji\/16.0\/267b\/32.png\" alt=\"\u267b\" data-emoji=\"\u267b\" aria-label=\"\u267b\" \/><\/div>\n<div>Traer cartuchera con elementos para decorar su objeto\u00a0<img decoding=\"async\" class=\"an1\" draggable=\"false\" src=\"https:\/\/fonts.gstatic.com\/s\/e\/notoemoji\/16.0\/1f3a8\/32.png\" alt=\"\ud83c\udfa8\" data-emoji=\"\ud83c\udfa8\" aria-label=\"\ud83c\udfa8\" \/><\/div>\n<div>Para personas mayores de 9 a\u00f1os<\/div>\n<div>Menores de 9 acompa\u00f1ados por una persona adulta \u00a0(manipularemos vidrios y elementos muy peque\u00f1os)<\/div>\n<div>Actividad ideal para hacer en familia<\/div>\n<div>Valor del taller $5000<\/div>\n<div>Incluye todos los materiales y cada participante se llevar\u00e1 su caleidoscopio terminado<\/div>\n<div>Informaci\u00f3n\u00a0<img decoding=\"async\" class=\"an1\" draggable=\"false\" src=\"https:\/\/fonts.gstatic.com\/s\/e\/notoemoji\/16.0\/2139_fe0f\/32.png\" alt=\"\u2139\ufe0f\" data-emoji=\"\u2139\ufe0f\" aria-label=\"\u2139\ufe0f\" \/>\u00a0Griselda \u00a0<img decoding=\"async\" class=\"an1\" draggable=\"false\" src=\"https:\/\/fonts.gstatic.com\/s\/e\/notoemoji\/16.0\/1f4de\/32.png\" alt=\"\ud83d\udcde\" data-emoji=\"\ud83d\udcde\" aria-label=\"\ud83d\udcde\" \/>2915 72-1375<\/div>\n<div><\/div>\n<div><b><u>Taller Acuarelas Caseras\u00a0<\/u><\/b><img decoding=\"async\" class=\"an1\" draggable=\"false\" src=\"https:\/\/fonts.gstatic.com\/s\/e\/notoemoji\/16.0\/1f3a8\/32.png\" alt=\"\ud83c\udfa8\" data-emoji=\"\ud83c\udfa8\" aria-label=\"\ud83c\udfa8\" \/><\/div>\n<div><img decoding=\"async\" class=\"an1\" draggable=\"false\" src=\"https:\/\/fonts.gstatic.com\/s\/e\/notoemoji\/16.0\/1f5d3_fe0f\/32.png\" alt=\"\ud83d\uddd3\ufe0f\" data-emoji=\"\ud83d\uddd3\ufe0f\" aria-label=\"\ud83d\uddd3\ufe0f\" \/>\u00a0Martes 29 de julio<\/div>\n<div><img decoding=\"async\" class=\"an1\" draggable=\"false\" src=\"https:\/\/fonts.gstatic.com\/s\/e\/notoemoji\/16.0\/23f0\/32.png\" alt=\"\u23f0\" data-emoji=\"\u23f0\" aria-label=\"\u23f0\" \/>\u00a016 hs<\/div>\n<div>Elaboraremos nuestras propias acuarelas con una receta f\u00e1cil y no t\u00f3xica.<\/div>\n<div>Duraci\u00f3n del taller 1 hs y 48 hs.<\/div>\n<div><img decoding=\"async\" class=\"an1\" draggable=\"false\" src=\"https:\/\/fonts.gstatic.com\/s\/e\/notoemoji\/16.0\/1f4cb\/32.png\" alt=\"\ud83d\udccb\" data-emoji=\"\ud83d\udccb\" aria-label=\"\ud83d\udccb\" \/>Lista de materiales necesaria:<\/div>\n<div><img decoding=\"async\" class=\"an1\" draggable=\"false\" src=\"https:\/\/fonts.gstatic.com\/s\/e\/notoemoji\/16.0\/2705\/32.png\" alt=\"\u2705\" data-emoji=\"\u2705\" aria-label=\"\u2705\" \/>\u00a01\/2 taza de Almid\u00f3n de ma\u00edz (maicena)<\/div>\n<div><img decoding=\"async\" class=\"an1\" draggable=\"false\" src=\"https:\/\/fonts.gstatic.com\/s\/e\/notoemoji\/16.0\/2705\/32.png\" alt=\"\u2705\" data-emoji=\"\u2705\" aria-label=\"\u2705\" \/>1\/2 taza de bicarbonato de sodio<\/div>\n<div><img decoding=\"async\" class=\"an1\" draggable=\"false\" src=\"https:\/\/fonts.gstatic.com\/s\/e\/notoemoji\/16.0\/2705\/32.png\" alt=\"\u2705\" data-emoji=\"\u2705\" aria-label=\"\u2705\" \/>\u00a0Recipiente para la mezcla<\/div>\n<div><img decoding=\"async\" class=\"an1\" draggable=\"false\" src=\"https:\/\/fonts.gstatic.com\/s\/e\/notoemoji\/16.0\/2705\/32.png\" alt=\"\u2705\" data-emoji=\"\u2705\" aria-label=\"\u2705\" \/>\u00a0Cuchara para mezclar<\/div>\n<div>\u00a0Taller a colaboraci\u00f3n Voluntaria<\/div>\n<div>Para personas de 5 a 100 a\u00f1os<\/div>\n<div>\u00a0Informaci\u00f3n: Griselda \u00a0<img decoding=\"async\" class=\"an1\" draggable=\"false\" src=\"https:\/\/fonts.gstatic.com\/s\/e\/notoemoji\/16.0\/260e_fe0f\/32.png\" alt=\"\u260e\ufe0f\" data-emoji=\"\u260e\ufe0f\" aria-label=\"\u260e\ufe0f\" \/>\u00a02915721375<\/div>\n<div><\/div>\n<div><b><u>Taller de m\u00fasica y juego<img decoding=\"async\" class=\"an1\" draggable=\"false\" src=\"https:\/\/fonts.gstatic.com\/s\/e\/notoemoji\/16.0\/1f3b5\/32.png\" alt=\"\ud83c\udfb5\" data-emoji=\"\ud83c\udfb5\" aria-label=\"\ud83c\udfb5\" \/>\u00a0<\/u><\/b><\/div>\n<div><img decoding=\"async\" class=\"an1\" draggable=\"false\" src=\"https:\/\/fonts.gstatic.com\/s\/e\/notoemoji\/16.0\/1f5d3_fe0f\/32.png\" alt=\"\ud83d\uddd3\ufe0f\" data-emoji=\"\ud83d\uddd3\ufe0f\" aria-label=\"\ud83d\uddd3\ufe0f\" \/>Domingo 20\/7<\/div>\n<div><img decoding=\"async\" class=\"an1\" draggable=\"false\" src=\"https:\/\/fonts.gstatic.com\/s\/e\/notoemoji\/16.0\/23f0\/32.png\" alt=\"\u23f0\" data-emoji=\"\u23f0\" aria-label=\"\u23f0\" \/>\u00a016 hs a 17:30 hs<\/div>\n<div>Dirigido a infancias de 3 a 7 a\u00f1os acompa\u00f1ados con familia.<\/div>\n<div>En este taller:<\/div>\n<div><img decoding=\"async\" class=\"an1\" draggable=\"false\" src=\"https:\/\/fonts.gstatic.com\/s\/e\/notoemoji\/16.0\/1f308\/32.png\" alt=\"\ud83c\udf08\" data-emoji=\"\ud83c\udf08\" aria-label=\"\ud83c\udf08\" \/>Exploramos y tocamos instrumentos y materiales sonoros<\/div>\n<div><img decoding=\"async\" class=\"an1\" draggable=\"false\" src=\"https:\/\/fonts.gstatic.com\/s\/e\/notoemoji\/16.0\/1f308\/32.png\" alt=\"\ud83c\udf08\" data-emoji=\"\ud83c\udf08\" aria-label=\"\ud83c\udf08\" \/>Jugamos con el cuerpo, movimientos y desplazamientos<\/div>\n<div><img decoding=\"async\" class=\"an1\" draggable=\"false\" src=\"https:\/\/fonts.gstatic.com\/s\/e\/notoemoji\/16.0\/1f308\/32.png\" alt=\"\ud83c\udf08\" data-emoji=\"\ud83c\udf08\" aria-label=\"\ud83c\udf08\" \/>Compartimos juegos de manos, cuentos y canciones en ronda<\/div>\n<div>Taller arancelado<\/div>\n<div><img decoding=\"async\" class=\"an1\" draggable=\"false\" src=\"https:\/\/fonts.gstatic.com\/s\/e\/notoemoji\/16.0\/2139_fe0f\/32.png\" alt=\"\u2139\ufe0f\" data-emoji=\"\u2139\ufe0f\" aria-label=\"\u2139\ufe0f\" \/>\u00a0Informaci\u00f3n\u00a0:Profe Laura \u00a0<img decoding=\"async\" class=\"an1\" draggable=\"false\" src=\"https:\/\/fonts.gstatic.com\/s\/e\/notoemoji\/16.0\/260e_fe0f\/32.png\" alt=\"\u260e\ufe0f\" data-emoji=\"\u260e\ufe0f\" aria-label=\"\u260e\ufe0f\" \/>1168771888 IG: crecer.sonando<\/div>\n<div><\/div>\n<div><b><u>Taller de pan y poesia<\/u><\/b>\u00a0<img decoding=\"async\" class=\"an1\" draggable=\"false\" src=\"https:\/\/fonts.gstatic.com\/s\/e\/notoemoji\/16.0\/1f956\/32.png\" alt=\"\ud83e\udd56\" data-emoji=\"\ud83e\udd56\" aria-label=\"\ud83e\udd56\" \/><img decoding=\"async\" class=\"an1\" draggable=\"false\" src=\"https:\/\/fonts.gstatic.com\/s\/e\/notoemoji\/16.0\/1f4dd\/32.png\" alt=\"\ud83d\udcdd\" data-emoji=\"\ud83d\udcdd\" aria-label=\"\ud83d\udcdd\" \/><\/div>\n<div><img decoding=\"async\" class=\"an1\" draggable=\"false\" src=\"https:\/\/fonts.gstatic.com\/s\/e\/notoemoji\/16.0\/1f5d3_fe0f\/32.png\" alt=\"\ud83d\uddd3\ufe0f\" data-emoji=\"\ud83d\uddd3\ufe0f\" aria-label=\"\ud83d\uddd3\ufe0f\" \/>Martes 23 de julio<\/div>\n<div><img decoding=\"async\" class=\"an1\" draggable=\"false\" src=\"https:\/\/fonts.gstatic.com\/s\/e\/notoemoji\/16.0\/23f0\/32.png\" alt=\"\u23f0\" data-emoji=\"\u23f0\" aria-label=\"\u23f0\" \/>15 hs<\/div>\n<div>Dirigido a infancias y sus familias<\/div>\n<div><\/div>\n<div>Las palabras pueden leudar como masa si le damos nuestro calor. Alimentamos el cuerpo y el alma con este taller en el que aprender\u00e1s a amasar y cocinar panes con diferentes ingredientes con Irene Antognolli y a escribir poemas y canciones con Roberta Iannamico.<\/div>\n<div>\u00a0<img decoding=\"async\" class=\"an1\" draggable=\"false\" src=\"https:\/\/fonts.gstatic.com\/s\/e\/notoemoji\/16.0\/1f956\/32.png\" alt=\"\ud83e\udd56\" data-emoji=\"\ud83e\udd56\" aria-label=\"\ud83e\udd56\" \/>\u00a0Panes que son un poema<\/div>\n<div><img decoding=\"async\" class=\"an1\" draggable=\"false\" src=\"https:\/\/fonts.gstatic.com\/s\/e\/notoemoji\/16.0\/1f4d6\/32.png\" alt=\"\ud83d\udcd6\" data-emoji=\"\ud83d\udcd6\" aria-label=\"\ud83d\udcd6\" \/>\u00a0Poemas que son una delicia<\/div>\n<div>Actividad a colaboraci\u00f3n voluntaria<\/div>\n<div><\/div>\n<div><b><u>Taller de yoga\u00a0<img decoding=\"async\" class=\"an1\" draggable=\"false\" src=\"https:\/\/fonts.gstatic.com\/s\/e\/notoemoji\/16.0\/1f9d8_200d_2640_fe0f\/32.png\" alt=\"\ud83e\uddd8\u200d\u2640\ufe0f\" data-emoji=\"\ud83e\uddd8\u200d\u2640\ufe0f\" aria-label=\"\ud83e\uddd8\u200d\u2640\ufe0f\" \/>\u00a0para Ni\u00f1os y ni\u00f1as<\/u><\/b>\u00a0<img decoding=\"async\" class=\"an1\" draggable=\"false\" src=\"https:\/\/fonts.gstatic.com\/s\/e\/notoemoji\/16.0\/1f9d8_1f3fd_200d_2642_fe0f\/32.png\" alt=\"\ud83e\uddd8\ud83c\udffd\u200d\u2642\ufe0f\" data-emoji=\"\ud83e\uddd8\ud83c\udffd\u200d\u2642\ufe0f\" aria-label=\"\ud83e\uddd8\ud83c\udffd\u200d\u2642\ufe0f\" \/>\u00a0de 4 a 7 a\u00f1os<\/div>\n<div><img decoding=\"async\" class=\"an1\" draggable=\"false\" src=\"https:\/\/fonts.gstatic.com\/s\/e\/notoemoji\/16.0\/1f5d3_fe0f\/32.png\" alt=\"\ud83d\uddd3\ufe0f\" data-emoji=\"\ud83d\uddd3\ufe0f\" aria-label=\"\ud83d\uddd3\ufe0f\" \/>\u00a0Lunes 22 de julio<\/div>\n<div><img decoding=\"async\" class=\"an1\" draggable=\"false\" src=\"https:\/\/fonts.gstatic.com\/s\/e\/notoemoji\/16.0\/23f0\/32.png\" alt=\"\u23f0\" data-emoji=\"\u23f0\" aria-label=\"\u23f0\" \/>16 hs<\/div>\n<div>La duraci\u00f3n es de una hora<\/div>\n<div>Llevar ropa c\u00f3moda y una mantita<\/div>\n<div>En el taller vamos a mover el cuerpo,<\/div>\n<div>aprender a respirar profundamente, concentrarnos y disfrutar de un rato de calma y relajaci\u00f3n\u00a0<img decoding=\"async\" class=\"an1\" draggable=\"false\" src=\"https:\/\/fonts.gstatic.com\/s\/e\/notoemoji\/16.0\/1f308\/32.png\" alt=\"\ud83c\udf08\" data-emoji=\"\ud83c\udf08\" aria-label=\"\ud83c\udf08\" \/><\/div>\n<div>Colaboraci\u00f3n Voluntaria<\/div>\n<div>Informaci\u00f3n\u00a0<img decoding=\"async\" class=\"an1\" draggable=\"false\" src=\"https:\/\/fonts.gstatic.com\/s\/e\/notoemoji\/16.0\/2139_fe0f\/32.png\" alt=\"\u2139\ufe0f\" data-emoji=\"\u2139\ufe0f\" aria-label=\"\u2139\ufe0f\" \/>\u00a0Silvia \u00a0<img decoding=\"async\" class=\"an1\" draggable=\"false\" src=\"https:\/\/fonts.gstatic.com\/s\/e\/notoemoji\/16.0\/260e_fe0f\/32.png\" alt=\"\u260e\ufe0f\" data-emoji=\"\u260e\ufe0f\" aria-label=\"\u260e\ufe0f\" \/>\u00a02914 14-6989<\/div>\n<div><\/div>\n<div><b><u>Taller de casitas collage textil<\/u><\/b>\u00a0<img decoding=\"async\" class=\"an1\" draggable=\"false\" src=\"https:\/\/fonts.gstatic.com\/s\/e\/notoemoji\/16.0\/1f3e0\/32.png\" alt=\"\ud83c\udfe0\" data-emoji=\"\ud83c\udfe0\" aria-label=\"\ud83c\udfe0\" \/>\u00a0<img decoding=\"async\" class=\"an1\" draggable=\"false\" src=\"https:\/\/fonts.gstatic.com\/s\/e\/notoemoji\/16.0\/1f9f5\/32.png\" alt=\"\ud83e\uddf5\" data-emoji=\"\ud83e\uddf5\" aria-label=\"\ud83e\uddf5\" \/>\u00a0<img decoding=\"async\" class=\"an1\" draggable=\"false\" src=\"https:\/\/fonts.gstatic.com\/s\/e\/notoemoji\/16.0\/1f3e1\/32.png\" alt=\"\ud83c\udfe1\" data-emoji=\"\ud83c\udfe1\" aria-label=\"\ud83c\udfe1\" \/><\/div>\n<div><img decoding=\"async\" class=\"an1\" draggable=\"false\" src=\"https:\/\/fonts.gstatic.com\/s\/e\/notoemoji\/16.0\/1f5d3_fe0f\/32.png\" alt=\"\ud83d\uddd3\ufe0f\" data-emoji=\"\ud83d\uddd3\ufe0f\" aria-label=\"\ud83d\uddd3\ufe0f\" \/>\u00a0Jueves 31 \/7<\/div>\n<div><img decoding=\"async\" class=\"an1\" draggable=\"false\" src=\"https:\/\/fonts.gstatic.com\/s\/e\/notoemoji\/16.0\/23f0\/32.png\" alt=\"\u23f0\" data-emoji=\"\u23f0\" aria-label=\"\u23f0\" \/>15 hs<\/div>\n<div>Para toda la familia<\/div>\n<div>Menores de 12 a\u00f1os acompa\u00f1ados \u00a0lo un adulto (usaremos agujas y tijeras\u00a0<img decoding=\"async\" class=\"an1\" draggable=\"false\" src=\"https:\/\/fonts.gstatic.com\/s\/e\/notoemoji\/16.0\/2702_fe0f\/32.png\" alt=\"\u2702\ufe0f\" data-emoji=\"\u2702\ufe0f\" aria-label=\"\u2702\ufe0f\" \/>)<\/div>\n<div><img decoding=\"async\" class=\"an1\" draggable=\"false\" src=\"https:\/\/fonts.gstatic.com\/s\/e\/notoemoji\/16.0\/1f3e0\/32.png\" alt=\"\ud83c\udfe0\" data-emoji=\"\ud83c\udfe0\" aria-label=\"\ud83c\udfe0\" \/>\u00a0<img decoding=\"async\" class=\"an1\" draggable=\"false\" src=\"https:\/\/fonts.gstatic.com\/s\/e\/notoemoji\/16.0\/1f3e1\/32.png\" alt=\"\ud83c\udfe1\" data-emoji=\"\ud83c\udfe1\" aria-label=\"\ud83c\udfe1\" \/><\/div>\n<div>Desde la infancia dibujamos casitas, la casa es refugio, abrazo, es el lugar donde siempre queremos volver.<\/div>\n<div>En este taller entre hilos y retazos, construimos casitas peque\u00f1as, casitas que podemos guardar en un bolsillo, ser dije \u00a0o ser prendedor.<\/div>\n<div>Nuestras casitas diminutas guardan lo m\u00e1s grande el deseo de hogar<\/div>\n<div>Traer costurero\u00a0<img decoding=\"async\" class=\"an1\" draggable=\"false\" src=\"https:\/\/fonts.gstatic.com\/s\/e\/notoemoji\/16.0\/1faa1\/32.png\" alt=\"\ud83e\udea1\" data-emoji=\"\ud83e\udea1\" aria-label=\"\ud83e\udea1\" \/>\u00a0<img decoding=\"async\" class=\"an1\" draggable=\"false\" src=\"https:\/\/fonts.gstatic.com\/s\/e\/notoemoji\/16.0\/1f9f5\/32.png\" alt=\"\ud83e\uddf5\" data-emoji=\"\ud83e\uddf5\" aria-label=\"\ud83e\uddf5\" \/><\/div>\n<div>Colaboraci\u00f3n voluntaria<\/div>\n<div><img decoding=\"async\" class=\"an1\" draggable=\"false\" src=\"https:\/\/fonts.gstatic.com\/s\/e\/notoemoji\/16.0\/2139_fe0f\/32.png\" alt=\"\u2139\ufe0f\" data-emoji=\"\u2139\ufe0f\" aria-label=\"\u2139\ufe0f\" \/>\u00a0@pastizal.serrano<\/div>\n<div><\/div>\n<div><\/div>\n<div><\/div>\n<div><b><u><img decoding=\"async\" class=\"an1\" draggable=\"false\" src=\"https:\/\/fonts.gstatic.com\/s\/e\/notoemoji\/16.0\/1f3aa\/32.png\" alt=\"\ud83c\udfaa\" data-emoji=\"\ud83c\udfaa\" aria-label=\"\ud83c\udfaa\" \/>\u00a0Circo Abya Yala<\/u><\/b>\u00a0<img decoding=\"async\" class=\"an1\" draggable=\"false\" src=\"https:\/\/fonts.gstatic.com\/s\/e\/notoemoji\/16.0\/1f3aa\/32.png\" alt=\"\ud83c\udfaa\" data-emoji=\"\ud83c\udfaa\" aria-label=\"\ud83c\udfaa\" \/><\/div>\n<div><img decoding=\"async\" class=\"an1\" draggable=\"false\" src=\"https:\/\/fonts.gstatic.com\/s\/e\/notoemoji\/16.0\/1f5d3_fe0f\/32.png\" alt=\"\ud83d\uddd3\ufe0f\" data-emoji=\"\ud83d\uddd3\ufe0f\" aria-label=\"\ud83d\uddd3\ufe0f\" \/>\u00a0Lunes 28\/7<\/div>\n<div><img decoding=\"async\" class=\"an1\" draggable=\"false\" src=\"https:\/\/fonts.gstatic.com\/s\/e\/notoemoji\/16.0\/23f0\/32.png\" alt=\"\u23f0\" data-emoji=\"\u23f0\" aria-label=\"\u23f0\" \/>\u00a016 hs<\/div>\n<div><img decoding=\"async\" class=\"an1\" draggable=\"false\" src=\"https:\/\/fonts.gstatic.com\/s\/e\/notoemoji\/16.0\/1f39f_fe0f\/32.png\" alt=\"\ud83c\udf9f\ufe0f\" data-emoji=\"\ud83c\udf9f\ufe0f\" aria-label=\"\ud83c\udf9f\ufe0f\" \/>\u00a0Entrada a la gorra\u00a0<img decoding=\"async\" class=\"an1\" draggable=\"false\" src=\"https:\/\/fonts.gstatic.com\/s\/e\/notoemoji\/16.0\/1f3a9\/32.png\" alt=\"\ud83c\udfa9\" data-emoji=\"\ud83c\udfa9\" aria-label=\"\ud83c\udfa9\" \/><\/div>\n<div><\/div>\n<div>Estos dos payasos, mediante el circo, la comedia y las diferentes disciplinas que realizan, como el malabar, la acrobacia y la destreza, llevan a cabo una funci\u00f3n \u00fanica, con incre\u00edbles n\u00fameros en la que todos somos parte y la alegr\u00eda es la protagonista.<\/div>\n<div><\/div>\n<p><iframe loading=\"lazy\" src=\"https:\/\/www.facebook.com\/plugins\/post.php?href=https%3A%2F%2Fwww.facebook.com%2Fpermalink.php%3Fstory_fbid%3Dpfbid02S8nKLy3tJH2UdXYRS4hcMkuZjyWPbQGvuHLxjdPcwfx1uDpuagC34a5TXNnTQzaTl%26id%3D100091327519773&#038;show_text=true&#038;width=500\" width=\"500\" height=\"250\" style=\"border:none;overflow:hidden\" scrolling=\"no\" frameborder=\"0\" allowfullscreen=\"true\" allow=\"autoplay; clipboard-write; encrypted-media; picture-in-picture; web-share\"><\/iframe><\/p>\n","protected":false},"excerpt":{"rendered":"<p>TALLERES EN VACACIONES DE INVIERNO<\/p>\n","protected":false},"author":3,"featured_media":0,"comment_status":"closed","ping_status":"closed","sticky":false,"template":"","format":"standard","meta":{"footnotes":""},"categories":[35],"tags":[],"class_list":["post-121431","post","type-post","status-publish","format-standard","hentry","category-cultura"],"yoast_head":"<!-- This site is optimized with the Yoast SEO plugin v25.9 - https:\/\/yoast.com\/wordpress\/plugins\/seo\/ -->\n<title>Actividades que vas a poder disfrutar en estas vacaciones de invierno en la Macedonio - Noticias Radio Reflejos<\/title>\n<meta name=\"robots\" content=\"index, follow, max-snippet:-1, max-image-preview:large, max-video-preview:-1\" \/>\n<link rel=\"canonical\" href=\"https:\/\/www.noticiasradioreflejos.com.ar\/2021\/actividades-que-vas-a-poder-disfrutar-en-estas-vacaciones-de-invierno-en-la-macedonio\/\" \/>\n<meta property=\"og:locale\" content=\"es_ES\" \/>\n<meta property=\"og:type\" content=\"article\" \/>\n<meta property=\"og:title\" content=\"Actividades que vas a poder disfrutar en estas vacaciones de invierno en la Macedonio - Noticias Radio Reflejos\" \/>\n<meta property=\"og:description\" content=\"TALLERES EN VACACIONES DE INVIERNO\" \/>\n<meta property=\"og:url\" content=\"https:\/\/www.noticiasradioreflejos.com.ar\/2021\/actividades-que-vas-a-poder-disfrutar-en-estas-vacaciones-de-invierno-en-la-macedonio\/\" \/>\n<meta property=\"og:site_name\" content=\"Noticias Radio Reflejos\" \/>\n<meta property=\"article:published_time\" content=\"2025-07-07T16:19:37+00:00\" \/>\n<meta property=\"og:image\" content=\"https:\/\/fonts.gstatic.com\/s\/e\/notoemoji\/16.0\/1f308\/32.png\" \/>\n<meta name=\"author\" content=\"Arnaldo Botto\" \/>\n<meta name=\"twitter:card\" content=\"summary_large_image\" \/>\n<script type=\"application\/ld+json\" class=\"yoast-schema-graph\">{\"@context\":\"https:\/\/schema.org\",\"@graph\":[{\"@type\":\"WebPage\",\"@id\":\"https:\/\/www.noticiasradioreflejos.com.ar\/2021\/actividades-que-vas-a-poder-disfrutar-en-estas-vacaciones-de-invierno-en-la-macedonio\/\",\"url\":\"https:\/\/www.noticiasradioreflejos.com.ar\/2021\/actividades-que-vas-a-poder-disfrutar-en-estas-vacaciones-de-invierno-en-la-macedonio\/\",\"name\":\"Actividades que vas a poder disfrutar en estas vacaciones de invierno en la Macedonio - Noticias Radio Reflejos\",\"isPartOf\":{\"@id\":\"https:\/\/www.noticiasradioreflejos.com.ar\/2021\/#website\"},\"primaryImageOfPage\":{\"@id\":\"https:\/\/www.noticiasradioreflejos.com.ar\/2021\/actividades-que-vas-a-poder-disfrutar-en-estas-vacaciones-de-invierno-en-la-macedonio\/#primaryimage\"},\"image\":{\"@id\":\"https:\/\/www.noticiasradioreflejos.com.ar\/2021\/actividades-que-vas-a-poder-disfrutar-en-estas-vacaciones-de-invierno-en-la-macedonio\/#primaryimage\"},\"thumbnailUrl\":\"https:\/\/fonts.gstatic.com\/s\/e\/notoemoji\/16.0\/1f308\/32.png\",\"datePublished\":\"2025-07-07T16:19:37+00:00\",\"author\":{\"@id\":\"https:\/\/www.noticiasradioreflejos.com.ar\/2021\/#\/schema\/person\/ad82545263dcc5ec0996818884fd5fb1\"},\"breadcrumb\":{\"@id\":\"https:\/\/www.noticiasradioreflejos.com.ar\/2021\/actividades-que-vas-a-poder-disfrutar-en-estas-vacaciones-de-invierno-en-la-macedonio\/#breadcrumb\"},\"inLanguage\":\"es\",\"potentialAction\":[{\"@type\":\"ReadAction\",\"target\":[\"https:\/\/www.noticiasradioreflejos.com.ar\/2021\/actividades-que-vas-a-poder-disfrutar-en-estas-vacaciones-de-invierno-en-la-macedonio\/\"]}]},{\"@type\":\"ImageObject\",\"inLanguage\":\"es\",\"@id\":\"https:\/\/www.noticiasradioreflejos.com.ar\/2021\/actividades-que-vas-a-poder-disfrutar-en-estas-vacaciones-de-invierno-en-la-macedonio\/#primaryimage\",\"url\":\"https:\/\/fonts.gstatic.com\/s\/e\/notoemoji\/16.0\/1f308\/32.png\",\"contentUrl\":\"https:\/\/fonts.gstatic.com\/s\/e\/notoemoji\/16.0\/1f308\/32.png\"},{\"@type\":\"BreadcrumbList\",\"@id\":\"https:\/\/www.noticiasradioreflejos.com.ar\/2021\/actividades-que-vas-a-poder-disfrutar-en-estas-vacaciones-de-invierno-en-la-macedonio\/#breadcrumb\",\"itemListElement\":[{\"@type\":\"ListItem\",\"position\":1,\"name\":\"Portada\",\"item\":\"https:\/\/www.noticiasradioreflejos.com.ar\/2021\/\"},{\"@type\":\"ListItem\",\"position\":2,\"name\":\"Actividades que vas a poder disfrutar en estas vacaciones de invierno en la Macedonio\"}]},{\"@type\":\"WebSite\",\"@id\":\"https:\/\/www.noticiasradioreflejos.com.ar\/2021\/#website\",\"url\":\"https:\/\/www.noticiasradioreflejos.com.ar\/2021\/\",\"name\":\"Noticias Radio Reflejos\",\"description\":\"Las noticias de mi comarca\",\"potentialAction\":[{\"@type\":\"SearchAction\",\"target\":{\"@type\":\"EntryPoint\",\"urlTemplate\":\"https:\/\/www.noticiasradioreflejos.com.ar\/2021\/?s={search_term_string}\"},\"query-input\":{\"@type\":\"PropertyValueSpecification\",\"valueRequired\":true,\"valueName\":\"search_term_string\"}}],\"inLanguage\":\"es\"},{\"@type\":\"Person\",\"@id\":\"https:\/\/www.noticiasradioreflejos.com.ar\/2021\/#\/schema\/person\/ad82545263dcc5ec0996818884fd5fb1\",\"name\":\"Arnaldo Botto\",\"image\":{\"@type\":\"ImageObject\",\"inLanguage\":\"es\",\"@id\":\"https:\/\/www.noticiasradioreflejos.com.ar\/2021\/#\/schema\/person\/image\/\",\"url\":\"https:\/\/secure.gravatar.com\/avatar\/55cb5e37c1efa326397366e6974cb338056df65cb50e7d64d1cf314e87504837?s=96&d=mm&r=g\",\"contentUrl\":\"https:\/\/secure.gravatar.com\/avatar\/55cb5e37c1efa326397366e6974cb338056df65cb50e7d64d1cf314e87504837?s=96&d=mm&r=g\",\"caption\":\"Arnaldo Botto\"},\"url\":\"https:\/\/www.noticiasradioreflejos.com.ar\/2021\/author\/arnaldo\/\"}]}<\/script>\n<!-- \/ Yoast SEO plugin. -->","yoast_head_json":{"title":"Actividades que vas a poder disfrutar en estas vacaciones de invierno en la Macedonio - Noticias Radio Reflejos","robots":{"index":"index","follow":"follow","max-snippet":"max-snippet:-1","max-image-preview":"max-image-preview:large","max-video-preview":"max-video-preview:-1"},"canonical":"https:\/\/www.noticiasradioreflejos.com.ar\/2021\/actividades-que-vas-a-poder-disfrutar-en-estas-vacaciones-de-invierno-en-la-macedonio\/","og_locale":"es_ES","og_type":"article","og_title":"Actividades que vas a poder disfrutar en estas vacaciones de invierno en la Macedonio - Noticias Radio Reflejos","og_description":"TALLERES EN VACACIONES DE INVIERNO","og_url":"https:\/\/www.noticiasradioreflejos.com.ar\/2021\/actividades-que-vas-a-poder-disfrutar-en-estas-vacaciones-de-invierno-en-la-macedonio\/","og_site_name":"Noticias Radio Reflejos","article_published_time":"2025-07-07T16:19:37+00:00","og_image":[{"url":"https:\/\/fonts.gstatic.com\/s\/e\/notoemoji\/16.0\/1f308\/32.png","type":"","width":"","height":""}],"author":"Arnaldo Botto","twitter_card":"summary_large_image","schema":{"@context":"https:\/\/schema.org","@graph":[{"@type":"WebPage","@id":"https:\/\/www.noticiasradioreflejos.com.ar\/2021\/actividades-que-vas-a-poder-disfrutar-en-estas-vacaciones-de-invierno-en-la-macedonio\/","url":"https:\/\/www.noticiasradioreflejos.com.ar\/2021\/actividades-que-vas-a-poder-disfrutar-en-estas-vacaciones-de-invierno-en-la-macedonio\/","name":"Actividades que vas a poder disfrutar en estas vacaciones de invierno en la Macedonio - Noticias Radio Reflejos","isPartOf":{"@id":"https:\/\/www.noticiasradioreflejos.com.ar\/2021\/#website"},"primaryImageOfPage":{"@id":"https:\/\/www.noticiasradioreflejos.com.ar\/2021\/actividades-que-vas-a-poder-disfrutar-en-estas-vacaciones-de-invierno-en-la-macedonio\/#primaryimage"},"image":{"@id":"https:\/\/www.noticiasradioreflejos.com.ar\/2021\/actividades-que-vas-a-poder-disfrutar-en-estas-vacaciones-de-invierno-en-la-macedonio\/#primaryimage"},"thumbnailUrl":"https:\/\/fonts.gstatic.com\/s\/e\/notoemoji\/16.0\/1f308\/32.png","datePublished":"2025-07-07T16:19:37+00:00","author":{"@id":"https:\/\/www.noticiasradioreflejos.com.ar\/2021\/#\/schema\/person\/ad82545263dcc5ec0996818884fd5fb1"},"breadcrumb":{"@id":"https:\/\/www.noticiasradioreflejos.com.ar\/2021\/actividades-que-vas-a-poder-disfrutar-en-estas-vacaciones-de-invierno-en-la-macedonio\/#breadcrumb"},"inLanguage":"es","potentialAction":[{"@type":"ReadAction","target":["https:\/\/www.noticiasradioreflejos.com.ar\/2021\/actividades-que-vas-a-poder-disfrutar-en-estas-vacaciones-de-invierno-en-la-macedonio\/"]}]},{"@type":"ImageObject","inLanguage":"es","@id":"https:\/\/www.noticiasradioreflejos.com.ar\/2021\/actividades-que-vas-a-poder-disfrutar-en-estas-vacaciones-de-invierno-en-la-macedonio\/#primaryimage","url":"https:\/\/fonts.gstatic.com\/s\/e\/notoemoji\/16.0\/1f308\/32.png","contentUrl":"https:\/\/fonts.gstatic.com\/s\/e\/notoemoji\/16.0\/1f308\/32.png"},{"@type":"BreadcrumbList","@id":"https:\/\/www.noticiasradioreflejos.com.ar\/2021\/actividades-que-vas-a-poder-disfrutar-en-estas-vacaciones-de-invierno-en-la-macedonio\/#breadcrumb","itemListElement":[{"@type":"ListItem","position":1,"name":"Portada","item":"https:\/\/www.noticiasradioreflejos.com.ar\/2021\/"},{"@type":"ListItem","position":2,"name":"Actividades que vas a poder disfrutar en estas vacaciones de invierno en la Macedonio"}]},{"@type":"WebSite","@id":"https:\/\/www.noticiasradioreflejos.com.ar\/2021\/#website","url":"https:\/\/www.noticiasradioreflejos.com.ar\/2021\/","name":"Noticias Radio Reflejos","description":"Las noticias de mi comarca","potentialAction":[{"@type":"SearchAction","target":{"@type":"EntryPoint","urlTemplate":"https:\/\/www.noticiasradioreflejos.com.ar\/2021\/?s={search_term_string}"},"query-input":{"@type":"PropertyValueSpecification","valueRequired":true,"valueName":"search_term_string"}}],"inLanguage":"es"},{"@type":"Person","@id":"https:\/\/www.noticiasradioreflejos.com.ar\/2021\/#\/schema\/person\/ad82545263dcc5ec0996818884fd5fb1","name":"Arnaldo Botto","image":{"@type":"ImageObject","inLanguage":"es","@id":"https:\/\/www.noticiasradioreflejos.com.ar\/2021\/#\/schema\/person\/image\/","url":"https:\/\/secure.gravatar.com\/avatar\/55cb5e37c1efa326397366e6974cb338056df65cb50e7d64d1cf314e87504837?s=96&d=mm&r=g","contentUrl":"https:\/\/secure.gravatar.com\/avatar\/55cb5e37c1efa326397366e6974cb338056df65cb50e7d64d1cf314e87504837?s=96&d=mm&r=g","caption":"Arnaldo Botto"},"url":"https:\/\/www.noticiasradioreflejos.com.ar\/2021\/author\/arnaldo\/"}]}},"_links":{"self":[{"href":"https:\/\/www.noticiasradioreflejos.com.ar\/2021\/wp-json\/wp\/v2\/posts\/121431","targetHints":{"allow":["GET"]}}],"collection":[{"href":"https:\/\/www.noticiasradioreflejos.com.ar\/2021\/wp-json\/wp\/v2\/posts"}],"about":[{"href":"https:\/\/www.noticiasradioreflejos.com.ar\/2021\/wp-json\/wp\/v2\/types\/post"}],"author":[{"embeddable":true,"href":"https:\/\/www.noticiasradioreflejos.com.ar\/2021\/wp-json\/wp\/v2\/users\/3"}],"replies":[{"embeddable":true,"href":"https:\/\/www.noticiasradioreflejos.com.ar\/2021\/wp-json\/wp\/v2\/comments?post=121431"}],"version-history":[{"count":1,"href":"https:\/\/www.noticiasradioreflejos.com.ar\/2021\/wp-json\/wp\/v2\/posts\/121431\/revisions"}],"predecessor-version":[{"id":121433,"href":"https:\/\/www.noticiasradioreflejos.com.ar\/2021\/wp-json\/wp\/v2\/posts\/121431\/revisions\/121433"}],"wp:attachment":[{"href":"https:\/\/www.noticiasradioreflejos.com.ar\/2021\/wp-json\/wp\/v2\/media?parent=121431"}],"wp:term":[{"taxonomy":"category","embeddable":true,"href":"https:\/\/www.noticiasradioreflejos.com.ar\/2021\/wp-json\/wp\/v2\/categories?post=121431"},{"taxonomy":"post_tag","embeddable":true,"href":"https:\/\/www.noticiasradioreflejos.com.ar\/2021\/wp-json\/wp\/v2\/tags?post=121431"}],"curies":[{"name":"wp","href":"https:\/\/api.w.org\/{rel}","templated":true}]}}