{"id":121379,"date":"2025-07-06T09:43:14","date_gmt":"2025-07-06T12:43:14","guid":{"rendered":"https:\/\/www.noticiasradioreflejos.com.ar\/2021\/?p=121379"},"modified":"2025-07-06T09:43:14","modified_gmt":"2025-07-06T12:43:14","slug":"el-ingenioso-plan-para-que-los-mas-chicos-suelten-las-pantallas-y-se-enamoren-de-los-libros-estas-vacaciones","status":"publish","type":"post","link":"https:\/\/www.noticiasradioreflejos.com.ar\/2021\/el-ingenioso-plan-para-que-los-mas-chicos-suelten-las-pantallas-y-se-enamoren-de-los-libros-estas-vacaciones\/","title":{"rendered":"El ingenioso plan para que los m\u00e1s chicos suelten las pantallas y se enamoren de los libros estas vacaciones"},"content":{"rendered":"<p>Una especialista da 10 consejos para fomentar la lectura en los chicos. Incluye juegos, b\u00fasquedas del tesoro y trucos para que dejen las pantallas.<!--more--><\/p>\n<div class=\"columns\" data-tadevel-template=\"web\/article-columns\">\n<div class=\"column-main\">\n<div class=\"article-body\" data-tadevel-template=\"web\/article-body\">\n<div class=\"article-body-content\">\n<p><strong>En la llegada de las vacaciones de invierno, surge el gran desaf\u00edo de desenganchar a los chicos de las pantallas y reconectarlos con la lectura.<\/strong>\u00a0Fomentar el h\u00e1bito lector en los chicos no tiene por qu\u00e9 ser una batalla, puede ser divertido y gratuito.<\/p>\n<p><i><strong>\u00abLeer no solo ampl\u00eda el vocabulario y mejora la comprensi\u00f3n, es un gimnasio para la mente que fortalece la concentraci\u00f3n, la atenci\u00f3n, la memoria y el pensamiento cr\u00edtico. Pero lo m\u00e1s importante: es una puerta de entrada a mundos infinitos, una herramienta infalible para la relajaci\u00f3n, el disfrute y el entretenimiento puro\u00bb<\/strong><\/i>\u00a0coment\u00f3 Luciana Rossi, Vicedirectora de Nivel Primario en NEA 2000.<\/p>\n<p>Adem\u00e1s, Rossi manifest\u00f3: \u00abSumergirse en historias permite a los chicos imaginar, crear y darle vida a personajes, desarrollando su habilidad narrativa y viviendo miles de aventuras sin pedir permiso.\u00a0<strong>Al conocer las experiencias y emociones de otros, aprenden a ser compasivos y a sentir que no est\u00e1n solos, compartiendo miedos, alegr\u00edas, incertidumbres y enojos<\/strong>. Pueden ser h\u00e9roes o villanos, viajar a su mundo interior y encontrar espacios de paz y tranquilidad\u00bb.<\/p>\n<h4>Tips para que los ni\u00f1os lean en estas vacaciones<\/h4>\n<ol>\n<li><strong>Crear un espacio amigable para invitar a la lectura.<\/strong>\u00a0Puede ser un almohad\u00f3n c\u00f3modo, una luz c\u00e1lida o una manta.<\/li>\n<li><strong>Dejarlos elegir<\/strong>, adaptar la lectura a sus gustos e intereses es clave. Que ellos elijan los libros que realmente les atraen.<\/li>\n<li><strong>Poner un horario espec\u00edfico.<\/strong>\u00a0Destinar momentos del d\u00eda a la lectura, como antes de irse a dormir o despu\u00e9s de almorzar, ya que esto ayuda a crear un h\u00e1bito.<\/li>\n<li><strong>Usar la tecnolog\u00eda a favor.<\/strong>\u00a0Ocasionalmente, los libros electr\u00f3nicos o aplicaciones de lectura pueden ampliar la variedad de textos disponibles.<\/li>\n<li><strong>Ser un modelo a seguir.\u00a0<\/strong>Que los chicos vean leer\u00a0 a los mayores por placer es la mejor inspiraci\u00f3n. Si los ven disfrutar de un libro, es m\u00e1s probable que ellos tambi\u00e9n lo hagan.<\/li>\n<li><strong>Leer en voz alta y dramatizar.<\/strong>\u00a0 Cambiar los tonos de voz, caracterizar a los personajes y hacer que la historia cobre vida.<\/li>\n<li><strong>Jugar con la historia.<\/strong>\u00a0Si la lectura es compartida, pueden jugar a adivinar escenas con m\u00edmica, o crear una \u00abGaler\u00eda de Personajes\u00bb favoritos. Incluso, se puede armar un \u00abMuseo de objetos\u00bb mencionados en el libro.<\/li>\n<li><strong>Organizar una b\u00fasqueda del tesoro literaria.\u00a0<\/strong>Dise\u00f1ar pistas relacionadas con la historia, los escenarios o los personajes. De esta manera, se fomentar\u00e1 el trabajo en equipo y la participaci\u00f3n colaborativa.<\/li>\n<li><strong>Invitar a \u00abMerendar con Libros a la Carta\u00bb.\u00a0<\/strong>Dise\u00f1ar un men\u00fa especial de libros, vestir la mesa de gala y generar un espacio para la discusi\u00f3n cr\u00edtica, las recomendaciones y el debate sobre lo le\u00eddo.<\/li>\n<li><strong>Visitar la biblioteca del barrio.<\/strong>\u00a0Con l\u00e1piz y papel en mano, pueden listar t\u00edtulos atractivos, copiar tapas llamativas, o simplemente cerrar los ojos y dejarse llevar por la imaginaci\u00f3n.<\/li>\n<\/ol>\n<\/div>\n<\/div>\n<\/div>\n<\/div>\n","protected":false},"excerpt":{"rendered":"<p>Una especialista da 10 consejos para fomentar la lectura en los chicos. Incluye juegos, b\u00fasquedas del tesoro y trucos para que dejen las pantallas.<\/p>\n","protected":false},"author":3,"featured_media":83699,"comment_status":"closed","ping_status":"closed","sticky":false,"template":"","format":"standard","meta":{"footnotes":""},"categories":[1],"tags":[],"class_list":["post-121379","post","type-post","status-publish","format-standard","has-post-thumbnail","hentry","category-sin-categoria"],"yoast_head":"<!-- This site is optimized with the Yoast SEO plugin v25.9 - https:\/\/yoast.com\/wordpress\/plugins\/seo\/ -->\n<title>El ingenioso plan para que los m\u00e1s chicos suelten las pantallas y se enamoren de los libros estas vacaciones - Noticias Radio Reflejos<\/title>\n<meta name=\"robots\" content=\"index, follow, max-snippet:-1, max-image-preview:large, max-video-preview:-1\" \/>\n<link rel=\"canonical\" href=\"https:\/\/www.noticiasradioreflejos.com.ar\/2021\/el-ingenioso-plan-para-que-los-mas-chicos-suelten-las-pantallas-y-se-enamoren-de-los-libros-estas-vacaciones\/\" \/>\n<meta property=\"og:locale\" content=\"es_ES\" \/>\n<meta property=\"og:type\" content=\"article\" \/>\n<meta property=\"og:title\" content=\"El ingenioso plan para que los m\u00e1s chicos suelten las pantallas y se enamoren de los libros estas vacaciones - Noticias Radio Reflejos\" \/>\n<meta property=\"og:description\" content=\"Una especialista da 10 consejos para fomentar la lectura en los chicos. Incluye juegos, b\u00fasquedas del tesoro y trucos para que dejen las pantallas.\" \/>\n<meta property=\"og:url\" content=\"https:\/\/www.noticiasradioreflejos.com.ar\/2021\/el-ingenioso-plan-para-que-los-mas-chicos-suelten-las-pantallas-y-se-enamoren-de-los-libros-estas-vacaciones\/\" \/>\n<meta property=\"og:site_name\" content=\"Noticias Radio Reflejos\" \/>\n<meta property=\"article:published_time\" content=\"2025-07-06T12:43:14+00:00\" \/>\n<meta property=\"og:image\" content=\"https:\/\/www.noticiasradioreflejos.com.ar\/2021\/wp-content\/uploads\/2023\/02\/Cermed_uso-de-la-tecnologia-por-los-ninos.jpg\" \/>\n\t<meta property=\"og:image:width\" content=\"512\" \/>\n\t<meta property=\"og:image:height\" content=\"342\" \/>\n\t<meta property=\"og:image:type\" content=\"image\/jpeg\" \/>\n<meta name=\"author\" content=\"Arnaldo Botto\" \/>\n<meta name=\"twitter:card\" content=\"summary_large_image\" \/>\n<script type=\"application\/ld+json\" class=\"yoast-schema-graph\">{\"@context\":\"https:\/\/schema.org\",\"@graph\":[{\"@type\":\"WebPage\",\"@id\":\"https:\/\/www.noticiasradioreflejos.com.ar\/2021\/el-ingenioso-plan-para-que-los-mas-chicos-suelten-las-pantallas-y-se-enamoren-de-los-libros-estas-vacaciones\/\",\"url\":\"https:\/\/www.noticiasradioreflejos.com.ar\/2021\/el-ingenioso-plan-para-que-los-mas-chicos-suelten-las-pantallas-y-se-enamoren-de-los-libros-estas-vacaciones\/\",\"name\":\"El ingenioso plan para que los m\u00e1s chicos suelten las pantallas y se enamoren de los libros estas vacaciones - Noticias Radio Reflejos\",\"isPartOf\":{\"@id\":\"https:\/\/www.noticiasradioreflejos.com.ar\/2021\/#website\"},\"primaryImageOfPage\":{\"@id\":\"https:\/\/www.noticiasradioreflejos.com.ar\/2021\/el-ingenioso-plan-para-que-los-mas-chicos-suelten-las-pantallas-y-se-enamoren-de-los-libros-estas-vacaciones\/#primaryimage\"},\"image\":{\"@id\":\"https:\/\/www.noticiasradioreflejos.com.ar\/2021\/el-ingenioso-plan-para-que-los-mas-chicos-suelten-las-pantallas-y-se-enamoren-de-los-libros-estas-vacaciones\/#primaryimage\"},\"thumbnailUrl\":\"https:\/\/www.noticiasradioreflejos.com.ar\/2021\/wp-content\/uploads\/2023\/02\/Cermed_uso-de-la-tecnologia-por-los-ninos.jpg\",\"datePublished\":\"2025-07-06T12:43:14+00:00\",\"author\":{\"@id\":\"https:\/\/www.noticiasradioreflejos.com.ar\/2021\/#\/schema\/person\/ad82545263dcc5ec0996818884fd5fb1\"},\"breadcrumb\":{\"@id\":\"https:\/\/www.noticiasradioreflejos.com.ar\/2021\/el-ingenioso-plan-para-que-los-mas-chicos-suelten-las-pantallas-y-se-enamoren-de-los-libros-estas-vacaciones\/#breadcrumb\"},\"inLanguage\":\"es\",\"potentialAction\":[{\"@type\":\"ReadAction\",\"target\":[\"https:\/\/www.noticiasradioreflejos.com.ar\/2021\/el-ingenioso-plan-para-que-los-mas-chicos-suelten-las-pantallas-y-se-enamoren-de-los-libros-estas-vacaciones\/\"]}]},{\"@type\":\"ImageObject\",\"inLanguage\":\"es\",\"@id\":\"https:\/\/www.noticiasradioreflejos.com.ar\/2021\/el-ingenioso-plan-para-que-los-mas-chicos-suelten-las-pantallas-y-se-enamoren-de-los-libros-estas-vacaciones\/#primaryimage\",\"url\":\"https:\/\/www.noticiasradioreflejos.com.ar\/2021\/wp-content\/uploads\/2023\/02\/Cermed_uso-de-la-tecnologia-por-los-ninos.jpg\",\"contentUrl\":\"https:\/\/www.noticiasradioreflejos.com.ar\/2021\/wp-content\/uploads\/2023\/02\/Cermed_uso-de-la-tecnologia-por-los-ninos.jpg\",\"width\":512,\"height\":342},{\"@type\":\"BreadcrumbList\",\"@id\":\"https:\/\/www.noticiasradioreflejos.com.ar\/2021\/el-ingenioso-plan-para-que-los-mas-chicos-suelten-las-pantallas-y-se-enamoren-de-los-libros-estas-vacaciones\/#breadcrumb\",\"itemListElement\":[{\"@type\":\"ListItem\",\"position\":1,\"name\":\"Portada\",\"item\":\"https:\/\/www.noticiasradioreflejos.com.ar\/2021\/\"},{\"@type\":\"ListItem\",\"position\":2,\"name\":\"El ingenioso plan para que los m\u00e1s chicos suelten las pantallas y se enamoren de los libros estas vacaciones\"}]},{\"@type\":\"WebSite\",\"@id\":\"https:\/\/www.noticiasradioreflejos.com.ar\/2021\/#website\",\"url\":\"https:\/\/www.noticiasradioreflejos.com.ar\/2021\/\",\"name\":\"Noticias Radio Reflejos\",\"description\":\"Las noticias de mi comarca\",\"potentialAction\":[{\"@type\":\"SearchAction\",\"target\":{\"@type\":\"EntryPoint\",\"urlTemplate\":\"https:\/\/www.noticiasradioreflejos.com.ar\/2021\/?s={search_term_string}\"},\"query-input\":{\"@type\":\"PropertyValueSpecification\",\"valueRequired\":true,\"valueName\":\"search_term_string\"}}],\"inLanguage\":\"es\"},{\"@type\":\"Person\",\"@id\":\"https:\/\/www.noticiasradioreflejos.com.ar\/2021\/#\/schema\/person\/ad82545263dcc5ec0996818884fd5fb1\",\"name\":\"Arnaldo Botto\",\"image\":{\"@type\":\"ImageObject\",\"inLanguage\":\"es\",\"@id\":\"https:\/\/www.noticiasradioreflejos.com.ar\/2021\/#\/schema\/person\/image\/\",\"url\":\"https:\/\/secure.gravatar.com\/avatar\/55cb5e37c1efa326397366e6974cb338056df65cb50e7d64d1cf314e87504837?s=96&d=mm&r=g\",\"contentUrl\":\"https:\/\/secure.gravatar.com\/avatar\/55cb5e37c1efa326397366e6974cb338056df65cb50e7d64d1cf314e87504837?s=96&d=mm&r=g\",\"caption\":\"Arnaldo Botto\"},\"url\":\"https:\/\/www.noticiasradioreflejos.com.ar\/2021\/author\/arnaldo\/\"}]}<\/script>\n<!-- \/ Yoast SEO plugin. -->","yoast_head_json":{"title":"El ingenioso plan para que los m\u00e1s chicos suelten las pantallas y se enamoren de los libros estas vacaciones - Noticias Radio Reflejos","robots":{"index":"index","follow":"follow","max-snippet":"max-snippet:-1","max-image-preview":"max-image-preview:large","max-video-preview":"max-video-preview:-1"},"canonical":"https:\/\/www.noticiasradioreflejos.com.ar\/2021\/el-ingenioso-plan-para-que-los-mas-chicos-suelten-las-pantallas-y-se-enamoren-de-los-libros-estas-vacaciones\/","og_locale":"es_ES","og_type":"article","og_title":"El ingenioso plan para que los m\u00e1s chicos suelten las pantallas y se enamoren de los libros estas vacaciones - Noticias Radio Reflejos","og_description":"Una especialista da 10 consejos para fomentar la lectura en los chicos. Incluye juegos, b\u00fasquedas del tesoro y trucos para que dejen las pantallas.","og_url":"https:\/\/www.noticiasradioreflejos.com.ar\/2021\/el-ingenioso-plan-para-que-los-mas-chicos-suelten-las-pantallas-y-se-enamoren-de-los-libros-estas-vacaciones\/","og_site_name":"Noticias Radio Reflejos","article_published_time":"2025-07-06T12:43:14+00:00","og_image":[{"width":512,"height":342,"url":"https:\/\/www.noticiasradioreflejos.com.ar\/2021\/wp-content\/uploads\/2023\/02\/Cermed_uso-de-la-tecnologia-por-los-ninos.jpg","type":"image\/jpeg"}],"author":"Arnaldo Botto","twitter_card":"summary_large_image","schema":{"@context":"https:\/\/schema.org","@graph":[{"@type":"WebPage","@id":"https:\/\/www.noticiasradioreflejos.com.ar\/2021\/el-ingenioso-plan-para-que-los-mas-chicos-suelten-las-pantallas-y-se-enamoren-de-los-libros-estas-vacaciones\/","url":"https:\/\/www.noticiasradioreflejos.com.ar\/2021\/el-ingenioso-plan-para-que-los-mas-chicos-suelten-las-pantallas-y-se-enamoren-de-los-libros-estas-vacaciones\/","name":"El ingenioso plan para que los m\u00e1s chicos suelten las pantallas y se enamoren de los libros estas vacaciones - Noticias Radio Reflejos","isPartOf":{"@id":"https:\/\/www.noticiasradioreflejos.com.ar\/2021\/#website"},"primaryImageOfPage":{"@id":"https:\/\/www.noticiasradioreflejos.com.ar\/2021\/el-ingenioso-plan-para-que-los-mas-chicos-suelten-las-pantallas-y-se-enamoren-de-los-libros-estas-vacaciones\/#primaryimage"},"image":{"@id":"https:\/\/www.noticiasradioreflejos.com.ar\/2021\/el-ingenioso-plan-para-que-los-mas-chicos-suelten-las-pantallas-y-se-enamoren-de-los-libros-estas-vacaciones\/#primaryimage"},"thumbnailUrl":"https:\/\/www.noticiasradioreflejos.com.ar\/2021\/wp-content\/uploads\/2023\/02\/Cermed_uso-de-la-tecnologia-por-los-ninos.jpg","datePublished":"2025-07-06T12:43:14+00:00","author":{"@id":"https:\/\/www.noticiasradioreflejos.com.ar\/2021\/#\/schema\/person\/ad82545263dcc5ec0996818884fd5fb1"},"breadcrumb":{"@id":"https:\/\/www.noticiasradioreflejos.com.ar\/2021\/el-ingenioso-plan-para-que-los-mas-chicos-suelten-las-pantallas-y-se-enamoren-de-los-libros-estas-vacaciones\/#breadcrumb"},"inLanguage":"es","potentialAction":[{"@type":"ReadAction","target":["https:\/\/www.noticiasradioreflejos.com.ar\/2021\/el-ingenioso-plan-para-que-los-mas-chicos-suelten-las-pantallas-y-se-enamoren-de-los-libros-estas-vacaciones\/"]}]},{"@type":"ImageObject","inLanguage":"es","@id":"https:\/\/www.noticiasradioreflejos.com.ar\/2021\/el-ingenioso-plan-para-que-los-mas-chicos-suelten-las-pantallas-y-se-enamoren-de-los-libros-estas-vacaciones\/#primaryimage","url":"https:\/\/www.noticiasradioreflejos.com.ar\/2021\/wp-content\/uploads\/2023\/02\/Cermed_uso-de-la-tecnologia-por-los-ninos.jpg","contentUrl":"https:\/\/www.noticiasradioreflejos.com.ar\/2021\/wp-content\/uploads\/2023\/02\/Cermed_uso-de-la-tecnologia-por-los-ninos.jpg","width":512,"height":342},{"@type":"BreadcrumbList","@id":"https:\/\/www.noticiasradioreflejos.com.ar\/2021\/el-ingenioso-plan-para-que-los-mas-chicos-suelten-las-pantallas-y-se-enamoren-de-los-libros-estas-vacaciones\/#breadcrumb","itemListElement":[{"@type":"ListItem","position":1,"name":"Portada","item":"https:\/\/www.noticiasradioreflejos.com.ar\/2021\/"},{"@type":"ListItem","position":2,"name":"El ingenioso plan para que los m\u00e1s chicos suelten las pantallas y se enamoren de los libros estas vacaciones"}]},{"@type":"WebSite","@id":"https:\/\/www.noticiasradioreflejos.com.ar\/2021\/#website","url":"https:\/\/www.noticiasradioreflejos.com.ar\/2021\/","name":"Noticias Radio Reflejos","description":"Las noticias de mi comarca","potentialAction":[{"@type":"SearchAction","target":{"@type":"EntryPoint","urlTemplate":"https:\/\/www.noticiasradioreflejos.com.ar\/2021\/?s={search_term_string}"},"query-input":{"@type":"PropertyValueSpecification","valueRequired":true,"valueName":"search_term_string"}}],"inLanguage":"es"},{"@type":"Person","@id":"https:\/\/www.noticiasradioreflejos.com.ar\/2021\/#\/schema\/person\/ad82545263dcc5ec0996818884fd5fb1","name":"Arnaldo Botto","image":{"@type":"ImageObject","inLanguage":"es","@id":"https:\/\/www.noticiasradioreflejos.com.ar\/2021\/#\/schema\/person\/image\/","url":"https:\/\/secure.gravatar.com\/avatar\/55cb5e37c1efa326397366e6974cb338056df65cb50e7d64d1cf314e87504837?s=96&d=mm&r=g","contentUrl":"https:\/\/secure.gravatar.com\/avatar\/55cb5e37c1efa326397366e6974cb338056df65cb50e7d64d1cf314e87504837?s=96&d=mm&r=g","caption":"Arnaldo Botto"},"url":"https:\/\/www.noticiasradioreflejos.com.ar\/2021\/author\/arnaldo\/"}]}},"_links":{"self":[{"href":"https:\/\/www.noticiasradioreflejos.com.ar\/2021\/wp-json\/wp\/v2\/posts\/121379","targetHints":{"allow":["GET"]}}],"collection":[{"href":"https:\/\/www.noticiasradioreflejos.com.ar\/2021\/wp-json\/wp\/v2\/posts"}],"about":[{"href":"https:\/\/www.noticiasradioreflejos.com.ar\/2021\/wp-json\/wp\/v2\/types\/post"}],"author":[{"embeddable":true,"href":"https:\/\/www.noticiasradioreflejos.com.ar\/2021\/wp-json\/wp\/v2\/users\/3"}],"replies":[{"embeddable":true,"href":"https:\/\/www.noticiasradioreflejos.com.ar\/2021\/wp-json\/wp\/v2\/comments?post=121379"}],"version-history":[{"count":1,"href":"https:\/\/www.noticiasradioreflejos.com.ar\/2021\/wp-json\/wp\/v2\/posts\/121379\/revisions"}],"predecessor-version":[{"id":121380,"href":"https:\/\/www.noticiasradioreflejos.com.ar\/2021\/wp-json\/wp\/v2\/posts\/121379\/revisions\/121380"}],"wp:featuredmedia":[{"embeddable":true,"href":"https:\/\/www.noticiasradioreflejos.com.ar\/2021\/wp-json\/wp\/v2\/media\/83699"}],"wp:attachment":[{"href":"https:\/\/www.noticiasradioreflejos.com.ar\/2021\/wp-json\/wp\/v2\/media?parent=121379"}],"wp:term":[{"taxonomy":"category","embeddable":true,"href":"https:\/\/www.noticiasradioreflejos.com.ar\/2021\/wp-json\/wp\/v2\/categories?post=121379"},{"taxonomy":"post_tag","embeddable":true,"href":"https:\/\/www.noticiasradioreflejos.com.ar\/2021\/wp-json\/wp\/v2\/tags?post=121379"}],"curies":[{"name":"wp","href":"https:\/\/api.w.org\/{rel}","templated":true}]}}