{"id":121352,"date":"2025-07-04T19:12:52","date_gmt":"2025-07-04T22:12:52","guid":{"rendered":"https:\/\/www.noticiasradioreflejos.com.ar\/2021\/?p=121352"},"modified":"2025-07-04T19:13:18","modified_gmt":"2025-07-04T22:13:18","slug":"denunciaron-a-arroyo-salgado-ante-el-consejo-de-la-magistratura-por-las-detenciones-arbitrarias-e-ilegales-de-militantes-peronistas","status":"publish","type":"post","link":"https:\/\/www.noticiasradioreflejos.com.ar\/2021\/denunciaron-a-arroyo-salgado-ante-el-consejo-de-la-magistratura-por-las-detenciones-arbitrarias-e-ilegales-de-militantes-peronistas\/","title":{"rendered":"Denunciaron a Arroyo Salgado ante el Consejo de la Magistratura\u00a0por las detenciones \u00abarbitrarias\u00bb e \u00abilegales\u00bb de militantes peronistas"},"content":{"rendered":"<p>Los diputados Mariano Recalde y Vanesa Siley presentaron la denuncia ante el organismo encargado de controlar a los miembros del Poder Judicial.\u00a0La jueza qued\u00f3 en la mira por tener a su mando la causa promovida por Espert y respaldada por Bullrich.<!--more--><\/p>\n<div class=\"section-2-col article-main-image\">\n<div class=\"col 2-col\">\n<div class=\"article-main-media-image__container\">\n<div class=\"image-wrapper\">\n<figure><picture><source srcset=\"https:\/\/images.pagina12.com.ar\/styles\/focal_3_2_700x467\/public\/2025-07\/952156-10b-20na.jpg?h=3529228b&amp;itok=X0_1kMcj\" media=\"(width &gt; 768px)\" \/><source srcset=\"https:\/\/images.pagina12.com.ar\/styles\/focal_3_2_470x313\/public\/2025-07\/952156-10b-20na.jpg?h=3529228b&amp;itok=jA-0x-8-\" media=\"(width &lt;= 768px)\" \/><img decoding=\"async\" class=\" image\" src=\"https:\/\/images.pagina12.com.ar\/styles\/focal_3_2_470x313\/public\/2025-07\/952156-10b-20na.jpg?h=3529228b&amp;itok=jA-0x-8-\" \/><\/picture><figcaption>. Imagen: NA<\/figcaption><\/figure>\n<\/div>\n<\/div>\n<\/div>\n<\/div>\n<div class=\"section-2-col article-main-content\">\n<div class=\"col 1-col cxense-articles\"><\/div>\n<div class=\"col 2-col\">\n<div class=\"article-main-content article-text \">\n<p>La jueza federal\u00a0<b>Sandra Arroyo Salgado fue denunciada ante el Consejo de la Magistratura<\/b>\u00a0por las\u00a0<b>detenciones \u201cilegales\u201d<\/b>\u00a0y allanamientos a edificios p\u00fablicos ordenados en la causa abierta\u00a0<b>contra militantes pol\u00edticos<\/b>\u00a0que dejaron un pasacalle y bosta frente a la casa del diputado oficialista\u00a0<b>Jos\u00e9 Luis Espert<\/b>.<\/p>\n<p>La denuncia\u00a0<b>\u201cmal desempe\u00f1o en el ejercicio de sus funciones\u201d<\/b>\u00a0y fue presentada por diputados Mariano Recalde y Vanesa Siley, que tienen asiento en ese organismo encargado de controlar a los miembros del Poder Judicial.<\/p>\n<div id=\"talkFireEvent\"><\/div>\n<p>Arroyo Salgado qued\u00f3 en la mira por tener a su mando\u00a0<b>una causa promovida por Espert y respaldada por la ministra de Seguridad, Patricia Bullrich<\/b>, en el marco de la pol\u00edtica de \u201ccaza de brujas\u201d contra opositores desatada por el gobierno de Javier Milei.<\/p>\n<div class=\"slot-available\"><\/div>\n<p>La jueza es cuestionada por las\u00a0<b>detenciones \u201carbitrarias\u201d e \u201cilegales\u201d de cinco militantes peronistas, un hombre y cuatro mujeres<\/b>\u00a0que fueron alojadas e incomunicadas en el\u00a0<b>Servicio Penitenciario Federal de Ezeiza<\/b>, un penal de m\u00e1xima seguridad que no se condice con la gravedad de la contravenci\u00f3n por la que fueron acusados.<\/p>\n<p>Lo que hicieron,\u00a0<b>\u201ccomo m\u00e1ximo podr\u00eda representar una contravenci\u00f3n municipal\u201d<\/b>, puntualiza el comunicado a trav\u00e9s del cual se anunci\u00f3 la denuncia de Recalde y Siley, ambos diputados de Uni\u00f3n por la Patria (UP).<\/p>\n<p>La acusaci\u00f3n en el Consejo de la Magistratura se tramitar\u00e1 mientras\u00a0<a href=\"https:\/\/www.pagina12.com.ar\/839388-una-causa-armada-para-perseguir-opositores\"><b>la C\u00e1mara Federal de San Mart\u00edn\u00a0<\/b><\/a>revisa las\u00a0<b>\u00f3rdenes de detenci\u00f3n dictadas por Arroyo Salgado, pedidas por Jos\u00e9 Luis Espert y ejecutadas por las fuerzas de seguridad que responden a Patricia Bullrich<\/b>.<\/p>\n<div class=\"slot-available\"><\/div>\n<p>Una de las detenidas es\u00a0<a href=\"https:\/\/www.pagina12.com.ar\/838364-exigieron-la-inmediata-liberacion-de-alexia-abaigar-la-milit\"><b>Alesia Abaigar<\/b><\/a>, la funcionaria del Ministerio de la Mujer bonaerense que fue detenida el 27 de junio y llevada a Ezeiza luego de pasar una noche en la alcaid\u00eda de los Tribunales de San Isidro.<\/p>\n<p>Otra de las presas pol\u00edticas es\u00a0<b>Eva Mieri<\/b>, presidenta del bloque de concejales de UP en la localidad bonaerense de Quilmes, miembro de La C\u00e1mpora y secretaria general del Partido Justicialista (PJ) de ese distrito.<\/p>\n<p>Mieri fue detenida luego de sendos allanamientos en su domicilio y despachos de la Municipalidad de Quilmes ordenados por Arroyo Salgado.\u00a0<a href=\"https:\/\/www.pagina12.com.ar\/838886-ilegal-y-antidemocratico-mayra-mendoza-denuncio-allanamiento\"><b>La intendenta Mayra Mendoza<\/b><\/a><b>\u00a0cuestion\u00f3 duramente a la magistrada<\/b>, al se\u00f1alarla como parte del aparado de \u201cpersecuci\u00f3n a la militancia pol\u00edtica\u201d del gobierno nacional.<\/p>\n<div class=\"slot-available\"><\/div>\n<p>Tambi\u00e9n est\u00e1n presas las militantes\u00a0<b>Aldana Muzzio<\/b>, de 45 a\u00f1os, y\u00a0<b>Candelaria Montes<\/b>, de 24. Junto a ellas, el \u00fanico hombre acusado es\u00a0<b>Iv\u00e1n D\u00edaz Bianchi<\/b>, un joven de 22 a\u00f1os que es empleado administrativo.<\/p>\n<p>&nbsp;<\/p>\n<p>Se estima que los cinco presos pol\u00edticos continuar\u00e1n en esa misma condici\u00f3n al menos hasta la semana pr\u00f3xima, cuando la C\u00e1mara revise los argumentos de Arroyo Salgado para dictarles prisi\u00f3n en una c\u00e1rcel de m\u00e1xima seguridad por arrojar bosta y colgar un pasacalles contra la vivienda del diputado m\u00e1s protegido por el presidente Milei.<\/p>\n<h2>La denuncia completa<\/h2>\n<div class=\"slot-available\"><\/div>\n<div class=\"iframely-embed medium-embedded-content\" data-html=\"Jmx0O2RpdiBzdHlsZT0ibGVmdDogMDsgd2lkdGg6IDEwMCU7IGhlaWdodDogMDsgcG9zaXRpb246IHJlbGF0aXZlOyBwYWRkaW5nLWJvdHRvbTogMTI5LjQxMTglOyImZ3Q7Jmx0O2lmcmFtZSBzcmM9Imh0dHBzOi8vZHJpdmUuZ29vZ2xlLmNvbS9maWxlL2QvMU8zMXlxUkptbmMzcTBSUGE3TlQ3Z3REZG13Y1E4bVFDL3ByZXZpZXc\/dXNwPWVtYmVkX2dvb2dsZXBsdXMiIHN0eWxlPSJ0b3A6IDA7IGxlZnQ6IDA7IHdpZHRoOiAxMDAlOyBoZWlnaHQ6IDEwMCU7IHBvc2l0aW9uOiBhYnNvbHV0ZTsgYm9yZGVyOiAwOyIgYWxsb3dmdWxsc2NyZWVuJmd0OyZsdDsvaWZyYW1lJmd0OyZsdDsvZGl2Jmd0OyZsdDtkaXYgY2xhc3M9Im1lZGl1bS1pbnNlcnQtZW1iZWRzLW1ldGEiJmd0OyZsdDtzY3JpcHQgdHlwZT0idGV4dC9qc29uIiZndDt7InVybCI6Imh0dHBzOi8vZHJpdmUuZ29vZ2xlLmNvbS9maWxlL2QvMU8zMXlxUkptbmMzcTBSUGE3TlQ3Z3REZG13Y1E4bVFDL3ZpZXc\/dXNwPXNoYXJpbmciLCJ0eXBlIjoicmljaCIsInZlcnNpb24iOiIxLjAiLCJ0aXRsZSI6IkRFTlVOQ0lBIEFSUk9ZTyBTQUxHQURPIC0gQ00uZG9jLnBkZiIsInByb3ZpZGVyX25hbWUiOiJHb29nbGUgRG9jcyIsImNhY2hlX2FnZSI6ODY0MDB9Jmx0Oy9zY3JpcHQmZ3Q7Jmx0Oy9kaXYmZ3Q7\">\n<div class=\"iframely-embed\">\n<div class=\"iframely-responsive\"><iframe src=\"https:\/\/iframely.pagina12.com.ar\/api\/iframe?url=https%3A%2F%2Fdrive.google.com%2Ffile%2Fd%2F1O31yqRJmnc3q0RPa7NT7gtDdmwcQ8mQC%2Fview%3Fusp%3Dsharing&amp;v=1&amp;app=1&amp;key=4676b5fdc083257ea87f71608c74e9fe&amp;playerjs=1\" allowfullscreen=\"allowfullscreen\" data-mce-fragment=\"1\"><\/iframe><\/div>\n<\/div>\n<\/div>\n<\/div>\n<\/div>\n<\/div>\n<div class=\"section\">\n<div class=\"section-2-col margin-bottom flex-on-mobile\">\n<div class=\"col 1-col\"><\/div>\n<div class=\"col 2-col\">\n<div class=\"newsletter theme--grupooctubrenl\">\n<div class=\"newsletter-content trigger-regions\">\n<div class=\"right\">\n<div class=\"right-inner\">\n<div class=\"hide-on-mobile\"><\/div>\n<\/div>\n<\/div>\n<\/div>\n<\/div>\n<\/div>\n<\/div>\n<\/div>\n","protected":false},"excerpt":{"rendered":"<p>Los diputados Mariano Recalde y Vanesa Siley presentaron la denuncia ante el organismo encargado de controlar a los miembros del Poder Judicial.\u00a0La jueza qued\u00f3 en la mira por tener a su mando la causa promovida por Espert y respaldada por Bullrich.<\/p>\n","protected":false},"author":3,"featured_media":0,"comment_status":"closed","ping_status":"closed","sticky":false,"template":"","format":"standard","meta":{"footnotes":""},"categories":[57],"tags":[],"class_list":["post-121352","post","type-post","status-publish","format-standard","hentry","category-judiciales"],"yoast_head":"<!-- This site is optimized with the Yoast SEO plugin v25.9 - https:\/\/yoast.com\/wordpress\/plugins\/seo\/ -->\n<title>Denunciaron a Arroyo Salgado ante el Consejo de la Magistratura\u00a0por las detenciones &quot;arbitrarias&quot; e &quot;ilegales&quot; de militantes peronistas - Noticias Radio Reflejos<\/title>\n<meta name=\"robots\" content=\"index, follow, max-snippet:-1, max-image-preview:large, max-video-preview:-1\" \/>\n<link rel=\"canonical\" href=\"https:\/\/www.noticiasradioreflejos.com.ar\/2021\/denunciaron-a-arroyo-salgado-ante-el-consejo-de-la-magistratura-por-las-detenciones-arbitrarias-e-ilegales-de-militantes-peronistas\/\" \/>\n<meta property=\"og:locale\" content=\"es_ES\" \/>\n<meta property=\"og:type\" content=\"article\" \/>\n<meta property=\"og:title\" content=\"Denunciaron a Arroyo Salgado ante el Consejo de la Magistratura\u00a0por las detenciones &quot;arbitrarias&quot; e &quot;ilegales&quot; de militantes peronistas - Noticias Radio Reflejos\" \/>\n<meta property=\"og:description\" content=\"Los diputados Mariano Recalde y Vanesa Siley presentaron la denuncia ante el organismo encargado de controlar a los miembros del Poder Judicial.\u00a0La jueza qued\u00f3 en la mira por tener a su mando la causa promovida por Espert y respaldada por Bullrich.\" \/>\n<meta property=\"og:url\" content=\"https:\/\/www.noticiasradioreflejos.com.ar\/2021\/denunciaron-a-arroyo-salgado-ante-el-consejo-de-la-magistratura-por-las-detenciones-arbitrarias-e-ilegales-de-militantes-peronistas\/\" \/>\n<meta property=\"og:site_name\" content=\"Noticias Radio Reflejos\" \/>\n<meta property=\"article:published_time\" content=\"2025-07-04T22:12:52+00:00\" \/>\n<meta property=\"article:modified_time\" content=\"2025-07-04T22:13:18+00:00\" \/>\n<meta property=\"og:image\" content=\"https:\/\/images.pagina12.com.ar\/styles\/focal_3_2_470x313\/public\/2025-07\/952156-10b-20na.jpg?h=3529228b&amp;itok=jA-0x-8-\" \/>\n<meta name=\"author\" content=\"Arnaldo Botto\" \/>\n<meta name=\"twitter:card\" content=\"summary_large_image\" \/>\n<script type=\"application\/ld+json\" class=\"yoast-schema-graph\">{\"@context\":\"https:\/\/schema.org\",\"@graph\":[{\"@type\":\"WebPage\",\"@id\":\"https:\/\/www.noticiasradioreflejos.com.ar\/2021\/denunciaron-a-arroyo-salgado-ante-el-consejo-de-la-magistratura-por-las-detenciones-arbitrarias-e-ilegales-de-militantes-peronistas\/\",\"url\":\"https:\/\/www.noticiasradioreflejos.com.ar\/2021\/denunciaron-a-arroyo-salgado-ante-el-consejo-de-la-magistratura-por-las-detenciones-arbitrarias-e-ilegales-de-militantes-peronistas\/\",\"name\":\"Denunciaron a Arroyo Salgado ante el Consejo de la Magistratura\u00a0por las detenciones \\\"arbitrarias\\\" e \\\"ilegales\\\" de militantes peronistas - Noticias Radio Reflejos\",\"isPartOf\":{\"@id\":\"https:\/\/www.noticiasradioreflejos.com.ar\/2021\/#website\"},\"primaryImageOfPage\":{\"@id\":\"https:\/\/www.noticiasradioreflejos.com.ar\/2021\/denunciaron-a-arroyo-salgado-ante-el-consejo-de-la-magistratura-por-las-detenciones-arbitrarias-e-ilegales-de-militantes-peronistas\/#primaryimage\"},\"image\":{\"@id\":\"https:\/\/www.noticiasradioreflejos.com.ar\/2021\/denunciaron-a-arroyo-salgado-ante-el-consejo-de-la-magistratura-por-las-detenciones-arbitrarias-e-ilegales-de-militantes-peronistas\/#primaryimage\"},\"thumbnailUrl\":\"https:\/\/images.pagina12.com.ar\/styles\/focal_3_2_470x313\/public\/2025-07\/952156-10b-20na.jpg?h=3529228b&amp;itok=jA-0x-8-\",\"datePublished\":\"2025-07-04T22:12:52+00:00\",\"dateModified\":\"2025-07-04T22:13:18+00:00\",\"author\":{\"@id\":\"https:\/\/www.noticiasradioreflejos.com.ar\/2021\/#\/schema\/person\/ad82545263dcc5ec0996818884fd5fb1\"},\"breadcrumb\":{\"@id\":\"https:\/\/www.noticiasradioreflejos.com.ar\/2021\/denunciaron-a-arroyo-salgado-ante-el-consejo-de-la-magistratura-por-las-detenciones-arbitrarias-e-ilegales-de-militantes-peronistas\/#breadcrumb\"},\"inLanguage\":\"es\",\"potentialAction\":[{\"@type\":\"ReadAction\",\"target\":[\"https:\/\/www.noticiasradioreflejos.com.ar\/2021\/denunciaron-a-arroyo-salgado-ante-el-consejo-de-la-magistratura-por-las-detenciones-arbitrarias-e-ilegales-de-militantes-peronistas\/\"]}]},{\"@type\":\"ImageObject\",\"inLanguage\":\"es\",\"@id\":\"https:\/\/www.noticiasradioreflejos.com.ar\/2021\/denunciaron-a-arroyo-salgado-ante-el-consejo-de-la-magistratura-por-las-detenciones-arbitrarias-e-ilegales-de-militantes-peronistas\/#primaryimage\",\"url\":\"https:\/\/images.pagina12.com.ar\/styles\/focal_3_2_470x313\/public\/2025-07\/952156-10b-20na.jpg?h=3529228b&amp;itok=jA-0x-8-\",\"contentUrl\":\"https:\/\/images.pagina12.com.ar\/styles\/focal_3_2_470x313\/public\/2025-07\/952156-10b-20na.jpg?h=3529228b&amp;itok=jA-0x-8-\"},{\"@type\":\"BreadcrumbList\",\"@id\":\"https:\/\/www.noticiasradioreflejos.com.ar\/2021\/denunciaron-a-arroyo-salgado-ante-el-consejo-de-la-magistratura-por-las-detenciones-arbitrarias-e-ilegales-de-militantes-peronistas\/#breadcrumb\",\"itemListElement\":[{\"@type\":\"ListItem\",\"position\":1,\"name\":\"Portada\",\"item\":\"https:\/\/www.noticiasradioreflejos.com.ar\/2021\/\"},{\"@type\":\"ListItem\",\"position\":2,\"name\":\"Denunciaron a Arroyo Salgado ante el Consejo de la Magistratura\u00a0por las detenciones \u00abarbitrarias\u00bb e \u00abilegales\u00bb de militantes peronistas\"}]},{\"@type\":\"WebSite\",\"@id\":\"https:\/\/www.noticiasradioreflejos.com.ar\/2021\/#website\",\"url\":\"https:\/\/www.noticiasradioreflejos.com.ar\/2021\/\",\"name\":\"Noticias Radio Reflejos\",\"description\":\"Las noticias de mi comarca\",\"potentialAction\":[{\"@type\":\"SearchAction\",\"target\":{\"@type\":\"EntryPoint\",\"urlTemplate\":\"https:\/\/www.noticiasradioreflejos.com.ar\/2021\/?s={search_term_string}\"},\"query-input\":{\"@type\":\"PropertyValueSpecification\",\"valueRequired\":true,\"valueName\":\"search_term_string\"}}],\"inLanguage\":\"es\"},{\"@type\":\"Person\",\"@id\":\"https:\/\/www.noticiasradioreflejos.com.ar\/2021\/#\/schema\/person\/ad82545263dcc5ec0996818884fd5fb1\",\"name\":\"Arnaldo Botto\",\"image\":{\"@type\":\"ImageObject\",\"inLanguage\":\"es\",\"@id\":\"https:\/\/www.noticiasradioreflejos.com.ar\/2021\/#\/schema\/person\/image\/\",\"url\":\"https:\/\/secure.gravatar.com\/avatar\/55cb5e37c1efa326397366e6974cb338056df65cb50e7d64d1cf314e87504837?s=96&d=mm&r=g\",\"contentUrl\":\"https:\/\/secure.gravatar.com\/avatar\/55cb5e37c1efa326397366e6974cb338056df65cb50e7d64d1cf314e87504837?s=96&d=mm&r=g\",\"caption\":\"Arnaldo Botto\"},\"url\":\"https:\/\/www.noticiasradioreflejos.com.ar\/2021\/author\/arnaldo\/\"}]}<\/script>\n<!-- \/ Yoast SEO plugin. -->","yoast_head_json":{"title":"Denunciaron a Arroyo Salgado ante el Consejo de la Magistratura\u00a0por las detenciones \"arbitrarias\" e \"ilegales\" de militantes peronistas - Noticias Radio Reflejos","robots":{"index":"index","follow":"follow","max-snippet":"max-snippet:-1","max-image-preview":"max-image-preview:large","max-video-preview":"max-video-preview:-1"},"canonical":"https:\/\/www.noticiasradioreflejos.com.ar\/2021\/denunciaron-a-arroyo-salgado-ante-el-consejo-de-la-magistratura-por-las-detenciones-arbitrarias-e-ilegales-de-militantes-peronistas\/","og_locale":"es_ES","og_type":"article","og_title":"Denunciaron a Arroyo Salgado ante el Consejo de la Magistratura\u00a0por las detenciones \"arbitrarias\" e \"ilegales\" de militantes peronistas - Noticias Radio Reflejos","og_description":"Los diputados Mariano Recalde y Vanesa Siley presentaron la denuncia ante el organismo encargado de controlar a los miembros del Poder Judicial.\u00a0La jueza qued\u00f3 en la mira por tener a su mando la causa promovida por Espert y respaldada por Bullrich.","og_url":"https:\/\/www.noticiasradioreflejos.com.ar\/2021\/denunciaron-a-arroyo-salgado-ante-el-consejo-de-la-magistratura-por-las-detenciones-arbitrarias-e-ilegales-de-militantes-peronistas\/","og_site_name":"Noticias Radio Reflejos","article_published_time":"2025-07-04T22:12:52+00:00","article_modified_time":"2025-07-04T22:13:18+00:00","og_image":[{"url":"https:\/\/images.pagina12.com.ar\/styles\/focal_3_2_470x313\/public\/2025-07\/952156-10b-20na.jpg?h=3529228b&amp;itok=jA-0x-8-","type":"","width":"","height":""}],"author":"Arnaldo Botto","twitter_card":"summary_large_image","schema":{"@context":"https:\/\/schema.org","@graph":[{"@type":"WebPage","@id":"https:\/\/www.noticiasradioreflejos.com.ar\/2021\/denunciaron-a-arroyo-salgado-ante-el-consejo-de-la-magistratura-por-las-detenciones-arbitrarias-e-ilegales-de-militantes-peronistas\/","url":"https:\/\/www.noticiasradioreflejos.com.ar\/2021\/denunciaron-a-arroyo-salgado-ante-el-consejo-de-la-magistratura-por-las-detenciones-arbitrarias-e-ilegales-de-militantes-peronistas\/","name":"Denunciaron a Arroyo Salgado ante el Consejo de la Magistratura\u00a0por las detenciones \"arbitrarias\" e \"ilegales\" de militantes peronistas - Noticias Radio Reflejos","isPartOf":{"@id":"https:\/\/www.noticiasradioreflejos.com.ar\/2021\/#website"},"primaryImageOfPage":{"@id":"https:\/\/www.noticiasradioreflejos.com.ar\/2021\/denunciaron-a-arroyo-salgado-ante-el-consejo-de-la-magistratura-por-las-detenciones-arbitrarias-e-ilegales-de-militantes-peronistas\/#primaryimage"},"image":{"@id":"https:\/\/www.noticiasradioreflejos.com.ar\/2021\/denunciaron-a-arroyo-salgado-ante-el-consejo-de-la-magistratura-por-las-detenciones-arbitrarias-e-ilegales-de-militantes-peronistas\/#primaryimage"},"thumbnailUrl":"https:\/\/images.pagina12.com.ar\/styles\/focal_3_2_470x313\/public\/2025-07\/952156-10b-20na.jpg?h=3529228b&amp;itok=jA-0x-8-","datePublished":"2025-07-04T22:12:52+00:00","dateModified":"2025-07-04T22:13:18+00:00","author":{"@id":"https:\/\/www.noticiasradioreflejos.com.ar\/2021\/#\/schema\/person\/ad82545263dcc5ec0996818884fd5fb1"},"breadcrumb":{"@id":"https:\/\/www.noticiasradioreflejos.com.ar\/2021\/denunciaron-a-arroyo-salgado-ante-el-consejo-de-la-magistratura-por-las-detenciones-arbitrarias-e-ilegales-de-militantes-peronistas\/#breadcrumb"},"inLanguage":"es","potentialAction":[{"@type":"ReadAction","target":["https:\/\/www.noticiasradioreflejos.com.ar\/2021\/denunciaron-a-arroyo-salgado-ante-el-consejo-de-la-magistratura-por-las-detenciones-arbitrarias-e-ilegales-de-militantes-peronistas\/"]}]},{"@type":"ImageObject","inLanguage":"es","@id":"https:\/\/www.noticiasradioreflejos.com.ar\/2021\/denunciaron-a-arroyo-salgado-ante-el-consejo-de-la-magistratura-por-las-detenciones-arbitrarias-e-ilegales-de-militantes-peronistas\/#primaryimage","url":"https:\/\/images.pagina12.com.ar\/styles\/focal_3_2_470x313\/public\/2025-07\/952156-10b-20na.jpg?h=3529228b&amp;itok=jA-0x-8-","contentUrl":"https:\/\/images.pagina12.com.ar\/styles\/focal_3_2_470x313\/public\/2025-07\/952156-10b-20na.jpg?h=3529228b&amp;itok=jA-0x-8-"},{"@type":"BreadcrumbList","@id":"https:\/\/www.noticiasradioreflejos.com.ar\/2021\/denunciaron-a-arroyo-salgado-ante-el-consejo-de-la-magistratura-por-las-detenciones-arbitrarias-e-ilegales-de-militantes-peronistas\/#breadcrumb","itemListElement":[{"@type":"ListItem","position":1,"name":"Portada","item":"https:\/\/www.noticiasradioreflejos.com.ar\/2021\/"},{"@type":"ListItem","position":2,"name":"Denunciaron a Arroyo Salgado ante el Consejo de la Magistratura\u00a0por las detenciones \u00abarbitrarias\u00bb e \u00abilegales\u00bb de militantes peronistas"}]},{"@type":"WebSite","@id":"https:\/\/www.noticiasradioreflejos.com.ar\/2021\/#website","url":"https:\/\/www.noticiasradioreflejos.com.ar\/2021\/","name":"Noticias Radio Reflejos","description":"Las noticias de mi comarca","potentialAction":[{"@type":"SearchAction","target":{"@type":"EntryPoint","urlTemplate":"https:\/\/www.noticiasradioreflejos.com.ar\/2021\/?s={search_term_string}"},"query-input":{"@type":"PropertyValueSpecification","valueRequired":true,"valueName":"search_term_string"}}],"inLanguage":"es"},{"@type":"Person","@id":"https:\/\/www.noticiasradioreflejos.com.ar\/2021\/#\/schema\/person\/ad82545263dcc5ec0996818884fd5fb1","name":"Arnaldo Botto","image":{"@type":"ImageObject","inLanguage":"es","@id":"https:\/\/www.noticiasradioreflejos.com.ar\/2021\/#\/schema\/person\/image\/","url":"https:\/\/secure.gravatar.com\/avatar\/55cb5e37c1efa326397366e6974cb338056df65cb50e7d64d1cf314e87504837?s=96&d=mm&r=g","contentUrl":"https:\/\/secure.gravatar.com\/avatar\/55cb5e37c1efa326397366e6974cb338056df65cb50e7d64d1cf314e87504837?s=96&d=mm&r=g","caption":"Arnaldo Botto"},"url":"https:\/\/www.noticiasradioreflejos.com.ar\/2021\/author\/arnaldo\/"}]}},"_links":{"self":[{"href":"https:\/\/www.noticiasradioreflejos.com.ar\/2021\/wp-json\/wp\/v2\/posts\/121352","targetHints":{"allow":["GET"]}}],"collection":[{"href":"https:\/\/www.noticiasradioreflejos.com.ar\/2021\/wp-json\/wp\/v2\/posts"}],"about":[{"href":"https:\/\/www.noticiasradioreflejos.com.ar\/2021\/wp-json\/wp\/v2\/types\/post"}],"author":[{"embeddable":true,"href":"https:\/\/www.noticiasradioreflejos.com.ar\/2021\/wp-json\/wp\/v2\/users\/3"}],"replies":[{"embeddable":true,"href":"https:\/\/www.noticiasradioreflejos.com.ar\/2021\/wp-json\/wp\/v2\/comments?post=121352"}],"version-history":[{"count":2,"href":"https:\/\/www.noticiasradioreflejos.com.ar\/2021\/wp-json\/wp\/v2\/posts\/121352\/revisions"}],"predecessor-version":[{"id":121357,"href":"https:\/\/www.noticiasradioreflejos.com.ar\/2021\/wp-json\/wp\/v2\/posts\/121352\/revisions\/121357"}],"wp:attachment":[{"href":"https:\/\/www.noticiasradioreflejos.com.ar\/2021\/wp-json\/wp\/v2\/media?parent=121352"}],"wp:term":[{"taxonomy":"category","embeddable":true,"href":"https:\/\/www.noticiasradioreflejos.com.ar\/2021\/wp-json\/wp\/v2\/categories?post=121352"},{"taxonomy":"post_tag","embeddable":true,"href":"https:\/\/www.noticiasradioreflejos.com.ar\/2021\/wp-json\/wp\/v2\/tags?post=121352"}],"curies":[{"name":"wp","href":"https:\/\/api.w.org\/{rel}","templated":true}]}}