{"id":121326,"date":"2025-07-04T15:15:31","date_gmt":"2025-07-04T18:15:31","guid":{"rendered":"https:\/\/www.noticiasradioreflejos.com.ar\/2021\/?p=121326"},"modified":"2025-07-04T15:18:21","modified_gmt":"2025-07-04T18:18:21","slug":"121326-2","status":"publish","type":"post","link":"https:\/\/www.noticiasradioreflejos.com.ar\/2021\/121326-2\/","title":{"rendered":"Coronel Su\u00e1rez: condenan a un hombre que abus\u00f3 y secuestr\u00f3 a una mujer"},"content":{"rendered":"<p>En juicio abreviado, el Tribunal Oral Criminal N\u00ba 1\u00a0<b><strong>conden\u00f3 este viernes a Gustavo Mart\u00edn Kruger R\u00edos a la pena de 7 a\u00f1os y 10 meses de prisi\u00f3n por haber abusado de una mujer y retenerla en contra de su voluntad dentro de su domicilio<\/strong><\/b>, ubicado en la vecina localidad de Coronel Su\u00e1rez.<!--more--><\/p>\n<p>Seg\u00fan la causa, investigada por la UFIJ N\u00ba\u00a04, a\u00a0cargo del fiscal Diego Torres,\u00a0<b><strong>el hecho se produjo entre el 14 y 15 de julio de 2024 en la vivienda ubicada en calle Jenquel al 300<\/strong><\/b>, cuando el sujeto abus\u00f3 de una mujer a quien tom\u00f3 por el cuello con las dos manos, mientras le dec\u00eda:\u00a0<b><strong>\u201cVas a hacer lo que yo te diga o sino te mato\u201d<\/strong><\/b>.<\/p>\n<p>&nbsp;<\/p>\n<p>Ante la negativa de la mujer y mediante amenazas,\u00a0<b><strong>el hombre la someti\u00f3 de manera carnal y le cerr\u00f3 con llave la puerta del domicilio, priv\u00e1ndola ileg\u00edtimamente de la libertad durante varias horas y hasta la llegada de la polic\u00eda<\/strong><\/b>, a quien dio aviso un amigo al que la v\u00edctima logr\u00f3 enviarle un mensaje de auxilio.<\/p>\n<p>&nbsp;<\/p>\n<p>Por \u00faltimo, fuentes oficiales informaron que Kruger R\u00edos fue condenado por el delito de\u00a0<b><strong>\u201cabuso sexual con acceso carnal y privaci\u00f3n ileg\u00edtima de la libertad\u201d<\/strong><\/b>.<\/p>\n","protected":false},"excerpt":{"rendered":"<p>En juicio abreviado, el Tribunal Oral Criminal N\u00ba 1\u00a0conden\u00f3 este viernes a Gustavo Mart\u00edn Kruger R\u00edos a la pena de 7 a\u00f1os y 10 meses de prisi\u00f3n por haber abusado de una mujer y retenerla en contra de su voluntad dentro de su domicilio, ubicado en la vecina localidad de Coronel Su\u00e1rez.<\/p>\n","protected":false},"author":3,"featured_media":43537,"comment_status":"closed","ping_status":"closed","sticky":false,"template":"","format":"standard","meta":{"footnotes":""},"categories":[57],"tags":[48],"class_list":["post-121326","post","type-post","status-publish","format-standard","has-post-thumbnail","hentry","category-judiciales","tag-destacada"],"yoast_head":"<!-- This site is optimized with the Yoast SEO plugin v25.9 - https:\/\/yoast.com\/wordpress\/plugins\/seo\/ -->\n<title>Coronel Su\u00e1rez: condenan a un hombre que abus\u00f3 y secuestr\u00f3 a una mujer - Noticias Radio Reflejos<\/title>\n<meta name=\"robots\" content=\"index, follow, max-snippet:-1, max-image-preview:large, max-video-preview:-1\" \/>\n<link rel=\"canonical\" href=\"https:\/\/www.noticiasradioreflejos.com.ar\/2021\/121326-2\/\" \/>\n<meta property=\"og:locale\" content=\"es_ES\" \/>\n<meta property=\"og:type\" content=\"article\" \/>\n<meta property=\"og:title\" content=\"Coronel Su\u00e1rez: condenan a un hombre que abus\u00f3 y secuestr\u00f3 a una mujer - Noticias Radio Reflejos\" \/>\n<meta property=\"og:description\" content=\"En juicio abreviado, el Tribunal Oral Criminal N\u00ba 1\u00a0conden\u00f3 este viernes a Gustavo Mart\u00edn Kruger R\u00edos a la pena de 7 a\u00f1os y 10 meses de prisi\u00f3n por haber abusado de una mujer y retenerla en contra de su voluntad dentro de su domicilio, ubicado en la vecina localidad de Coronel Su\u00e1rez.\" \/>\n<meta property=\"og:url\" content=\"https:\/\/www.noticiasradioreflejos.com.ar\/2021\/121326-2\/\" \/>\n<meta property=\"og:site_name\" content=\"Noticias Radio Reflejos\" \/>\n<meta property=\"article:published_time\" content=\"2025-07-04T18:15:31+00:00\" \/>\n<meta property=\"article:modified_time\" content=\"2025-07-04T18:18:21+00:00\" \/>\n<meta property=\"og:image\" content=\"https:\/\/www.noticiasradioreflejos.com.ar\/2021\/wp-content\/uploads\/2020\/06\/ABUSO_sexual_menores.jpg\" \/>\n\t<meta property=\"og:image:width\" content=\"550\" \/>\n\t<meta property=\"og:image:height\" content=\"361\" \/>\n\t<meta property=\"og:image:type\" content=\"image\/jpeg\" \/>\n<meta name=\"author\" content=\"Arnaldo Botto\" \/>\n<meta name=\"twitter:card\" content=\"summary_large_image\" \/>\n<script type=\"application\/ld+json\" class=\"yoast-schema-graph\">{\"@context\":\"https:\/\/schema.org\",\"@graph\":[{\"@type\":\"WebPage\",\"@id\":\"https:\/\/www.noticiasradioreflejos.com.ar\/2021\/121326-2\/\",\"url\":\"https:\/\/www.noticiasradioreflejos.com.ar\/2021\/121326-2\/\",\"name\":\"Coronel Su\u00e1rez: condenan a un hombre que abus\u00f3 y secuestr\u00f3 a una mujer - Noticias Radio Reflejos\",\"isPartOf\":{\"@id\":\"https:\/\/www.noticiasradioreflejos.com.ar\/2021\/#website\"},\"primaryImageOfPage\":{\"@id\":\"https:\/\/www.noticiasradioreflejos.com.ar\/2021\/121326-2\/#primaryimage\"},\"image\":{\"@id\":\"https:\/\/www.noticiasradioreflejos.com.ar\/2021\/121326-2\/#primaryimage\"},\"thumbnailUrl\":\"https:\/\/www.noticiasradioreflejos.com.ar\/2021\/wp-content\/uploads\/2020\/06\/ABUSO_sexual_menores.jpg\",\"datePublished\":\"2025-07-04T18:15:31+00:00\",\"dateModified\":\"2025-07-04T18:18:21+00:00\",\"author\":{\"@id\":\"https:\/\/www.noticiasradioreflejos.com.ar\/2021\/#\/schema\/person\/ad82545263dcc5ec0996818884fd5fb1\"},\"breadcrumb\":{\"@id\":\"https:\/\/www.noticiasradioreflejos.com.ar\/2021\/121326-2\/#breadcrumb\"},\"inLanguage\":\"es\",\"potentialAction\":[{\"@type\":\"ReadAction\",\"target\":[\"https:\/\/www.noticiasradioreflejos.com.ar\/2021\/121326-2\/\"]}]},{\"@type\":\"ImageObject\",\"inLanguage\":\"es\",\"@id\":\"https:\/\/www.noticiasradioreflejos.com.ar\/2021\/121326-2\/#primaryimage\",\"url\":\"https:\/\/www.noticiasradioreflejos.com.ar\/2021\/wp-content\/uploads\/2020\/06\/ABUSO_sexual_menores.jpg\",\"contentUrl\":\"https:\/\/www.noticiasradioreflejos.com.ar\/2021\/wp-content\/uploads\/2020\/06\/ABUSO_sexual_menores.jpg\",\"width\":550,\"height\":361},{\"@type\":\"BreadcrumbList\",\"@id\":\"https:\/\/www.noticiasradioreflejos.com.ar\/2021\/121326-2\/#breadcrumb\",\"itemListElement\":[{\"@type\":\"ListItem\",\"position\":1,\"name\":\"Portada\",\"item\":\"https:\/\/www.noticiasradioreflejos.com.ar\/2021\/\"},{\"@type\":\"ListItem\",\"position\":2,\"name\":\"Coronel Su\u00e1rez: condenan a un hombre que abus\u00f3 y secuestr\u00f3 a una mujer\"}]},{\"@type\":\"WebSite\",\"@id\":\"https:\/\/www.noticiasradioreflejos.com.ar\/2021\/#website\",\"url\":\"https:\/\/www.noticiasradioreflejos.com.ar\/2021\/\",\"name\":\"Noticias Radio Reflejos\",\"description\":\"Las noticias de mi comarca\",\"potentialAction\":[{\"@type\":\"SearchAction\",\"target\":{\"@type\":\"EntryPoint\",\"urlTemplate\":\"https:\/\/www.noticiasradioreflejos.com.ar\/2021\/?s={search_term_string}\"},\"query-input\":{\"@type\":\"PropertyValueSpecification\",\"valueRequired\":true,\"valueName\":\"search_term_string\"}}],\"inLanguage\":\"es\"},{\"@type\":\"Person\",\"@id\":\"https:\/\/www.noticiasradioreflejos.com.ar\/2021\/#\/schema\/person\/ad82545263dcc5ec0996818884fd5fb1\",\"name\":\"Arnaldo Botto\",\"image\":{\"@type\":\"ImageObject\",\"inLanguage\":\"es\",\"@id\":\"https:\/\/www.noticiasradioreflejos.com.ar\/2021\/#\/schema\/person\/image\/\",\"url\":\"https:\/\/secure.gravatar.com\/avatar\/55cb5e37c1efa326397366e6974cb338056df65cb50e7d64d1cf314e87504837?s=96&d=mm&r=g\",\"contentUrl\":\"https:\/\/secure.gravatar.com\/avatar\/55cb5e37c1efa326397366e6974cb338056df65cb50e7d64d1cf314e87504837?s=96&d=mm&r=g\",\"caption\":\"Arnaldo Botto\"},\"url\":\"https:\/\/www.noticiasradioreflejos.com.ar\/2021\/author\/arnaldo\/\"}]}<\/script>\n<!-- \/ Yoast SEO plugin. -->","yoast_head_json":{"title":"Coronel Su\u00e1rez: condenan a un hombre que abus\u00f3 y secuestr\u00f3 a una mujer - Noticias Radio Reflejos","robots":{"index":"index","follow":"follow","max-snippet":"max-snippet:-1","max-image-preview":"max-image-preview:large","max-video-preview":"max-video-preview:-1"},"canonical":"https:\/\/www.noticiasradioreflejos.com.ar\/2021\/121326-2\/","og_locale":"es_ES","og_type":"article","og_title":"Coronel Su\u00e1rez: condenan a un hombre que abus\u00f3 y secuestr\u00f3 a una mujer - Noticias Radio Reflejos","og_description":"En juicio abreviado, el Tribunal Oral Criminal N\u00ba 1\u00a0conden\u00f3 este viernes a Gustavo Mart\u00edn Kruger R\u00edos a la pena de 7 a\u00f1os y 10 meses de prisi\u00f3n por haber abusado de una mujer y retenerla en contra de su voluntad dentro de su domicilio, ubicado en la vecina localidad de Coronel Su\u00e1rez.","og_url":"https:\/\/www.noticiasradioreflejos.com.ar\/2021\/121326-2\/","og_site_name":"Noticias Radio Reflejos","article_published_time":"2025-07-04T18:15:31+00:00","article_modified_time":"2025-07-04T18:18:21+00:00","og_image":[{"width":550,"height":361,"url":"https:\/\/www.noticiasradioreflejos.com.ar\/2021\/wp-content\/uploads\/2020\/06\/ABUSO_sexual_menores.jpg","type":"image\/jpeg"}],"author":"Arnaldo Botto","twitter_card":"summary_large_image","schema":{"@context":"https:\/\/schema.org","@graph":[{"@type":"WebPage","@id":"https:\/\/www.noticiasradioreflejos.com.ar\/2021\/121326-2\/","url":"https:\/\/www.noticiasradioreflejos.com.ar\/2021\/121326-2\/","name":"Coronel Su\u00e1rez: condenan a un hombre que abus\u00f3 y secuestr\u00f3 a una mujer - Noticias Radio Reflejos","isPartOf":{"@id":"https:\/\/www.noticiasradioreflejos.com.ar\/2021\/#website"},"primaryImageOfPage":{"@id":"https:\/\/www.noticiasradioreflejos.com.ar\/2021\/121326-2\/#primaryimage"},"image":{"@id":"https:\/\/www.noticiasradioreflejos.com.ar\/2021\/121326-2\/#primaryimage"},"thumbnailUrl":"https:\/\/www.noticiasradioreflejos.com.ar\/2021\/wp-content\/uploads\/2020\/06\/ABUSO_sexual_menores.jpg","datePublished":"2025-07-04T18:15:31+00:00","dateModified":"2025-07-04T18:18:21+00:00","author":{"@id":"https:\/\/www.noticiasradioreflejos.com.ar\/2021\/#\/schema\/person\/ad82545263dcc5ec0996818884fd5fb1"},"breadcrumb":{"@id":"https:\/\/www.noticiasradioreflejos.com.ar\/2021\/121326-2\/#breadcrumb"},"inLanguage":"es","potentialAction":[{"@type":"ReadAction","target":["https:\/\/www.noticiasradioreflejos.com.ar\/2021\/121326-2\/"]}]},{"@type":"ImageObject","inLanguage":"es","@id":"https:\/\/www.noticiasradioreflejos.com.ar\/2021\/121326-2\/#primaryimage","url":"https:\/\/www.noticiasradioreflejos.com.ar\/2021\/wp-content\/uploads\/2020\/06\/ABUSO_sexual_menores.jpg","contentUrl":"https:\/\/www.noticiasradioreflejos.com.ar\/2021\/wp-content\/uploads\/2020\/06\/ABUSO_sexual_menores.jpg","width":550,"height":361},{"@type":"BreadcrumbList","@id":"https:\/\/www.noticiasradioreflejos.com.ar\/2021\/121326-2\/#breadcrumb","itemListElement":[{"@type":"ListItem","position":1,"name":"Portada","item":"https:\/\/www.noticiasradioreflejos.com.ar\/2021\/"},{"@type":"ListItem","position":2,"name":"Coronel Su\u00e1rez: condenan a un hombre que abus\u00f3 y secuestr\u00f3 a una mujer"}]},{"@type":"WebSite","@id":"https:\/\/www.noticiasradioreflejos.com.ar\/2021\/#website","url":"https:\/\/www.noticiasradioreflejos.com.ar\/2021\/","name":"Noticias Radio Reflejos","description":"Las noticias de mi comarca","potentialAction":[{"@type":"SearchAction","target":{"@type":"EntryPoint","urlTemplate":"https:\/\/www.noticiasradioreflejos.com.ar\/2021\/?s={search_term_string}"},"query-input":{"@type":"PropertyValueSpecification","valueRequired":true,"valueName":"search_term_string"}}],"inLanguage":"es"},{"@type":"Person","@id":"https:\/\/www.noticiasradioreflejos.com.ar\/2021\/#\/schema\/person\/ad82545263dcc5ec0996818884fd5fb1","name":"Arnaldo Botto","image":{"@type":"ImageObject","inLanguage":"es","@id":"https:\/\/www.noticiasradioreflejos.com.ar\/2021\/#\/schema\/person\/image\/","url":"https:\/\/secure.gravatar.com\/avatar\/55cb5e37c1efa326397366e6974cb338056df65cb50e7d64d1cf314e87504837?s=96&d=mm&r=g","contentUrl":"https:\/\/secure.gravatar.com\/avatar\/55cb5e37c1efa326397366e6974cb338056df65cb50e7d64d1cf314e87504837?s=96&d=mm&r=g","caption":"Arnaldo Botto"},"url":"https:\/\/www.noticiasradioreflejos.com.ar\/2021\/author\/arnaldo\/"}]}},"_links":{"self":[{"href":"https:\/\/www.noticiasradioreflejos.com.ar\/2021\/wp-json\/wp\/v2\/posts\/121326","targetHints":{"allow":["GET"]}}],"collection":[{"href":"https:\/\/www.noticiasradioreflejos.com.ar\/2021\/wp-json\/wp\/v2\/posts"}],"about":[{"href":"https:\/\/www.noticiasradioreflejos.com.ar\/2021\/wp-json\/wp\/v2\/types\/post"}],"author":[{"embeddable":true,"href":"https:\/\/www.noticiasradioreflejos.com.ar\/2021\/wp-json\/wp\/v2\/users\/3"}],"replies":[{"embeddable":true,"href":"https:\/\/www.noticiasradioreflejos.com.ar\/2021\/wp-json\/wp\/v2\/comments?post=121326"}],"version-history":[{"count":2,"href":"https:\/\/www.noticiasradioreflejos.com.ar\/2021\/wp-json\/wp\/v2\/posts\/121326\/revisions"}],"predecessor-version":[{"id":121328,"href":"https:\/\/www.noticiasradioreflejos.com.ar\/2021\/wp-json\/wp\/v2\/posts\/121326\/revisions\/121328"}],"wp:featuredmedia":[{"embeddable":true,"href":"https:\/\/www.noticiasradioreflejos.com.ar\/2021\/wp-json\/wp\/v2\/media\/43537"}],"wp:attachment":[{"href":"https:\/\/www.noticiasradioreflejos.com.ar\/2021\/wp-json\/wp\/v2\/media?parent=121326"}],"wp:term":[{"taxonomy":"category","embeddable":true,"href":"https:\/\/www.noticiasradioreflejos.com.ar\/2021\/wp-json\/wp\/v2\/categories?post=121326"},{"taxonomy":"post_tag","embeddable":true,"href":"https:\/\/www.noticiasradioreflejos.com.ar\/2021\/wp-json\/wp\/v2\/tags?post=121326"}],"curies":[{"name":"wp","href":"https:\/\/api.w.org\/{rel}","templated":true}]}}