{"id":121237,"date":"2025-07-03T07:52:00","date_gmt":"2025-07-03T10:52:00","guid":{"rendered":"https:\/\/www.noticiasradioreflejos.com.ar\/2021\/?p=121237"},"modified":"2025-07-03T07:52:01","modified_gmt":"2025-07-03T10:52:01","slug":"descubren-en-neuquen-una-nueva-especie-de-dinosaurio-que-vivio-hace-95-millones-de-anos","status":"publish","type":"post","link":"https:\/\/www.noticiasradioreflejos.com.ar\/2021\/descubren-en-neuquen-una-nueva-especie-de-dinosaurio-que-vivio-hace-95-millones-de-anos\/","title":{"rendered":"Descubren en Neuqu\u00e9n una nueva especie de dinosaurio que vivi\u00f3 hace 95 millones de a\u00f1os"},"content":{"rendered":"<p>\u00abAstigmasaura genuflexa\u00bb era un herb\u00edvoro cuadr\u00fapedo de cuello y cola larga, med\u00eda unos 18 metros de largo y pesaba m\u00e1s de 10 toneladas.<!--more--><\/p>\n<div class=\"columns\" data-tadevel-template=\"web\/article-columns\">\n<div class=\"column-main\">\n<div class=\"article-body\" data-tadevel-template=\"web\/article-body\">\n<div class=\"article-body-content\">\n<p>Investigadores del Consejo Nacional de Investigaciones Cient\u00edficas y T\u00e9cnicas (CONICET) junto con colegas de otras instituciones nacionales, hallaron en el<strong>\u00a0departamento de A\u00f1elo, provincia de Neuqu\u00e9n<\/strong>, los restos f\u00f3siles de\u00a0<strong>un nuevo dinosaurio<\/strong>\u00a0de la familia de los rebaquis\u00e1uridos, un grupo de dinosaurios saur\u00f3podos que\u00a0<strong>habit\u00f3 la regi\u00f3n hace aproximadamente 95 millones de a\u00f1os<\/strong>.<\/p>\n<p>La nueva especie, bautizada\u00a0<strong>Astigmasaura genuflexa<\/strong>, fue presentada en la revista Cretaceous Research. Se trata de un cuadr\u00fapedo herb\u00edvoro de\u00a0<strong>cuello y cola larga, med\u00eda unos 18 metros de largo y pesaba m\u00e1s de 10 toneladas<\/strong>.<\/p>\n<p>El nombre del g\u00e9nero, Astigmasaura (del lat\u00edn a- + stigma, \u201csin signos\u201d), hace referencia al lugar del hallazgo, El Orejano, una expresi\u00f3n popular que significa \u201canimal sin signos de identificaci\u00f3n, sin due\u00f1o\u201d. El nombre de la especie genuflexa (del lat\u00edn genus, \u201crodilla\u201d, y flectere, \u201cdoblar\u201d) alude a la posici\u00f3n en la que se hall\u00f3 el esp\u00e9cimen: arrodillada, con ambas patas traseras dobladas.<\/p>\n<p>Desde el CONICET detallan que\u00a0<strong>las v\u00e9rtebras de la cola de esta especie ten\u00edan prolongaciones \u00f3seas muy altas,<\/strong>\u00a0tanto hacia arriba como hacia los costados. Ten\u00eda arcos hemales \u2013 huesos por debajo de la cola para que protegen el sistema nervioso y circulatorio- muy diversos: alargados y rectos, y en forma de bota y de estrella. Adem\u00e1s, pose\u00eda patas esbeltas y dedos de los pies ensanchados desde adelante hacia atr\u00e1s.<\/p>\n<p><strong>Flavio Bellardini,<\/strong>\u00a0primer autor del art\u00edculo, comenta que\u00a0<strong>es la primera vez que se descubre la parte posterior del esqueleto de dinosaurios rebaquis\u00e1uridos<\/strong>, con ambos miembros traseros, la cadera y la mitad anterior de la cola perfectamente preservados, permitiendo as\u00ed aclarar parte de la anatom\u00eda a\u00fan poco conocida. Adem\u00e1s, remarca que<strong>\u00a0Astigmasaura es una de las \u00faltimas especies de dinosaurios rebaquis\u00e1uridos antes de su extinci\u00f3n<\/strong>, ocasionada hace unos 90 millones de a\u00f1os atr\u00e1s, por lo que es\u00a0<strong>fundamental para reconstruir las fases finales de la historia evolutiva del grupo en Patagonia.<\/strong><\/p>\n<\/div>\n<\/div>\n<\/div>\n<\/div>\n<p>&nbsp;<\/p>\n<p><a href=\"https:\/\/www.noticiasradioreflejos.com.ar\/2021\/descubren-en-neuquen-una-nueva-especie-de-dinosaurio-que-vivio-hace-95-millones-de-anos\/paleontologas-en-neuquen\/\" rel=\"attachment wp-att-121239\"><img loading=\"lazy\" decoding=\"async\" class=\"aligncenter  wp-image-121239\" src=\"https:\/\/www.noticiasradioreflejos.com.ar\/2021\/wp-content\/uploads\/2025\/07\/paleontologas-en-neuquen.jpg\" alt=\"\" width=\"905\" height=\"506\" srcset=\"https:\/\/www.noticiasradioreflejos.com.ar\/2021\/wp-content\/uploads\/2025\/07\/paleontologas-en-neuquen.jpg 640w, https:\/\/www.noticiasradioreflejos.com.ar\/2021\/wp-content\/uploads\/2025\/07\/paleontologas-en-neuquen-300x168.jpg 300w\" sizes=\"auto, (max-width: 905px) 100vw, 905px\" \/><\/a><\/p>\n<div class=\"columns\" data-tadevel-template=\"web\/article-columns\">\n<div class=\"column-main\">\n<div class=\"article-body\" data-tadevel-template=\"web\/article-body\">\n<div class=\"article-body-content\">\n<p>\u201cEn 2017, una denuncia de\u00a0<strong>hallazgo fortuito realizada por petroleros del yacimiento GASNOC YPF de El Orejano permiti\u00f3 descubrir el esqueleto casi completo\u00a0<\/strong>y articulado de este dinosaurio procedente de los niveles inferiores de la Formaci\u00f3n Huincul. Estos niveles arenosos y arcillosos, donde se encontraron los huesos fosilizados, correspond\u00edan a un sector de un r\u00edo de tipo meandroso, que presentaba una trayectoria sinuosa o curvada, en forma de serpiente, que indica que los restos, transportados por una corriente de baja energ\u00eda, se encallaron en una de las tantas barras arenosas que se formaban a lo largo de su cauce. Con el tiempo, el cuello, espalda, miembros anteriores y el extremo de la cola fueron arrasados por la corriente y no se fosilizaron. Una r\u00e1pida crecida tap\u00f3 con sedimento lo que restaba, permitiendo la preservaci\u00f3n de lo que hoy representa el material tipo de esta nueva especie de dinosaurio saur\u00f3podo rebaquis\u00e1urido\u201d, explica Bellardini.<\/p>\n<p><strong>Las tareas de excavaci\u00f3n requirieron cinco campa\u00f1as paleontol\u00f3gicas y m\u00e1s de treinta d\u00edas de trabajo de campo.<\/strong><\/p>\n<\/div>\n<\/div>\n<\/div>\n<\/div>\n","protected":false},"excerpt":{"rendered":"<p>\u00abAstigmasaura genuflexa\u00bb era un herb\u00edvoro cuadr\u00fapedo de cuello y cola larga, med\u00eda unos 18 metros de largo y pesaba m\u00e1s de 10 toneladas.<\/p>\n","protected":false},"author":3,"featured_media":121238,"comment_status":"closed","ping_status":"closed","sticky":false,"template":"","format":"standard","meta":{"footnotes":""},"categories":[46],"tags":[],"class_list":["post-121237","post","type-post","status-publish","format-standard","has-post-thumbnail","hentry","category-ciencia-y-tecnologia"],"yoast_head":"<!-- This site is optimized with the Yoast SEO plugin v25.9 - https:\/\/yoast.com\/wordpress\/plugins\/seo\/ -->\n<title>Descubren en Neuqu\u00e9n una nueva especie de dinosaurio que vivi\u00f3 hace 95 millones de a\u00f1os - Noticias Radio Reflejos<\/title>\n<meta name=\"robots\" content=\"index, follow, max-snippet:-1, max-image-preview:large, max-video-preview:-1\" \/>\n<link rel=\"canonical\" href=\"https:\/\/www.noticiasradioreflejos.com.ar\/2021\/descubren-en-neuquen-una-nueva-especie-de-dinosaurio-que-vivio-hace-95-millones-de-anos\/\" \/>\n<meta property=\"og:locale\" content=\"es_ES\" \/>\n<meta property=\"og:type\" content=\"article\" \/>\n<meta property=\"og:title\" content=\"Descubren en Neuqu\u00e9n una nueva especie de dinosaurio que vivi\u00f3 hace 95 millones de a\u00f1os - Noticias Radio Reflejos\" \/>\n<meta property=\"og:description\" content=\"\u00abAstigmasaura genuflexa\u00bb era un herb\u00edvoro cuadr\u00fapedo de cuello y cola larga, med\u00eda unos 18 metros de largo y pesaba m\u00e1s de 10 toneladas.\" \/>\n<meta property=\"og:url\" content=\"https:\/\/www.noticiasradioreflejos.com.ar\/2021\/descubren-en-neuquen-una-nueva-especie-de-dinosaurio-que-vivio-hace-95-millones-de-anos\/\" \/>\n<meta property=\"og:site_name\" content=\"Noticias Radio Reflejos\" \/>\n<meta property=\"article:published_time\" content=\"2025-07-03T10:52:00+00:00\" \/>\n<meta property=\"article:modified_time\" content=\"2025-07-03T10:52:01+00:00\" \/>\n<meta property=\"og:image\" content=\"https:\/\/www.noticiasradioreflejos.com.ar\/2021\/wp-content\/uploads\/2025\/07\/Astigmasaura-genuflexa.jpg\" \/>\n\t<meta property=\"og:image:width\" content=\"640\" \/>\n\t<meta property=\"og:image:height\" content=\"360\" \/>\n\t<meta property=\"og:image:type\" content=\"image\/jpeg\" \/>\n<meta name=\"author\" content=\"Arnaldo Botto\" \/>\n<meta name=\"twitter:card\" content=\"summary_large_image\" \/>\n<script type=\"application\/ld+json\" class=\"yoast-schema-graph\">{\"@context\":\"https:\/\/schema.org\",\"@graph\":[{\"@type\":\"WebPage\",\"@id\":\"https:\/\/www.noticiasradioreflejos.com.ar\/2021\/descubren-en-neuquen-una-nueva-especie-de-dinosaurio-que-vivio-hace-95-millones-de-anos\/\",\"url\":\"https:\/\/www.noticiasradioreflejos.com.ar\/2021\/descubren-en-neuquen-una-nueva-especie-de-dinosaurio-que-vivio-hace-95-millones-de-anos\/\",\"name\":\"Descubren en Neuqu\u00e9n una nueva especie de dinosaurio que vivi\u00f3 hace 95 millones de a\u00f1os - Noticias Radio Reflejos\",\"isPartOf\":{\"@id\":\"https:\/\/www.noticiasradioreflejos.com.ar\/2021\/#website\"},\"primaryImageOfPage\":{\"@id\":\"https:\/\/www.noticiasradioreflejos.com.ar\/2021\/descubren-en-neuquen-una-nueva-especie-de-dinosaurio-que-vivio-hace-95-millones-de-anos\/#primaryimage\"},\"image\":{\"@id\":\"https:\/\/www.noticiasradioreflejos.com.ar\/2021\/descubren-en-neuquen-una-nueva-especie-de-dinosaurio-que-vivio-hace-95-millones-de-anos\/#primaryimage\"},\"thumbnailUrl\":\"https:\/\/www.noticiasradioreflejos.com.ar\/2021\/wp-content\/uploads\/2025\/07\/Astigmasaura-genuflexa.jpg\",\"datePublished\":\"2025-07-03T10:52:00+00:00\",\"dateModified\":\"2025-07-03T10:52:01+00:00\",\"author\":{\"@id\":\"https:\/\/www.noticiasradioreflejos.com.ar\/2021\/#\/schema\/person\/ad82545263dcc5ec0996818884fd5fb1\"},\"breadcrumb\":{\"@id\":\"https:\/\/www.noticiasradioreflejos.com.ar\/2021\/descubren-en-neuquen-una-nueva-especie-de-dinosaurio-que-vivio-hace-95-millones-de-anos\/#breadcrumb\"},\"inLanguage\":\"es\",\"potentialAction\":[{\"@type\":\"ReadAction\",\"target\":[\"https:\/\/www.noticiasradioreflejos.com.ar\/2021\/descubren-en-neuquen-una-nueva-especie-de-dinosaurio-que-vivio-hace-95-millones-de-anos\/\"]}]},{\"@type\":\"ImageObject\",\"inLanguage\":\"es\",\"@id\":\"https:\/\/www.noticiasradioreflejos.com.ar\/2021\/descubren-en-neuquen-una-nueva-especie-de-dinosaurio-que-vivio-hace-95-millones-de-anos\/#primaryimage\",\"url\":\"https:\/\/www.noticiasradioreflejos.com.ar\/2021\/wp-content\/uploads\/2025\/07\/Astigmasaura-genuflexa.jpg\",\"contentUrl\":\"https:\/\/www.noticiasradioreflejos.com.ar\/2021\/wp-content\/uploads\/2025\/07\/Astigmasaura-genuflexa.jpg\",\"width\":640,\"height\":360},{\"@type\":\"BreadcrumbList\",\"@id\":\"https:\/\/www.noticiasradioreflejos.com.ar\/2021\/descubren-en-neuquen-una-nueva-especie-de-dinosaurio-que-vivio-hace-95-millones-de-anos\/#breadcrumb\",\"itemListElement\":[{\"@type\":\"ListItem\",\"position\":1,\"name\":\"Portada\",\"item\":\"https:\/\/www.noticiasradioreflejos.com.ar\/2021\/\"},{\"@type\":\"ListItem\",\"position\":2,\"name\":\"Descubren en Neuqu\u00e9n una nueva especie de dinosaurio que vivi\u00f3 hace 95 millones de a\u00f1os\"}]},{\"@type\":\"WebSite\",\"@id\":\"https:\/\/www.noticiasradioreflejos.com.ar\/2021\/#website\",\"url\":\"https:\/\/www.noticiasradioreflejos.com.ar\/2021\/\",\"name\":\"Noticias Radio Reflejos\",\"description\":\"Las noticias de mi comarca\",\"potentialAction\":[{\"@type\":\"SearchAction\",\"target\":{\"@type\":\"EntryPoint\",\"urlTemplate\":\"https:\/\/www.noticiasradioreflejos.com.ar\/2021\/?s={search_term_string}\"},\"query-input\":{\"@type\":\"PropertyValueSpecification\",\"valueRequired\":true,\"valueName\":\"search_term_string\"}}],\"inLanguage\":\"es\"},{\"@type\":\"Person\",\"@id\":\"https:\/\/www.noticiasradioreflejos.com.ar\/2021\/#\/schema\/person\/ad82545263dcc5ec0996818884fd5fb1\",\"name\":\"Arnaldo Botto\",\"image\":{\"@type\":\"ImageObject\",\"inLanguage\":\"es\",\"@id\":\"https:\/\/www.noticiasradioreflejos.com.ar\/2021\/#\/schema\/person\/image\/\",\"url\":\"https:\/\/secure.gravatar.com\/avatar\/55cb5e37c1efa326397366e6974cb338056df65cb50e7d64d1cf314e87504837?s=96&d=mm&r=g\",\"contentUrl\":\"https:\/\/secure.gravatar.com\/avatar\/55cb5e37c1efa326397366e6974cb338056df65cb50e7d64d1cf314e87504837?s=96&d=mm&r=g\",\"caption\":\"Arnaldo Botto\"},\"url\":\"https:\/\/www.noticiasradioreflejos.com.ar\/2021\/author\/arnaldo\/\"}]}<\/script>\n<!-- \/ Yoast SEO plugin. -->","yoast_head_json":{"title":"Descubren en Neuqu\u00e9n una nueva especie de dinosaurio que vivi\u00f3 hace 95 millones de a\u00f1os - Noticias Radio Reflejos","robots":{"index":"index","follow":"follow","max-snippet":"max-snippet:-1","max-image-preview":"max-image-preview:large","max-video-preview":"max-video-preview:-1"},"canonical":"https:\/\/www.noticiasradioreflejos.com.ar\/2021\/descubren-en-neuquen-una-nueva-especie-de-dinosaurio-que-vivio-hace-95-millones-de-anos\/","og_locale":"es_ES","og_type":"article","og_title":"Descubren en Neuqu\u00e9n una nueva especie de dinosaurio que vivi\u00f3 hace 95 millones de a\u00f1os - Noticias Radio Reflejos","og_description":"\u00abAstigmasaura genuflexa\u00bb era un herb\u00edvoro cuadr\u00fapedo de cuello y cola larga, med\u00eda unos 18 metros de largo y pesaba m\u00e1s de 10 toneladas.","og_url":"https:\/\/www.noticiasradioreflejos.com.ar\/2021\/descubren-en-neuquen-una-nueva-especie-de-dinosaurio-que-vivio-hace-95-millones-de-anos\/","og_site_name":"Noticias Radio Reflejos","article_published_time":"2025-07-03T10:52:00+00:00","article_modified_time":"2025-07-03T10:52:01+00:00","og_image":[{"width":640,"height":360,"url":"https:\/\/www.noticiasradioreflejos.com.ar\/2021\/wp-content\/uploads\/2025\/07\/Astigmasaura-genuflexa.jpg","type":"image\/jpeg"}],"author":"Arnaldo Botto","twitter_card":"summary_large_image","schema":{"@context":"https:\/\/schema.org","@graph":[{"@type":"WebPage","@id":"https:\/\/www.noticiasradioreflejos.com.ar\/2021\/descubren-en-neuquen-una-nueva-especie-de-dinosaurio-que-vivio-hace-95-millones-de-anos\/","url":"https:\/\/www.noticiasradioreflejos.com.ar\/2021\/descubren-en-neuquen-una-nueva-especie-de-dinosaurio-que-vivio-hace-95-millones-de-anos\/","name":"Descubren en Neuqu\u00e9n una nueva especie de dinosaurio que vivi\u00f3 hace 95 millones de a\u00f1os - Noticias Radio Reflejos","isPartOf":{"@id":"https:\/\/www.noticiasradioreflejos.com.ar\/2021\/#website"},"primaryImageOfPage":{"@id":"https:\/\/www.noticiasradioreflejos.com.ar\/2021\/descubren-en-neuquen-una-nueva-especie-de-dinosaurio-que-vivio-hace-95-millones-de-anos\/#primaryimage"},"image":{"@id":"https:\/\/www.noticiasradioreflejos.com.ar\/2021\/descubren-en-neuquen-una-nueva-especie-de-dinosaurio-que-vivio-hace-95-millones-de-anos\/#primaryimage"},"thumbnailUrl":"https:\/\/www.noticiasradioreflejos.com.ar\/2021\/wp-content\/uploads\/2025\/07\/Astigmasaura-genuflexa.jpg","datePublished":"2025-07-03T10:52:00+00:00","dateModified":"2025-07-03T10:52:01+00:00","author":{"@id":"https:\/\/www.noticiasradioreflejos.com.ar\/2021\/#\/schema\/person\/ad82545263dcc5ec0996818884fd5fb1"},"breadcrumb":{"@id":"https:\/\/www.noticiasradioreflejos.com.ar\/2021\/descubren-en-neuquen-una-nueva-especie-de-dinosaurio-que-vivio-hace-95-millones-de-anos\/#breadcrumb"},"inLanguage":"es","potentialAction":[{"@type":"ReadAction","target":["https:\/\/www.noticiasradioreflejos.com.ar\/2021\/descubren-en-neuquen-una-nueva-especie-de-dinosaurio-que-vivio-hace-95-millones-de-anos\/"]}]},{"@type":"ImageObject","inLanguage":"es","@id":"https:\/\/www.noticiasradioreflejos.com.ar\/2021\/descubren-en-neuquen-una-nueva-especie-de-dinosaurio-que-vivio-hace-95-millones-de-anos\/#primaryimage","url":"https:\/\/www.noticiasradioreflejos.com.ar\/2021\/wp-content\/uploads\/2025\/07\/Astigmasaura-genuflexa.jpg","contentUrl":"https:\/\/www.noticiasradioreflejos.com.ar\/2021\/wp-content\/uploads\/2025\/07\/Astigmasaura-genuflexa.jpg","width":640,"height":360},{"@type":"BreadcrumbList","@id":"https:\/\/www.noticiasradioreflejos.com.ar\/2021\/descubren-en-neuquen-una-nueva-especie-de-dinosaurio-que-vivio-hace-95-millones-de-anos\/#breadcrumb","itemListElement":[{"@type":"ListItem","position":1,"name":"Portada","item":"https:\/\/www.noticiasradioreflejos.com.ar\/2021\/"},{"@type":"ListItem","position":2,"name":"Descubren en Neuqu\u00e9n una nueva especie de dinosaurio que vivi\u00f3 hace 95 millones de a\u00f1os"}]},{"@type":"WebSite","@id":"https:\/\/www.noticiasradioreflejos.com.ar\/2021\/#website","url":"https:\/\/www.noticiasradioreflejos.com.ar\/2021\/","name":"Noticias Radio Reflejos","description":"Las noticias de mi comarca","potentialAction":[{"@type":"SearchAction","target":{"@type":"EntryPoint","urlTemplate":"https:\/\/www.noticiasradioreflejos.com.ar\/2021\/?s={search_term_string}"},"query-input":{"@type":"PropertyValueSpecification","valueRequired":true,"valueName":"search_term_string"}}],"inLanguage":"es"},{"@type":"Person","@id":"https:\/\/www.noticiasradioreflejos.com.ar\/2021\/#\/schema\/person\/ad82545263dcc5ec0996818884fd5fb1","name":"Arnaldo Botto","image":{"@type":"ImageObject","inLanguage":"es","@id":"https:\/\/www.noticiasradioreflejos.com.ar\/2021\/#\/schema\/person\/image\/","url":"https:\/\/secure.gravatar.com\/avatar\/55cb5e37c1efa326397366e6974cb338056df65cb50e7d64d1cf314e87504837?s=96&d=mm&r=g","contentUrl":"https:\/\/secure.gravatar.com\/avatar\/55cb5e37c1efa326397366e6974cb338056df65cb50e7d64d1cf314e87504837?s=96&d=mm&r=g","caption":"Arnaldo Botto"},"url":"https:\/\/www.noticiasradioreflejos.com.ar\/2021\/author\/arnaldo\/"}]}},"_links":{"self":[{"href":"https:\/\/www.noticiasradioreflejos.com.ar\/2021\/wp-json\/wp\/v2\/posts\/121237","targetHints":{"allow":["GET"]}}],"collection":[{"href":"https:\/\/www.noticiasradioreflejos.com.ar\/2021\/wp-json\/wp\/v2\/posts"}],"about":[{"href":"https:\/\/www.noticiasradioreflejos.com.ar\/2021\/wp-json\/wp\/v2\/types\/post"}],"author":[{"embeddable":true,"href":"https:\/\/www.noticiasradioreflejos.com.ar\/2021\/wp-json\/wp\/v2\/users\/3"}],"replies":[{"embeddable":true,"href":"https:\/\/www.noticiasradioreflejos.com.ar\/2021\/wp-json\/wp\/v2\/comments?post=121237"}],"version-history":[{"count":2,"href":"https:\/\/www.noticiasradioreflejos.com.ar\/2021\/wp-json\/wp\/v2\/posts\/121237\/revisions"}],"predecessor-version":[{"id":121241,"href":"https:\/\/www.noticiasradioreflejos.com.ar\/2021\/wp-json\/wp\/v2\/posts\/121237\/revisions\/121241"}],"wp:featuredmedia":[{"embeddable":true,"href":"https:\/\/www.noticiasradioreflejos.com.ar\/2021\/wp-json\/wp\/v2\/media\/121238"}],"wp:attachment":[{"href":"https:\/\/www.noticiasradioreflejos.com.ar\/2021\/wp-json\/wp\/v2\/media?parent=121237"}],"wp:term":[{"taxonomy":"category","embeddable":true,"href":"https:\/\/www.noticiasradioreflejos.com.ar\/2021\/wp-json\/wp\/v2\/categories?post=121237"},{"taxonomy":"post_tag","embeddable":true,"href":"https:\/\/www.noticiasradioreflejos.com.ar\/2021\/wp-json\/wp\/v2\/tags?post=121237"}],"curies":[{"name":"wp","href":"https:\/\/api.w.org\/{rel}","templated":true}]}}