{"id":121098,"date":"2025-06-30T14:26:04","date_gmt":"2025-06-30T17:26:04","guid":{"rendered":"https:\/\/www.noticiasradioreflejos.com.ar\/2021\/?p=121098"},"modified":"2025-06-30T14:26:04","modified_gmt":"2025-06-30T17:26:04","slug":"denuncian-a-un-estudio-contable-en-el-chaco-por-fraude-a-anses","status":"publish","type":"post","link":"https:\/\/www.noticiasradioreflejos.com.ar\/2021\/denuncian-a-un-estudio-contable-en-el-chaco-por-fraude-a-anses\/","title":{"rendered":"Denuncian a un estudio contable en el Chaco por fraude a ANSES"},"content":{"rendered":"<p style=\"font-weight: 400;\"><em>El Ministerio de Capital Humano informa que ANSES denunci\u00f3 a un estudio contable por presunto fraude con jubilaciones en la provincia de Chaco.<\/em><!--more--><\/p>\n<p style=\"font-weight: 400;\">ANSES, organismo dependiente del Ministerio de Capital Humano, radic\u00f3 una denuncia ante la Justicia Federal de Chaco para investigar una maniobra que resultar\u00eda fraudulenta, llevada adelante por un importante estudio contable de la localidad de Resistencia.<\/p>\n<p style=\"font-weight: 400;\">De la investigaci\u00f3n preliminar llevada a cabo por ANSES surgir\u00eda que el estudio contable declar\u00f3 ante la Agencia de Recaudaci\u00f3n y Control Aduanero (ARCA) numerosas relaciones de trabajo falsas, a fin de que sus clientes pudieran acceder a beneficios de jubilaci\u00f3n sin contar con los 30 a\u00f1os de aportes obligatorios por ley. Para eso, se habr\u00edan utilizado los datos de otros clientes haci\u00e9ndolos figurar como empleadores, presentando las declaraciones juradas rectificativas para \u201cblanquear\u201d de forma tard\u00eda falsos v\u00ednculos de dependencia.<\/p>\n<p style=\"font-weight: 400;\">Esta maniobra, que resultar\u00eda por dem\u00e1s compleja, se basa en que, falseando las declaraciones juradas ante ARCA, y gracias a las tareas de prevenci\u00f3n de fraude y control llevadas a cabo por parte de ANSES, en un trabajo conjunto en virtud de la parametrizaci\u00f3n de los sistemas de ARCA, y en base a un minucioso trabajo de las autoridades de ANSES de la provincia de Chaco y de la Direcci\u00f3n de Detecci\u00f3n del mismo organismo con base en Buenos Aires, se logr\u00f3 identificar inicialmente 23 casos sospechosos, aunque la tarea conjunta para la detecci\u00f3n de m\u00e1s casos contin\u00faa. Atento a la operatoria detectada se ha decidido recurrir a la Justicia Federal, a fin de avanzar con las investigaciones de rigor.<\/p>\n<p style=\"font-weight: 400;\">De esta forma, y en el marco de la investigaci\u00f3n llevada a cabo por el organismo previsional, se tomaron declaraciones de varios de los supuestos \u201cempleadores\u201d, los que admitieron no conocer a los empleados que ten\u00edan declarados y haber sido instruidos por el estudio contable a mentir en caso de ser indagados por las autoridades, siendo tales elementos la base estructural de la denuncia.<\/p>\n<p style=\"font-weight: 400;\">Afortunadamente, gracias a esta intervenci\u00f3n temprana, se logr\u00f3 evitar la puesta al pago de casi todas las jubilaciones con servicios ap\u00f3crifos, mientras que otro tanto fue suspendido preventivamente tras pocos meses de estar al cobro. ANSES se encuentra ahora cooperando con la Justicia a fin de avanzar con la investigaci\u00f3n e identificar a los eventuales responsables y buscando reparar los da\u00f1os ocasionados al Estado y el sistema jubilatorio, que se estima de un monto millonario, y no se descarta -como hemos mencionado- la detecci\u00f3n de nuevos casos, y por ende del ascenso en el perjuicio que tal maniobra habr\u00eda irrogado al Estado Nacional.<\/p>\n<p style=\"font-weight: 400;\">\n","protected":false},"excerpt":{"rendered":"<p>El Ministerio de Capital Humano informa que ANSES denunci\u00f3 a un estudio contable por presunto fraude con jubilaciones en la provincia de Chaco.<\/p>\n","protected":false},"author":3,"featured_media":0,"comment_status":"closed","ping_status":"closed","sticky":false,"template":"","format":"standard","meta":{"footnotes":""},"categories":[1],"tags":[],"class_list":["post-121098","post","type-post","status-publish","format-standard","hentry","category-sin-categoria"],"yoast_head":"<!-- This site is optimized with the Yoast SEO plugin v25.9 - https:\/\/yoast.com\/wordpress\/plugins\/seo\/ -->\n<title>Denuncian a un estudio contable en el Chaco por fraude a ANSES - Noticias Radio Reflejos<\/title>\n<meta name=\"robots\" content=\"index, follow, max-snippet:-1, max-image-preview:large, max-video-preview:-1\" \/>\n<link rel=\"canonical\" href=\"https:\/\/www.noticiasradioreflejos.com.ar\/2021\/denuncian-a-un-estudio-contable-en-el-chaco-por-fraude-a-anses\/\" \/>\n<meta property=\"og:locale\" content=\"es_ES\" \/>\n<meta property=\"og:type\" content=\"article\" \/>\n<meta property=\"og:title\" content=\"Denuncian a un estudio contable en el Chaco por fraude a ANSES - Noticias Radio Reflejos\" \/>\n<meta property=\"og:description\" content=\"El Ministerio de Capital Humano informa que ANSES denunci\u00f3 a un estudio contable por presunto fraude con jubilaciones en la provincia de Chaco.\" \/>\n<meta property=\"og:url\" content=\"https:\/\/www.noticiasradioreflejos.com.ar\/2021\/denuncian-a-un-estudio-contable-en-el-chaco-por-fraude-a-anses\/\" \/>\n<meta property=\"og:site_name\" content=\"Noticias Radio Reflejos\" \/>\n<meta property=\"article:published_time\" content=\"2025-06-30T17:26:04+00:00\" \/>\n<meta property=\"og:image\" content=\"https:\/\/www.noticiasradioreflejos.com.ar\/2021\/wp-content\/uploads\/2022\/07\/Fachadas-ANSES.jpg\" \/>\n\t<meta property=\"og:image:width\" content=\"1360\" \/>\n\t<meta property=\"og:image:height\" content=\"907\" \/>\n\t<meta property=\"og:image:type\" content=\"image\/jpeg\" \/>\n<meta name=\"author\" content=\"Arnaldo Botto\" \/>\n<meta name=\"twitter:card\" content=\"summary_large_image\" \/>\n<script type=\"application\/ld+json\" class=\"yoast-schema-graph\">{\"@context\":\"https:\/\/schema.org\",\"@graph\":[{\"@type\":\"WebPage\",\"@id\":\"https:\/\/www.noticiasradioreflejos.com.ar\/2021\/denuncian-a-un-estudio-contable-en-el-chaco-por-fraude-a-anses\/\",\"url\":\"https:\/\/www.noticiasradioreflejos.com.ar\/2021\/denuncian-a-un-estudio-contable-en-el-chaco-por-fraude-a-anses\/\",\"name\":\"Denuncian a un estudio contable en el Chaco por fraude a ANSES - Noticias Radio Reflejos\",\"isPartOf\":{\"@id\":\"https:\/\/www.noticiasradioreflejos.com.ar\/2021\/#website\"},\"datePublished\":\"2025-06-30T17:26:04+00:00\",\"author\":{\"@id\":\"https:\/\/www.noticiasradioreflejos.com.ar\/2021\/#\/schema\/person\/ad82545263dcc5ec0996818884fd5fb1\"},\"breadcrumb\":{\"@id\":\"https:\/\/www.noticiasradioreflejos.com.ar\/2021\/denuncian-a-un-estudio-contable-en-el-chaco-por-fraude-a-anses\/#breadcrumb\"},\"inLanguage\":\"es\",\"potentialAction\":[{\"@type\":\"ReadAction\",\"target\":[\"https:\/\/www.noticiasradioreflejos.com.ar\/2021\/denuncian-a-un-estudio-contable-en-el-chaco-por-fraude-a-anses\/\"]}]},{\"@type\":\"BreadcrumbList\",\"@id\":\"https:\/\/www.noticiasradioreflejos.com.ar\/2021\/denuncian-a-un-estudio-contable-en-el-chaco-por-fraude-a-anses\/#breadcrumb\",\"itemListElement\":[{\"@type\":\"ListItem\",\"position\":1,\"name\":\"Portada\",\"item\":\"https:\/\/www.noticiasradioreflejos.com.ar\/2021\/\"},{\"@type\":\"ListItem\",\"position\":2,\"name\":\"Denuncian a un estudio contable en el Chaco por fraude a ANSES\"}]},{\"@type\":\"WebSite\",\"@id\":\"https:\/\/www.noticiasradioreflejos.com.ar\/2021\/#website\",\"url\":\"https:\/\/www.noticiasradioreflejos.com.ar\/2021\/\",\"name\":\"Noticias Radio Reflejos\",\"description\":\"Las noticias de mi comarca\",\"potentialAction\":[{\"@type\":\"SearchAction\",\"target\":{\"@type\":\"EntryPoint\",\"urlTemplate\":\"https:\/\/www.noticiasradioreflejos.com.ar\/2021\/?s={search_term_string}\"},\"query-input\":{\"@type\":\"PropertyValueSpecification\",\"valueRequired\":true,\"valueName\":\"search_term_string\"}}],\"inLanguage\":\"es\"},{\"@type\":\"Person\",\"@id\":\"https:\/\/www.noticiasradioreflejos.com.ar\/2021\/#\/schema\/person\/ad82545263dcc5ec0996818884fd5fb1\",\"name\":\"Arnaldo Botto\",\"image\":{\"@type\":\"ImageObject\",\"inLanguage\":\"es\",\"@id\":\"https:\/\/www.noticiasradioreflejos.com.ar\/2021\/#\/schema\/person\/image\/\",\"url\":\"https:\/\/secure.gravatar.com\/avatar\/55cb5e37c1efa326397366e6974cb338056df65cb50e7d64d1cf314e87504837?s=96&d=mm&r=g\",\"contentUrl\":\"https:\/\/secure.gravatar.com\/avatar\/55cb5e37c1efa326397366e6974cb338056df65cb50e7d64d1cf314e87504837?s=96&d=mm&r=g\",\"caption\":\"Arnaldo Botto\"},\"url\":\"https:\/\/www.noticiasradioreflejos.com.ar\/2021\/author\/arnaldo\/\"}]}<\/script>\n<!-- \/ Yoast SEO plugin. -->","yoast_head_json":{"title":"Denuncian a un estudio contable en el Chaco por fraude a ANSES - Noticias Radio Reflejos","robots":{"index":"index","follow":"follow","max-snippet":"max-snippet:-1","max-image-preview":"max-image-preview:large","max-video-preview":"max-video-preview:-1"},"canonical":"https:\/\/www.noticiasradioreflejos.com.ar\/2021\/denuncian-a-un-estudio-contable-en-el-chaco-por-fraude-a-anses\/","og_locale":"es_ES","og_type":"article","og_title":"Denuncian a un estudio contable en el Chaco por fraude a ANSES - Noticias Radio Reflejos","og_description":"El Ministerio de Capital Humano informa que ANSES denunci\u00f3 a un estudio contable por presunto fraude con jubilaciones en la provincia de Chaco.","og_url":"https:\/\/www.noticiasradioreflejos.com.ar\/2021\/denuncian-a-un-estudio-contable-en-el-chaco-por-fraude-a-anses\/","og_site_name":"Noticias Radio Reflejos","article_published_time":"2025-06-30T17:26:04+00:00","og_image":[{"width":1360,"height":907,"url":"https:\/\/www.noticiasradioreflejos.com.ar\/2021\/wp-content\/uploads\/2022\/07\/Fachadas-ANSES.jpg","type":"image\/jpeg"}],"author":"Arnaldo Botto","twitter_card":"summary_large_image","schema":{"@context":"https:\/\/schema.org","@graph":[{"@type":"WebPage","@id":"https:\/\/www.noticiasradioreflejos.com.ar\/2021\/denuncian-a-un-estudio-contable-en-el-chaco-por-fraude-a-anses\/","url":"https:\/\/www.noticiasradioreflejos.com.ar\/2021\/denuncian-a-un-estudio-contable-en-el-chaco-por-fraude-a-anses\/","name":"Denuncian a un estudio contable en el Chaco por fraude a ANSES - Noticias Radio Reflejos","isPartOf":{"@id":"https:\/\/www.noticiasradioreflejos.com.ar\/2021\/#website"},"datePublished":"2025-06-30T17:26:04+00:00","author":{"@id":"https:\/\/www.noticiasradioreflejos.com.ar\/2021\/#\/schema\/person\/ad82545263dcc5ec0996818884fd5fb1"},"breadcrumb":{"@id":"https:\/\/www.noticiasradioreflejos.com.ar\/2021\/denuncian-a-un-estudio-contable-en-el-chaco-por-fraude-a-anses\/#breadcrumb"},"inLanguage":"es","potentialAction":[{"@type":"ReadAction","target":["https:\/\/www.noticiasradioreflejos.com.ar\/2021\/denuncian-a-un-estudio-contable-en-el-chaco-por-fraude-a-anses\/"]}]},{"@type":"BreadcrumbList","@id":"https:\/\/www.noticiasradioreflejos.com.ar\/2021\/denuncian-a-un-estudio-contable-en-el-chaco-por-fraude-a-anses\/#breadcrumb","itemListElement":[{"@type":"ListItem","position":1,"name":"Portada","item":"https:\/\/www.noticiasradioreflejos.com.ar\/2021\/"},{"@type":"ListItem","position":2,"name":"Denuncian a un estudio contable en el Chaco por fraude a ANSES"}]},{"@type":"WebSite","@id":"https:\/\/www.noticiasradioreflejos.com.ar\/2021\/#website","url":"https:\/\/www.noticiasradioreflejos.com.ar\/2021\/","name":"Noticias Radio Reflejos","description":"Las noticias de mi comarca","potentialAction":[{"@type":"SearchAction","target":{"@type":"EntryPoint","urlTemplate":"https:\/\/www.noticiasradioreflejos.com.ar\/2021\/?s={search_term_string}"},"query-input":{"@type":"PropertyValueSpecification","valueRequired":true,"valueName":"search_term_string"}}],"inLanguage":"es"},{"@type":"Person","@id":"https:\/\/www.noticiasradioreflejos.com.ar\/2021\/#\/schema\/person\/ad82545263dcc5ec0996818884fd5fb1","name":"Arnaldo Botto","image":{"@type":"ImageObject","inLanguage":"es","@id":"https:\/\/www.noticiasradioreflejos.com.ar\/2021\/#\/schema\/person\/image\/","url":"https:\/\/secure.gravatar.com\/avatar\/55cb5e37c1efa326397366e6974cb338056df65cb50e7d64d1cf314e87504837?s=96&d=mm&r=g","contentUrl":"https:\/\/secure.gravatar.com\/avatar\/55cb5e37c1efa326397366e6974cb338056df65cb50e7d64d1cf314e87504837?s=96&d=mm&r=g","caption":"Arnaldo Botto"},"url":"https:\/\/www.noticiasradioreflejos.com.ar\/2021\/author\/arnaldo\/"}]}},"_links":{"self":[{"href":"https:\/\/www.noticiasradioreflejos.com.ar\/2021\/wp-json\/wp\/v2\/posts\/121098","targetHints":{"allow":["GET"]}}],"collection":[{"href":"https:\/\/www.noticiasradioreflejos.com.ar\/2021\/wp-json\/wp\/v2\/posts"}],"about":[{"href":"https:\/\/www.noticiasradioreflejos.com.ar\/2021\/wp-json\/wp\/v2\/types\/post"}],"author":[{"embeddable":true,"href":"https:\/\/www.noticiasradioreflejos.com.ar\/2021\/wp-json\/wp\/v2\/users\/3"}],"replies":[{"embeddable":true,"href":"https:\/\/www.noticiasradioreflejos.com.ar\/2021\/wp-json\/wp\/v2\/comments?post=121098"}],"version-history":[{"count":1,"href":"https:\/\/www.noticiasradioreflejos.com.ar\/2021\/wp-json\/wp\/v2\/posts\/121098\/revisions"}],"predecessor-version":[{"id":121099,"href":"https:\/\/www.noticiasradioreflejos.com.ar\/2021\/wp-json\/wp\/v2\/posts\/121098\/revisions\/121099"}],"wp:attachment":[{"href":"https:\/\/www.noticiasradioreflejos.com.ar\/2021\/wp-json\/wp\/v2\/media?parent=121098"}],"wp:term":[{"taxonomy":"category","embeddable":true,"href":"https:\/\/www.noticiasradioreflejos.com.ar\/2021\/wp-json\/wp\/v2\/categories?post=121098"},{"taxonomy":"post_tag","embeddable":true,"href":"https:\/\/www.noticiasradioreflejos.com.ar\/2021\/wp-json\/wp\/v2\/tags?post=121098"}],"curies":[{"name":"wp","href":"https:\/\/api.w.org\/{rel}","templated":true}]}}