{"id":120806,"date":"2025-06-25T07:39:51","date_gmt":"2025-06-25T10:39:51","guid":{"rendered":"https:\/\/www.noticiasradioreflejos.com.ar\/2021\/?p=120806"},"modified":"2025-06-25T07:39:51","modified_gmt":"2025-06-25T10:39:51","slug":"los-abultados-prontuarios-de-los-ladrones-arrestados-en-la-ruta-51","status":"publish","type":"post","link":"https:\/\/www.noticiasradioreflejos.com.ar\/2021\/los-abultados-prontuarios-de-los-ladrones-arrestados-en-la-ruta-51\/","title":{"rendered":"Los abultados prontuarios de los ladrones arrestados en la Ruta 51"},"content":{"rendered":"<p>Leonardo Javier Ocampo y V\u00edctor Sergio Quinteros volvieron a caer este martes en manos de la polic\u00eda.<br \/>\n<!--more--><\/p>\n<div class=\"mvp-post-main-out left relative\">\n<div class=\"mvp-post-main-in\">\n<div id=\"mvp-post-content\" class=\"left relative\">\n<div id=\"mvp-content-wrap\" class=\"left relative\">\n<div class=\"mvp-post-soc-out right relative\">\n<div class=\"mvp-post-soc-in\">\n<div id=\"mvp-content-body\" class=\"left relative\">\n<div id=\"mvp-content-body-top\" class=\"left relative\">\n<div id=\"mvp-content-main\" class=\"left relative\">\n<p>Con el paso de los a\u00f1os, Leonardo Javier Ocampo y\u00a0su c\u00f3mplice V\u00edctor Servio Quinteros, no dejan de sumar fojas a sus prontuarios. En los \u00faltimos tiempos ambos registran detenciones y excarcelaciones no exentas de pol\u00e9mica, como sucedi\u00f3 el 31 de mayo de 2023. Este martes fueron capturados durante un operativo cerrojo, imputados de desvalijar\u00a0<a href=\"https:\/\/www.labrujula24.com\/notas\/2025\/06\/24\/arrestan-a-dos-bahienses-por-robarle-a-una-jubilada-en-suarez-n443677\/\" data-type=\"link\" data-id=\"https:\/\/www.labrujula24.com\/notas\/2025\/06\/24\/arrestan-a-dos-bahienses-por-robarle-a-una-jubilada-en-suarez-n443677\/\">la casa de una jubilada en una de las colonias alemanas suarenses<\/a>.<\/p>\n<p>Como lo informara este medio, ese d\u00eda Ocampo fue liberado\u00a0<a href=\"https:\/\/www.labrujula24.com\/notas\/2023\/05\/31\/fue-liberado-pese-a-que-le-hallaron-lo-que-robo-de-una-casa-n296348\/\" data-type=\"link\" data-id=\"https:\/\/www.labrujula24.com\/notas\/2023\/05\/31\/fue-liberado-pese-a-que-le-hallaron-lo-que-robo-de-una-casa-n296348\/\">pese a que le hallaron lo que rob\u00f3\u00a0<\/a>de una casa de la zona c\u00e9ntrica. A mediados de enero de 2020, el mismo delincuente termin\u00f3 en un calabozo\u00a0<a href=\"https:\/\/www.labrujula24.com\/notas\/2020\/01\/15\/capturan-a-dos-delincuentes-que-habian-enganado-a-una-jubilada-en-pringles-n36422\/\" data-type=\"link\" data-id=\"https:\/\/www.labrujula24.com\/notas\/2020\/01\/15\/capturan-a-dos-delincuentes-que-habian-enganado-a-una-jubilada-en-pringles-n36422\/\">luego de enga\u00f1ar a una jubilada con la modalidad cuento del t\u00edo<\/a>.<\/p>\n<p>Pero lo m\u00e1s curioso es que, hace poco m\u00e1s de una semana, Ocampo y su acompa\u00f1ante \u00abpredilecto\u00bb terminaron entre rejas bajo la sospecha de\u00a0<a href=\"https:\/\/www.labrujula24.com\/notas\/2025\/06\/13\/intentaron-enganar-a-una-jubilada-con-el-cuento-del-tio-n441862\/\" data-type=\"link\" data-id=\"https:\/\/www.labrujula24.com\/notas\/2025\/06\/13\/intentaron-enganar-a-una-jubilada-con-el-cuento-del-tio-n441862\/\">intentar estafar a un matrimonio de adultos mayores<\/a>. En ese caso fue fundamental la intervenci\u00f3n de personal policial que vio el movimiento de los delincuentes cuando regresaban a la comisar\u00eda trasladando a un detenido que hab\u00edan llevado a la sede del Cuerpo M\u00e9dico situada detr\u00e1s del Hospital Penna.<\/p>\n<p>&nbsp;<\/p>\n<\/div>\n<p><strong>Fuente La Br\u00fajula 24<\/strong><\/p>\n<\/div>\n<\/div>\n<\/div>\n<\/div>\n<\/div>\n<\/div>\n<\/div>\n<\/div>\n","protected":false},"excerpt":{"rendered":"<p>Leonardo Javier Ocampo y V\u00edctor Sergio Quinteros volvieron a caer este martes en manos de la polic\u00eda.<\/p>\n","protected":false},"author":3,"featured_media":0,"comment_status":"closed","ping_status":"closed","sticky":false,"template":"","format":"standard","meta":{"footnotes":""},"categories":[29],"tags":[],"class_list":["post-120806","post","type-post","status-publish","format-standard","hentry","category-policiales"],"yoast_head":"<!-- This site is optimized with the Yoast SEO plugin v25.9 - https:\/\/yoast.com\/wordpress\/plugins\/seo\/ -->\n<title>Los abultados prontuarios de los ladrones arrestados en la Ruta 51 - Noticias Radio Reflejos<\/title>\n<meta name=\"robots\" content=\"index, follow, max-snippet:-1, max-image-preview:large, max-video-preview:-1\" \/>\n<link rel=\"canonical\" href=\"https:\/\/www.noticiasradioreflejos.com.ar\/2021\/los-abultados-prontuarios-de-los-ladrones-arrestados-en-la-ruta-51\/\" \/>\n<meta property=\"og:locale\" content=\"es_ES\" \/>\n<meta property=\"og:type\" content=\"article\" \/>\n<meta property=\"og:title\" content=\"Los abultados prontuarios de los ladrones arrestados en la Ruta 51 - Noticias Radio Reflejos\" \/>\n<meta property=\"og:description\" content=\"Leonardo Javier Ocampo y V\u00edctor Sergio Quinteros volvieron a caer este martes en manos de la polic\u00eda.\" \/>\n<meta property=\"og:url\" content=\"https:\/\/www.noticiasradioreflejos.com.ar\/2021\/los-abultados-prontuarios-de-los-ladrones-arrestados-en-la-ruta-51\/\" \/>\n<meta property=\"og:site_name\" content=\"Noticias Radio Reflejos\" \/>\n<meta property=\"article:published_time\" content=\"2025-06-25T10:39:51+00:00\" \/>\n<meta property=\"og:image\" content=\"https:\/\/www.noticiasradioreflejos.com.ar\/2021\/wp-content\/uploads\/2021\/07\/logosol300x200.png\" \/>\n\t<meta property=\"og:image:width\" content=\"300\" \/>\n\t<meta property=\"og:image:height\" content=\"200\" \/>\n\t<meta property=\"og:image:type\" content=\"image\/png\" \/>\n<meta name=\"author\" content=\"Arnaldo Botto\" \/>\n<meta name=\"twitter:card\" content=\"summary_large_image\" \/>\n<script type=\"application\/ld+json\" class=\"yoast-schema-graph\">{\"@context\":\"https:\/\/schema.org\",\"@graph\":[{\"@type\":\"WebPage\",\"@id\":\"https:\/\/www.noticiasradioreflejos.com.ar\/2021\/los-abultados-prontuarios-de-los-ladrones-arrestados-en-la-ruta-51\/\",\"url\":\"https:\/\/www.noticiasradioreflejos.com.ar\/2021\/los-abultados-prontuarios-de-los-ladrones-arrestados-en-la-ruta-51\/\",\"name\":\"Los abultados prontuarios de los ladrones arrestados en la Ruta 51 - Noticias Radio Reflejos\",\"isPartOf\":{\"@id\":\"https:\/\/www.noticiasradioreflejos.com.ar\/2021\/#website\"},\"datePublished\":\"2025-06-25T10:39:51+00:00\",\"author\":{\"@id\":\"https:\/\/www.noticiasradioreflejos.com.ar\/2021\/#\/schema\/person\/ad82545263dcc5ec0996818884fd5fb1\"},\"breadcrumb\":{\"@id\":\"https:\/\/www.noticiasradioreflejos.com.ar\/2021\/los-abultados-prontuarios-de-los-ladrones-arrestados-en-la-ruta-51\/#breadcrumb\"},\"inLanguage\":\"es\",\"potentialAction\":[{\"@type\":\"ReadAction\",\"target\":[\"https:\/\/www.noticiasradioreflejos.com.ar\/2021\/los-abultados-prontuarios-de-los-ladrones-arrestados-en-la-ruta-51\/\"]}]},{\"@type\":\"BreadcrumbList\",\"@id\":\"https:\/\/www.noticiasradioreflejos.com.ar\/2021\/los-abultados-prontuarios-de-los-ladrones-arrestados-en-la-ruta-51\/#breadcrumb\",\"itemListElement\":[{\"@type\":\"ListItem\",\"position\":1,\"name\":\"Portada\",\"item\":\"https:\/\/www.noticiasradioreflejos.com.ar\/2021\/\"},{\"@type\":\"ListItem\",\"position\":2,\"name\":\"Los abultados prontuarios de los ladrones arrestados en la Ruta 51\"}]},{\"@type\":\"WebSite\",\"@id\":\"https:\/\/www.noticiasradioreflejos.com.ar\/2021\/#website\",\"url\":\"https:\/\/www.noticiasradioreflejos.com.ar\/2021\/\",\"name\":\"Noticias Radio Reflejos\",\"description\":\"Las noticias de mi comarca\",\"potentialAction\":[{\"@type\":\"SearchAction\",\"target\":{\"@type\":\"EntryPoint\",\"urlTemplate\":\"https:\/\/www.noticiasradioreflejos.com.ar\/2021\/?s={search_term_string}\"},\"query-input\":{\"@type\":\"PropertyValueSpecification\",\"valueRequired\":true,\"valueName\":\"search_term_string\"}}],\"inLanguage\":\"es\"},{\"@type\":\"Person\",\"@id\":\"https:\/\/www.noticiasradioreflejos.com.ar\/2021\/#\/schema\/person\/ad82545263dcc5ec0996818884fd5fb1\",\"name\":\"Arnaldo Botto\",\"image\":{\"@type\":\"ImageObject\",\"inLanguage\":\"es\",\"@id\":\"https:\/\/www.noticiasradioreflejos.com.ar\/2021\/#\/schema\/person\/image\/\",\"url\":\"https:\/\/secure.gravatar.com\/avatar\/55cb5e37c1efa326397366e6974cb338056df65cb50e7d64d1cf314e87504837?s=96&d=mm&r=g\",\"contentUrl\":\"https:\/\/secure.gravatar.com\/avatar\/55cb5e37c1efa326397366e6974cb338056df65cb50e7d64d1cf314e87504837?s=96&d=mm&r=g\",\"caption\":\"Arnaldo Botto\"},\"url\":\"https:\/\/www.noticiasradioreflejos.com.ar\/2021\/author\/arnaldo\/\"}]}<\/script>\n<!-- \/ Yoast SEO plugin. -->","yoast_head_json":{"title":"Los abultados prontuarios de los ladrones arrestados en la Ruta 51 - Noticias Radio Reflejos","robots":{"index":"index","follow":"follow","max-snippet":"max-snippet:-1","max-image-preview":"max-image-preview:large","max-video-preview":"max-video-preview:-1"},"canonical":"https:\/\/www.noticiasradioreflejos.com.ar\/2021\/los-abultados-prontuarios-de-los-ladrones-arrestados-en-la-ruta-51\/","og_locale":"es_ES","og_type":"article","og_title":"Los abultados prontuarios de los ladrones arrestados en la Ruta 51 - Noticias Radio Reflejos","og_description":"Leonardo Javier Ocampo y V\u00edctor Sergio Quinteros volvieron a caer este martes en manos de la polic\u00eda.","og_url":"https:\/\/www.noticiasradioreflejos.com.ar\/2021\/los-abultados-prontuarios-de-los-ladrones-arrestados-en-la-ruta-51\/","og_site_name":"Noticias Radio Reflejos","article_published_time":"2025-06-25T10:39:51+00:00","og_image":[{"width":300,"height":200,"url":"https:\/\/www.noticiasradioreflejos.com.ar\/2021\/wp-content\/uploads\/2021\/07\/logosol300x200.png","type":"image\/png"}],"author":"Arnaldo Botto","twitter_card":"summary_large_image","schema":{"@context":"https:\/\/schema.org","@graph":[{"@type":"WebPage","@id":"https:\/\/www.noticiasradioreflejos.com.ar\/2021\/los-abultados-prontuarios-de-los-ladrones-arrestados-en-la-ruta-51\/","url":"https:\/\/www.noticiasradioreflejos.com.ar\/2021\/los-abultados-prontuarios-de-los-ladrones-arrestados-en-la-ruta-51\/","name":"Los abultados prontuarios de los ladrones arrestados en la Ruta 51 - Noticias Radio Reflejos","isPartOf":{"@id":"https:\/\/www.noticiasradioreflejos.com.ar\/2021\/#website"},"datePublished":"2025-06-25T10:39:51+00:00","author":{"@id":"https:\/\/www.noticiasradioreflejos.com.ar\/2021\/#\/schema\/person\/ad82545263dcc5ec0996818884fd5fb1"},"breadcrumb":{"@id":"https:\/\/www.noticiasradioreflejos.com.ar\/2021\/los-abultados-prontuarios-de-los-ladrones-arrestados-en-la-ruta-51\/#breadcrumb"},"inLanguage":"es","potentialAction":[{"@type":"ReadAction","target":["https:\/\/www.noticiasradioreflejos.com.ar\/2021\/los-abultados-prontuarios-de-los-ladrones-arrestados-en-la-ruta-51\/"]}]},{"@type":"BreadcrumbList","@id":"https:\/\/www.noticiasradioreflejos.com.ar\/2021\/los-abultados-prontuarios-de-los-ladrones-arrestados-en-la-ruta-51\/#breadcrumb","itemListElement":[{"@type":"ListItem","position":1,"name":"Portada","item":"https:\/\/www.noticiasradioreflejos.com.ar\/2021\/"},{"@type":"ListItem","position":2,"name":"Los abultados prontuarios de los ladrones arrestados en la Ruta 51"}]},{"@type":"WebSite","@id":"https:\/\/www.noticiasradioreflejos.com.ar\/2021\/#website","url":"https:\/\/www.noticiasradioreflejos.com.ar\/2021\/","name":"Noticias Radio Reflejos","description":"Las noticias de mi comarca","potentialAction":[{"@type":"SearchAction","target":{"@type":"EntryPoint","urlTemplate":"https:\/\/www.noticiasradioreflejos.com.ar\/2021\/?s={search_term_string}"},"query-input":{"@type":"PropertyValueSpecification","valueRequired":true,"valueName":"search_term_string"}}],"inLanguage":"es"},{"@type":"Person","@id":"https:\/\/www.noticiasradioreflejos.com.ar\/2021\/#\/schema\/person\/ad82545263dcc5ec0996818884fd5fb1","name":"Arnaldo Botto","image":{"@type":"ImageObject","inLanguage":"es","@id":"https:\/\/www.noticiasradioreflejos.com.ar\/2021\/#\/schema\/person\/image\/","url":"https:\/\/secure.gravatar.com\/avatar\/55cb5e37c1efa326397366e6974cb338056df65cb50e7d64d1cf314e87504837?s=96&d=mm&r=g","contentUrl":"https:\/\/secure.gravatar.com\/avatar\/55cb5e37c1efa326397366e6974cb338056df65cb50e7d64d1cf314e87504837?s=96&d=mm&r=g","caption":"Arnaldo Botto"},"url":"https:\/\/www.noticiasradioreflejos.com.ar\/2021\/author\/arnaldo\/"}]}},"_links":{"self":[{"href":"https:\/\/www.noticiasradioreflejos.com.ar\/2021\/wp-json\/wp\/v2\/posts\/120806","targetHints":{"allow":["GET"]}}],"collection":[{"href":"https:\/\/www.noticiasradioreflejos.com.ar\/2021\/wp-json\/wp\/v2\/posts"}],"about":[{"href":"https:\/\/www.noticiasradioreflejos.com.ar\/2021\/wp-json\/wp\/v2\/types\/post"}],"author":[{"embeddable":true,"href":"https:\/\/www.noticiasradioreflejos.com.ar\/2021\/wp-json\/wp\/v2\/users\/3"}],"replies":[{"embeddable":true,"href":"https:\/\/www.noticiasradioreflejos.com.ar\/2021\/wp-json\/wp\/v2\/comments?post=120806"}],"version-history":[{"count":1,"href":"https:\/\/www.noticiasradioreflejos.com.ar\/2021\/wp-json\/wp\/v2\/posts\/120806\/revisions"}],"predecessor-version":[{"id":120808,"href":"https:\/\/www.noticiasradioreflejos.com.ar\/2021\/wp-json\/wp\/v2\/posts\/120806\/revisions\/120808"}],"wp:attachment":[{"href":"https:\/\/www.noticiasradioreflejos.com.ar\/2021\/wp-json\/wp\/v2\/media?parent=120806"}],"wp:term":[{"taxonomy":"category","embeddable":true,"href":"https:\/\/www.noticiasradioreflejos.com.ar\/2021\/wp-json\/wp\/v2\/categories?post=120806"},{"taxonomy":"post_tag","embeddable":true,"href":"https:\/\/www.noticiasradioreflejos.com.ar\/2021\/wp-json\/wp\/v2\/tags?post=120806"}],"curies":[{"name":"wp","href":"https:\/\/api.w.org\/{rel}","templated":true}]}}