{"id":12069,"date":"2017-07-10T07:47:49","date_gmt":"2017-07-10T10:47:49","guid":{"rendered":"http:\/\/www.noticiasradioreflejos.com.ar\/noticias\/?p=12069"},"modified":"2017-07-10T07:47:49","modified_gmt":"2017-07-10T10:47:49","slug":"el-club-ventana-logro-el-pase-a-las-finales-en-reserva-y-primera","status":"publish","type":"post","link":"https:\/\/www.noticiasradioreflejos.com.ar\/2021\/el-club-ventana-logro-el-pase-a-las-finales-en-reserva-y-primera\/","title":{"rendered":"El Club Ventana logr\u00f3 el pase a las finales en reserva y primera."},"content":{"rendered":"<p>Un gran domingo de la Independencia redonde\u00f3 Atl\u00e9tico Ventana al conseguir el pasaje, en ambas categor\u00edas, para la final del certamen de f\u00fatbol pringlense.<br \/>\nEn divisi\u00f3n reserva, el elenco serrano logr\u00f3 la victoria por 4 a 3 gracias a la gran tarde de Mat\u00edas Moreira, autor de tres tantos. El restante fue obra de Mat\u00edas Restivo. Independiente descont\u00f3 a trav\u00e9s de Emiliano Kessler que hizo dos y Alejo Pinedo.<!--more--><br \/>\nEn la otra llave, Almaceneros gole\u00f3 3 a 0 a Divisorio y ser\u00e1 el rival del \u201cTricolor\u201d en la gran final. Agust\u00edn Rae anot\u00f3 por duplicado y Franco Barrag\u00e1n marc\u00f3 el restante. Ambos terminaron con diez hombres por las expulsiones de V\u00edctor Singer (A) y Gast\u00f3n Acosta (D).<br \/>\n<a href=\"http:\/\/www.noticiasradioreflejos.com.ar\/noticias\/wp-content\/uploads\/2017\/07\/19510575_1366102663444999_4662601649870854510_n.jpg\"><img loading=\"lazy\" decoding=\"async\" class=\"alignleft size-full wp-image-11845\" src=\"http:\/\/www.noticiasradioreflejos.com.ar\/noticias\/wp-content\/uploads\/2017\/07\/19510575_1366102663444999_4662601649870854510_n.jpg\" alt=\"19510575_1366102663444999_4662601649870854510_n\" width=\"700\" height=\"338\" \/><\/a><br \/>\nEn primera, los dirigidos por Javier Rubio no se conformaron con el 4 a 0 logrado en Sierra de la Ventana y este domingo superaron por 3 a 0 a Almaceneros. El defensor Mat\u00edas Sonzini, Alejandro Mart\u00ednez y Ariel Esp\u00ednola fueron los encargados de los festejos.<br \/>\nTres a cero tambi\u00e9n fue la victoria de Independiente (el otro finalista) sobre Divisorio que termin\u00f3 con diez por la roja a Gast\u00f3n Mauri. En el ganador llegaron a la red Gianfranco Romero (2) y Jos\u00e9 Luis Acosta.<br \/>\nEl pr\u00f3ximo domingo, en Sierra de la Ventana, se jugar\u00e1n las finales de ida. En reserva lo har\u00e1n Atl\u00e9tico Ventana vs. Almaceneros y en primera Atl\u00e9tico Ventana ante Independiente.<br \/>\nFotos gentileza:\u00a0<a href=\"https:\/\/www.facebook.com\/emilce.seghetta\/media_set?set=a.1649723508373392.1073741969.100000072763814&amp;type=3\">Emilce Seghetta \u2013 Jorge Schwerdt<\/a><br \/>\nFuente: Deportornquist<\/p>\n","protected":false},"excerpt":{"rendered":"<p>Un gran domingo de la Independencia redonde\u00f3 Atl\u00e9tico Ventana al conseguir el pasaje, en ambas categor\u00edas, para la final del certamen de f\u00fatbol pringlense. En divisi\u00f3n reserva, el elenco serrano logr\u00f3 la victoria por 4 a 3 gracias a la gran tarde de Mat\u00edas Moreira, autor de tres tantos. El restante fue obra de Mat\u00edas [&hellip;]<\/p>\n","protected":false},"author":3,"featured_media":0,"comment_status":"closed","ping_status":"open","sticky":false,"template":"","format":"standard","meta":{"footnotes":""},"categories":[27],"tags":[],"class_list":["post-12069","post","type-post","status-publish","format-standard","hentry","category-deportes"],"yoast_head":"<!-- This site is optimized with the Yoast SEO plugin v25.9 - https:\/\/yoast.com\/wordpress\/plugins\/seo\/ -->\n<title>El Club Ventana logr\u00f3 el pase a las finales en reserva y primera. - Noticias Radio Reflejos<\/title>\n<meta name=\"robots\" content=\"index, follow, max-snippet:-1, max-image-preview:large, max-video-preview:-1\" \/>\n<link rel=\"canonical\" href=\"https:\/\/www.noticiasradioreflejos.com.ar\/2021\/el-club-ventana-logro-el-pase-a-las-finales-en-reserva-y-primera\/\" \/>\n<meta property=\"og:locale\" content=\"es_ES\" \/>\n<meta property=\"og:type\" content=\"article\" \/>\n<meta property=\"og:title\" content=\"El Club Ventana logr\u00f3 el pase a las finales en reserva y primera. - Noticias Radio Reflejos\" \/>\n<meta property=\"og:description\" content=\"Un gran domingo de la Independencia redonde\u00f3 Atl\u00e9tico Ventana al conseguir el pasaje, en ambas categor\u00edas, para la final del certamen de f\u00fatbol pringlense. En divisi\u00f3n reserva, el elenco serrano logr\u00f3 la victoria por 4 a 3 gracias a la gran tarde de Mat\u00edas Moreira, autor de tres tantos. El restante fue obra de Mat\u00edas [&hellip;]\" \/>\n<meta property=\"og:url\" content=\"https:\/\/www.noticiasradioreflejos.com.ar\/2021\/el-club-ventana-logro-el-pase-a-las-finales-en-reserva-y-primera\/\" \/>\n<meta property=\"og:site_name\" content=\"Noticias Radio Reflejos\" \/>\n<meta property=\"article:published_time\" content=\"2017-07-10T10:47:49+00:00\" \/>\n<meta property=\"og:image\" content=\"https:\/\/www.noticiasradioreflejos.com.ar\/2021\/wp-content\/uploads\/2021\/07\/logosol300x200.png\" \/>\n\t<meta property=\"og:image:width\" content=\"300\" \/>\n\t<meta property=\"og:image:height\" content=\"200\" \/>\n\t<meta property=\"og:image:type\" content=\"image\/png\" \/>\n<meta name=\"author\" content=\"Arnaldo Botto\" \/>\n<meta name=\"twitter:card\" content=\"summary_large_image\" \/>\n<script type=\"application\/ld+json\" class=\"yoast-schema-graph\">{\"@context\":\"https:\/\/schema.org\",\"@graph\":[{\"@type\":\"WebPage\",\"@id\":\"https:\/\/www.noticiasradioreflejos.com.ar\/2021\/el-club-ventana-logro-el-pase-a-las-finales-en-reserva-y-primera\/\",\"url\":\"https:\/\/www.noticiasradioreflejos.com.ar\/2021\/el-club-ventana-logro-el-pase-a-las-finales-en-reserva-y-primera\/\",\"name\":\"El Club Ventana logr\u00f3 el pase a las finales en reserva y primera. - Noticias Radio Reflejos\",\"isPartOf\":{\"@id\":\"https:\/\/www.noticiasradioreflejos.com.ar\/2021\/#website\"},\"primaryImageOfPage\":{\"@id\":\"https:\/\/www.noticiasradioreflejos.com.ar\/2021\/el-club-ventana-logro-el-pase-a-las-finales-en-reserva-y-primera\/#primaryimage\"},\"image\":{\"@id\":\"https:\/\/www.noticiasradioreflejos.com.ar\/2021\/el-club-ventana-logro-el-pase-a-las-finales-en-reserva-y-primera\/#primaryimage\"},\"thumbnailUrl\":\"http:\/\/www.noticiasradioreflejos.com.ar\/noticias\/wp-content\/uploads\/2017\/07\/19510575_1366102663444999_4662601649870854510_n.jpg\",\"datePublished\":\"2017-07-10T10:47:49+00:00\",\"author\":{\"@id\":\"https:\/\/www.noticiasradioreflejos.com.ar\/2021\/#\/schema\/person\/ad82545263dcc5ec0996818884fd5fb1\"},\"breadcrumb\":{\"@id\":\"https:\/\/www.noticiasradioreflejos.com.ar\/2021\/el-club-ventana-logro-el-pase-a-las-finales-en-reserva-y-primera\/#breadcrumb\"},\"inLanguage\":\"es\",\"potentialAction\":[{\"@type\":\"ReadAction\",\"target\":[\"https:\/\/www.noticiasradioreflejos.com.ar\/2021\/el-club-ventana-logro-el-pase-a-las-finales-en-reserva-y-primera\/\"]}]},{\"@type\":\"ImageObject\",\"inLanguage\":\"es\",\"@id\":\"https:\/\/www.noticiasradioreflejos.com.ar\/2021\/el-club-ventana-logro-el-pase-a-las-finales-en-reserva-y-primera\/#primaryimage\",\"url\":\"http:\/\/www.noticiasradioreflejos.com.ar\/noticias\/wp-content\/uploads\/2017\/07\/19510575_1366102663444999_4662601649870854510_n.jpg\",\"contentUrl\":\"http:\/\/www.noticiasradioreflejos.com.ar\/noticias\/wp-content\/uploads\/2017\/07\/19510575_1366102663444999_4662601649870854510_n.jpg\"},{\"@type\":\"BreadcrumbList\",\"@id\":\"https:\/\/www.noticiasradioreflejos.com.ar\/2021\/el-club-ventana-logro-el-pase-a-las-finales-en-reserva-y-primera\/#breadcrumb\",\"itemListElement\":[{\"@type\":\"ListItem\",\"position\":1,\"name\":\"Portada\",\"item\":\"https:\/\/www.noticiasradioreflejos.com.ar\/2021\/\"},{\"@type\":\"ListItem\",\"position\":2,\"name\":\"El Club Ventana logr\u00f3 el pase a las finales en reserva y primera.\"}]},{\"@type\":\"WebSite\",\"@id\":\"https:\/\/www.noticiasradioreflejos.com.ar\/2021\/#website\",\"url\":\"https:\/\/www.noticiasradioreflejos.com.ar\/2021\/\",\"name\":\"Noticias Radio Reflejos\",\"description\":\"Las noticias de mi comarca\",\"potentialAction\":[{\"@type\":\"SearchAction\",\"target\":{\"@type\":\"EntryPoint\",\"urlTemplate\":\"https:\/\/www.noticiasradioreflejos.com.ar\/2021\/?s={search_term_string}\"},\"query-input\":{\"@type\":\"PropertyValueSpecification\",\"valueRequired\":true,\"valueName\":\"search_term_string\"}}],\"inLanguage\":\"es\"},{\"@type\":\"Person\",\"@id\":\"https:\/\/www.noticiasradioreflejos.com.ar\/2021\/#\/schema\/person\/ad82545263dcc5ec0996818884fd5fb1\",\"name\":\"Arnaldo Botto\",\"image\":{\"@type\":\"ImageObject\",\"inLanguage\":\"es\",\"@id\":\"https:\/\/www.noticiasradioreflejos.com.ar\/2021\/#\/schema\/person\/image\/\",\"url\":\"https:\/\/secure.gravatar.com\/avatar\/55cb5e37c1efa326397366e6974cb338056df65cb50e7d64d1cf314e87504837?s=96&d=mm&r=g\",\"contentUrl\":\"https:\/\/secure.gravatar.com\/avatar\/55cb5e37c1efa326397366e6974cb338056df65cb50e7d64d1cf314e87504837?s=96&d=mm&r=g\",\"caption\":\"Arnaldo Botto\"},\"url\":\"https:\/\/www.noticiasradioreflejos.com.ar\/2021\/author\/arnaldo\/\"}]}<\/script>\n<!-- \/ Yoast SEO plugin. -->","yoast_head_json":{"title":"El Club Ventana logr\u00f3 el pase a las finales en reserva y primera. - Noticias Radio Reflejos","robots":{"index":"index","follow":"follow","max-snippet":"max-snippet:-1","max-image-preview":"max-image-preview:large","max-video-preview":"max-video-preview:-1"},"canonical":"https:\/\/www.noticiasradioreflejos.com.ar\/2021\/el-club-ventana-logro-el-pase-a-las-finales-en-reserva-y-primera\/","og_locale":"es_ES","og_type":"article","og_title":"El Club Ventana logr\u00f3 el pase a las finales en reserva y primera. - Noticias Radio Reflejos","og_description":"Un gran domingo de la Independencia redonde\u00f3 Atl\u00e9tico Ventana al conseguir el pasaje, en ambas categor\u00edas, para la final del certamen de f\u00fatbol pringlense. En divisi\u00f3n reserva, el elenco serrano logr\u00f3 la victoria por 4 a 3 gracias a la gran tarde de Mat\u00edas Moreira, autor de tres tantos. El restante fue obra de Mat\u00edas [&hellip;]","og_url":"https:\/\/www.noticiasradioreflejos.com.ar\/2021\/el-club-ventana-logro-el-pase-a-las-finales-en-reserva-y-primera\/","og_site_name":"Noticias Radio Reflejos","article_published_time":"2017-07-10T10:47:49+00:00","og_image":[{"width":300,"height":200,"url":"https:\/\/www.noticiasradioreflejos.com.ar\/2021\/wp-content\/uploads\/2021\/07\/logosol300x200.png","type":"image\/png"}],"author":"Arnaldo Botto","twitter_card":"summary_large_image","schema":{"@context":"https:\/\/schema.org","@graph":[{"@type":"WebPage","@id":"https:\/\/www.noticiasradioreflejos.com.ar\/2021\/el-club-ventana-logro-el-pase-a-las-finales-en-reserva-y-primera\/","url":"https:\/\/www.noticiasradioreflejos.com.ar\/2021\/el-club-ventana-logro-el-pase-a-las-finales-en-reserva-y-primera\/","name":"El Club Ventana logr\u00f3 el pase a las finales en reserva y primera. - Noticias Radio Reflejos","isPartOf":{"@id":"https:\/\/www.noticiasradioreflejos.com.ar\/2021\/#website"},"primaryImageOfPage":{"@id":"https:\/\/www.noticiasradioreflejos.com.ar\/2021\/el-club-ventana-logro-el-pase-a-las-finales-en-reserva-y-primera\/#primaryimage"},"image":{"@id":"https:\/\/www.noticiasradioreflejos.com.ar\/2021\/el-club-ventana-logro-el-pase-a-las-finales-en-reserva-y-primera\/#primaryimage"},"thumbnailUrl":"http:\/\/www.noticiasradioreflejos.com.ar\/noticias\/wp-content\/uploads\/2017\/07\/19510575_1366102663444999_4662601649870854510_n.jpg","datePublished":"2017-07-10T10:47:49+00:00","author":{"@id":"https:\/\/www.noticiasradioreflejos.com.ar\/2021\/#\/schema\/person\/ad82545263dcc5ec0996818884fd5fb1"},"breadcrumb":{"@id":"https:\/\/www.noticiasradioreflejos.com.ar\/2021\/el-club-ventana-logro-el-pase-a-las-finales-en-reserva-y-primera\/#breadcrumb"},"inLanguage":"es","potentialAction":[{"@type":"ReadAction","target":["https:\/\/www.noticiasradioreflejos.com.ar\/2021\/el-club-ventana-logro-el-pase-a-las-finales-en-reserva-y-primera\/"]}]},{"@type":"ImageObject","inLanguage":"es","@id":"https:\/\/www.noticiasradioreflejos.com.ar\/2021\/el-club-ventana-logro-el-pase-a-las-finales-en-reserva-y-primera\/#primaryimage","url":"http:\/\/www.noticiasradioreflejos.com.ar\/noticias\/wp-content\/uploads\/2017\/07\/19510575_1366102663444999_4662601649870854510_n.jpg","contentUrl":"http:\/\/www.noticiasradioreflejos.com.ar\/noticias\/wp-content\/uploads\/2017\/07\/19510575_1366102663444999_4662601649870854510_n.jpg"},{"@type":"BreadcrumbList","@id":"https:\/\/www.noticiasradioreflejos.com.ar\/2021\/el-club-ventana-logro-el-pase-a-las-finales-en-reserva-y-primera\/#breadcrumb","itemListElement":[{"@type":"ListItem","position":1,"name":"Portada","item":"https:\/\/www.noticiasradioreflejos.com.ar\/2021\/"},{"@type":"ListItem","position":2,"name":"El Club Ventana logr\u00f3 el pase a las finales en reserva y primera."}]},{"@type":"WebSite","@id":"https:\/\/www.noticiasradioreflejos.com.ar\/2021\/#website","url":"https:\/\/www.noticiasradioreflejos.com.ar\/2021\/","name":"Noticias Radio Reflejos","description":"Las noticias de mi comarca","potentialAction":[{"@type":"SearchAction","target":{"@type":"EntryPoint","urlTemplate":"https:\/\/www.noticiasradioreflejos.com.ar\/2021\/?s={search_term_string}"},"query-input":{"@type":"PropertyValueSpecification","valueRequired":true,"valueName":"search_term_string"}}],"inLanguage":"es"},{"@type":"Person","@id":"https:\/\/www.noticiasradioreflejos.com.ar\/2021\/#\/schema\/person\/ad82545263dcc5ec0996818884fd5fb1","name":"Arnaldo Botto","image":{"@type":"ImageObject","inLanguage":"es","@id":"https:\/\/www.noticiasradioreflejos.com.ar\/2021\/#\/schema\/person\/image\/","url":"https:\/\/secure.gravatar.com\/avatar\/55cb5e37c1efa326397366e6974cb338056df65cb50e7d64d1cf314e87504837?s=96&d=mm&r=g","contentUrl":"https:\/\/secure.gravatar.com\/avatar\/55cb5e37c1efa326397366e6974cb338056df65cb50e7d64d1cf314e87504837?s=96&d=mm&r=g","caption":"Arnaldo Botto"},"url":"https:\/\/www.noticiasradioreflejos.com.ar\/2021\/author\/arnaldo\/"}]}},"_links":{"self":[{"href":"https:\/\/www.noticiasradioreflejos.com.ar\/2021\/wp-json\/wp\/v2\/posts\/12069","targetHints":{"allow":["GET"]}}],"collection":[{"href":"https:\/\/www.noticiasradioreflejos.com.ar\/2021\/wp-json\/wp\/v2\/posts"}],"about":[{"href":"https:\/\/www.noticiasradioreflejos.com.ar\/2021\/wp-json\/wp\/v2\/types\/post"}],"author":[{"embeddable":true,"href":"https:\/\/www.noticiasradioreflejos.com.ar\/2021\/wp-json\/wp\/v2\/users\/3"}],"replies":[{"embeddable":true,"href":"https:\/\/www.noticiasradioreflejos.com.ar\/2021\/wp-json\/wp\/v2\/comments?post=12069"}],"version-history":[{"count":0,"href":"https:\/\/www.noticiasradioreflejos.com.ar\/2021\/wp-json\/wp\/v2\/posts\/12069\/revisions"}],"wp:attachment":[{"href":"https:\/\/www.noticiasradioreflejos.com.ar\/2021\/wp-json\/wp\/v2\/media?parent=12069"}],"wp:term":[{"taxonomy":"category","embeddable":true,"href":"https:\/\/www.noticiasradioreflejos.com.ar\/2021\/wp-json\/wp\/v2\/categories?post=12069"},{"taxonomy":"post_tag","embeddable":true,"href":"https:\/\/www.noticiasradioreflejos.com.ar\/2021\/wp-json\/wp\/v2\/tags?post=12069"}],"curies":[{"name":"wp","href":"https:\/\/api.w.org\/{rel}","templated":true}]}}