{"id":120678,"date":"2025-06-23T15:37:06","date_gmt":"2025-06-23T18:37:06","guid":{"rendered":"https:\/\/www.noticiasradioreflejos.com.ar\/2021\/?p=120678"},"modified":"2025-06-23T15:37:06","modified_gmt":"2025-06-23T18:37:06","slug":"la-guerra-en-medio-oriente-impacta-en-el-precio-de-la-nafta-salvo-ypf-las-petroleras-anticipan-aumentos","status":"publish","type":"post","link":"https:\/\/www.noticiasradioreflejos.com.ar\/2021\/la-guerra-en-medio-oriente-impacta-en-el-precio-de-la-nafta-salvo-ypf-las-petroleras-anticipan-aumentos\/","title":{"rendered":"La guerra en Medio Oriente impacta en el precio de la nafta: salvo YPF, las petroleras anticipan aumentos"},"content":{"rendered":"<p>Algunas compa\u00f1\u00edas est\u00e1n anticipando a los estacioneros que ser\u00e1 necesaria una \u201cnueva recomposici\u00f3n\u201d, probablemente desde julio. El anuncio del cierre del Estrecho de Ormuz por parte del parlamento iran\u00ed generar\u00eda una suba dr\u00e1stica del precio del crudo.<!--more--><\/p>\n<p>Con excepci\u00f3n de YPF -al menos por ahora-, las petroleras que operan en la Argentina ya le est\u00e1n avisando a las estaciones de servicio que los combustibles seguir\u00e1n subiendo como consecuencia del conflicto entre Israel e Ir\u00e1n, al que ahora se sum\u00f3 en forma decisiva Estados Unidos con su ataque a bases nucleares iran\u00edes.<\/p>\n<p class=\"article-text\">Este fin de semana, los combustibles de Puma y Shell subieron un 5% promedio en el AMBA, y tambi\u00e9n hubo alzas en el interior del pa\u00eds.<\/p>\n<p class=\"article-text\">Las petroleras, que se referencian en el barril de crudo Brent de Londres, explican desde comienzos de abril el tipo de cambio tuvo una suba del 10%, los biocombustibles un 7% y 2% el etanol.<\/p>\n<p class=\"article-text\">Adem\u00e1s, se\u00f1alan que los impuestos para el sector se ajustaron 1,3%.<\/p>\n<p class=\"article-text\">Pero el factor principal para justificar los ajustes es que \u201cel petr\u00f3leo Brent ha escalado un 20% durante los \u00faltimos 30 d\u00edas, debido a los eventos en Medio Oriente\u201d.<\/p>\n<p class=\"article-text\">Tambi\u00e9n se\u00f1alan que en la misma magnitud han subido los productos terminados (nafta y diesel), necesarios para importar con el fin de cubrir la demanda en la Argentina.<\/p>\n<div id=\"container-after-news-outlook\"><\/div>\n<p class=\"article-text\">\u201cLas variaciones hacen necesario comenzar el traslado a precios de estos aumentos de costos, para que toda la cadena de comercializaci\u00f3n pueda paliar las subas de costo\u201d, se\u00f1alan.<\/p>\n<p class=\"article-text\"><em>MU con informaci\u00f3n de agencia NA<\/em><\/p>\n<\/div>\n<\/div>\n<\/div>\n<\/div>\n","protected":false},"excerpt":{"rendered":"<p>Algunas compa\u00f1\u00edas est\u00e1n anticipando a los estacioneros que ser\u00e1 necesaria una \u201cnueva recomposici\u00f3n\u201d, probablemente desde julio. El anuncio del cierre del Estrecho de Ormuz por parte del parlamento iran\u00ed generar\u00eda una suba dr\u00e1stica del precio del crudo.<\/p>\n","protected":false},"author":3,"featured_media":68768,"comment_status":"closed","ping_status":"closed","sticky":false,"template":"","format":"standard","meta":{"footnotes":""},"categories":[36],"tags":[],"class_list":["post-120678","post","type-post","status-publish","format-standard","has-post-thumbnail","hentry","category-economia"],"yoast_head":"<!-- This site is optimized with the Yoast SEO plugin v25.9 - https:\/\/yoast.com\/wordpress\/plugins\/seo\/ -->\n<title>La guerra en Medio Oriente impacta en el precio de la nafta: salvo YPF, las petroleras anticipan aumentos - Noticias Radio Reflejos<\/title>\n<meta name=\"robots\" content=\"index, follow, max-snippet:-1, max-image-preview:large, max-video-preview:-1\" \/>\n<link rel=\"canonical\" href=\"https:\/\/www.noticiasradioreflejos.com.ar\/2021\/la-guerra-en-medio-oriente-impacta-en-el-precio-de-la-nafta-salvo-ypf-las-petroleras-anticipan-aumentos\/\" \/>\n<meta property=\"og:locale\" content=\"es_ES\" \/>\n<meta property=\"og:type\" content=\"article\" \/>\n<meta property=\"og:title\" content=\"La guerra en Medio Oriente impacta en el precio de la nafta: salvo YPF, las petroleras anticipan aumentos - Noticias Radio Reflejos\" \/>\n<meta property=\"og:description\" content=\"Algunas compa\u00f1\u00edas est\u00e1n anticipando a los estacioneros que ser\u00e1 necesaria una \u201cnueva recomposici\u00f3n\u201d, probablemente desde julio. El anuncio del cierre del Estrecho de Ormuz por parte del parlamento iran\u00ed generar\u00eda una suba dr\u00e1stica del precio del crudo.\" \/>\n<meta property=\"og:url\" content=\"https:\/\/www.noticiasradioreflejos.com.ar\/2021\/la-guerra-en-medio-oriente-impacta-en-el-precio-de-la-nafta-salvo-ypf-las-petroleras-anticipan-aumentos\/\" \/>\n<meta property=\"og:site_name\" content=\"Noticias Radio Reflejos\" \/>\n<meta property=\"article:published_time\" content=\"2025-06-23T18:37:06+00:00\" \/>\n<meta property=\"og:image\" content=\"https:\/\/www.noticiasradioreflejos.com.ar\/2021\/wp-content\/uploads\/2022\/02\/combustibles.jpg\" \/>\n\t<meta property=\"og:image:width\" content=\"1000\" \/>\n\t<meta property=\"og:image:height\" content=\"600\" \/>\n\t<meta property=\"og:image:type\" content=\"image\/jpeg\" \/>\n<meta name=\"author\" content=\"Arnaldo Botto\" \/>\n<meta name=\"twitter:card\" content=\"summary_large_image\" \/>\n<script type=\"application\/ld+json\" class=\"yoast-schema-graph\">{\"@context\":\"https:\/\/schema.org\",\"@graph\":[{\"@type\":\"WebPage\",\"@id\":\"https:\/\/www.noticiasradioreflejos.com.ar\/2021\/la-guerra-en-medio-oriente-impacta-en-el-precio-de-la-nafta-salvo-ypf-las-petroleras-anticipan-aumentos\/\",\"url\":\"https:\/\/www.noticiasradioreflejos.com.ar\/2021\/la-guerra-en-medio-oriente-impacta-en-el-precio-de-la-nafta-salvo-ypf-las-petroleras-anticipan-aumentos\/\",\"name\":\"La guerra en Medio Oriente impacta en el precio de la nafta: salvo YPF, las petroleras anticipan aumentos - Noticias Radio Reflejos\",\"isPartOf\":{\"@id\":\"https:\/\/www.noticiasradioreflejos.com.ar\/2021\/#website\"},\"primaryImageOfPage\":{\"@id\":\"https:\/\/www.noticiasradioreflejos.com.ar\/2021\/la-guerra-en-medio-oriente-impacta-en-el-precio-de-la-nafta-salvo-ypf-las-petroleras-anticipan-aumentos\/#primaryimage\"},\"image\":{\"@id\":\"https:\/\/www.noticiasradioreflejos.com.ar\/2021\/la-guerra-en-medio-oriente-impacta-en-el-precio-de-la-nafta-salvo-ypf-las-petroleras-anticipan-aumentos\/#primaryimage\"},\"thumbnailUrl\":\"https:\/\/www.noticiasradioreflejos.com.ar\/2021\/wp-content\/uploads\/2022\/02\/combustibles.jpg\",\"datePublished\":\"2025-06-23T18:37:06+00:00\",\"author\":{\"@id\":\"https:\/\/www.noticiasradioreflejos.com.ar\/2021\/#\/schema\/person\/ad82545263dcc5ec0996818884fd5fb1\"},\"breadcrumb\":{\"@id\":\"https:\/\/www.noticiasradioreflejos.com.ar\/2021\/la-guerra-en-medio-oriente-impacta-en-el-precio-de-la-nafta-salvo-ypf-las-petroleras-anticipan-aumentos\/#breadcrumb\"},\"inLanguage\":\"es\",\"potentialAction\":[{\"@type\":\"ReadAction\",\"target\":[\"https:\/\/www.noticiasradioreflejos.com.ar\/2021\/la-guerra-en-medio-oriente-impacta-en-el-precio-de-la-nafta-salvo-ypf-las-petroleras-anticipan-aumentos\/\"]}]},{\"@type\":\"ImageObject\",\"inLanguage\":\"es\",\"@id\":\"https:\/\/www.noticiasradioreflejos.com.ar\/2021\/la-guerra-en-medio-oriente-impacta-en-el-precio-de-la-nafta-salvo-ypf-las-petroleras-anticipan-aumentos\/#primaryimage\",\"url\":\"https:\/\/www.noticiasradioreflejos.com.ar\/2021\/wp-content\/uploads\/2022\/02\/combustibles.jpg\",\"contentUrl\":\"https:\/\/www.noticiasradioreflejos.com.ar\/2021\/wp-content\/uploads\/2022\/02\/combustibles.jpg\",\"width\":1000,\"height\":600},{\"@type\":\"BreadcrumbList\",\"@id\":\"https:\/\/www.noticiasradioreflejos.com.ar\/2021\/la-guerra-en-medio-oriente-impacta-en-el-precio-de-la-nafta-salvo-ypf-las-petroleras-anticipan-aumentos\/#breadcrumb\",\"itemListElement\":[{\"@type\":\"ListItem\",\"position\":1,\"name\":\"Portada\",\"item\":\"https:\/\/www.noticiasradioreflejos.com.ar\/2021\/\"},{\"@type\":\"ListItem\",\"position\":2,\"name\":\"La guerra en Medio Oriente impacta en el precio de la nafta: salvo YPF, las petroleras anticipan aumentos\"}]},{\"@type\":\"WebSite\",\"@id\":\"https:\/\/www.noticiasradioreflejos.com.ar\/2021\/#website\",\"url\":\"https:\/\/www.noticiasradioreflejos.com.ar\/2021\/\",\"name\":\"Noticias Radio Reflejos\",\"description\":\"Las noticias de mi comarca\",\"potentialAction\":[{\"@type\":\"SearchAction\",\"target\":{\"@type\":\"EntryPoint\",\"urlTemplate\":\"https:\/\/www.noticiasradioreflejos.com.ar\/2021\/?s={search_term_string}\"},\"query-input\":{\"@type\":\"PropertyValueSpecification\",\"valueRequired\":true,\"valueName\":\"search_term_string\"}}],\"inLanguage\":\"es\"},{\"@type\":\"Person\",\"@id\":\"https:\/\/www.noticiasradioreflejos.com.ar\/2021\/#\/schema\/person\/ad82545263dcc5ec0996818884fd5fb1\",\"name\":\"Arnaldo Botto\",\"image\":{\"@type\":\"ImageObject\",\"inLanguage\":\"es\",\"@id\":\"https:\/\/www.noticiasradioreflejos.com.ar\/2021\/#\/schema\/person\/image\/\",\"url\":\"https:\/\/secure.gravatar.com\/avatar\/55cb5e37c1efa326397366e6974cb338056df65cb50e7d64d1cf314e87504837?s=96&d=mm&r=g\",\"contentUrl\":\"https:\/\/secure.gravatar.com\/avatar\/55cb5e37c1efa326397366e6974cb338056df65cb50e7d64d1cf314e87504837?s=96&d=mm&r=g\",\"caption\":\"Arnaldo Botto\"},\"url\":\"https:\/\/www.noticiasradioreflejos.com.ar\/2021\/author\/arnaldo\/\"}]}<\/script>\n<!-- \/ Yoast SEO plugin. -->","yoast_head_json":{"title":"La guerra en Medio Oriente impacta en el precio de la nafta: salvo YPF, las petroleras anticipan aumentos - Noticias Radio Reflejos","robots":{"index":"index","follow":"follow","max-snippet":"max-snippet:-1","max-image-preview":"max-image-preview:large","max-video-preview":"max-video-preview:-1"},"canonical":"https:\/\/www.noticiasradioreflejos.com.ar\/2021\/la-guerra-en-medio-oriente-impacta-en-el-precio-de-la-nafta-salvo-ypf-las-petroleras-anticipan-aumentos\/","og_locale":"es_ES","og_type":"article","og_title":"La guerra en Medio Oriente impacta en el precio de la nafta: salvo YPF, las petroleras anticipan aumentos - Noticias Radio Reflejos","og_description":"Algunas compa\u00f1\u00edas est\u00e1n anticipando a los estacioneros que ser\u00e1 necesaria una \u201cnueva recomposici\u00f3n\u201d, probablemente desde julio. El anuncio del cierre del Estrecho de Ormuz por parte del parlamento iran\u00ed generar\u00eda una suba dr\u00e1stica del precio del crudo.","og_url":"https:\/\/www.noticiasradioreflejos.com.ar\/2021\/la-guerra-en-medio-oriente-impacta-en-el-precio-de-la-nafta-salvo-ypf-las-petroleras-anticipan-aumentos\/","og_site_name":"Noticias Radio Reflejos","article_published_time":"2025-06-23T18:37:06+00:00","og_image":[{"width":1000,"height":600,"url":"https:\/\/www.noticiasradioreflejos.com.ar\/2021\/wp-content\/uploads\/2022\/02\/combustibles.jpg","type":"image\/jpeg"}],"author":"Arnaldo Botto","twitter_card":"summary_large_image","schema":{"@context":"https:\/\/schema.org","@graph":[{"@type":"WebPage","@id":"https:\/\/www.noticiasradioreflejos.com.ar\/2021\/la-guerra-en-medio-oriente-impacta-en-el-precio-de-la-nafta-salvo-ypf-las-petroleras-anticipan-aumentos\/","url":"https:\/\/www.noticiasradioreflejos.com.ar\/2021\/la-guerra-en-medio-oriente-impacta-en-el-precio-de-la-nafta-salvo-ypf-las-petroleras-anticipan-aumentos\/","name":"La guerra en Medio Oriente impacta en el precio de la nafta: salvo YPF, las petroleras anticipan aumentos - Noticias Radio Reflejos","isPartOf":{"@id":"https:\/\/www.noticiasradioreflejos.com.ar\/2021\/#website"},"primaryImageOfPage":{"@id":"https:\/\/www.noticiasradioreflejos.com.ar\/2021\/la-guerra-en-medio-oriente-impacta-en-el-precio-de-la-nafta-salvo-ypf-las-petroleras-anticipan-aumentos\/#primaryimage"},"image":{"@id":"https:\/\/www.noticiasradioreflejos.com.ar\/2021\/la-guerra-en-medio-oriente-impacta-en-el-precio-de-la-nafta-salvo-ypf-las-petroleras-anticipan-aumentos\/#primaryimage"},"thumbnailUrl":"https:\/\/www.noticiasradioreflejos.com.ar\/2021\/wp-content\/uploads\/2022\/02\/combustibles.jpg","datePublished":"2025-06-23T18:37:06+00:00","author":{"@id":"https:\/\/www.noticiasradioreflejos.com.ar\/2021\/#\/schema\/person\/ad82545263dcc5ec0996818884fd5fb1"},"breadcrumb":{"@id":"https:\/\/www.noticiasradioreflejos.com.ar\/2021\/la-guerra-en-medio-oriente-impacta-en-el-precio-de-la-nafta-salvo-ypf-las-petroleras-anticipan-aumentos\/#breadcrumb"},"inLanguage":"es","potentialAction":[{"@type":"ReadAction","target":["https:\/\/www.noticiasradioreflejos.com.ar\/2021\/la-guerra-en-medio-oriente-impacta-en-el-precio-de-la-nafta-salvo-ypf-las-petroleras-anticipan-aumentos\/"]}]},{"@type":"ImageObject","inLanguage":"es","@id":"https:\/\/www.noticiasradioreflejos.com.ar\/2021\/la-guerra-en-medio-oriente-impacta-en-el-precio-de-la-nafta-salvo-ypf-las-petroleras-anticipan-aumentos\/#primaryimage","url":"https:\/\/www.noticiasradioreflejos.com.ar\/2021\/wp-content\/uploads\/2022\/02\/combustibles.jpg","contentUrl":"https:\/\/www.noticiasradioreflejos.com.ar\/2021\/wp-content\/uploads\/2022\/02\/combustibles.jpg","width":1000,"height":600},{"@type":"BreadcrumbList","@id":"https:\/\/www.noticiasradioreflejos.com.ar\/2021\/la-guerra-en-medio-oriente-impacta-en-el-precio-de-la-nafta-salvo-ypf-las-petroleras-anticipan-aumentos\/#breadcrumb","itemListElement":[{"@type":"ListItem","position":1,"name":"Portada","item":"https:\/\/www.noticiasradioreflejos.com.ar\/2021\/"},{"@type":"ListItem","position":2,"name":"La guerra en Medio Oriente impacta en el precio de la nafta: salvo YPF, las petroleras anticipan aumentos"}]},{"@type":"WebSite","@id":"https:\/\/www.noticiasradioreflejos.com.ar\/2021\/#website","url":"https:\/\/www.noticiasradioreflejos.com.ar\/2021\/","name":"Noticias Radio Reflejos","description":"Las noticias de mi comarca","potentialAction":[{"@type":"SearchAction","target":{"@type":"EntryPoint","urlTemplate":"https:\/\/www.noticiasradioreflejos.com.ar\/2021\/?s={search_term_string}"},"query-input":{"@type":"PropertyValueSpecification","valueRequired":true,"valueName":"search_term_string"}}],"inLanguage":"es"},{"@type":"Person","@id":"https:\/\/www.noticiasradioreflejos.com.ar\/2021\/#\/schema\/person\/ad82545263dcc5ec0996818884fd5fb1","name":"Arnaldo Botto","image":{"@type":"ImageObject","inLanguage":"es","@id":"https:\/\/www.noticiasradioreflejos.com.ar\/2021\/#\/schema\/person\/image\/","url":"https:\/\/secure.gravatar.com\/avatar\/55cb5e37c1efa326397366e6974cb338056df65cb50e7d64d1cf314e87504837?s=96&d=mm&r=g","contentUrl":"https:\/\/secure.gravatar.com\/avatar\/55cb5e37c1efa326397366e6974cb338056df65cb50e7d64d1cf314e87504837?s=96&d=mm&r=g","caption":"Arnaldo Botto"},"url":"https:\/\/www.noticiasradioreflejos.com.ar\/2021\/author\/arnaldo\/"}]}},"_links":{"self":[{"href":"https:\/\/www.noticiasradioreflejos.com.ar\/2021\/wp-json\/wp\/v2\/posts\/120678","targetHints":{"allow":["GET"]}}],"collection":[{"href":"https:\/\/www.noticiasradioreflejos.com.ar\/2021\/wp-json\/wp\/v2\/posts"}],"about":[{"href":"https:\/\/www.noticiasradioreflejos.com.ar\/2021\/wp-json\/wp\/v2\/types\/post"}],"author":[{"embeddable":true,"href":"https:\/\/www.noticiasradioreflejos.com.ar\/2021\/wp-json\/wp\/v2\/users\/3"}],"replies":[{"embeddable":true,"href":"https:\/\/www.noticiasradioreflejos.com.ar\/2021\/wp-json\/wp\/v2\/comments?post=120678"}],"version-history":[{"count":1,"href":"https:\/\/www.noticiasradioreflejos.com.ar\/2021\/wp-json\/wp\/v2\/posts\/120678\/revisions"}],"predecessor-version":[{"id":120679,"href":"https:\/\/www.noticiasradioreflejos.com.ar\/2021\/wp-json\/wp\/v2\/posts\/120678\/revisions\/120679"}],"wp:featuredmedia":[{"embeddable":true,"href":"https:\/\/www.noticiasradioreflejos.com.ar\/2021\/wp-json\/wp\/v2\/media\/68768"}],"wp:attachment":[{"href":"https:\/\/www.noticiasradioreflejos.com.ar\/2021\/wp-json\/wp\/v2\/media?parent=120678"}],"wp:term":[{"taxonomy":"category","embeddable":true,"href":"https:\/\/www.noticiasradioreflejos.com.ar\/2021\/wp-json\/wp\/v2\/categories?post=120678"},{"taxonomy":"post_tag","embeddable":true,"href":"https:\/\/www.noticiasradioreflejos.com.ar\/2021\/wp-json\/wp\/v2\/tags?post=120678"}],"curies":[{"name":"wp","href":"https:\/\/api.w.org\/{rel}","templated":true}]}}