{"id":120528,"date":"2025-06-20T15:32:11","date_gmt":"2025-06-20T18:32:11","guid":{"rendered":"https:\/\/www.noticiasradioreflejos.com.ar\/2021\/?p=120528"},"modified":"2025-06-20T15:32:11","modified_gmt":"2025-06-20T18:32:11","slug":"cristina-kirchner-denuncio-un-operativo-ilegal-en-su-casa-y-le-puso-un-apodo-a-patricia-bullrich","status":"publish","type":"post","link":"https:\/\/www.noticiasradioreflejos.com.ar\/2021\/cristina-kirchner-denuncio-un-operativo-ilegal-en-su-casa-y-le-puso-un-apodo-a-patricia-bullrich\/","title":{"rendered":"Cristina Kirchner denunci\u00f3 un operativo \u201cilegal\u201d en su casa y le puso un apodo a Patricia Bullrich"},"content":{"rendered":"<p>Denunci\u00f3 un operativo policial \u201cilegal\u201d en su casa de Constituci\u00f3n. Acus\u00f3 a Patricia Bullrich de \u201cprovocaci\u00f3n\u201d y pidi\u00f3 a la militancia no ir all\u00ed.<!--more--><\/p>\n<p>La ex presidenta\u00a0<strong>Cristina Kirchner<\/strong>\u00a0denunci\u00f3 este jueves que\u00a0<strong>durante la madrugada<\/strong>, efectivos policiales realizaron un\u00a0<strong>operativo \u201cilegal\u201d y sin orden judicial<\/strong>\u00a0frente a su domicilio, al que calific\u00f3 como un intento de\u00a0<strong>provocaci\u00f3n<\/strong>\u00a0por parte de la ministra de Seguridad,\u00a0<strong>Patricia Bullrich<\/strong>, a quien llam\u00f3 \u201cla Se\u00f1ora Violencia\u201d.<\/p>\n<div class=\"columns\" data-tadevel-template=\"web\/article-columns\">\n<div class=\"column-main\">\n<div class=\"article-body\" data-tadevel-template=\"web\/article-body\">\n<div class=\"article-body-content\">\n<p><strong>Seg\u00fan supo Noticias Argentinas<\/strong>, el posteo en redes sociales se produjo horas despu\u00e9s de que\u00a0<strong>Bullrich dispusiera presencia policial<\/strong>\u00a0frente al domicilio de la actual titular del Partido Justicialista, en el barrio porte\u00f1o de Constituci\u00f3n. La ex mandataria calific\u00f3 la acci\u00f3n como un\u00a0<strong>intento deliberado de generar caos<\/strong>, a fin de\u00a0<strong>distraer la atenci\u00f3n del aumento del desempleo<\/strong>, cuyos picos\u00a0<strong>en el Conurbano alcanzaron el 9,7%<\/strong>\u00a0y en el Gran C\u00f3rdoba\u00a0<strong>el 9,2%<\/strong>\u00a0seg\u00fan datos del\u00a0<strong>INDEC<\/strong>.<\/p>\n<figure class=\"multimedia\" data-html=\"\" data-tadevel-template=\"web\/multimedia\" data-type=\"rich\" data-url=\"https:\/\/twitter.com\/CFKArgentina\/status\/1936094394706256212\">\n<div class=\"content\"><iframe src=\"https:\/\/alpha-app.tadevel-cdn.com\/hostname\/noticiasargentinas.com\/api\/v1\/sandbox\/PGJsb2NrcXVvdGUgY2xhc3M9InR3aXR0ZXItdHdlZXQiPjxwIGxhbmc9ImVzIiBkaXI9Imx0ciI%2BSG95LCBkdXJhbnRlIGxhIG1hZHJ1Z2FkYSwgc2luIG9yZGVuIGp1ZGljaWFsIHkgZW4gZm9ybWEgY29tcGxldGFtZW50ZSBpbGVnYWwsIFBhdHJpY2lhIEJ1bGxyaWNoIG1vbnTDsyB1biBvcGVyYXRpdm8gcG9saWNpYWwgZW4gbGEgcHVlcnRhIGRlIG1pIGNhc2EgY29uIGVsIMO6bmljbyBvYmpldGl2byBkZSBwcm92b2NhciBjb25mbGljdG9zIHF1ZSwgaGFzdGEgYWhvcmEsIG51bmNhIHN1Y2VkaWVyb24uPGJyPsKgPGJyPlRvZGFzIGxhcyBtYW5pZmVzdGFjaW9uZXMgZGUgZXN0b3MgZMOtYXMsIGluY2x1c2%2FigKY8L3A%2BJm1kYXNoOyBDcmlzdGluYSBLaXJjaG5lciAoQENGS0FyZ2VudGluYSkgPGEgaHJlZj0iaHR0cHM6Ly90d2l0dGVyLmNvbS9DRktBcmdlbnRpbmEvc3RhdHVzLzE5MzYwOTQzOTQ3MDYyNTYyMTI%2FcmVmX3NyYz10d3NyYyU1RXRmdyI%2BSnVuZSAyMCwgMjAyNTwvYT48L2Jsb2NrcXVvdGU%2BCjxzY3JpcHQgYXN5bmMgc3JjPSJodHRwczovL3BsYXRmb3JtLnR3aXR0ZXIuY29tL3dpZGdldHMuanMiIGNoYXJzZXQ9InV0Zi04Ij48L3NjcmlwdD4KCg%3D%3D?v=1f3a9f16957c45d3bef6d9f942ed147c&amp;s=974251b37fee9a9505aea24c7ad67405\" scrolling=\"no\" sandbox=\"allow-scripts allow-forms allow-same-origin allow-popups allow-popups-to-escape-sandbox\" data-mce-fragment=\"1\"><\/iframe><\/div><figcaption class=\"caption\">\n<div class=\"description\">X de Cristina Kirchner<\/div>\n<div class=\"attribution\"><\/div>\n<\/figcaption><\/figure>\n<p>Cristina tambi\u00e9n se refiri\u00f3 a la movilizaci\u00f3n convocada para este\u00a0<strong>20 de junio<\/strong>, D\u00eda de la Bandera, por\u00a0<strong>miles de militantes<\/strong>\u00a0que ten\u00edan previsto asistir con banderas argentinas hasta la puerta de su casa. En ese marco, pidi\u00f3\u00a0<strong>sabidur\u00eda y templanza<\/strong>\u00a0y propuso\u00a0<strong>redireccionar el banderazo<\/strong>\u00a0hacia el\u00a0<strong>Auditorio de Parque Lezama<\/strong>, para evitar cualquier tipo de confrontaci\u00f3n.<\/p>\n<p>\u201cS\u00e9 que la tienen. No seamos ingenuos ni funcionales a la provocaci\u00f3n de la Se\u00f1ora Violencia. Ten\u00eda much\u00edsima ganas de verlos y saludarlos por la fuerza que me dan. Pero lo mejor y m\u00e1s inteligente\u2026 es que redireccionen el banderazo que hab\u00edan organizado y vayan al auditorio de Parque Lezama\u201d, public\u00f3 Cristina en su cuenta oficial de X (ex Twitter).<\/p>\n<p>Finalmente, dej\u00f3 abierta la posibilidad de\u00a0<strong>comunicarse nuevamente<\/strong>\u00a0con la militancia desde el nuevo lugar del acto: \u201cSepan siempre que cuando ustedes est\u00e1n\u2026 hasta lo malo se transforma en bueno\u201d, cerr\u00f3.<\/p>\n<\/div>\n<\/div>\n<\/div>\n<\/div>\n","protected":false},"excerpt":{"rendered":"<p>Denunci\u00f3 un operativo policial \u201cilegal\u201d en su casa de Constituci\u00f3n. Acus\u00f3 a Patricia Bullrich de \u201cprovocaci\u00f3n\u201d y pidi\u00f3 a la militancia no ir all\u00ed.<\/p>\n","protected":false},"author":3,"featured_media":0,"comment_status":"closed","ping_status":"closed","sticky":false,"template":"","format":"standard","meta":{"footnotes":""},"categories":[24],"tags":[],"class_list":["post-120528","post","type-post","status-publish","format-standard","hentry","category-politica"],"yoast_head":"<!-- This site is optimized with the Yoast SEO plugin v25.9 - https:\/\/yoast.com\/wordpress\/plugins\/seo\/ -->\n<title>Cristina Kirchner denunci\u00f3 un operativo \u201cilegal\u201d en su casa y le puso un apodo a Patricia Bullrich - Noticias Radio Reflejos<\/title>\n<meta name=\"robots\" content=\"index, follow, max-snippet:-1, max-image-preview:large, max-video-preview:-1\" \/>\n<link rel=\"canonical\" href=\"https:\/\/www.noticiasradioreflejos.com.ar\/2021\/cristina-kirchner-denuncio-un-operativo-ilegal-en-su-casa-y-le-puso-un-apodo-a-patricia-bullrich\/\" \/>\n<meta property=\"og:locale\" content=\"es_ES\" \/>\n<meta property=\"og:type\" content=\"article\" \/>\n<meta property=\"og:title\" content=\"Cristina Kirchner denunci\u00f3 un operativo \u201cilegal\u201d en su casa y le puso un apodo a Patricia Bullrich - Noticias Radio Reflejos\" \/>\n<meta property=\"og:description\" content=\"Denunci\u00f3 un operativo policial \u201cilegal\u201d en su casa de Constituci\u00f3n. Acus\u00f3 a Patricia Bullrich de \u201cprovocaci\u00f3n\u201d y pidi\u00f3 a la militancia no ir all\u00ed.\" \/>\n<meta property=\"og:url\" content=\"https:\/\/www.noticiasradioreflejos.com.ar\/2021\/cristina-kirchner-denuncio-un-operativo-ilegal-en-su-casa-y-le-puso-un-apodo-a-patricia-bullrich\/\" \/>\n<meta property=\"og:site_name\" content=\"Noticias Radio Reflejos\" \/>\n<meta property=\"article:published_time\" content=\"2025-06-20T18:32:11+00:00\" \/>\n<meta property=\"og:image\" content=\"https:\/\/www.noticiasradioreflejos.com.ar\/2021\/wp-content\/uploads\/2021\/07\/logosol300x200.png\" \/>\n\t<meta property=\"og:image:width\" content=\"300\" \/>\n\t<meta property=\"og:image:height\" content=\"200\" \/>\n\t<meta property=\"og:image:type\" content=\"image\/png\" \/>\n<meta name=\"author\" content=\"Arnaldo Botto\" \/>\n<meta name=\"twitter:card\" content=\"summary_large_image\" \/>\n<script type=\"application\/ld+json\" class=\"yoast-schema-graph\">{\"@context\":\"https:\/\/schema.org\",\"@graph\":[{\"@type\":\"WebPage\",\"@id\":\"https:\/\/www.noticiasradioreflejos.com.ar\/2021\/cristina-kirchner-denuncio-un-operativo-ilegal-en-su-casa-y-le-puso-un-apodo-a-patricia-bullrich\/\",\"url\":\"https:\/\/www.noticiasradioreflejos.com.ar\/2021\/cristina-kirchner-denuncio-un-operativo-ilegal-en-su-casa-y-le-puso-un-apodo-a-patricia-bullrich\/\",\"name\":\"Cristina Kirchner denunci\u00f3 un operativo \u201cilegal\u201d en su casa y le puso un apodo a Patricia Bullrich - Noticias Radio Reflejos\",\"isPartOf\":{\"@id\":\"https:\/\/www.noticiasradioreflejos.com.ar\/2021\/#website\"},\"datePublished\":\"2025-06-20T18:32:11+00:00\",\"author\":{\"@id\":\"https:\/\/www.noticiasradioreflejos.com.ar\/2021\/#\/schema\/person\/ad82545263dcc5ec0996818884fd5fb1\"},\"breadcrumb\":{\"@id\":\"https:\/\/www.noticiasradioreflejos.com.ar\/2021\/cristina-kirchner-denuncio-un-operativo-ilegal-en-su-casa-y-le-puso-un-apodo-a-patricia-bullrich\/#breadcrumb\"},\"inLanguage\":\"es\",\"potentialAction\":[{\"@type\":\"ReadAction\",\"target\":[\"https:\/\/www.noticiasradioreflejos.com.ar\/2021\/cristina-kirchner-denuncio-un-operativo-ilegal-en-su-casa-y-le-puso-un-apodo-a-patricia-bullrich\/\"]}]},{\"@type\":\"BreadcrumbList\",\"@id\":\"https:\/\/www.noticiasradioreflejos.com.ar\/2021\/cristina-kirchner-denuncio-un-operativo-ilegal-en-su-casa-y-le-puso-un-apodo-a-patricia-bullrich\/#breadcrumb\",\"itemListElement\":[{\"@type\":\"ListItem\",\"position\":1,\"name\":\"Portada\",\"item\":\"https:\/\/www.noticiasradioreflejos.com.ar\/2021\/\"},{\"@type\":\"ListItem\",\"position\":2,\"name\":\"Cristina Kirchner denunci\u00f3 un operativo \u201cilegal\u201d en su casa y le puso un apodo a Patricia Bullrich\"}]},{\"@type\":\"WebSite\",\"@id\":\"https:\/\/www.noticiasradioreflejos.com.ar\/2021\/#website\",\"url\":\"https:\/\/www.noticiasradioreflejos.com.ar\/2021\/\",\"name\":\"Noticias Radio Reflejos\",\"description\":\"Las noticias de mi comarca\",\"potentialAction\":[{\"@type\":\"SearchAction\",\"target\":{\"@type\":\"EntryPoint\",\"urlTemplate\":\"https:\/\/www.noticiasradioreflejos.com.ar\/2021\/?s={search_term_string}\"},\"query-input\":{\"@type\":\"PropertyValueSpecification\",\"valueRequired\":true,\"valueName\":\"search_term_string\"}}],\"inLanguage\":\"es\"},{\"@type\":\"Person\",\"@id\":\"https:\/\/www.noticiasradioreflejos.com.ar\/2021\/#\/schema\/person\/ad82545263dcc5ec0996818884fd5fb1\",\"name\":\"Arnaldo Botto\",\"image\":{\"@type\":\"ImageObject\",\"inLanguage\":\"es\",\"@id\":\"https:\/\/www.noticiasradioreflejos.com.ar\/2021\/#\/schema\/person\/image\/\",\"url\":\"https:\/\/secure.gravatar.com\/avatar\/55cb5e37c1efa326397366e6974cb338056df65cb50e7d64d1cf314e87504837?s=96&d=mm&r=g\",\"contentUrl\":\"https:\/\/secure.gravatar.com\/avatar\/55cb5e37c1efa326397366e6974cb338056df65cb50e7d64d1cf314e87504837?s=96&d=mm&r=g\",\"caption\":\"Arnaldo Botto\"},\"url\":\"https:\/\/www.noticiasradioreflejos.com.ar\/2021\/author\/arnaldo\/\"}]}<\/script>\n<!-- \/ Yoast SEO plugin. -->","yoast_head_json":{"title":"Cristina Kirchner denunci\u00f3 un operativo \u201cilegal\u201d en su casa y le puso un apodo a Patricia Bullrich - Noticias Radio Reflejos","robots":{"index":"index","follow":"follow","max-snippet":"max-snippet:-1","max-image-preview":"max-image-preview:large","max-video-preview":"max-video-preview:-1"},"canonical":"https:\/\/www.noticiasradioreflejos.com.ar\/2021\/cristina-kirchner-denuncio-un-operativo-ilegal-en-su-casa-y-le-puso-un-apodo-a-patricia-bullrich\/","og_locale":"es_ES","og_type":"article","og_title":"Cristina Kirchner denunci\u00f3 un operativo \u201cilegal\u201d en su casa y le puso un apodo a Patricia Bullrich - Noticias Radio Reflejos","og_description":"Denunci\u00f3 un operativo policial \u201cilegal\u201d en su casa de Constituci\u00f3n. Acus\u00f3 a Patricia Bullrich de \u201cprovocaci\u00f3n\u201d y pidi\u00f3 a la militancia no ir all\u00ed.","og_url":"https:\/\/www.noticiasradioreflejos.com.ar\/2021\/cristina-kirchner-denuncio-un-operativo-ilegal-en-su-casa-y-le-puso-un-apodo-a-patricia-bullrich\/","og_site_name":"Noticias Radio Reflejos","article_published_time":"2025-06-20T18:32:11+00:00","og_image":[{"width":300,"height":200,"url":"https:\/\/www.noticiasradioreflejos.com.ar\/2021\/wp-content\/uploads\/2021\/07\/logosol300x200.png","type":"image\/png"}],"author":"Arnaldo Botto","twitter_card":"summary_large_image","schema":{"@context":"https:\/\/schema.org","@graph":[{"@type":"WebPage","@id":"https:\/\/www.noticiasradioreflejos.com.ar\/2021\/cristina-kirchner-denuncio-un-operativo-ilegal-en-su-casa-y-le-puso-un-apodo-a-patricia-bullrich\/","url":"https:\/\/www.noticiasradioreflejos.com.ar\/2021\/cristina-kirchner-denuncio-un-operativo-ilegal-en-su-casa-y-le-puso-un-apodo-a-patricia-bullrich\/","name":"Cristina Kirchner denunci\u00f3 un operativo \u201cilegal\u201d en su casa y le puso un apodo a Patricia Bullrich - Noticias Radio Reflejos","isPartOf":{"@id":"https:\/\/www.noticiasradioreflejos.com.ar\/2021\/#website"},"datePublished":"2025-06-20T18:32:11+00:00","author":{"@id":"https:\/\/www.noticiasradioreflejos.com.ar\/2021\/#\/schema\/person\/ad82545263dcc5ec0996818884fd5fb1"},"breadcrumb":{"@id":"https:\/\/www.noticiasradioreflejos.com.ar\/2021\/cristina-kirchner-denuncio-un-operativo-ilegal-en-su-casa-y-le-puso-un-apodo-a-patricia-bullrich\/#breadcrumb"},"inLanguage":"es","potentialAction":[{"@type":"ReadAction","target":["https:\/\/www.noticiasradioreflejos.com.ar\/2021\/cristina-kirchner-denuncio-un-operativo-ilegal-en-su-casa-y-le-puso-un-apodo-a-patricia-bullrich\/"]}]},{"@type":"BreadcrumbList","@id":"https:\/\/www.noticiasradioreflejos.com.ar\/2021\/cristina-kirchner-denuncio-un-operativo-ilegal-en-su-casa-y-le-puso-un-apodo-a-patricia-bullrich\/#breadcrumb","itemListElement":[{"@type":"ListItem","position":1,"name":"Portada","item":"https:\/\/www.noticiasradioreflejos.com.ar\/2021\/"},{"@type":"ListItem","position":2,"name":"Cristina Kirchner denunci\u00f3 un operativo \u201cilegal\u201d en su casa y le puso un apodo a Patricia Bullrich"}]},{"@type":"WebSite","@id":"https:\/\/www.noticiasradioreflejos.com.ar\/2021\/#website","url":"https:\/\/www.noticiasradioreflejos.com.ar\/2021\/","name":"Noticias Radio Reflejos","description":"Las noticias de mi comarca","potentialAction":[{"@type":"SearchAction","target":{"@type":"EntryPoint","urlTemplate":"https:\/\/www.noticiasradioreflejos.com.ar\/2021\/?s={search_term_string}"},"query-input":{"@type":"PropertyValueSpecification","valueRequired":true,"valueName":"search_term_string"}}],"inLanguage":"es"},{"@type":"Person","@id":"https:\/\/www.noticiasradioreflejos.com.ar\/2021\/#\/schema\/person\/ad82545263dcc5ec0996818884fd5fb1","name":"Arnaldo Botto","image":{"@type":"ImageObject","inLanguage":"es","@id":"https:\/\/www.noticiasradioreflejos.com.ar\/2021\/#\/schema\/person\/image\/","url":"https:\/\/secure.gravatar.com\/avatar\/55cb5e37c1efa326397366e6974cb338056df65cb50e7d64d1cf314e87504837?s=96&d=mm&r=g","contentUrl":"https:\/\/secure.gravatar.com\/avatar\/55cb5e37c1efa326397366e6974cb338056df65cb50e7d64d1cf314e87504837?s=96&d=mm&r=g","caption":"Arnaldo Botto"},"url":"https:\/\/www.noticiasradioreflejos.com.ar\/2021\/author\/arnaldo\/"}]}},"_links":{"self":[{"href":"https:\/\/www.noticiasradioreflejos.com.ar\/2021\/wp-json\/wp\/v2\/posts\/120528","targetHints":{"allow":["GET"]}}],"collection":[{"href":"https:\/\/www.noticiasradioreflejos.com.ar\/2021\/wp-json\/wp\/v2\/posts"}],"about":[{"href":"https:\/\/www.noticiasradioreflejos.com.ar\/2021\/wp-json\/wp\/v2\/types\/post"}],"author":[{"embeddable":true,"href":"https:\/\/www.noticiasradioreflejos.com.ar\/2021\/wp-json\/wp\/v2\/users\/3"}],"replies":[{"embeddable":true,"href":"https:\/\/www.noticiasradioreflejos.com.ar\/2021\/wp-json\/wp\/v2\/comments?post=120528"}],"version-history":[{"count":1,"href":"https:\/\/www.noticiasradioreflejos.com.ar\/2021\/wp-json\/wp\/v2\/posts\/120528\/revisions"}],"predecessor-version":[{"id":120530,"href":"https:\/\/www.noticiasradioreflejos.com.ar\/2021\/wp-json\/wp\/v2\/posts\/120528\/revisions\/120530"}],"wp:attachment":[{"href":"https:\/\/www.noticiasradioreflejos.com.ar\/2021\/wp-json\/wp\/v2\/media?parent=120528"}],"wp:term":[{"taxonomy":"category","embeddable":true,"href":"https:\/\/www.noticiasradioreflejos.com.ar\/2021\/wp-json\/wp\/v2\/categories?post=120528"},{"taxonomy":"post_tag","embeddable":true,"href":"https:\/\/www.noticiasradioreflejos.com.ar\/2021\/wp-json\/wp\/v2\/tags?post=120528"}],"curies":[{"name":"wp","href":"https:\/\/api.w.org\/{rel}","templated":true}]}}