{"id":120525,"date":"2025-06-20T15:27:39","date_gmt":"2025-06-20T18:27:39","guid":{"rendered":"https:\/\/www.noticiasradioreflejos.com.ar\/2021\/?p=120525"},"modified":"2025-06-20T15:27:39","modified_gmt":"2025-06-20T18:27:39","slug":"gran-avance-contra-el-cancer-logran-generar-celulas-car-t-con-una-inyeccion-sin-tener-que-entrenarlas-fuera-del-cuerpo","status":"publish","type":"post","link":"https:\/\/www.noticiasradioreflejos.com.ar\/2021\/gran-avance-contra-el-cancer-logran-generar-celulas-car-t-con-una-inyeccion-sin-tener-que-entrenarlas-fuera-del-cuerpo\/","title":{"rendered":"Gran avance contra el c\u00e1ncer: logran generar c\u00e9lulas CAR-T con una inyecci\u00f3n, sin tener que entrenarlas fuera del cuerpo"},"content":{"rendered":"<p>El nuevo sistema usa ARN y nanopart\u00edculas como las vacunas contra el Covid y, aunque se prob\u00f3 sobre todo contra enfermedades autoinmunes, abre la puerta a un tratamiento m\u00e1s sencillo y universal contra algunos tipos de c\u00e1ncer<!--more--><\/p>\n<div><\/div>\n<div class=\"content-container col-12 col-lg-8\">\n<div class=\"c-content\">\n<div class=\"partner-wrapper opening\" data-mrf-recirculation=\"Apertura\">\n<div class=\"second-col\">\n<figure class=\"ni-figure\"><picture class=\"news-image\"><source srcset=\"https:\/\/static.eldiario.es\/clip\/69e31158-578d-4049-a2ea-30fd3a7beaa8_16-9-discover-aspect-ratio_50p_0.webp\" type=\"image\/webp\" media=\"(max-width: 576px)\" \/><source srcset=\"https:\/\/static.eldiario.es\/clip\/69e31158-578d-4049-a2ea-30fd3a7beaa8_16-9-discover-aspect-ratio_50p_0.jpg\" type=\"image\/jpg\" media=\"(max-width: 576px)\" \/><source srcset=\"https:\/\/static.eldiario.es\/clip\/69e31158-578d-4049-a2ea-30fd3a7beaa8_16-9-discover-aspect-ratio_75p_0.webp\" type=\"image\/webp\" media=\"(max-width: 767px)\" \/><source srcset=\"https:\/\/static.eldiario.es\/clip\/69e31158-578d-4049-a2ea-30fd3a7beaa8_16-9-discover-aspect-ratio_75p_0.jpg\" type=\"image\/jpg\" media=\"(max-width: 767px)\" \/><source srcset=\"https:\/\/static.eldiario.es\/clip\/69e31158-578d-4049-a2ea-30fd3a7beaa8_16-9-discover-aspect-ratio_default_0.webp\" type=\"image\/webp\" \/><source srcset=\"https:\/\/static.eldiario.es\/clip\/69e31158-578d-4049-a2ea-30fd3a7beaa8_16-9-discover-aspect-ratio_default_0.jpg\" type=\"image\/jpg\" \/><img decoding=\"async\" src=\"https:\/\/static.eldiario.es\/clip\/69e31158-578d-4049-a2ea-30fd3a7beaa8_16-9-discover-aspect-ratio_default_0.jpg\" alt=\"Un investigador mide el volumen de cultivos celulares para un experimento.\" \/><\/picture><figcaption class=\"image-footer\"><span class=\"title\">Un investigador mide el volumen de cultivos celulares para un experimento.\u00a0<span class=\"author\">NIAID<\/span><\/span><\/figcaption><\/figure>\n<\/div>\n<div class=\"news-info\" data-mrf-recirculation=\"firma\">\n<div class=\"info-wrapper\">\n<p class=\"authors\">\n<div class=\"date-comments-wrapper\">\n<p id=\"comments-number\" class=\"comments\">\n<\/div>\n<\/div>\n<div class=\"twitter-wrapper\"><\/div>\n<\/div>\n<\/div>\n<div class=\"partner-wrapper article-page__body-row\">\n<div class=\"second-col\">\n<p class=\"article-text\">Un grupo de investigadores, liderado por\u00a0<a class=\"link\" href=\"https:\/\/www.mskcc.org\/research\/ski\/labs\/members\/theresa-hunter-geiger\" target=\"_blank\" rel=\"noopener\" data-mrf-recirculation=\"links-noticia\" data-mrf-link=\"https:\/\/www.mskcc.org\/research\/ski\/labs\/members\/theresa-hunter-geiger\">Theresa Hunter<\/a>, desarroll\u00f3 un nuevo m\u00e9todo para generar c\u00e9lulas CAR-T que puede hacer m\u00e1s accesible y barata esta revolucionaria inmunoterapia contra el c\u00e1ncer, ya que permite generar el tratamiento directamente en el organismo, sin necesidad de entrenar a las c\u00e9lulas inmunes fuera del cuerpo mediante sofisticados y caros equipos.<\/p>\n<p class=\"article-text\">Las conocidas como\u00a0<a class=\"link\" href=\"https:\/\/es.wikipedia.org\/wiki\/Terapia_de_linfocitos_T_con_CAR\" target=\"_blank\" rel=\"noopener\" data-mrf-recirculation=\"links-noticia\" data-mrf-link=\"https:\/\/es.wikipedia.org\/wiki\/Terapia_de_linfocitos_T_con_CAR\">terapias CAR-T<\/a>\u00a0consisten en extraer las c\u00e9lulas T del sistema inmunitario del propio paciente, entrenarlas para que reconozcan y ataquen al objetivo deseado y volverlas a introducir en el organismo. En un trabajo publicado\u00a0<a class=\"link\" href=\"http:\/\/www.science.org\/doi\/10.1126\/science.ads8473\" target=\"_blank\" rel=\"noopener\" data-mrf-recirculation=\"links-noticia\" data-mrf-link=\"http:\/\/www.science.org\/doi\/10.1126\/science.ads8473\">en la revista\u00a0<\/a><a class=\"link\" href=\"http:\/\/www.science.org\/doi\/10.1126\/science.ads8473\" target=\"_blank\" rel=\"noopener\" data-mrf-recirculation=\"links-noticia\" data-mrf-link=\"http:\/\/www.science.org\/doi\/10.1126\/science.ads8473\"><em>Science<\/em><\/a>\u00a0los autores presentan un m\u00e9todo que consigue el mismo resultado mediante la inyecci\u00f3n de nanopart\u00edculas lip\u00eddicas dirigidas (tLNP) que transportan una carga de ARN mensajero (ARNm), igual que las vacunas de ARN contra el Covid.<\/p>\n<p class=\"article-text\">El\u00a0<em>atajo<\/em>\u00a0que permite la aplicaci\u00f3n directa de la terapia es que prescinde de vectores virales, que era el\u00a0<em>autob\u00fas<\/em>\u00a0en el que se trasladaban las instrucciones hasta ahora, y usan ARNm y nanopart\u00edculas. Estas mol\u00e9culas llegan a las c\u00e9lulas T y se\u00f1alan qu\u00e9 linfocitos B del sistema deben eliminar, sin pasar por la fase de extracci\u00f3n y entrenamiento.<\/p>\n<p class=\"article-text\">En concreto, el ARN da instrucciones a las c\u00e9lulas para codificar un receptor de ant\u00edgeno quim\u00e9rico (<a class=\"link\" href=\"https:\/\/es.wikipedia.org\/wiki\/CAR\" target=\"_blank\" rel=\"noopener\" data-mrf-recirculation=\"links-noticia\" data-mrf-link=\"https:\/\/es.wikipedia.org\/wiki\/CAR\">CAR<\/a>) que reconoce una prote\u00edna espec\u00edfica de las c\u00e9lulas B (CD19) que est\u00e1n produciendo el problema de salud. La gran esperanza es que, en el futuro, se puedan cambiar las instrucciones y los objetivos, para combatir con CAR-T algunos tipos de c\u00e1ncer sin necesidad de personalizar el tratamiento paciente a paciente.<\/p>\n<h2 class=\"article-text\">Eficaz contra leucemias<\/h2>\n<p class=\"article-text\">Los investigadores probaron la nueva t\u00e9cnica en ratones, ratas y monos, as\u00ed como en muestras de sangre de humanos con enfermedades autoinmunes. En estos \u00faltimos demostraron que los linfocitos T derivados de pacientes pod\u00edan modificarse con una eficiencia similar a la de los de donantes sanos y que pod\u00edan eliminar con \u00e9xito los linfocitos B de los pacientes.<\/p>\n<p class=\"article-text\">En modelos de rat\u00f3n injertados con c\u00e9lulas inmunitarias humanas, una sola dosis provoc\u00f3 una disminuci\u00f3n r\u00e1pida y espec\u00edfica de linfocitos B en cuesti\u00f3n de horas, con efectos que duran hasta dos semanas. En un modelo experimental de xenoinjerto de leucemia, la dosificaci\u00f3n repetida de tLNP produjo una eliminaci\u00f3n casi completa del tumor, lo que subraya el potencial de este enfoque\u00a0<em>in vivo<\/em>\u00a0para tratar tanto el c\u00e1ncer como las enfermedades autoinmunes como el lupus.<\/p>\n<figure><picture class=\"news-image\"><source srcset=\"https:\/\/static.eldiario.es\/clip\/85e86c67-bd1e-4a2e-a75d-2132924125fd_16-9-discover-aspect-ratio_50p_0.webp\" type=\"image\/webp\" media=\"(max-width: 576px)\" \/><source srcset=\"https:\/\/static.eldiario.es\/clip\/85e86c67-bd1e-4a2e-a75d-2132924125fd_16-9-discover-aspect-ratio_50p_0.jpg\" type=\"image\/jpg\" media=\"(max-width: 576px)\" \/><source srcset=\"https:\/\/static.eldiario.es\/clip\/85e86c67-bd1e-4a2e-a75d-2132924125fd_16-9-discover-aspect-ratio_75p_0.webp\" type=\"image\/webp\" media=\"(max-width: 767px)\" \/><source srcset=\"https:\/\/static.eldiario.es\/clip\/85e86c67-bd1e-4a2e-a75d-2132924125fd_16-9-discover-aspect-ratio_75p_0.jpg\" type=\"image\/jpg\" media=\"(max-width: 767px)\" \/><source srcset=\"https:\/\/static.eldiario.es\/clip\/85e86c67-bd1e-4a2e-a75d-2132924125fd_16-9-discover-aspect-ratio_default_0.webp\" type=\"image\/webp\" media=\"(min-width: 768px)\" \/><source srcset=\"https:\/\/static.eldiario.es\/clip\/85e86c67-bd1e-4a2e-a75d-2132924125fd_16-9-discover-aspect-ratio_default_0.jpg\" type=\"image\/jpg\" media=\"(min-width: 768px)\" \/><source srcset=\"https:\/\/static.eldiario.es\/clip\/85e86c67-bd1e-4a2e-a75d-2132924125fd_16-9-discover-aspect-ratio_default_0.webp\" type=\"image\/webp\" \/><img decoding=\"async\" class=\"lazy entered loaded\" src=\"https:\/\/static.eldiario.es\/clip\/85e86c67-bd1e-4a2e-a75d-2132924125fd_16-9-discover-aspect-ratio_default_0.jpg\" alt=\"\" data-src=\"https:\/\/static.eldiario.es\/clip\/85e86c67-bd1e-4a2e-a75d-2132924125fd_16-9-discover-aspect-ratio_default_0.jpg\" data-ll-status=\"loaded\" \/><\/picture><figcaption class=\"image-footer\"><span class=\"title\">Imagen microsc\u00f3pica de un linfocito T.\u00a0<span class=\"author\">NIAID<\/span><\/span><\/figcaption><\/figure>\n<p class=\"article-text\">El nuevo m\u00e9todo tiene la ventaja de que, al usar de ARNm, evita el riesgo de alteraci\u00f3n gen\u00e9tica permanente, ya que, a diferencia de los m\u00e9todos basados en ADN, el ARNm no se integra en el genoma de las c\u00e9lulas T, lo que har\u00e1 m\u00e1s f\u00e1cil su aprobaci\u00f3n por las autoridades sanitarias. Lo que queda por comprobar es si ser\u00eda efectiva con leucemias en las que no basta una sola dosis, sino que hace falta un tratamiento prolongado en el tiempo, y sus posibles reacciones adversas.<\/p>\n<h2 class=\"article-text\">Una gran esperanza<\/h2>\n<p class=\"article-text\"><a class=\"link\" href=\"https:\/\/www.cnio.es\/investigacion-e-innovacion\/programas-cientificos\/programa-de-investigacion-clinica\/unidad-de-investigacion-clinica-en-inmunoterapia-del-cancer-cnio-hmarbcn\/\" target=\"_blank\" rel=\"noopener\" data-mrf-recirculation=\"links-noticia\" data-mrf-link=\"https:\/\/www.cnio.es\/investigacion-e-innovacion\/programas-cientificos\/programa-de-investigacion-clinica\/unidad-de-investigacion-clinica-en-inmunoterapia-del-cancer-cnio-hmarbcn\/\">Luis \u00c1lvarez Vallina<\/a>, jefe de la Unidad de Inmunoterapia del C\u00e1ncer del Hospital Universitario 12 de Octubre de Madrid y del CNIO, considera que es un trabajo muy importante porque prueba la viabilidad de una de las grandes esperanzas para que la terapia CAR-T pueda ser de aplicaci\u00f3n generalizada. \u201cHay que tener en cuenta que ahora mismo las terapias CAR-T son extremadamente caras, sobre todo las producidas por la industria\u201d, explica a\u00a0<a class=\"link\" href=\"http:\/\/eldiario.es\/\" target=\"_blank\" rel=\"noopener\" data-mrf-recirculation=\"links-noticia\" data-mrf-link=\"http:\/\/eldiario.es\/\">elDiario.es<\/a>. \u201cLa opci\u00f3n de poder generar CAR-T en vivo es un tema del m\u00e1ximo inter\u00e9s\u201d.<\/p>\n<blockquote class=\"quote\">\n<div class=\"quote-wrapper\">\n<div class=\"first-quote\"><\/div>\n<p class=\"quote-text\">Ahora mismo las terapias CAR-T son extremadamente caras, sobre todo las producidas por la industria. La opci\u00f3n de poder generar CAR-T en vivo es un tema del m\u00e1ximo inter\u00e9s<\/p>\n<div class=\"quote-author\"><span class=\"name\">Luis \u00c1lvarez Vallina<\/span>\u00a0\u2014\u00a0Jefe de la Unidad de Inmunoterapia del C\u00e1ncer del Hospital Universitario 12 de Octubre y del CNIO<\/div>\n<\/div>\n<\/blockquote>\n<p class=\"article-text\">Para \u00c1lvarez Vallina, el trabajo demuestra de una forma muy clara que es posible inducir una reducci\u00f3n selectiva de c\u00e9lulas B y que esto realmente puede ser suficiente en el contexto de las enfermedades autoinmunes, con una inyecci\u00f3n \u00fanica o un reducido n\u00famero de inyecciones. \u201cTambi\u00e9n demuestran el potencial de esta aproximaci\u00f3n en un modelo de ratones humanizados que reciben c\u00e9lulas leuc\u00e9micas humanas y en este caso se plantea la opci\u00f3n de administraciones prolongadas\u201d, asegura. \u201cPero queda por comprobar si una administraci\u00f3n extendida de ese tipo de nanopart\u00edculas podr\u00eda generar alg\u00fan tipo de respuesta inmune frente a alguno de los componentes\u201d.<\/p>\n<div id=\"container-after-news-outlook\"><\/div>\n<h2 class=\"article-text\">Cambio de paradigma<\/h2>\n<p class=\"article-text\"><a class=\"link\" href=\"https:\/\/www.clinicbarcelona.org\/profesionales\/julio-delgado\" target=\"_blank\" rel=\"noopener\" data-mrf-recirculation=\"links-noticia\" data-mrf-link=\"https:\/\/www.clinicbarcelona.org\/profesionales\/julio-delgado\">Julio Delgado<\/a>, jefe de la Unidad Oncoinmunoterapia del Hospital Cl\u00ednic de Barcelona, destaca que no es el \u00fanico trabajo sobre las terapias CAR-T\u00a0<em>in vivo<\/em>, pero s\u00ed el m\u00e1s completo y prometedor hasta ahora. En su opini\u00f3n, este resultado supondr\u00e1 un cambio de paradigma con beneficios m\u00faltiples, ya que permite preparar estos vectores universales y no tener que preparar producto paciente a paciente. \u201cLos autores usan el mismo sistema de ARN codificante que est\u00e1 dentro de una nanopart\u00edcula lip\u00eddica que usaba Pfizer contra el Covid\u201d, asegura. \u201cEsto est\u00e1 especialmente pensado para enfermedades autoinmunes, ya que lo que buscan es un reseteo del sistema inmunitario, aunque se abre la puerta a aplicarlo contra el c\u00e1ncer\u201d.<\/p>\n<blockquote class=\"quote\">\n<div class=\"quote-wrapper\">\n<div class=\"first-quote\"><\/div>\n<p class=\"quote-text\">Esto est\u00e1 especialmente pensado para enfermedades autoinmunes, ya que lo que buscan es un reseteo del sistema inmunitario, aunque se abre la puerta a aplicarlo contra el c\u00e1ncer<\/p>\n<div class=\"quote-author\"><span class=\"name\">Julio Delgado<\/span>\u00a0\u2014\u00a0Jefe de la Unidad Oncoinmunoterapia del Hospital Cl\u00ednic<\/div>\n<\/div>\n<\/blockquote>\n<p class=\"article-text\">Para el especialista, una ventaja de que el tratamiento no modifique el genoma de los linfocitos T es que elimina el peque\u00f1o riesgo de que estas c\u00e9lulas se malignicen, a la vez que acortar\u00e1 los tiempos y los costos. \u201cCon la terapia CAR-T convencional pasa aproximadamente un mes desde que se recogen las c\u00e9lulas al paciente y se le vuelven a administrar\u201d, se\u00f1ala. Si este tratamiento prospera, estos tiempos se ver\u00e1n acortados y el paciente se ahorrar\u00e1 la quimioterapia previa, ya que se evita el riesgo de rechazo a los linfocitos modificados. \u201cAqu\u00ed no hay un cultivo, sino que el paciente es el propio\u00a0<em>cultivo y<\/em>\u00a0el producto \u2014en este caso las nanopart\u00edculas con ARNm\u2014 es universal, porque es el mismo el que le pones a un paciente y a otro\u201d.<\/p>\n<\/div>\n<\/div>\n<\/div>\n<\/div>\n<p>&nbsp;<\/p>\n<p><em><strong>Antonio Mart\u00ednez Ron &#8211; elDiarioAR<\/strong><\/em><\/p>\n","protected":false},"excerpt":{"rendered":"<p>El nuevo sistema usa ARN y nanopart\u00edculas como las vacunas contra el Covid y, aunque se prob\u00f3 sobre todo contra enfermedades autoinmunes, abre la puerta a un tratamiento m\u00e1s sencillo y universal contra algunos tipos de c\u00e1ncer<\/p>\n","protected":false},"author":3,"featured_media":120526,"comment_status":"closed","ping_status":"closed","sticky":false,"template":"","format":"standard","meta":{"footnotes":""},"categories":[30,26],"tags":[],"class_list":["post-120525","post","type-post","status-publish","format-standard","has-post-thumbnail","hentry","category-salud","category-sociedad"],"yoast_head":"<!-- This site is optimized with the Yoast SEO plugin v25.9 - https:\/\/yoast.com\/wordpress\/plugins\/seo\/ -->\n<title>Gran avance contra el c\u00e1ncer: logran generar c\u00e9lulas CAR-T con una inyecci\u00f3n, sin tener que entrenarlas fuera del cuerpo - Noticias Radio Reflejos<\/title>\n<meta name=\"robots\" content=\"index, follow, max-snippet:-1, max-image-preview:large, max-video-preview:-1\" \/>\n<link rel=\"canonical\" href=\"https:\/\/www.noticiasradioreflejos.com.ar\/2021\/gran-avance-contra-el-cancer-logran-generar-celulas-car-t-con-una-inyeccion-sin-tener-que-entrenarlas-fuera-del-cuerpo\/\" \/>\n<meta property=\"og:locale\" content=\"es_ES\" \/>\n<meta property=\"og:type\" content=\"article\" \/>\n<meta property=\"og:title\" content=\"Gran avance contra el c\u00e1ncer: logran generar c\u00e9lulas CAR-T con una inyecci\u00f3n, sin tener que entrenarlas fuera del cuerpo - Noticias Radio Reflejos\" \/>\n<meta property=\"og:description\" content=\"El nuevo sistema usa ARN y nanopart\u00edculas como las vacunas contra el Covid y, aunque se prob\u00f3 sobre todo contra enfermedades autoinmunes, abre la puerta a un tratamiento m\u00e1s sencillo y universal contra algunos tipos de c\u00e1ncer\" \/>\n<meta property=\"og:url\" content=\"https:\/\/www.noticiasradioreflejos.com.ar\/2021\/gran-avance-contra-el-cancer-logran-generar-celulas-car-t-con-una-inyeccion-sin-tener-que-entrenarlas-fuera-del-cuerpo\/\" \/>\n<meta property=\"og:site_name\" content=\"Noticias Radio Reflejos\" \/>\n<meta property=\"article:published_time\" content=\"2025-06-20T18:27:39+00:00\" \/>\n<meta property=\"og:image\" content=\"https:\/\/www.noticiasradioreflejos.com.ar\/2021\/wp-content\/uploads\/2025\/06\/Laboratorio.jpg\" \/>\n\t<meta property=\"og:image:width\" content=\"1200\" \/>\n\t<meta property=\"og:image:height\" content=\"675\" \/>\n\t<meta property=\"og:image:type\" content=\"image\/jpeg\" \/>\n<meta name=\"author\" content=\"Arnaldo Botto\" \/>\n<meta name=\"twitter:card\" content=\"summary_large_image\" \/>\n<script type=\"application\/ld+json\" class=\"yoast-schema-graph\">{\"@context\":\"https:\/\/schema.org\",\"@graph\":[{\"@type\":\"WebPage\",\"@id\":\"https:\/\/www.noticiasradioreflejos.com.ar\/2021\/gran-avance-contra-el-cancer-logran-generar-celulas-car-t-con-una-inyeccion-sin-tener-que-entrenarlas-fuera-del-cuerpo\/\",\"url\":\"https:\/\/www.noticiasradioreflejos.com.ar\/2021\/gran-avance-contra-el-cancer-logran-generar-celulas-car-t-con-una-inyeccion-sin-tener-que-entrenarlas-fuera-del-cuerpo\/\",\"name\":\"Gran avance contra el c\u00e1ncer: logran generar c\u00e9lulas CAR-T con una inyecci\u00f3n, sin tener que entrenarlas fuera del cuerpo - Noticias Radio Reflejos\",\"isPartOf\":{\"@id\":\"https:\/\/www.noticiasradioreflejos.com.ar\/2021\/#website\"},\"primaryImageOfPage\":{\"@id\":\"https:\/\/www.noticiasradioreflejos.com.ar\/2021\/gran-avance-contra-el-cancer-logran-generar-celulas-car-t-con-una-inyeccion-sin-tener-que-entrenarlas-fuera-del-cuerpo\/#primaryimage\"},\"image\":{\"@id\":\"https:\/\/www.noticiasradioreflejos.com.ar\/2021\/gran-avance-contra-el-cancer-logran-generar-celulas-car-t-con-una-inyeccion-sin-tener-que-entrenarlas-fuera-del-cuerpo\/#primaryimage\"},\"thumbnailUrl\":\"https:\/\/www.noticiasradioreflejos.com.ar\/2021\/wp-content\/uploads\/2025\/06\/Laboratorio.jpg\",\"datePublished\":\"2025-06-20T18:27:39+00:00\",\"author\":{\"@id\":\"https:\/\/www.noticiasradioreflejos.com.ar\/2021\/#\/schema\/person\/ad82545263dcc5ec0996818884fd5fb1\"},\"breadcrumb\":{\"@id\":\"https:\/\/www.noticiasradioreflejos.com.ar\/2021\/gran-avance-contra-el-cancer-logran-generar-celulas-car-t-con-una-inyeccion-sin-tener-que-entrenarlas-fuera-del-cuerpo\/#breadcrumb\"},\"inLanguage\":\"es\",\"potentialAction\":[{\"@type\":\"ReadAction\",\"target\":[\"https:\/\/www.noticiasradioreflejos.com.ar\/2021\/gran-avance-contra-el-cancer-logran-generar-celulas-car-t-con-una-inyeccion-sin-tener-que-entrenarlas-fuera-del-cuerpo\/\"]}]},{\"@type\":\"ImageObject\",\"inLanguage\":\"es\",\"@id\":\"https:\/\/www.noticiasradioreflejos.com.ar\/2021\/gran-avance-contra-el-cancer-logran-generar-celulas-car-t-con-una-inyeccion-sin-tener-que-entrenarlas-fuera-del-cuerpo\/#primaryimage\",\"url\":\"https:\/\/www.noticiasradioreflejos.com.ar\/2021\/wp-content\/uploads\/2025\/06\/Laboratorio.jpg\",\"contentUrl\":\"https:\/\/www.noticiasradioreflejos.com.ar\/2021\/wp-content\/uploads\/2025\/06\/Laboratorio.jpg\",\"width\":1200,\"height\":675},{\"@type\":\"BreadcrumbList\",\"@id\":\"https:\/\/www.noticiasradioreflejos.com.ar\/2021\/gran-avance-contra-el-cancer-logran-generar-celulas-car-t-con-una-inyeccion-sin-tener-que-entrenarlas-fuera-del-cuerpo\/#breadcrumb\",\"itemListElement\":[{\"@type\":\"ListItem\",\"position\":1,\"name\":\"Portada\",\"item\":\"https:\/\/www.noticiasradioreflejos.com.ar\/2021\/\"},{\"@type\":\"ListItem\",\"position\":2,\"name\":\"Gran avance contra el c\u00e1ncer: logran generar c\u00e9lulas CAR-T con una inyecci\u00f3n, sin tener que entrenarlas fuera del cuerpo\"}]},{\"@type\":\"WebSite\",\"@id\":\"https:\/\/www.noticiasradioreflejos.com.ar\/2021\/#website\",\"url\":\"https:\/\/www.noticiasradioreflejos.com.ar\/2021\/\",\"name\":\"Noticias Radio Reflejos\",\"description\":\"Las noticias de mi comarca\",\"potentialAction\":[{\"@type\":\"SearchAction\",\"target\":{\"@type\":\"EntryPoint\",\"urlTemplate\":\"https:\/\/www.noticiasradioreflejos.com.ar\/2021\/?s={search_term_string}\"},\"query-input\":{\"@type\":\"PropertyValueSpecification\",\"valueRequired\":true,\"valueName\":\"search_term_string\"}}],\"inLanguage\":\"es\"},{\"@type\":\"Person\",\"@id\":\"https:\/\/www.noticiasradioreflejos.com.ar\/2021\/#\/schema\/person\/ad82545263dcc5ec0996818884fd5fb1\",\"name\":\"Arnaldo Botto\",\"image\":{\"@type\":\"ImageObject\",\"inLanguage\":\"es\",\"@id\":\"https:\/\/www.noticiasradioreflejos.com.ar\/2021\/#\/schema\/person\/image\/\",\"url\":\"https:\/\/secure.gravatar.com\/avatar\/55cb5e37c1efa326397366e6974cb338056df65cb50e7d64d1cf314e87504837?s=96&d=mm&r=g\",\"contentUrl\":\"https:\/\/secure.gravatar.com\/avatar\/55cb5e37c1efa326397366e6974cb338056df65cb50e7d64d1cf314e87504837?s=96&d=mm&r=g\",\"caption\":\"Arnaldo Botto\"},\"url\":\"https:\/\/www.noticiasradioreflejos.com.ar\/2021\/author\/arnaldo\/\"}]}<\/script>\n<!-- \/ Yoast SEO plugin. -->","yoast_head_json":{"title":"Gran avance contra el c\u00e1ncer: logran generar c\u00e9lulas CAR-T con una inyecci\u00f3n, sin tener que entrenarlas fuera del cuerpo - Noticias Radio Reflejos","robots":{"index":"index","follow":"follow","max-snippet":"max-snippet:-1","max-image-preview":"max-image-preview:large","max-video-preview":"max-video-preview:-1"},"canonical":"https:\/\/www.noticiasradioreflejos.com.ar\/2021\/gran-avance-contra-el-cancer-logran-generar-celulas-car-t-con-una-inyeccion-sin-tener-que-entrenarlas-fuera-del-cuerpo\/","og_locale":"es_ES","og_type":"article","og_title":"Gran avance contra el c\u00e1ncer: logran generar c\u00e9lulas CAR-T con una inyecci\u00f3n, sin tener que entrenarlas fuera del cuerpo - Noticias Radio Reflejos","og_description":"El nuevo sistema usa ARN y nanopart\u00edculas como las vacunas contra el Covid y, aunque se prob\u00f3 sobre todo contra enfermedades autoinmunes, abre la puerta a un tratamiento m\u00e1s sencillo y universal contra algunos tipos de c\u00e1ncer","og_url":"https:\/\/www.noticiasradioreflejos.com.ar\/2021\/gran-avance-contra-el-cancer-logran-generar-celulas-car-t-con-una-inyeccion-sin-tener-que-entrenarlas-fuera-del-cuerpo\/","og_site_name":"Noticias Radio Reflejos","article_published_time":"2025-06-20T18:27:39+00:00","og_image":[{"width":1200,"height":675,"url":"https:\/\/www.noticiasradioreflejos.com.ar\/2021\/wp-content\/uploads\/2025\/06\/Laboratorio.jpg","type":"image\/jpeg"}],"author":"Arnaldo Botto","twitter_card":"summary_large_image","schema":{"@context":"https:\/\/schema.org","@graph":[{"@type":"WebPage","@id":"https:\/\/www.noticiasradioreflejos.com.ar\/2021\/gran-avance-contra-el-cancer-logran-generar-celulas-car-t-con-una-inyeccion-sin-tener-que-entrenarlas-fuera-del-cuerpo\/","url":"https:\/\/www.noticiasradioreflejos.com.ar\/2021\/gran-avance-contra-el-cancer-logran-generar-celulas-car-t-con-una-inyeccion-sin-tener-que-entrenarlas-fuera-del-cuerpo\/","name":"Gran avance contra el c\u00e1ncer: logran generar c\u00e9lulas CAR-T con una inyecci\u00f3n, sin tener que entrenarlas fuera del cuerpo - Noticias Radio Reflejos","isPartOf":{"@id":"https:\/\/www.noticiasradioreflejos.com.ar\/2021\/#website"},"primaryImageOfPage":{"@id":"https:\/\/www.noticiasradioreflejos.com.ar\/2021\/gran-avance-contra-el-cancer-logran-generar-celulas-car-t-con-una-inyeccion-sin-tener-que-entrenarlas-fuera-del-cuerpo\/#primaryimage"},"image":{"@id":"https:\/\/www.noticiasradioreflejos.com.ar\/2021\/gran-avance-contra-el-cancer-logran-generar-celulas-car-t-con-una-inyeccion-sin-tener-que-entrenarlas-fuera-del-cuerpo\/#primaryimage"},"thumbnailUrl":"https:\/\/www.noticiasradioreflejos.com.ar\/2021\/wp-content\/uploads\/2025\/06\/Laboratorio.jpg","datePublished":"2025-06-20T18:27:39+00:00","author":{"@id":"https:\/\/www.noticiasradioreflejos.com.ar\/2021\/#\/schema\/person\/ad82545263dcc5ec0996818884fd5fb1"},"breadcrumb":{"@id":"https:\/\/www.noticiasradioreflejos.com.ar\/2021\/gran-avance-contra-el-cancer-logran-generar-celulas-car-t-con-una-inyeccion-sin-tener-que-entrenarlas-fuera-del-cuerpo\/#breadcrumb"},"inLanguage":"es","potentialAction":[{"@type":"ReadAction","target":["https:\/\/www.noticiasradioreflejos.com.ar\/2021\/gran-avance-contra-el-cancer-logran-generar-celulas-car-t-con-una-inyeccion-sin-tener-que-entrenarlas-fuera-del-cuerpo\/"]}]},{"@type":"ImageObject","inLanguage":"es","@id":"https:\/\/www.noticiasradioreflejos.com.ar\/2021\/gran-avance-contra-el-cancer-logran-generar-celulas-car-t-con-una-inyeccion-sin-tener-que-entrenarlas-fuera-del-cuerpo\/#primaryimage","url":"https:\/\/www.noticiasradioreflejos.com.ar\/2021\/wp-content\/uploads\/2025\/06\/Laboratorio.jpg","contentUrl":"https:\/\/www.noticiasradioreflejos.com.ar\/2021\/wp-content\/uploads\/2025\/06\/Laboratorio.jpg","width":1200,"height":675},{"@type":"BreadcrumbList","@id":"https:\/\/www.noticiasradioreflejos.com.ar\/2021\/gran-avance-contra-el-cancer-logran-generar-celulas-car-t-con-una-inyeccion-sin-tener-que-entrenarlas-fuera-del-cuerpo\/#breadcrumb","itemListElement":[{"@type":"ListItem","position":1,"name":"Portada","item":"https:\/\/www.noticiasradioreflejos.com.ar\/2021\/"},{"@type":"ListItem","position":2,"name":"Gran avance contra el c\u00e1ncer: logran generar c\u00e9lulas CAR-T con una inyecci\u00f3n, sin tener que entrenarlas fuera del cuerpo"}]},{"@type":"WebSite","@id":"https:\/\/www.noticiasradioreflejos.com.ar\/2021\/#website","url":"https:\/\/www.noticiasradioreflejos.com.ar\/2021\/","name":"Noticias Radio Reflejos","description":"Las noticias de mi comarca","potentialAction":[{"@type":"SearchAction","target":{"@type":"EntryPoint","urlTemplate":"https:\/\/www.noticiasradioreflejos.com.ar\/2021\/?s={search_term_string}"},"query-input":{"@type":"PropertyValueSpecification","valueRequired":true,"valueName":"search_term_string"}}],"inLanguage":"es"},{"@type":"Person","@id":"https:\/\/www.noticiasradioreflejos.com.ar\/2021\/#\/schema\/person\/ad82545263dcc5ec0996818884fd5fb1","name":"Arnaldo Botto","image":{"@type":"ImageObject","inLanguage":"es","@id":"https:\/\/www.noticiasradioreflejos.com.ar\/2021\/#\/schema\/person\/image\/","url":"https:\/\/secure.gravatar.com\/avatar\/55cb5e37c1efa326397366e6974cb338056df65cb50e7d64d1cf314e87504837?s=96&d=mm&r=g","contentUrl":"https:\/\/secure.gravatar.com\/avatar\/55cb5e37c1efa326397366e6974cb338056df65cb50e7d64d1cf314e87504837?s=96&d=mm&r=g","caption":"Arnaldo Botto"},"url":"https:\/\/www.noticiasradioreflejos.com.ar\/2021\/author\/arnaldo\/"}]}},"_links":{"self":[{"href":"https:\/\/www.noticiasradioreflejos.com.ar\/2021\/wp-json\/wp\/v2\/posts\/120525","targetHints":{"allow":["GET"]}}],"collection":[{"href":"https:\/\/www.noticiasradioreflejos.com.ar\/2021\/wp-json\/wp\/v2\/posts"}],"about":[{"href":"https:\/\/www.noticiasradioreflejos.com.ar\/2021\/wp-json\/wp\/v2\/types\/post"}],"author":[{"embeddable":true,"href":"https:\/\/www.noticiasradioreflejos.com.ar\/2021\/wp-json\/wp\/v2\/users\/3"}],"replies":[{"embeddable":true,"href":"https:\/\/www.noticiasradioreflejos.com.ar\/2021\/wp-json\/wp\/v2\/comments?post=120525"}],"version-history":[{"count":1,"href":"https:\/\/www.noticiasradioreflejos.com.ar\/2021\/wp-json\/wp\/v2\/posts\/120525\/revisions"}],"predecessor-version":[{"id":120527,"href":"https:\/\/www.noticiasradioreflejos.com.ar\/2021\/wp-json\/wp\/v2\/posts\/120525\/revisions\/120527"}],"wp:featuredmedia":[{"embeddable":true,"href":"https:\/\/www.noticiasradioreflejos.com.ar\/2021\/wp-json\/wp\/v2\/media\/120526"}],"wp:attachment":[{"href":"https:\/\/www.noticiasradioreflejos.com.ar\/2021\/wp-json\/wp\/v2\/media?parent=120525"}],"wp:term":[{"taxonomy":"category","embeddable":true,"href":"https:\/\/www.noticiasradioreflejos.com.ar\/2021\/wp-json\/wp\/v2\/categories?post=120525"},{"taxonomy":"post_tag","embeddable":true,"href":"https:\/\/www.noticiasradioreflejos.com.ar\/2021\/wp-json\/wp\/v2\/tags?post=120525"}],"curies":[{"name":"wp","href":"https:\/\/api.w.org\/{rel}","templated":true}]}}