{"id":120472,"date":"2025-06-19T16:34:27","date_gmt":"2025-06-19T19:34:27","guid":{"rendered":"https:\/\/www.noticiasradioreflejos.com.ar\/2021\/?p=120472"},"modified":"2025-06-19T16:34:27","modified_gmt":"2025-06-19T19:34:27","slug":"impugan-el-decreto-de-bullrich-que-habilita-a-la-policia-federal-a-hacer-requisas-y-espionaje-sin-control","status":"publish","type":"post","link":"https:\/\/www.noticiasradioreflejos.com.ar\/2021\/impugan-el-decreto-de-bullrich-que-habilita-a-la-policia-federal-a-hacer-requisas-y-espionaje-sin-control\/","title":{"rendered":"Impugan el decreto de Bullrich que habilita a la Polic\u00eda Federal a hacer requisas y espionaje sin control"},"content":{"rendered":"<p>La oposici\u00f3n busca voltear la medida del Gobierno que avala m\u00e1s poder policial. Se present\u00f3 un primer amparo judicial. Organizaciones como el CELS ir\u00e1n a la Corte Interamericana de DDHH.<\/p>\n<p><!--more--><\/p>\n<p>La pol\u00e9mica\u00a0<strong>reforma de la Polic\u00eda Federal que implement\u00f3 Patricia Bullrich<\/strong>\u00a0para habilitar a los agentes a hacer requisas callejeras sin orden judicial o ciberpatrullaje lleg\u00f3 al Congreso. Pero no lo hizo porque la ministra haya enviado la iniciativa para darle aval legislativo, sino porque justamente su decreto se salte\u00f3 ese poder del Estado y la oposici\u00f3n cree que las medidas son inconstitucionales. Al coro de cuestionamientos se suma que hoy trascendi\u00f3 un primer pedido de amparo en la Justicia para dejar sin efecto los cambios en el funcionamiento policial, as\u00ed como que est\u00e1 en curso\u00a0<strong>una denuncia ante la Corte Interamericana de Derechos Humanos.<\/strong><\/p>\n<p class=\"article-text\">En la C\u00e1mara de Diputados ingres\u00f3 este jueves un pedido de nulidad del decreto 383 publicado el martes pasado con la firma de Bullrich y el jefe de Gabinete, Guillermo Francos. La iniciativa la promueven los diputados socialistas por Santa Fe\u00a0<strong>Esteban Paul\u00f3n<\/strong>\u00a0y\u00a0<strong>M\u00f3nica Fein<\/strong>. Entienden que es inconstitucional, entre otros puntos, porque el Congreso no deleg\u00f3 facultades al Gobierno en materia de seguridad, adem\u00e1s de que se violan derechos fundamentales por aumentar la discrecionalidad policial.<\/p>\n<p class=\"article-text\">El anexo al decreto de Bullrich es el que dej\u00f3 por escrito las nuevas facultades de la PFA\u00a0<strong>d\u00e1ndole la posibilidad a sus agentes de realizar requisas sin orden de un magistrado a partir de una serie de \u201csupuestos\u201d arbitrarios<\/strong>, como la presunci\u00f3n por parte del efectivo policial de que \u201cse ocultan cosas relacionadas con un delito\u201d, la existencia de \u201cpeligro cierto de que desaparezcan pruebas que se intentan incautar\u201d, o en el marco de \u201coperativos de prevenci\u00f3n\u201d en lugares p\u00fablicos. Adem\u00e1s dispone que la fuerza acceda a \u201cinformaci\u00f3n y bases de datos p\u00fablicas\u201d e incluso \u201csolicitar el acceso a bases privadas\u201d si lo considera \u201cjustificado\u201d sin un permiso judicial.<\/p>\n<figure class=\"embed-container embed-container--type-twitter \">\n<div class=\"twitter-tweet twitter-tweet-rendered\"><iframe id=\"twitter-widget-0\" class=\"\" title=\"X Post\" src=\"https:\/\/platform.twitter.com\/embed\/Tweet.html?dnt=false&amp;embedId=twitter-widget-0&amp;features=eyJ0ZndfdGltZWxpbmVfbGlzdCI6eyJidWNrZXQiOltdLCJ2ZXJzaW9uIjpudWxsfSwidGZ3X2ZvbGxvd2VyX2NvdW50X3N1bnNldCI6eyJidWNrZXQiOnRydWUsInZlcnNpb24iOm51bGx9LCJ0ZndfdHdlZXRfZWRpdF9iYWNrZW5kIjp7ImJ1Y2tldCI6Im9uIiwidmVyc2lvbiI6bnVsbH0sInRmd19yZWZzcmNfc2Vzc2lvbiI6eyJidWNrZXQiOiJvbiIsInZlcnNpb24iOm51bGx9LCJ0ZndfZm9zbnJfc29mdF9pbnRlcnZlbnRpb25zX2VuYWJsZWQiOnsiYnVja2V0Ijoib24iLCJ2ZXJzaW9uIjpudWxsfSwidGZ3X21peGVkX21lZGlhXzE1ODk3Ijp7ImJ1Y2tldCI6InRyZWF0bWVudCIsInZlcnNpb24iOm51bGx9LCJ0ZndfZXhwZXJpbWVudHNfY29va2llX2V4cGlyYXRpb24iOnsiYnVja2V0IjoxMjA5NjAwLCJ2ZXJzaW9uIjpudWxsfSwidGZ3X3Nob3dfYmlyZHdhdGNoX3Bpdm90c19lbmFibGVkIjp7ImJ1Y2tldCI6Im9uIiwidmVyc2lvbiI6bnVsbH0sInRmd19kdXBsaWNhdGVfc2NyaWJlc190b19zZXR0aW5ncyI6eyJidWNrZXQiOiJvbiIsInZlcnNpb24iOm51bGx9LCJ0ZndfdXNlX3Byb2ZpbGVfaW1hZ2Vfc2hhcGVfZW5hYmxlZCI6eyJidWNrZXQiOiJvbiIsInZlcnNpb24iOm51bGx9LCJ0ZndfdmlkZW9faGxzX2R5bmFtaWNfbWFuaWZlc3RzXzE1MDgyIjp7ImJ1Y2tldCI6InRydWVfYml0cmF0ZSIsInZlcnNpb24iOm51bGx9LCJ0ZndfbGVnYWN5X3RpbWVsaW5lX3N1bnNldCI6eyJidWNrZXQiOnRydWUsInZlcnNpb24iOm51bGx9LCJ0ZndfdHdlZXRfZWRpdF9mcm9udGVuZCI6eyJidWNrZXQiOiJvbiIsInZlcnNpb24iOm51bGx9fQ%3D%3D&amp;frame=false&amp;hideCard=false&amp;hideThread=false&amp;id=1935031613663911988&amp;lang=es&amp;origin=https%3A%2F%2Fwww.eldiarioar.com%2Fpolitica%2Frequisas-federal-orden-judicial-buscan-voltear-decreto-bullrich-congreso-llevan-tribunales-internacionales_1_12399929.html&amp;sessionId=e21cd026f20967e28af41886fc6464443c88b3f6&amp;theme=light&amp;widgetsVersion=2615f7e52b7e0%3A1702314776716&amp;width=550px\" frameborder=\"0\" scrolling=\"no\" allowfullscreen=\"allowfullscreen\" data-tweet-id=\"1935031613663911988\"><\/iframe><\/div>\n<\/figure>\n<p class=\"article-text\">El Gobierno avanz\u00f3 en su temeraria reforma con la excusa de que el Estatuto de la Polic\u00eda Federal databa de 1958. El martes mismo\u00a0<strong>Javier Milei<\/strong>\u00a0present\u00f3 con la ministra la \u201cmodernizaci\u00f3n\u201d de la PFA y busc\u00f3 caracterizarla como la \u201cFBI argentina\u201d. Ayer el vocero Manuel Adorni ataj\u00f3 las preguntas al respecto en su conferencia de prensa y dijo que si hay cr\u00edticas que \u201cvayan a la Justicia\u201d.<\/p>\n<p class=\"article-text\">Justamente este jueves se supo que se present\u00f3 un amparo para frenar el decreto. Y el CELS, seg\u00fan pudo confirmar\u00a0<strong>elDiarioAR<\/strong>, est\u00e1 trabajando en una presentaci\u00f3n que har\u00e1 la semana que viene en la Corte Interamericana de DDHH en el marco de la causa Bulacio. En 2003 el Estado argentino reconoci\u00f3 su responsabilidad internacional por\u00a0<strong>la detenci\u00f3n arbitraria y la muerte de Walter Bulacio el 26 de abril de 1991, apresado en una razzia de la Polic\u00eda Federal<\/strong>\u00a0a la salida de un recital de Patricio Rey y Los Redonditos de Ricota. Sin embargo desde entonces nunca se asumi\u00f3 el compromiso de modificar las leyes sobre facultades policiales de detenci\u00f3n de todas las provincias del pa\u00eds, especialmente cuando se trata de menores de 18 a\u00f1os de edad, y armar una mesa de consulta federal que incluyera a miembros de la sociedad civil.<\/p>\n<p class=\"article-text\"><a class=\"link\" href=\"https:\/\/www.cels.org.ar\/web\/2025\/06\/reforma-de-la-policia-federal-sin-el-congreso-mas-facultades-sin-orden-judicial\/\" target=\"_blank\" rel=\"noopener\" data-mrf-recirculation=\"links-noticia\" data-mrf-link=\"https:\/\/www.cels.org.ar\/web\/2025\/06\/reforma-de-la-policia-federal-sin-el-congreso-mas-facultades-sin-orden-judicial\/\">El CELS cuestion\u00f3 en un comunicado\u00a0<\/a>que la reforma de la PFA se haya hecho sin pasar por el Congreso y apunt\u00f3: \u201cLa falta de claridad sobre algunos de los cambios normativos\u00a0<strong>permite la criminalizaci\u00f3n de organizacione<\/strong>s, la represi\u00f3n de protestas y el patrullaje en redes sociales\u201d. Desde la Coordinadora contra la Represi\u00f3n Policial e Institucional (Correpi) denunciaron que el decreto de Bullrich \u201cle otorga facultades ampl\u00edsimas para realizar detenciones, allanamientos, requisas personales y de veh\u00edculos discrecionales, realizar tareas de espionaje y \u2018esgrimir ostensiblemente sus armas\u2019, adem\u00e1s de definir su funci\u00f3n no ya como garante de bienes y personas privadas o p\u00fablicas, sino como ejecutora de las pol\u00edticas de \u2018seguridad nacional\u2019\u201d.<\/p>\n<p class=\"article-text\">El diputado Paul\u00f3n en su presentaci\u00f3n de nulidad del decreto 383 sostiene que la Ley de Bases no habilita al Ejecutivo a legislar sobre seguridad p\u00fablica, ni contiene declaraci\u00f3n de emergencia en esa \u00e1rea. Por lo tanto,\u00a0<strong>el decreto viola el art\u00edculo 76 de la Constituci\u00f3n Nacional<\/strong>, que exige que toda delegaci\u00f3n legislativa sea expresa, limitada y con base en una emergencia claramente determinada.<\/p>\n<figure class=\"embed-container embed-container--type-twitter \">\n<div class=\"twitter-tweet twitter-tweet-rendered\"><iframe id=\"twitter-widget-1\" class=\"\" title=\"X Post\" src=\"https:\/\/platform.twitter.com\/embed\/Tweet.html?dnt=false&amp;embedId=twitter-widget-1&amp;features=eyJ0ZndfdGltZWxpbmVfbGlzdCI6eyJidWNrZXQiOltdLCJ2ZXJzaW9uIjpudWxsfSwidGZ3X2ZvbGxvd2VyX2NvdW50X3N1bnNldCI6eyJidWNrZXQiOnRydWUsInZlcnNpb24iOm51bGx9LCJ0ZndfdHdlZXRfZWRpdF9iYWNrZW5kIjp7ImJ1Y2tldCI6Im9uIiwidmVyc2lvbiI6bnVsbH0sInRmd19yZWZzcmNfc2Vzc2lvbiI6eyJidWNrZXQiOiJvbiIsInZlcnNpb24iOm51bGx9LCJ0ZndfZm9zbnJfc29mdF9pbnRlcnZlbnRpb25zX2VuYWJsZWQiOnsiYnVja2V0Ijoib24iLCJ2ZXJzaW9uIjpudWxsfSwidGZ3X21peGVkX21lZGlhXzE1ODk3Ijp7ImJ1Y2tldCI6InRyZWF0bWVudCIsInZlcnNpb24iOm51bGx9LCJ0ZndfZXhwZXJpbWVudHNfY29va2llX2V4cGlyYXRpb24iOnsiYnVja2V0IjoxMjA5NjAwLCJ2ZXJzaW9uIjpudWxsfSwidGZ3X3Nob3dfYmlyZHdhdGNoX3Bpdm90c19lbmFibGVkIjp7ImJ1Y2tldCI6Im9uIiwidmVyc2lvbiI6bnVsbH0sInRmd19kdXBsaWNhdGVfc2NyaWJlc190b19zZXR0aW5ncyI6eyJidWNrZXQiOiJvbiIsInZlcnNpb24iOm51bGx9LCJ0ZndfdXNlX3Byb2ZpbGVfaW1hZ2Vfc2hhcGVfZW5hYmxlZCI6eyJidWNrZXQiOiJvbiIsInZlcnNpb24iOm51bGx9LCJ0ZndfdmlkZW9faGxzX2R5bmFtaWNfbWFuaWZlc3RzXzE1MDgyIjp7ImJ1Y2tldCI6InRydWVfYml0cmF0ZSIsInZlcnNpb24iOm51bGx9LCJ0ZndfbGVnYWN5X3RpbWVsaW5lX3N1bnNldCI6eyJidWNrZXQiOnRydWUsInZlcnNpb24iOm51bGx9LCJ0ZndfdHdlZXRfZWRpdF9mcm9udGVuZCI6eyJidWNrZXQiOiJvbiIsInZlcnNpb24iOm51bGx9fQ%3D%3D&amp;frame=false&amp;hideCard=false&amp;hideThread=false&amp;id=1935735956838977716&amp;lang=es&amp;origin=https%3A%2F%2Fwww.eldiarioar.com%2Fpolitica%2Frequisas-federal-orden-judicial-buscan-voltear-decreto-bullrich-congreso-llevan-tribunales-internacionales_1_12399929.html&amp;sessionId=e21cd026f20967e28af41886fc6464443c88b3f6&amp;theme=light&amp;widgetsVersion=2615f7e52b7e0%3A1702314776716&amp;width=550px\" frameborder=\"0\" scrolling=\"no\" allowfullscreen=\"allowfullscreen\" data-tweet-id=\"1935735956838977716\"><\/iframe><\/div>\n<\/figure>\n<p class=\"article-text\">El diputado argument\u00f3 adem\u00e1s que el decreto implica un avance autoritario del Ejecutivo y es violatorio de derechos fundamentales. \u201cHabilitar a la fuerza a realizar requisas y detenciones sin orden ni control judicial alguno, (&#8230;) tareas de prevenci\u00f3n del delito en espacios p\u00fablicos y digitales, tales como redes sociales abiertas, afecta derechos fundamentales como la libertad ambulatoria, la privacidad, la igualdad y la libertad de expresi\u00f3n\u201d, dice el planteo.<\/p>\n<div id=\"container-after-news-outlook\"><\/div>\n<p class=\"article-text\">A su vez, sostiene que\u00a0<strong>el Ejecutivo contradice sus propios compromisos y omite el debate democr\u00e1tico que exige una reforma de esta magnitud.<\/strong>\u00a0El proyecto recuerda que la ministra Bullrich hab\u00eda prometido presentar una reforma de la PFA al Congreso y que incluso reconoci\u00f3 p\u00fablicamente la necesidad de una transformaci\u00f3n institucional bajo debate legislativo. En sus redes Paul\u00f3n revel\u00f3 el momento exacto en que Bullrich, el 10 de enero de 2024, ante una comisi\u00f3n de la C\u00e1mara baja que discut\u00eda la primera versi\u00f3n de la Ley Bases, se compromet\u00eda a que cualquier reforma policial pasar\u00eda por el Congreso. \u201cLa reforma la traeremos al Congreso en su debido momento\u201d, dijo entonces la ministra, hecho que no cumpli\u00f3. \u201cEl \u2018respeto a la ley\u2019, te lo debo\u201d, concluy\u00f3 Paul\u00f3n.<\/p>\n<p class=\"article-text\"><em>MC &#8211; <a class=\"twitter-account\" href=\"https:\/\/twitter.com\/@MauriCaminos\" target=\"_blank\" rel=\"noopener\" data-mrf-link=\"https:\/\/twitter.com\/@MauriCaminos\">@MauriCaminos<\/a><\/em><\/p>\n","protected":false},"excerpt":{"rendered":"<p>La oposici\u00f3n busca voltear la medida del Gobierno que avala m\u00e1s poder policial. Se present\u00f3 un primer amparo judicial. Organizaciones como el CELS ir\u00e1n a la Corte Interamericana de DDHH.<\/p>\n","protected":false},"author":3,"featured_media":0,"comment_status":"closed","ping_status":"closed","sticky":false,"template":"","format":"standard","meta":{"footnotes":""},"categories":[58,24],"tags":[],"class_list":["post-120472","post","type-post","status-publish","format-standard","hentry","category-gobierno","category-politica"],"yoast_head":"<!-- This site is optimized with the Yoast SEO plugin v25.9 - https:\/\/yoast.com\/wordpress\/plugins\/seo\/ -->\n<title>Impugan el decreto de Bullrich que habilita a la Polic\u00eda Federal a hacer requisas y espionaje sin control - Noticias Radio Reflejos<\/title>\n<meta name=\"robots\" content=\"index, follow, max-snippet:-1, max-image-preview:large, max-video-preview:-1\" \/>\n<link rel=\"canonical\" href=\"https:\/\/www.noticiasradioreflejos.com.ar\/2021\/impugan-el-decreto-de-bullrich-que-habilita-a-la-policia-federal-a-hacer-requisas-y-espionaje-sin-control\/\" \/>\n<meta property=\"og:locale\" content=\"es_ES\" \/>\n<meta property=\"og:type\" content=\"article\" \/>\n<meta property=\"og:title\" content=\"Impugan el decreto de Bullrich que habilita a la Polic\u00eda Federal a hacer requisas y espionaje sin control - Noticias Radio Reflejos\" \/>\n<meta property=\"og:description\" content=\"La oposici\u00f3n busca voltear la medida del Gobierno que avala m\u00e1s poder policial. Se present\u00f3 un primer amparo judicial. Organizaciones como el CELS ir\u00e1n a la Corte Interamericana de DDHH.\" \/>\n<meta property=\"og:url\" content=\"https:\/\/www.noticiasradioreflejos.com.ar\/2021\/impugan-el-decreto-de-bullrich-que-habilita-a-la-policia-federal-a-hacer-requisas-y-espionaje-sin-control\/\" \/>\n<meta property=\"og:site_name\" content=\"Noticias Radio Reflejos\" \/>\n<meta property=\"article:published_time\" content=\"2025-06-19T19:34:27+00:00\" \/>\n<meta property=\"og:image\" content=\"https:\/\/www.noticiasradioreflejos.com.ar\/2021\/wp-content\/uploads\/2021\/07\/logosol300x200.png\" \/>\n\t<meta property=\"og:image:width\" content=\"300\" \/>\n\t<meta property=\"og:image:height\" content=\"200\" \/>\n\t<meta property=\"og:image:type\" content=\"image\/png\" \/>\n<meta name=\"author\" content=\"Arnaldo Botto\" \/>\n<meta name=\"twitter:card\" content=\"summary_large_image\" \/>\n<script type=\"application\/ld+json\" class=\"yoast-schema-graph\">{\"@context\":\"https:\/\/schema.org\",\"@graph\":[{\"@type\":\"WebPage\",\"@id\":\"https:\/\/www.noticiasradioreflejos.com.ar\/2021\/impugan-el-decreto-de-bullrich-que-habilita-a-la-policia-federal-a-hacer-requisas-y-espionaje-sin-control\/\",\"url\":\"https:\/\/www.noticiasradioreflejos.com.ar\/2021\/impugan-el-decreto-de-bullrich-que-habilita-a-la-policia-federal-a-hacer-requisas-y-espionaje-sin-control\/\",\"name\":\"Impugan el decreto de Bullrich que habilita a la Polic\u00eda Federal a hacer requisas y espionaje sin control - Noticias Radio Reflejos\",\"isPartOf\":{\"@id\":\"https:\/\/www.noticiasradioreflejos.com.ar\/2021\/#website\"},\"datePublished\":\"2025-06-19T19:34:27+00:00\",\"author\":{\"@id\":\"https:\/\/www.noticiasradioreflejos.com.ar\/2021\/#\/schema\/person\/ad82545263dcc5ec0996818884fd5fb1\"},\"breadcrumb\":{\"@id\":\"https:\/\/www.noticiasradioreflejos.com.ar\/2021\/impugan-el-decreto-de-bullrich-que-habilita-a-la-policia-federal-a-hacer-requisas-y-espionaje-sin-control\/#breadcrumb\"},\"inLanguage\":\"es\",\"potentialAction\":[{\"@type\":\"ReadAction\",\"target\":[\"https:\/\/www.noticiasradioreflejos.com.ar\/2021\/impugan-el-decreto-de-bullrich-que-habilita-a-la-policia-federal-a-hacer-requisas-y-espionaje-sin-control\/\"]}]},{\"@type\":\"BreadcrumbList\",\"@id\":\"https:\/\/www.noticiasradioreflejos.com.ar\/2021\/impugan-el-decreto-de-bullrich-que-habilita-a-la-policia-federal-a-hacer-requisas-y-espionaje-sin-control\/#breadcrumb\",\"itemListElement\":[{\"@type\":\"ListItem\",\"position\":1,\"name\":\"Portada\",\"item\":\"https:\/\/www.noticiasradioreflejos.com.ar\/2021\/\"},{\"@type\":\"ListItem\",\"position\":2,\"name\":\"Impugan el decreto de Bullrich que habilita a la Polic\u00eda Federal a hacer requisas y espionaje sin control\"}]},{\"@type\":\"WebSite\",\"@id\":\"https:\/\/www.noticiasradioreflejos.com.ar\/2021\/#website\",\"url\":\"https:\/\/www.noticiasradioreflejos.com.ar\/2021\/\",\"name\":\"Noticias Radio Reflejos\",\"description\":\"Las noticias de mi comarca\",\"potentialAction\":[{\"@type\":\"SearchAction\",\"target\":{\"@type\":\"EntryPoint\",\"urlTemplate\":\"https:\/\/www.noticiasradioreflejos.com.ar\/2021\/?s={search_term_string}\"},\"query-input\":{\"@type\":\"PropertyValueSpecification\",\"valueRequired\":true,\"valueName\":\"search_term_string\"}}],\"inLanguage\":\"es\"},{\"@type\":\"Person\",\"@id\":\"https:\/\/www.noticiasradioreflejos.com.ar\/2021\/#\/schema\/person\/ad82545263dcc5ec0996818884fd5fb1\",\"name\":\"Arnaldo Botto\",\"image\":{\"@type\":\"ImageObject\",\"inLanguage\":\"es\",\"@id\":\"https:\/\/www.noticiasradioreflejos.com.ar\/2021\/#\/schema\/person\/image\/\",\"url\":\"https:\/\/secure.gravatar.com\/avatar\/55cb5e37c1efa326397366e6974cb338056df65cb50e7d64d1cf314e87504837?s=96&d=mm&r=g\",\"contentUrl\":\"https:\/\/secure.gravatar.com\/avatar\/55cb5e37c1efa326397366e6974cb338056df65cb50e7d64d1cf314e87504837?s=96&d=mm&r=g\",\"caption\":\"Arnaldo Botto\"},\"url\":\"https:\/\/www.noticiasradioreflejos.com.ar\/2021\/author\/arnaldo\/\"}]}<\/script>\n<!-- \/ Yoast SEO plugin. -->","yoast_head_json":{"title":"Impugan el decreto de Bullrich que habilita a la Polic\u00eda Federal a hacer requisas y espionaje sin control - Noticias Radio Reflejos","robots":{"index":"index","follow":"follow","max-snippet":"max-snippet:-1","max-image-preview":"max-image-preview:large","max-video-preview":"max-video-preview:-1"},"canonical":"https:\/\/www.noticiasradioreflejos.com.ar\/2021\/impugan-el-decreto-de-bullrich-que-habilita-a-la-policia-federal-a-hacer-requisas-y-espionaje-sin-control\/","og_locale":"es_ES","og_type":"article","og_title":"Impugan el decreto de Bullrich que habilita a la Polic\u00eda Federal a hacer requisas y espionaje sin control - Noticias Radio Reflejos","og_description":"La oposici\u00f3n busca voltear la medida del Gobierno que avala m\u00e1s poder policial. Se present\u00f3 un primer amparo judicial. Organizaciones como el CELS ir\u00e1n a la Corte Interamericana de DDHH.","og_url":"https:\/\/www.noticiasradioreflejos.com.ar\/2021\/impugan-el-decreto-de-bullrich-que-habilita-a-la-policia-federal-a-hacer-requisas-y-espionaje-sin-control\/","og_site_name":"Noticias Radio Reflejos","article_published_time":"2025-06-19T19:34:27+00:00","og_image":[{"width":300,"height":200,"url":"https:\/\/www.noticiasradioreflejos.com.ar\/2021\/wp-content\/uploads\/2021\/07\/logosol300x200.png","type":"image\/png"}],"author":"Arnaldo Botto","twitter_card":"summary_large_image","schema":{"@context":"https:\/\/schema.org","@graph":[{"@type":"WebPage","@id":"https:\/\/www.noticiasradioreflejos.com.ar\/2021\/impugan-el-decreto-de-bullrich-que-habilita-a-la-policia-federal-a-hacer-requisas-y-espionaje-sin-control\/","url":"https:\/\/www.noticiasradioreflejos.com.ar\/2021\/impugan-el-decreto-de-bullrich-que-habilita-a-la-policia-federal-a-hacer-requisas-y-espionaje-sin-control\/","name":"Impugan el decreto de Bullrich que habilita a la Polic\u00eda Federal a hacer requisas y espionaje sin control - Noticias Radio Reflejos","isPartOf":{"@id":"https:\/\/www.noticiasradioreflejos.com.ar\/2021\/#website"},"datePublished":"2025-06-19T19:34:27+00:00","author":{"@id":"https:\/\/www.noticiasradioreflejos.com.ar\/2021\/#\/schema\/person\/ad82545263dcc5ec0996818884fd5fb1"},"breadcrumb":{"@id":"https:\/\/www.noticiasradioreflejos.com.ar\/2021\/impugan-el-decreto-de-bullrich-que-habilita-a-la-policia-federal-a-hacer-requisas-y-espionaje-sin-control\/#breadcrumb"},"inLanguage":"es","potentialAction":[{"@type":"ReadAction","target":["https:\/\/www.noticiasradioreflejos.com.ar\/2021\/impugan-el-decreto-de-bullrich-que-habilita-a-la-policia-federal-a-hacer-requisas-y-espionaje-sin-control\/"]}]},{"@type":"BreadcrumbList","@id":"https:\/\/www.noticiasradioreflejos.com.ar\/2021\/impugan-el-decreto-de-bullrich-que-habilita-a-la-policia-federal-a-hacer-requisas-y-espionaje-sin-control\/#breadcrumb","itemListElement":[{"@type":"ListItem","position":1,"name":"Portada","item":"https:\/\/www.noticiasradioreflejos.com.ar\/2021\/"},{"@type":"ListItem","position":2,"name":"Impugan el decreto de Bullrich que habilita a la Polic\u00eda Federal a hacer requisas y espionaje sin control"}]},{"@type":"WebSite","@id":"https:\/\/www.noticiasradioreflejos.com.ar\/2021\/#website","url":"https:\/\/www.noticiasradioreflejos.com.ar\/2021\/","name":"Noticias Radio Reflejos","description":"Las noticias de mi comarca","potentialAction":[{"@type":"SearchAction","target":{"@type":"EntryPoint","urlTemplate":"https:\/\/www.noticiasradioreflejos.com.ar\/2021\/?s={search_term_string}"},"query-input":{"@type":"PropertyValueSpecification","valueRequired":true,"valueName":"search_term_string"}}],"inLanguage":"es"},{"@type":"Person","@id":"https:\/\/www.noticiasradioreflejos.com.ar\/2021\/#\/schema\/person\/ad82545263dcc5ec0996818884fd5fb1","name":"Arnaldo Botto","image":{"@type":"ImageObject","inLanguage":"es","@id":"https:\/\/www.noticiasradioreflejos.com.ar\/2021\/#\/schema\/person\/image\/","url":"https:\/\/secure.gravatar.com\/avatar\/55cb5e37c1efa326397366e6974cb338056df65cb50e7d64d1cf314e87504837?s=96&d=mm&r=g","contentUrl":"https:\/\/secure.gravatar.com\/avatar\/55cb5e37c1efa326397366e6974cb338056df65cb50e7d64d1cf314e87504837?s=96&d=mm&r=g","caption":"Arnaldo Botto"},"url":"https:\/\/www.noticiasradioreflejos.com.ar\/2021\/author\/arnaldo\/"}]}},"_links":{"self":[{"href":"https:\/\/www.noticiasradioreflejos.com.ar\/2021\/wp-json\/wp\/v2\/posts\/120472","targetHints":{"allow":["GET"]}}],"collection":[{"href":"https:\/\/www.noticiasradioreflejos.com.ar\/2021\/wp-json\/wp\/v2\/posts"}],"about":[{"href":"https:\/\/www.noticiasradioreflejos.com.ar\/2021\/wp-json\/wp\/v2\/types\/post"}],"author":[{"embeddable":true,"href":"https:\/\/www.noticiasradioreflejos.com.ar\/2021\/wp-json\/wp\/v2\/users\/3"}],"replies":[{"embeddable":true,"href":"https:\/\/www.noticiasradioreflejos.com.ar\/2021\/wp-json\/wp\/v2\/comments?post=120472"}],"version-history":[{"count":1,"href":"https:\/\/www.noticiasradioreflejos.com.ar\/2021\/wp-json\/wp\/v2\/posts\/120472\/revisions"}],"predecessor-version":[{"id":120477,"href":"https:\/\/www.noticiasradioreflejos.com.ar\/2021\/wp-json\/wp\/v2\/posts\/120472\/revisions\/120477"}],"wp:attachment":[{"href":"https:\/\/www.noticiasradioreflejos.com.ar\/2021\/wp-json\/wp\/v2\/media?parent=120472"}],"wp:term":[{"taxonomy":"category","embeddable":true,"href":"https:\/\/www.noticiasradioreflejos.com.ar\/2021\/wp-json\/wp\/v2\/categories?post=120472"},{"taxonomy":"post_tag","embeddable":true,"href":"https:\/\/www.noticiasradioreflejos.com.ar\/2021\/wp-json\/wp\/v2\/tags?post=120472"}],"curies":[{"name":"wp","href":"https:\/\/api.w.org\/{rel}","templated":true}]}}