{"id":120468,"date":"2025-06-19T16:29:51","date_gmt":"2025-06-19T19:29:51","guid":{"rendered":"https:\/\/www.noticiasradioreflejos.com.ar\/2021\/?p=120468"},"modified":"2025-06-19T16:29:51","modified_gmt":"2025-06-19T19:29:51","slug":"alumnos-de-4o-ano-de-todo-el-distrito-prometieron-lealtad-a-la-bandera-argentina","status":"publish","type":"post","link":"https:\/\/www.noticiasradioreflejos.com.ar\/2021\/alumnos-de-4o-ano-de-todo-el-distrito-prometieron-lealtad-a-la-bandera-argentina\/","title":{"rendered":"Alumnos de 4\u00ba a\u00f1o de todo el distrito prometieron lealtad a la Bandera Argentina"},"content":{"rendered":"<p>En una emotiva jornada, alumnos de 4\u00ba a\u00f1o de todas las escuelas primarias del distrito de Tornquist prometieron lealtad a la Bandera Argentina, este jueves, en el marco del D\u00eda de la Bandera, que conmemora a la principal insignia nacional.<!--more--><\/p>\n<p>El acto tuvo lugar en el polideportivo del Automoto Club Deportivo y fue encabezado por el Intendente Municipal, Sergio Bordoni; la Inspectora Jefe Distrital, Carina Pereyra; y la Presidenta del Honorable Concejo Deliberante, Carmen Soverchia;<\/p>\n<p>Con la presencia de m\u00e1s de 250 ni\u00f1os y ni\u00f1as de los distintos establecimientos educativos, la actividad reuni\u00f3 a la comunidad educativa, autoridades y familias para compartir un momento lleno de emoci\u00f3n y sentido patri\u00f3tico.<\/p>\n<p>El momento m\u00e1s significativo de la jornada fue cuando los alumnos realizaron, con solemnidad y entusiasmo, la tradicional promesa de lealtad a la Bandera. Guiados por las palabras de las autoridades, reafirmaron su compromiso con los valores de la patria.<\/p>\n<p>Durante el acto, adem\u00e1s, alumnos de 3\u00ba a\u00f1o del Colegio Nuestra Se\u00f1ora de Luj\u00e1n presentaron una interpretaci\u00f3n art\u00edstica alusiva, y tomaron la palabra la Directora de dicha instituci\u00f3n, Patricia Muniagurria; Carina Pereyra y el Secretario de Gobierno y Gesti\u00f3n P\u00fablica, Bruno Zacconi.<\/p>\n<p><iframe loading=\"lazy\" src=\"https:\/\/www.facebook.com\/plugins\/post.php?href=https%3A%2F%2Fwww.facebook.com%2Fpermalink.php%3Fstory_fbid%3Dpfbid032aDzQ7oQ2ebV8ZJ3X3oPfcbarNo14ZDEddbcDHf3LH1q7zqhdxKM66bF4Jv8n2Kal%26id%3D100091327519773&#038;show_text=true&#038;width=500\" width=\"500\" height=\"719\" style=\"border:none;overflow:hidden\" scrolling=\"no\" frameborder=\"0\" allowfullscreen=\"true\" allow=\"autoplay; clipboard-write; encrypted-media; picture-in-picture; web-share\"><\/iframe><\/p>\n","protected":false},"excerpt":{"rendered":"<p>En una emotiva jornada, alumnos de 4\u00ba a\u00f1o de todas las escuelas primarias del distrito de Tornquist prometieron lealtad a la Bandera Argentina, este jueves, en el marco del D\u00eda de la Bandera, que conmemora a la principal insignia nacional.<\/p>\n","protected":false},"author":3,"featured_media":0,"comment_status":"closed","ping_status":"closed","sticky":false,"template":"","format":"standard","meta":{"footnotes":""},"categories":[28],"tags":[48],"class_list":["post-120468","post","type-post","status-publish","format-standard","hentry","category-municipales","tag-destacada"],"yoast_head":"<!-- This site is optimized with the Yoast SEO plugin v25.9 - https:\/\/yoast.com\/wordpress\/plugins\/seo\/ -->\n<title>Alumnos de 4\u00ba a\u00f1o de todo el distrito prometieron lealtad a la Bandera Argentina - Noticias Radio Reflejos<\/title>\n<meta name=\"robots\" content=\"index, follow, max-snippet:-1, max-image-preview:large, max-video-preview:-1\" \/>\n<link rel=\"canonical\" href=\"https:\/\/www.noticiasradioreflejos.com.ar\/2021\/alumnos-de-4o-ano-de-todo-el-distrito-prometieron-lealtad-a-la-bandera-argentina\/\" \/>\n<meta property=\"og:locale\" content=\"es_ES\" \/>\n<meta property=\"og:type\" content=\"article\" \/>\n<meta property=\"og:title\" content=\"Alumnos de 4\u00ba a\u00f1o de todo el distrito prometieron lealtad a la Bandera Argentina - Noticias Radio Reflejos\" \/>\n<meta property=\"og:description\" content=\"En una emotiva jornada, alumnos de 4\u00ba a\u00f1o de todas las escuelas primarias del distrito de Tornquist prometieron lealtad a la Bandera Argentina, este jueves, en el marco del D\u00eda de la Bandera, que conmemora a la principal insignia nacional.\" \/>\n<meta property=\"og:url\" content=\"https:\/\/www.noticiasradioreflejos.com.ar\/2021\/alumnos-de-4o-ano-de-todo-el-distrito-prometieron-lealtad-a-la-bandera-argentina\/\" \/>\n<meta property=\"og:site_name\" content=\"Noticias Radio Reflejos\" \/>\n<meta property=\"article:published_time\" content=\"2025-06-19T19:29:51+00:00\" \/>\n<meta property=\"og:image\" content=\"https:\/\/www.noticiasradioreflejos.com.ar\/2021\/wp-content\/uploads\/2021\/07\/logosol300x200.png\" \/>\n\t<meta property=\"og:image:width\" content=\"300\" \/>\n\t<meta property=\"og:image:height\" content=\"200\" \/>\n\t<meta property=\"og:image:type\" content=\"image\/png\" \/>\n<meta name=\"author\" content=\"Arnaldo Botto\" \/>\n<meta name=\"twitter:card\" content=\"summary_large_image\" \/>\n<script type=\"application\/ld+json\" class=\"yoast-schema-graph\">{\"@context\":\"https:\/\/schema.org\",\"@graph\":[{\"@type\":\"WebPage\",\"@id\":\"https:\/\/www.noticiasradioreflejos.com.ar\/2021\/alumnos-de-4o-ano-de-todo-el-distrito-prometieron-lealtad-a-la-bandera-argentina\/\",\"url\":\"https:\/\/www.noticiasradioreflejos.com.ar\/2021\/alumnos-de-4o-ano-de-todo-el-distrito-prometieron-lealtad-a-la-bandera-argentina\/\",\"name\":\"Alumnos de 4\u00ba a\u00f1o de todo el distrito prometieron lealtad a la Bandera Argentina - Noticias Radio Reflejos\",\"isPartOf\":{\"@id\":\"https:\/\/www.noticiasradioreflejos.com.ar\/2021\/#website\"},\"datePublished\":\"2025-06-19T19:29:51+00:00\",\"author\":{\"@id\":\"https:\/\/www.noticiasradioreflejos.com.ar\/2021\/#\/schema\/person\/ad82545263dcc5ec0996818884fd5fb1\"},\"breadcrumb\":{\"@id\":\"https:\/\/www.noticiasradioreflejos.com.ar\/2021\/alumnos-de-4o-ano-de-todo-el-distrito-prometieron-lealtad-a-la-bandera-argentina\/#breadcrumb\"},\"inLanguage\":\"es\",\"potentialAction\":[{\"@type\":\"ReadAction\",\"target\":[\"https:\/\/www.noticiasradioreflejos.com.ar\/2021\/alumnos-de-4o-ano-de-todo-el-distrito-prometieron-lealtad-a-la-bandera-argentina\/\"]}]},{\"@type\":\"BreadcrumbList\",\"@id\":\"https:\/\/www.noticiasradioreflejos.com.ar\/2021\/alumnos-de-4o-ano-de-todo-el-distrito-prometieron-lealtad-a-la-bandera-argentina\/#breadcrumb\",\"itemListElement\":[{\"@type\":\"ListItem\",\"position\":1,\"name\":\"Portada\",\"item\":\"https:\/\/www.noticiasradioreflejos.com.ar\/2021\/\"},{\"@type\":\"ListItem\",\"position\":2,\"name\":\"Alumnos de 4\u00ba a\u00f1o de todo el distrito prometieron lealtad a la Bandera Argentina\"}]},{\"@type\":\"WebSite\",\"@id\":\"https:\/\/www.noticiasradioreflejos.com.ar\/2021\/#website\",\"url\":\"https:\/\/www.noticiasradioreflejos.com.ar\/2021\/\",\"name\":\"Noticias Radio Reflejos\",\"description\":\"Las noticias de mi comarca\",\"potentialAction\":[{\"@type\":\"SearchAction\",\"target\":{\"@type\":\"EntryPoint\",\"urlTemplate\":\"https:\/\/www.noticiasradioreflejos.com.ar\/2021\/?s={search_term_string}\"},\"query-input\":{\"@type\":\"PropertyValueSpecification\",\"valueRequired\":true,\"valueName\":\"search_term_string\"}}],\"inLanguage\":\"es\"},{\"@type\":\"Person\",\"@id\":\"https:\/\/www.noticiasradioreflejos.com.ar\/2021\/#\/schema\/person\/ad82545263dcc5ec0996818884fd5fb1\",\"name\":\"Arnaldo Botto\",\"image\":{\"@type\":\"ImageObject\",\"inLanguage\":\"es\",\"@id\":\"https:\/\/www.noticiasradioreflejos.com.ar\/2021\/#\/schema\/person\/image\/\",\"url\":\"https:\/\/secure.gravatar.com\/avatar\/55cb5e37c1efa326397366e6974cb338056df65cb50e7d64d1cf314e87504837?s=96&d=mm&r=g\",\"contentUrl\":\"https:\/\/secure.gravatar.com\/avatar\/55cb5e37c1efa326397366e6974cb338056df65cb50e7d64d1cf314e87504837?s=96&d=mm&r=g\",\"caption\":\"Arnaldo Botto\"},\"url\":\"https:\/\/www.noticiasradioreflejos.com.ar\/2021\/author\/arnaldo\/\"}]}<\/script>\n<!-- \/ Yoast SEO plugin. -->","yoast_head_json":{"title":"Alumnos de 4\u00ba a\u00f1o de todo el distrito prometieron lealtad a la Bandera Argentina - Noticias Radio Reflejos","robots":{"index":"index","follow":"follow","max-snippet":"max-snippet:-1","max-image-preview":"max-image-preview:large","max-video-preview":"max-video-preview:-1"},"canonical":"https:\/\/www.noticiasradioreflejos.com.ar\/2021\/alumnos-de-4o-ano-de-todo-el-distrito-prometieron-lealtad-a-la-bandera-argentina\/","og_locale":"es_ES","og_type":"article","og_title":"Alumnos de 4\u00ba a\u00f1o de todo el distrito prometieron lealtad a la Bandera Argentina - Noticias Radio Reflejos","og_description":"En una emotiva jornada, alumnos de 4\u00ba a\u00f1o de todas las escuelas primarias del distrito de Tornquist prometieron lealtad a la Bandera Argentina, este jueves, en el marco del D\u00eda de la Bandera, que conmemora a la principal insignia nacional.","og_url":"https:\/\/www.noticiasradioreflejos.com.ar\/2021\/alumnos-de-4o-ano-de-todo-el-distrito-prometieron-lealtad-a-la-bandera-argentina\/","og_site_name":"Noticias Radio Reflejos","article_published_time":"2025-06-19T19:29:51+00:00","og_image":[{"width":300,"height":200,"url":"https:\/\/www.noticiasradioreflejos.com.ar\/2021\/wp-content\/uploads\/2021\/07\/logosol300x200.png","type":"image\/png"}],"author":"Arnaldo Botto","twitter_card":"summary_large_image","schema":{"@context":"https:\/\/schema.org","@graph":[{"@type":"WebPage","@id":"https:\/\/www.noticiasradioreflejos.com.ar\/2021\/alumnos-de-4o-ano-de-todo-el-distrito-prometieron-lealtad-a-la-bandera-argentina\/","url":"https:\/\/www.noticiasradioreflejos.com.ar\/2021\/alumnos-de-4o-ano-de-todo-el-distrito-prometieron-lealtad-a-la-bandera-argentina\/","name":"Alumnos de 4\u00ba a\u00f1o de todo el distrito prometieron lealtad a la Bandera Argentina - Noticias Radio Reflejos","isPartOf":{"@id":"https:\/\/www.noticiasradioreflejos.com.ar\/2021\/#website"},"datePublished":"2025-06-19T19:29:51+00:00","author":{"@id":"https:\/\/www.noticiasradioreflejos.com.ar\/2021\/#\/schema\/person\/ad82545263dcc5ec0996818884fd5fb1"},"breadcrumb":{"@id":"https:\/\/www.noticiasradioreflejos.com.ar\/2021\/alumnos-de-4o-ano-de-todo-el-distrito-prometieron-lealtad-a-la-bandera-argentina\/#breadcrumb"},"inLanguage":"es","potentialAction":[{"@type":"ReadAction","target":["https:\/\/www.noticiasradioreflejos.com.ar\/2021\/alumnos-de-4o-ano-de-todo-el-distrito-prometieron-lealtad-a-la-bandera-argentina\/"]}]},{"@type":"BreadcrumbList","@id":"https:\/\/www.noticiasradioreflejos.com.ar\/2021\/alumnos-de-4o-ano-de-todo-el-distrito-prometieron-lealtad-a-la-bandera-argentina\/#breadcrumb","itemListElement":[{"@type":"ListItem","position":1,"name":"Portada","item":"https:\/\/www.noticiasradioreflejos.com.ar\/2021\/"},{"@type":"ListItem","position":2,"name":"Alumnos de 4\u00ba a\u00f1o de todo el distrito prometieron lealtad a la Bandera Argentina"}]},{"@type":"WebSite","@id":"https:\/\/www.noticiasradioreflejos.com.ar\/2021\/#website","url":"https:\/\/www.noticiasradioreflejos.com.ar\/2021\/","name":"Noticias Radio Reflejos","description":"Las noticias de mi comarca","potentialAction":[{"@type":"SearchAction","target":{"@type":"EntryPoint","urlTemplate":"https:\/\/www.noticiasradioreflejos.com.ar\/2021\/?s={search_term_string}"},"query-input":{"@type":"PropertyValueSpecification","valueRequired":true,"valueName":"search_term_string"}}],"inLanguage":"es"},{"@type":"Person","@id":"https:\/\/www.noticiasradioreflejos.com.ar\/2021\/#\/schema\/person\/ad82545263dcc5ec0996818884fd5fb1","name":"Arnaldo Botto","image":{"@type":"ImageObject","inLanguage":"es","@id":"https:\/\/www.noticiasradioreflejos.com.ar\/2021\/#\/schema\/person\/image\/","url":"https:\/\/secure.gravatar.com\/avatar\/55cb5e37c1efa326397366e6974cb338056df65cb50e7d64d1cf314e87504837?s=96&d=mm&r=g","contentUrl":"https:\/\/secure.gravatar.com\/avatar\/55cb5e37c1efa326397366e6974cb338056df65cb50e7d64d1cf314e87504837?s=96&d=mm&r=g","caption":"Arnaldo Botto"},"url":"https:\/\/www.noticiasradioreflejos.com.ar\/2021\/author\/arnaldo\/"}]}},"_links":{"self":[{"href":"https:\/\/www.noticiasradioreflejos.com.ar\/2021\/wp-json\/wp\/v2\/posts\/120468","targetHints":{"allow":["GET"]}}],"collection":[{"href":"https:\/\/www.noticiasradioreflejos.com.ar\/2021\/wp-json\/wp\/v2\/posts"}],"about":[{"href":"https:\/\/www.noticiasradioreflejos.com.ar\/2021\/wp-json\/wp\/v2\/types\/post"}],"author":[{"embeddable":true,"href":"https:\/\/www.noticiasradioreflejos.com.ar\/2021\/wp-json\/wp\/v2\/users\/3"}],"replies":[{"embeddable":true,"href":"https:\/\/www.noticiasradioreflejos.com.ar\/2021\/wp-json\/wp\/v2\/comments?post=120468"}],"version-history":[{"count":1,"href":"https:\/\/www.noticiasradioreflejos.com.ar\/2021\/wp-json\/wp\/v2\/posts\/120468\/revisions"}],"predecessor-version":[{"id":120471,"href":"https:\/\/www.noticiasradioreflejos.com.ar\/2021\/wp-json\/wp\/v2\/posts\/120468\/revisions\/120471"}],"wp:attachment":[{"href":"https:\/\/www.noticiasradioreflejos.com.ar\/2021\/wp-json\/wp\/v2\/media?parent=120468"}],"wp:term":[{"taxonomy":"category","embeddable":true,"href":"https:\/\/www.noticiasradioreflejos.com.ar\/2021\/wp-json\/wp\/v2\/categories?post=120468"},{"taxonomy":"post_tag","embeddable":true,"href":"https:\/\/www.noticiasradioreflejos.com.ar\/2021\/wp-json\/wp\/v2\/tags?post=120468"}],"curies":[{"name":"wp","href":"https:\/\/api.w.org\/{rel}","templated":true}]}}