{"id":12044,"date":"2017-07-08T10:38:35","date_gmt":"2017-07-08T13:38:35","guid":{"rendered":"http:\/\/www.noticiasradioreflejos.com.ar\/noticias\/?p=12044"},"modified":"2017-07-08T10:38:35","modified_gmt":"2017-07-08T13:38:35","slug":"el-comisario-lujan-alberto-avondet-es-el-nuevo-subjefe-departamental-bahia-blanca","status":"publish","type":"post","link":"https:\/\/www.noticiasradioreflejos.com.ar\/2021\/el-comisario-lujan-alberto-avondet-es-el-nuevo-subjefe-departamental-bahia-blanca\/","title":{"rendered":"El Comisario Lujan Alberto Avondet, es el nuevo Subjefe Departamental Bah\u00eda Blanca."},"content":{"rendered":"<p><span style=\"font-size: 16px;\">En la tarde del 3 julio en el asiento de la Jefatura Departamental Bah\u00eda Blanca, el Sr. Jefe Departamental Comisario Mayor Mart\u00edn Alberto Luna puso en funciones como Subjefe Departamental al Comisario Lujan Avondet, movimiento propiciado por la superioridad a fin de acompa\u00f1ar la gesti\u00f3n iniciada el 25 de Mayo por el Comisario Mayor Mart\u00edn Luna.<\/span><br \/>\n<!--more--><br \/>\nEl Comisario Lujan Avondet, efectivo de 46 a\u00f1os, oriundo del partido de P\u00faan y con vasta trayectoria en la fuerza, viene de cumplir funciones en la Comisaria Primera de Bah\u00eda Blanca, siendo relevado por el Comisario Orlando Saint Germain.<br \/>\nAcompa\u00f1aron el acto de asunci\u00f3n del Comisario Avondet, el Sr. Jefe Distrital Comisario Claudio Petrizan,Sr. Jefe Comando de Patrullas B.Bca. Comisario Gonzalo Bezos, los Titulares de la Comisarias Locales, la Sra. Jefa del GAD y personal subalterno.<\/p>\n","protected":false},"excerpt":{"rendered":"<p>En la tarde del 3 julio en el asiento de la Jefatura Departamental Bah\u00eda Blanca, el Sr. Jefe Departamental Comisario Mayor Mart\u00edn Alberto Luna puso en funciones como Subjefe Departamental al Comisario Lujan Avondet, movimiento propiciado por la superioridad a fin de acompa\u00f1ar la gesti\u00f3n iniciada el 25 de Mayo por el Comisario Mayor Mart\u00edn [&hellip;]<\/p>\n","protected":false},"author":3,"featured_media":0,"comment_status":"closed","ping_status":"open","sticky":false,"template":"","format":"standard","meta":{"footnotes":""},"categories":[29],"tags":[],"class_list":["post-12044","post","type-post","status-publish","format-standard","hentry","category-policiales"],"yoast_head":"<!-- This site is optimized with the Yoast SEO plugin v25.9 - https:\/\/yoast.com\/wordpress\/plugins\/seo\/ -->\n<title>El Comisario Lujan Alberto Avondet, es el nuevo Subjefe Departamental Bah\u00eda Blanca. - Noticias Radio Reflejos<\/title>\n<meta name=\"robots\" content=\"index, follow, max-snippet:-1, max-image-preview:large, max-video-preview:-1\" \/>\n<link rel=\"canonical\" href=\"https:\/\/www.noticiasradioreflejos.com.ar\/2021\/el-comisario-lujan-alberto-avondet-es-el-nuevo-subjefe-departamental-bahia-blanca\/\" \/>\n<meta property=\"og:locale\" content=\"es_ES\" \/>\n<meta property=\"og:type\" content=\"article\" \/>\n<meta property=\"og:title\" content=\"El Comisario Lujan Alberto Avondet, es el nuevo Subjefe Departamental Bah\u00eda Blanca. - Noticias Radio Reflejos\" \/>\n<meta property=\"og:description\" content=\"En la tarde del 3 julio en el asiento de la Jefatura Departamental Bah\u00eda Blanca, el Sr. Jefe Departamental Comisario Mayor Mart\u00edn Alberto Luna puso en funciones como Subjefe Departamental al Comisario Lujan Avondet, movimiento propiciado por la superioridad a fin de acompa\u00f1ar la gesti\u00f3n iniciada el 25 de Mayo por el Comisario Mayor Mart\u00edn [&hellip;]\" \/>\n<meta property=\"og:url\" content=\"https:\/\/www.noticiasradioreflejos.com.ar\/2021\/el-comisario-lujan-alberto-avondet-es-el-nuevo-subjefe-departamental-bahia-blanca\/\" \/>\n<meta property=\"og:site_name\" content=\"Noticias Radio Reflejos\" \/>\n<meta property=\"article:published_time\" content=\"2017-07-08T13:38:35+00:00\" \/>\n<meta property=\"og:image\" content=\"https:\/\/www.noticiasradioreflejos.com.ar\/2021\/wp-content\/uploads\/2021\/07\/logosol300x200.png\" \/>\n\t<meta property=\"og:image:width\" content=\"300\" \/>\n\t<meta property=\"og:image:height\" content=\"200\" \/>\n\t<meta property=\"og:image:type\" content=\"image\/png\" \/>\n<meta name=\"author\" content=\"Arnaldo Botto\" \/>\n<meta name=\"twitter:card\" content=\"summary_large_image\" \/>\n<script type=\"application\/ld+json\" class=\"yoast-schema-graph\">{\"@context\":\"https:\/\/schema.org\",\"@graph\":[{\"@type\":\"WebPage\",\"@id\":\"https:\/\/www.noticiasradioreflejos.com.ar\/2021\/el-comisario-lujan-alberto-avondet-es-el-nuevo-subjefe-departamental-bahia-blanca\/\",\"url\":\"https:\/\/www.noticiasradioreflejos.com.ar\/2021\/el-comisario-lujan-alberto-avondet-es-el-nuevo-subjefe-departamental-bahia-blanca\/\",\"name\":\"El Comisario Lujan Alberto Avondet, es el nuevo Subjefe Departamental Bah\u00eda Blanca. - Noticias Radio Reflejos\",\"isPartOf\":{\"@id\":\"https:\/\/www.noticiasradioreflejos.com.ar\/2021\/#website\"},\"datePublished\":\"2017-07-08T13:38:35+00:00\",\"author\":{\"@id\":\"https:\/\/www.noticiasradioreflejos.com.ar\/2021\/#\/schema\/person\/ad82545263dcc5ec0996818884fd5fb1\"},\"breadcrumb\":{\"@id\":\"https:\/\/www.noticiasradioreflejos.com.ar\/2021\/el-comisario-lujan-alberto-avondet-es-el-nuevo-subjefe-departamental-bahia-blanca\/#breadcrumb\"},\"inLanguage\":\"es\",\"potentialAction\":[{\"@type\":\"ReadAction\",\"target\":[\"https:\/\/www.noticiasradioreflejos.com.ar\/2021\/el-comisario-lujan-alberto-avondet-es-el-nuevo-subjefe-departamental-bahia-blanca\/\"]}]},{\"@type\":\"BreadcrumbList\",\"@id\":\"https:\/\/www.noticiasradioreflejos.com.ar\/2021\/el-comisario-lujan-alberto-avondet-es-el-nuevo-subjefe-departamental-bahia-blanca\/#breadcrumb\",\"itemListElement\":[{\"@type\":\"ListItem\",\"position\":1,\"name\":\"Portada\",\"item\":\"https:\/\/www.noticiasradioreflejos.com.ar\/2021\/\"},{\"@type\":\"ListItem\",\"position\":2,\"name\":\"El Comisario Lujan Alberto Avondet, es el nuevo Subjefe Departamental Bah\u00eda Blanca.\"}]},{\"@type\":\"WebSite\",\"@id\":\"https:\/\/www.noticiasradioreflejos.com.ar\/2021\/#website\",\"url\":\"https:\/\/www.noticiasradioreflejos.com.ar\/2021\/\",\"name\":\"Noticias Radio Reflejos\",\"description\":\"Las noticias de mi comarca\",\"potentialAction\":[{\"@type\":\"SearchAction\",\"target\":{\"@type\":\"EntryPoint\",\"urlTemplate\":\"https:\/\/www.noticiasradioreflejos.com.ar\/2021\/?s={search_term_string}\"},\"query-input\":{\"@type\":\"PropertyValueSpecification\",\"valueRequired\":true,\"valueName\":\"search_term_string\"}}],\"inLanguage\":\"es\"},{\"@type\":\"Person\",\"@id\":\"https:\/\/www.noticiasradioreflejos.com.ar\/2021\/#\/schema\/person\/ad82545263dcc5ec0996818884fd5fb1\",\"name\":\"Arnaldo Botto\",\"image\":{\"@type\":\"ImageObject\",\"inLanguage\":\"es\",\"@id\":\"https:\/\/www.noticiasradioreflejos.com.ar\/2021\/#\/schema\/person\/image\/\",\"url\":\"https:\/\/secure.gravatar.com\/avatar\/55cb5e37c1efa326397366e6974cb338056df65cb50e7d64d1cf314e87504837?s=96&d=mm&r=g\",\"contentUrl\":\"https:\/\/secure.gravatar.com\/avatar\/55cb5e37c1efa326397366e6974cb338056df65cb50e7d64d1cf314e87504837?s=96&d=mm&r=g\",\"caption\":\"Arnaldo Botto\"},\"url\":\"https:\/\/www.noticiasradioreflejos.com.ar\/2021\/author\/arnaldo\/\"}]}<\/script>\n<!-- \/ Yoast SEO plugin. -->","yoast_head_json":{"title":"El Comisario Lujan Alberto Avondet, es el nuevo Subjefe Departamental Bah\u00eda Blanca. - Noticias Radio Reflejos","robots":{"index":"index","follow":"follow","max-snippet":"max-snippet:-1","max-image-preview":"max-image-preview:large","max-video-preview":"max-video-preview:-1"},"canonical":"https:\/\/www.noticiasradioreflejos.com.ar\/2021\/el-comisario-lujan-alberto-avondet-es-el-nuevo-subjefe-departamental-bahia-blanca\/","og_locale":"es_ES","og_type":"article","og_title":"El Comisario Lujan Alberto Avondet, es el nuevo Subjefe Departamental Bah\u00eda Blanca. - Noticias Radio Reflejos","og_description":"En la tarde del 3 julio en el asiento de la Jefatura Departamental Bah\u00eda Blanca, el Sr. Jefe Departamental Comisario Mayor Mart\u00edn Alberto Luna puso en funciones como Subjefe Departamental al Comisario Lujan Avondet, movimiento propiciado por la superioridad a fin de acompa\u00f1ar la gesti\u00f3n iniciada el 25 de Mayo por el Comisario Mayor Mart\u00edn [&hellip;]","og_url":"https:\/\/www.noticiasradioreflejos.com.ar\/2021\/el-comisario-lujan-alberto-avondet-es-el-nuevo-subjefe-departamental-bahia-blanca\/","og_site_name":"Noticias Radio Reflejos","article_published_time":"2017-07-08T13:38:35+00:00","og_image":[{"width":300,"height":200,"url":"https:\/\/www.noticiasradioreflejos.com.ar\/2021\/wp-content\/uploads\/2021\/07\/logosol300x200.png","type":"image\/png"}],"author":"Arnaldo Botto","twitter_card":"summary_large_image","schema":{"@context":"https:\/\/schema.org","@graph":[{"@type":"WebPage","@id":"https:\/\/www.noticiasradioreflejos.com.ar\/2021\/el-comisario-lujan-alberto-avondet-es-el-nuevo-subjefe-departamental-bahia-blanca\/","url":"https:\/\/www.noticiasradioreflejos.com.ar\/2021\/el-comisario-lujan-alberto-avondet-es-el-nuevo-subjefe-departamental-bahia-blanca\/","name":"El Comisario Lujan Alberto Avondet, es el nuevo Subjefe Departamental Bah\u00eda Blanca. - Noticias Radio Reflejos","isPartOf":{"@id":"https:\/\/www.noticiasradioreflejos.com.ar\/2021\/#website"},"datePublished":"2017-07-08T13:38:35+00:00","author":{"@id":"https:\/\/www.noticiasradioreflejos.com.ar\/2021\/#\/schema\/person\/ad82545263dcc5ec0996818884fd5fb1"},"breadcrumb":{"@id":"https:\/\/www.noticiasradioreflejos.com.ar\/2021\/el-comisario-lujan-alberto-avondet-es-el-nuevo-subjefe-departamental-bahia-blanca\/#breadcrumb"},"inLanguage":"es","potentialAction":[{"@type":"ReadAction","target":["https:\/\/www.noticiasradioreflejos.com.ar\/2021\/el-comisario-lujan-alberto-avondet-es-el-nuevo-subjefe-departamental-bahia-blanca\/"]}]},{"@type":"BreadcrumbList","@id":"https:\/\/www.noticiasradioreflejos.com.ar\/2021\/el-comisario-lujan-alberto-avondet-es-el-nuevo-subjefe-departamental-bahia-blanca\/#breadcrumb","itemListElement":[{"@type":"ListItem","position":1,"name":"Portada","item":"https:\/\/www.noticiasradioreflejos.com.ar\/2021\/"},{"@type":"ListItem","position":2,"name":"El Comisario Lujan Alberto Avondet, es el nuevo Subjefe Departamental Bah\u00eda Blanca."}]},{"@type":"WebSite","@id":"https:\/\/www.noticiasradioreflejos.com.ar\/2021\/#website","url":"https:\/\/www.noticiasradioreflejos.com.ar\/2021\/","name":"Noticias Radio Reflejos","description":"Las noticias de mi comarca","potentialAction":[{"@type":"SearchAction","target":{"@type":"EntryPoint","urlTemplate":"https:\/\/www.noticiasradioreflejos.com.ar\/2021\/?s={search_term_string}"},"query-input":{"@type":"PropertyValueSpecification","valueRequired":true,"valueName":"search_term_string"}}],"inLanguage":"es"},{"@type":"Person","@id":"https:\/\/www.noticiasradioreflejos.com.ar\/2021\/#\/schema\/person\/ad82545263dcc5ec0996818884fd5fb1","name":"Arnaldo Botto","image":{"@type":"ImageObject","inLanguage":"es","@id":"https:\/\/www.noticiasradioreflejos.com.ar\/2021\/#\/schema\/person\/image\/","url":"https:\/\/secure.gravatar.com\/avatar\/55cb5e37c1efa326397366e6974cb338056df65cb50e7d64d1cf314e87504837?s=96&d=mm&r=g","contentUrl":"https:\/\/secure.gravatar.com\/avatar\/55cb5e37c1efa326397366e6974cb338056df65cb50e7d64d1cf314e87504837?s=96&d=mm&r=g","caption":"Arnaldo Botto"},"url":"https:\/\/www.noticiasradioreflejos.com.ar\/2021\/author\/arnaldo\/"}]}},"_links":{"self":[{"href":"https:\/\/www.noticiasradioreflejos.com.ar\/2021\/wp-json\/wp\/v2\/posts\/12044","targetHints":{"allow":["GET"]}}],"collection":[{"href":"https:\/\/www.noticiasradioreflejos.com.ar\/2021\/wp-json\/wp\/v2\/posts"}],"about":[{"href":"https:\/\/www.noticiasradioreflejos.com.ar\/2021\/wp-json\/wp\/v2\/types\/post"}],"author":[{"embeddable":true,"href":"https:\/\/www.noticiasradioreflejos.com.ar\/2021\/wp-json\/wp\/v2\/users\/3"}],"replies":[{"embeddable":true,"href":"https:\/\/www.noticiasradioreflejos.com.ar\/2021\/wp-json\/wp\/v2\/comments?post=12044"}],"version-history":[{"count":0,"href":"https:\/\/www.noticiasradioreflejos.com.ar\/2021\/wp-json\/wp\/v2\/posts\/12044\/revisions"}],"wp:attachment":[{"href":"https:\/\/www.noticiasradioreflejos.com.ar\/2021\/wp-json\/wp\/v2\/media?parent=12044"}],"wp:term":[{"taxonomy":"category","embeddable":true,"href":"https:\/\/www.noticiasradioreflejos.com.ar\/2021\/wp-json\/wp\/v2\/categories?post=12044"},{"taxonomy":"post_tag","embeddable":true,"href":"https:\/\/www.noticiasradioreflejos.com.ar\/2021\/wp-json\/wp\/v2\/tags?post=12044"}],"curies":[{"name":"wp","href":"https:\/\/api.w.org\/{rel}","templated":true}]}}