{"id":120276,"date":"2025-06-17T07:13:17","date_gmt":"2025-06-17T10:13:17","guid":{"rendered":"https:\/\/www.noticiasradioreflejos.com.ar\/2021\/?p=120276"},"modified":"2025-06-17T07:13:17","modified_gmt":"2025-06-17T10:13:17","slug":"150-mil-personas-en-las-calles-para-exigir-la-domiciliaria-el-plan-de-cristina-kirchner-ante-su-presentacion-en-tribunales","status":"publish","type":"post","link":"https:\/\/www.noticiasradioreflejos.com.ar\/2021\/150-mil-personas-en-las-calles-para-exigir-la-domiciliaria-el-plan-de-cristina-kirchner-ante-su-presentacion-en-tribunales\/","title":{"rendered":"150 mil personas en las calles para exigir la domiciliaria: el plan de Cristina Kirchner ante su presentaci\u00f3n en Tribunales"},"content":{"rendered":"<p>&gt;Con la consigna \u201cArgentina con Cristina\u201d, el peronismo apuesta a una marcha multitudinaria para blindar a la expresidenta ante su detenci\u00f3n. Advertencia al Gobierno y la participaci\u00f3n de banderas no-peronistas.<!--more--><\/p>\n<div class=\"partner-wrapper article-page__body-row\">\n<div class=\"second-col\">\n<p class=\"article-text\"><strong>Mayra Mendoza fue clara en el mensaje:<\/strong>\u00a0\u201cEl objetivo es juntar unas 150 mil personas\u201d. La intendenta de Quilmes, aliada de M\u00e1ximo Kirchner en La C\u00e1mpora, habl\u00f3 as\u00ed el viernes en la sede del PJ, pero no se dirig\u00eda solo a peronistas: la escuchaban, entre otros, dirigentes del PTS \u2013referenciados en Myriam Bregman\u2013 y de Libres del Sur \u2013de Humberto Tumini\u2013. La condena a\u00a0<strong>Cristina Kirchner<\/strong>\u00a0sac\u00f3 al peronismo de su disputa interna electoral y forz\u00f3 una unidad que ahora buscan ampliar a extrapartidarios, con la intenci\u00f3n de dar una se\u00f1al en la calle a la Corte Suprema y a Javier Milei. El objetivo es convertir la presentaci\u00f3n judicial de este mi\u00e9rcoles en una multitudinaria marcha que reclame contra la proscripci\u00f3n de la expresidenta.<\/p>\n<p class=\"article-text\">La intenci\u00f3n de\u00a0<strong>juntar al menos 150.000 personas<\/strong>\u00a0fue compartida con\u00a0<strong>elDiarioAR<\/strong>\u00a0por otras dos fuentes al tanto de la movilizaci\u00f3n que se prepara para mediados de esta semana. \u201cSi van unas 100 mil, podemos vender que fueron 500 mil\u201d, apunt\u00f3 un funcionario bonaerense con una importante organizaci\u00f3n social detr\u00e1s.<\/p>\n<p class=\"article-text\">El peronismo busca construir una \u00e9pica: una caminata desde el departamento de Cristina, en el barrio porte\u00f1o de Monserrat, hasta los tribunales federales de Retiro. All\u00ed debe presentarse para que se inicie formalmente el cumplimiento de su condena: seis a\u00f1os de prisi\u00f3n y la inhabilitaci\u00f3n perpetua para ejercer cargos p\u00fablicos, tras el fallo judicial que la encontr\u00f3 responsable del desv\u00edo de fondos p\u00fablicos para obras de Vialidad Nacional.\u00a0<strong>La consigna es \u201cArgentina con Cristina\u201d y los organizadores ya pidieron que los manifestantes lleven banderas argentinas.<\/strong><\/p>\n<figure class=\"embed-container embed-container--type-twitter \">\n<div class=\"twitter-tweet twitter-tweet-rendered\"><iframe id=\"twitter-widget-0\" class=\"\" title=\"X Post\" src=\"https:\/\/platform.twitter.com\/embed\/Tweet.html?dnt=false&amp;embedId=twitter-widget-0&amp;features=eyJ0ZndfdGltZWxpbmVfbGlzdCI6eyJidWNrZXQiOltdLCJ2ZXJzaW9uIjpudWxsfSwidGZ3X2ZvbGxvd2VyX2NvdW50X3N1bnNldCI6eyJidWNrZXQiOnRydWUsInZlcnNpb24iOm51bGx9LCJ0ZndfdHdlZXRfZWRpdF9iYWNrZW5kIjp7ImJ1Y2tldCI6Im9uIiwidmVyc2lvbiI6bnVsbH0sInRmd19yZWZzcmNfc2Vzc2lvbiI6eyJidWNrZXQiOiJvbiIsInZlcnNpb24iOm51bGx9LCJ0ZndfZm9zbnJfc29mdF9pbnRlcnZlbnRpb25zX2VuYWJsZWQiOnsiYnVja2V0Ijoib24iLCJ2ZXJzaW9uIjpudWxsfSwidGZ3X21peGVkX21lZGlhXzE1ODk3Ijp7ImJ1Y2tldCI6InRyZWF0bWVudCIsInZlcnNpb24iOm51bGx9LCJ0ZndfZXhwZXJpbWVudHNfY29va2llX2V4cGlyYXRpb24iOnsiYnVja2V0IjoxMjA5NjAwLCJ2ZXJzaW9uIjpudWxsfSwidGZ3X3Nob3dfYmlyZHdhdGNoX3Bpdm90c19lbmFibGVkIjp7ImJ1Y2tldCI6Im9uIiwidmVyc2lvbiI6bnVsbH0sInRmd19kdXBsaWNhdGVfc2NyaWJlc190b19zZXR0aW5ncyI6eyJidWNrZXQiOiJvbiIsInZlcnNpb24iOm51bGx9LCJ0ZndfdXNlX3Byb2ZpbGVfaW1hZ2Vfc2hhcGVfZW5hYmxlZCI6eyJidWNrZXQiOiJvbiIsInZlcnNpb24iOm51bGx9LCJ0ZndfdmlkZW9faGxzX2R5bmFtaWNfbWFuaWZlc3RzXzE1MDgyIjp7ImJ1Y2tldCI6InRydWVfYml0cmF0ZSIsInZlcnNpb24iOm51bGx9LCJ0ZndfbGVnYWN5X3RpbWVsaW5lX3N1bnNldCI6eyJidWNrZXQiOnRydWUsInZlcnNpb24iOm51bGx9LCJ0ZndfdHdlZXRfZWRpdF9mcm9udGVuZCI6eyJidWNrZXQiOiJvbiIsInZlcnNpb24iOm51bGx9fQ%3D%3D&amp;frame=false&amp;hideCard=false&amp;hideThread=false&amp;id=1933666931556360491&amp;lang=es&amp;origin=https%3A%2F%2Fwww.eldiarioar.com%2Fpolitica%2F150-mil-personas-presion-detencion-domiciliaria-plan-peronismo-presentacion-cristina-kirchner-tribunales_1_12385917.html&amp;sessionId=864387666e5d007c775202f9a36cf2a715af5440&amp;theme=light&amp;widgetsVersion=2615f7e52b7e0%3A1702314776716&amp;width=550px\" frameborder=\"0\" scrolling=\"no\" allowfullscreen=\"allowfullscreen\" data-tweet-id=\"1933666931556360491\" data-mce-fragment=\"1\"><\/iframe><\/div>\n<\/figure>\n<p class=\"article-text\">En los \u00faltimos d\u00edas se reforz\u00f3 el trabajo de base para esa manifestaci\u00f3n. El jueves, el puntapi\u00e9 lo dio el Consejo Nacional del PJ en Matheu; el viernes se realiz\u00f3 una mesa ampliada con participaci\u00f3n de espacios no peronistas; el s\u00e1bado se encontraron los intendentes; este lunes habr\u00e1 una reuni\u00f3n de juventudes; y el martes est\u00e1 prevista una cumbre con la CGT y los gobernadores del PJ.<\/p>\n<p class=\"article-text\">Sin embargo, todav\u00eda hay cabos sueltos en la organizaci\u00f3n. El principal es que<strong>\u00a0no est\u00e1 confirmado que CFK deba presentarse personalmente el mi\u00e9rcoles en Comodoro Py.\u00a0<\/strong>Sus abogados solicitaron que la Justicia le habilite la prisi\u00f3n domiciliaria de manera autom\u00e1tica, sin necesidad de ir en persona. Argumentaron los riesgos del operativo de seguridad que implicar\u00eda una marcha de esta magnitud, pero el trasfondo es otro: evitar que el aparato pol\u00edtico-medi\u00e1tico libertario tenga im\u00e1genes de Cristina detenida. \u201cNo queremos que la humillen\u201d, exclam\u00f3 la legisladora bonaerense Teresa Garc\u00eda.<\/p>\n<p class=\"article-text\">Otra posibilidad que se eval\u00faa es que, si Cristina no debe comparecer en persona, el Gobierno podr\u00eda evitar activar el protocolo antipiquetes de\u00a0<strong>Patricia Bullrich<\/strong>. La ministra suele reprimir cuando las protestas no son masivas, aunque ya cruz\u00f3 varias l\u00edneas rojas con ataques a jubilados o trabajadores de prensa. En la Casa Rosada manejan bajo estricta reserva el operativo de seguridad.\u00a0<strong>elDiarioAR<\/strong>\u00a0supo que Bullrich se apoya en su jefe de Gabinete, Carlos Manfroni. Del lado presidencial,\u00a0<strong>Santiago Caputo<\/strong>\u00a0sigue de cerca el despliegue a trav\u00e9s de los servicios de inteligencia: digita movimientos de la SIDE mediante Sergio Neiffert \u2013el \u201cSe\u00f1or 5\u201d\u2013 y Diego Kravetz \u2013el \u201cSe\u00f1or 8\u201d\u2013.<\/p>\n<p class=\"article-text\">En cuanto al recorrido, hasta el cierre de esta edici\u00f3n no estaba definido.\u00a0<strong>De la esquina de Humberto 1\u00b0 y San Jos\u00e9 hasta los tribunales de Comodoro Py hay cinco kil\u00f3metros:<\/strong>\u00a0caminando se tarda alrededor de una hora y diez minutos, seg\u00fan Google Maps. Si la convocatoria es masiva, el trayecto podr\u00eda contemplar atravesar la avenida 9 de Julio, ingresar a la zona de Retiro por la plaza San Mart\u00edn y pasar frente a las estaciones de trenes y colectivos antes de llegar a Comodoro Py. \u201cNo hay a\u00fan recorrido ni horario porque no est\u00e1 definido. Y se ver\u00e1 si se har\u00e1 un corredor, donde cada organizaci\u00f3n est\u00e9 concentrada en un punto espec\u00edfico pero que no se movilice\u201d, explic\u00f3 un dirigente social presente en la reuni\u00f3n del viernes en Matheu.<\/p>\n<figure><picture class=\"news-image\"><source srcset=\"https:\/\/static.eldiario.es\/clip\/34955497-1239-4f66-9968-694c05d03dd3_source-aspect-ratio_50p_0.webp\" type=\"image\/webp\" media=\"(max-width: 576px)\" \/><source srcset=\"https:\/\/static.eldiario.es\/clip\/34955497-1239-4f66-9968-694c05d03dd3_source-aspect-ratio_50p_0.jpg\" type=\"image\/jpg\" media=\"(max-width: 576px)\" \/><source srcset=\"https:\/\/static.eldiario.es\/clip\/34955497-1239-4f66-9968-694c05d03dd3_source-aspect-ratio_75p_0.webp\" type=\"image\/webp\" media=\"(max-width: 767px)\" \/><source srcset=\"https:\/\/static.eldiario.es\/clip\/34955497-1239-4f66-9968-694c05d03dd3_source-aspect-ratio_75p_0.jpg\" type=\"image\/jpg\" media=\"(max-width: 767px)\" \/><source srcset=\"https:\/\/static.eldiario.es\/clip\/34955497-1239-4f66-9968-694c05d03dd3_source-aspect-ratio_default_0.webp\" type=\"image\/webp\" media=\"(min-width: 768px)\" \/><source srcset=\"https:\/\/static.eldiario.es\/clip\/34955497-1239-4f66-9968-694c05d03dd3_source-aspect-ratio_default_0.jpg\" type=\"image\/jpg\" media=\"(min-width: 768px)\" \/><source srcset=\"https:\/\/static.eldiario.es\/clip\/34955497-1239-4f66-9968-694c05d03dd3_source-aspect-ratio_default_0.webp\" type=\"image\/webp\" \/><img decoding=\"async\" class=\"lazy entered loaded\" src=\"https:\/\/static.eldiario.es\/clip\/34955497-1239-4f66-9968-694c05d03dd3_source-aspect-ratio_default_0.jpg\" alt=\"\" data-src=\"https:\/\/static.eldiario.es\/clip\/34955497-1239-4f66-9968-694c05d03dd3_source-aspect-ratio_default_0.jpg\" data-ll-status=\"loaded\" \/><\/picture><figcaption class=\"image-footer\"><em><span class=\"title\">Un posible recorrido a pie desde la casa de Cristina Kirchner a los tribunales federales de Comodoro Py.\u00a0<span class=\"author\">Google Maps<\/span><\/span><\/em><\/figcaption><\/figure>\n<p>&nbsp;<\/p>\n<p class=\"article-text\">Tampoco est\u00e1 claro qu\u00e9 suceder\u00e1 una vez que Cristina se entreviste con el juez de la causa Vialidad. El objetivo de la marcha es presionar al juez Jorge Gorini para que autorice la prisi\u00f3n domiciliaria en ese momento, lo que permitir\u00eda a la expresidenta regresar directamente a su departamento. Pero si el magistrado ordena que pase una primera noche en un calabozo o la traslada a otra dependencia, las columnas marchar\u00e1n donde sea necesario. \u201cCristina no est\u00e1 sola. Vamos a estar donde ella est\u00e9\u201d, afirm\u00f3 un referente del peronismo.<\/p>\n<p class=\"article-text\">Un experto en seguridad con conocimiento del Ministerio de Seguridad advirti\u00f3 que un posible destino de detenci\u00f3n podr\u00eda ser la Unidad de Delitos Complejos de la Polic\u00eda Federal, en Cavia y Figueroa Alcorta,\u00a0<strong>donde estuvo presa Mar\u00eda Julia Alsogaray en 2003.<\/strong>\u00a0Justamente all\u00ed, este martes har\u00e1n un acto Milei y Bullrich. \u201cEsperemos que no provoquen ni se hagan los vivos\u201d, alert\u00f3 un dirigente kirchnerista. Cristina solicit\u00f3 el beneficio de prisi\u00f3n domiciliaria tambi\u00e9n por razones de edad: tiene m\u00e1s de 70 a\u00f1os.<\/p>\n<div id=\"container-after-news-outlook\"><\/div>\n<p class=\"article-text\">Un detalle menor pero revelador: la consigna \u201cArgentina con Cristina\u201d no convenci\u00f3 a todos. Las dudas surgieron de espacios no kirchneristas, como la izquierda. En el Partido Obrero, por ejemplo, cuestionaron la visita de referentes del PTS al departamento de CFK. \u201cPara nosotros el fallo es proscripci\u00f3n, pero no suspende la lucha, y el peronismo siempre tira para atr\u00e1s\u201d, plante\u00f3 un dirigente del Polo Obrero. Por estas horas, los espacios extraperonistas debaten internamente el grado de adhesi\u00f3n a la movilizaci\u00f3n hacia los tribunales. Por lo pronto Cristina ya tiene armada su ofensiva ncallejera y apuesta a que sea multitudinaria.<\/p>\n<p>&nbsp;<\/p>\n<p class=\"article-text\"><strong><em>MC &#8211; elDiarioAR<\/em><\/strong><\/p>\n<\/div>\n<\/div>\n","protected":false},"excerpt":{"rendered":"<p>&gt;Con la consigna \u201cArgentina con Cristina\u201d, el peronismo apuesta a una marcha multitudinaria para blindar a la expresidenta ante su detenci\u00f3n. Advertencia al Gobierno y la participaci\u00f3n de banderas no-peronistas.<\/p>\n","protected":false},"author":3,"featured_media":0,"comment_status":"closed","ping_status":"closed","sticky":false,"template":"","format":"standard","meta":{"footnotes":""},"categories":[24],"tags":[],"class_list":["post-120276","post","type-post","status-publish","format-standard","hentry","category-politica"],"yoast_head":"<!-- This site is optimized with the Yoast SEO plugin v25.9 - https:\/\/yoast.com\/wordpress\/plugins\/seo\/ -->\n<title>150 mil personas en las calles para exigir la domiciliaria: el plan de Cristina Kirchner ante su presentaci\u00f3n en Tribunales - Noticias Radio Reflejos<\/title>\n<meta name=\"robots\" content=\"index, follow, max-snippet:-1, max-image-preview:large, max-video-preview:-1\" \/>\n<link rel=\"canonical\" href=\"https:\/\/www.noticiasradioreflejos.com.ar\/2021\/150-mil-personas-en-las-calles-para-exigir-la-domiciliaria-el-plan-de-cristina-kirchner-ante-su-presentacion-en-tribunales\/\" \/>\n<meta property=\"og:locale\" content=\"es_ES\" \/>\n<meta property=\"og:type\" content=\"article\" \/>\n<meta property=\"og:title\" content=\"150 mil personas en las calles para exigir la domiciliaria: el plan de Cristina Kirchner ante su presentaci\u00f3n en Tribunales - Noticias Radio Reflejos\" \/>\n<meta property=\"og:description\" content=\"&gt;Con la consigna \u201cArgentina con Cristina\u201d, el peronismo apuesta a una marcha multitudinaria para blindar a la expresidenta ante su detenci\u00f3n. Advertencia al Gobierno y la participaci\u00f3n de banderas no-peronistas.\" \/>\n<meta property=\"og:url\" content=\"https:\/\/www.noticiasradioreflejos.com.ar\/2021\/150-mil-personas-en-las-calles-para-exigir-la-domiciliaria-el-plan-de-cristina-kirchner-ante-su-presentacion-en-tribunales\/\" \/>\n<meta property=\"og:site_name\" content=\"Noticias Radio Reflejos\" \/>\n<meta property=\"article:published_time\" content=\"2025-06-17T10:13:17+00:00\" \/>\n<meta property=\"og:image\" content=\"https:\/\/static.eldiario.es\/clip\/34955497-1239-4f66-9968-694c05d03dd3_source-aspect-ratio_default_0.jpg\" \/>\n<meta name=\"author\" content=\"Arnaldo Botto\" \/>\n<meta name=\"twitter:card\" content=\"summary_large_image\" \/>\n<script type=\"application\/ld+json\" class=\"yoast-schema-graph\">{\"@context\":\"https:\/\/schema.org\",\"@graph\":[{\"@type\":\"WebPage\",\"@id\":\"https:\/\/www.noticiasradioreflejos.com.ar\/2021\/150-mil-personas-en-las-calles-para-exigir-la-domiciliaria-el-plan-de-cristina-kirchner-ante-su-presentacion-en-tribunales\/\",\"url\":\"https:\/\/www.noticiasradioreflejos.com.ar\/2021\/150-mil-personas-en-las-calles-para-exigir-la-domiciliaria-el-plan-de-cristina-kirchner-ante-su-presentacion-en-tribunales\/\",\"name\":\"150 mil personas en las calles para exigir la domiciliaria: el plan de Cristina Kirchner ante su presentaci\u00f3n en Tribunales - Noticias Radio Reflejos\",\"isPartOf\":{\"@id\":\"https:\/\/www.noticiasradioreflejos.com.ar\/2021\/#website\"},\"primaryImageOfPage\":{\"@id\":\"https:\/\/www.noticiasradioreflejos.com.ar\/2021\/150-mil-personas-en-las-calles-para-exigir-la-domiciliaria-el-plan-de-cristina-kirchner-ante-su-presentacion-en-tribunales\/#primaryimage\"},\"image\":{\"@id\":\"https:\/\/www.noticiasradioreflejos.com.ar\/2021\/150-mil-personas-en-las-calles-para-exigir-la-domiciliaria-el-plan-de-cristina-kirchner-ante-su-presentacion-en-tribunales\/#primaryimage\"},\"thumbnailUrl\":\"https:\/\/static.eldiario.es\/clip\/34955497-1239-4f66-9968-694c05d03dd3_source-aspect-ratio_default_0.jpg\",\"datePublished\":\"2025-06-17T10:13:17+00:00\",\"author\":{\"@id\":\"https:\/\/www.noticiasradioreflejos.com.ar\/2021\/#\/schema\/person\/ad82545263dcc5ec0996818884fd5fb1\"},\"breadcrumb\":{\"@id\":\"https:\/\/www.noticiasradioreflejos.com.ar\/2021\/150-mil-personas-en-las-calles-para-exigir-la-domiciliaria-el-plan-de-cristina-kirchner-ante-su-presentacion-en-tribunales\/#breadcrumb\"},\"inLanguage\":\"es\",\"potentialAction\":[{\"@type\":\"ReadAction\",\"target\":[\"https:\/\/www.noticiasradioreflejos.com.ar\/2021\/150-mil-personas-en-las-calles-para-exigir-la-domiciliaria-el-plan-de-cristina-kirchner-ante-su-presentacion-en-tribunales\/\"]}]},{\"@type\":\"ImageObject\",\"inLanguage\":\"es\",\"@id\":\"https:\/\/www.noticiasradioreflejos.com.ar\/2021\/150-mil-personas-en-las-calles-para-exigir-la-domiciliaria-el-plan-de-cristina-kirchner-ante-su-presentacion-en-tribunales\/#primaryimage\",\"url\":\"https:\/\/static.eldiario.es\/clip\/34955497-1239-4f66-9968-694c05d03dd3_source-aspect-ratio_default_0.jpg\",\"contentUrl\":\"https:\/\/static.eldiario.es\/clip\/34955497-1239-4f66-9968-694c05d03dd3_source-aspect-ratio_default_0.jpg\"},{\"@type\":\"BreadcrumbList\",\"@id\":\"https:\/\/www.noticiasradioreflejos.com.ar\/2021\/150-mil-personas-en-las-calles-para-exigir-la-domiciliaria-el-plan-de-cristina-kirchner-ante-su-presentacion-en-tribunales\/#breadcrumb\",\"itemListElement\":[{\"@type\":\"ListItem\",\"position\":1,\"name\":\"Portada\",\"item\":\"https:\/\/www.noticiasradioreflejos.com.ar\/2021\/\"},{\"@type\":\"ListItem\",\"position\":2,\"name\":\"150 mil personas en las calles para exigir la domiciliaria: el plan de Cristina Kirchner ante su presentaci\u00f3n en Tribunales\"}]},{\"@type\":\"WebSite\",\"@id\":\"https:\/\/www.noticiasradioreflejos.com.ar\/2021\/#website\",\"url\":\"https:\/\/www.noticiasradioreflejos.com.ar\/2021\/\",\"name\":\"Noticias Radio Reflejos\",\"description\":\"Las noticias de mi comarca\",\"potentialAction\":[{\"@type\":\"SearchAction\",\"target\":{\"@type\":\"EntryPoint\",\"urlTemplate\":\"https:\/\/www.noticiasradioreflejos.com.ar\/2021\/?s={search_term_string}\"},\"query-input\":{\"@type\":\"PropertyValueSpecification\",\"valueRequired\":true,\"valueName\":\"search_term_string\"}}],\"inLanguage\":\"es\"},{\"@type\":\"Person\",\"@id\":\"https:\/\/www.noticiasradioreflejos.com.ar\/2021\/#\/schema\/person\/ad82545263dcc5ec0996818884fd5fb1\",\"name\":\"Arnaldo Botto\",\"image\":{\"@type\":\"ImageObject\",\"inLanguage\":\"es\",\"@id\":\"https:\/\/www.noticiasradioreflejos.com.ar\/2021\/#\/schema\/person\/image\/\",\"url\":\"https:\/\/secure.gravatar.com\/avatar\/55cb5e37c1efa326397366e6974cb338056df65cb50e7d64d1cf314e87504837?s=96&d=mm&r=g\",\"contentUrl\":\"https:\/\/secure.gravatar.com\/avatar\/55cb5e37c1efa326397366e6974cb338056df65cb50e7d64d1cf314e87504837?s=96&d=mm&r=g\",\"caption\":\"Arnaldo Botto\"},\"url\":\"https:\/\/www.noticiasradioreflejos.com.ar\/2021\/author\/arnaldo\/\"}]}<\/script>\n<!-- \/ Yoast SEO plugin. -->","yoast_head_json":{"title":"150 mil personas en las calles para exigir la domiciliaria: el plan de Cristina Kirchner ante su presentaci\u00f3n en Tribunales - Noticias Radio Reflejos","robots":{"index":"index","follow":"follow","max-snippet":"max-snippet:-1","max-image-preview":"max-image-preview:large","max-video-preview":"max-video-preview:-1"},"canonical":"https:\/\/www.noticiasradioreflejos.com.ar\/2021\/150-mil-personas-en-las-calles-para-exigir-la-domiciliaria-el-plan-de-cristina-kirchner-ante-su-presentacion-en-tribunales\/","og_locale":"es_ES","og_type":"article","og_title":"150 mil personas en las calles para exigir la domiciliaria: el plan de Cristina Kirchner ante su presentaci\u00f3n en Tribunales - Noticias Radio Reflejos","og_description":"&gt;Con la consigna \u201cArgentina con Cristina\u201d, el peronismo apuesta a una marcha multitudinaria para blindar a la expresidenta ante su detenci\u00f3n. Advertencia al Gobierno y la participaci\u00f3n de banderas no-peronistas.","og_url":"https:\/\/www.noticiasradioreflejos.com.ar\/2021\/150-mil-personas-en-las-calles-para-exigir-la-domiciliaria-el-plan-de-cristina-kirchner-ante-su-presentacion-en-tribunales\/","og_site_name":"Noticias Radio Reflejos","article_published_time":"2025-06-17T10:13:17+00:00","og_image":[{"url":"https:\/\/static.eldiario.es\/clip\/34955497-1239-4f66-9968-694c05d03dd3_source-aspect-ratio_default_0.jpg","type":"","width":"","height":""}],"author":"Arnaldo Botto","twitter_card":"summary_large_image","schema":{"@context":"https:\/\/schema.org","@graph":[{"@type":"WebPage","@id":"https:\/\/www.noticiasradioreflejos.com.ar\/2021\/150-mil-personas-en-las-calles-para-exigir-la-domiciliaria-el-plan-de-cristina-kirchner-ante-su-presentacion-en-tribunales\/","url":"https:\/\/www.noticiasradioreflejos.com.ar\/2021\/150-mil-personas-en-las-calles-para-exigir-la-domiciliaria-el-plan-de-cristina-kirchner-ante-su-presentacion-en-tribunales\/","name":"150 mil personas en las calles para exigir la domiciliaria: el plan de Cristina Kirchner ante su presentaci\u00f3n en Tribunales - Noticias Radio Reflejos","isPartOf":{"@id":"https:\/\/www.noticiasradioreflejos.com.ar\/2021\/#website"},"primaryImageOfPage":{"@id":"https:\/\/www.noticiasradioreflejos.com.ar\/2021\/150-mil-personas-en-las-calles-para-exigir-la-domiciliaria-el-plan-de-cristina-kirchner-ante-su-presentacion-en-tribunales\/#primaryimage"},"image":{"@id":"https:\/\/www.noticiasradioreflejos.com.ar\/2021\/150-mil-personas-en-las-calles-para-exigir-la-domiciliaria-el-plan-de-cristina-kirchner-ante-su-presentacion-en-tribunales\/#primaryimage"},"thumbnailUrl":"https:\/\/static.eldiario.es\/clip\/34955497-1239-4f66-9968-694c05d03dd3_source-aspect-ratio_default_0.jpg","datePublished":"2025-06-17T10:13:17+00:00","author":{"@id":"https:\/\/www.noticiasradioreflejos.com.ar\/2021\/#\/schema\/person\/ad82545263dcc5ec0996818884fd5fb1"},"breadcrumb":{"@id":"https:\/\/www.noticiasradioreflejos.com.ar\/2021\/150-mil-personas-en-las-calles-para-exigir-la-domiciliaria-el-plan-de-cristina-kirchner-ante-su-presentacion-en-tribunales\/#breadcrumb"},"inLanguage":"es","potentialAction":[{"@type":"ReadAction","target":["https:\/\/www.noticiasradioreflejos.com.ar\/2021\/150-mil-personas-en-las-calles-para-exigir-la-domiciliaria-el-plan-de-cristina-kirchner-ante-su-presentacion-en-tribunales\/"]}]},{"@type":"ImageObject","inLanguage":"es","@id":"https:\/\/www.noticiasradioreflejos.com.ar\/2021\/150-mil-personas-en-las-calles-para-exigir-la-domiciliaria-el-plan-de-cristina-kirchner-ante-su-presentacion-en-tribunales\/#primaryimage","url":"https:\/\/static.eldiario.es\/clip\/34955497-1239-4f66-9968-694c05d03dd3_source-aspect-ratio_default_0.jpg","contentUrl":"https:\/\/static.eldiario.es\/clip\/34955497-1239-4f66-9968-694c05d03dd3_source-aspect-ratio_default_0.jpg"},{"@type":"BreadcrumbList","@id":"https:\/\/www.noticiasradioreflejos.com.ar\/2021\/150-mil-personas-en-las-calles-para-exigir-la-domiciliaria-el-plan-de-cristina-kirchner-ante-su-presentacion-en-tribunales\/#breadcrumb","itemListElement":[{"@type":"ListItem","position":1,"name":"Portada","item":"https:\/\/www.noticiasradioreflejos.com.ar\/2021\/"},{"@type":"ListItem","position":2,"name":"150 mil personas en las calles para exigir la domiciliaria: el plan de Cristina Kirchner ante su presentaci\u00f3n en Tribunales"}]},{"@type":"WebSite","@id":"https:\/\/www.noticiasradioreflejos.com.ar\/2021\/#website","url":"https:\/\/www.noticiasradioreflejos.com.ar\/2021\/","name":"Noticias Radio Reflejos","description":"Las noticias de mi comarca","potentialAction":[{"@type":"SearchAction","target":{"@type":"EntryPoint","urlTemplate":"https:\/\/www.noticiasradioreflejos.com.ar\/2021\/?s={search_term_string}"},"query-input":{"@type":"PropertyValueSpecification","valueRequired":true,"valueName":"search_term_string"}}],"inLanguage":"es"},{"@type":"Person","@id":"https:\/\/www.noticiasradioreflejos.com.ar\/2021\/#\/schema\/person\/ad82545263dcc5ec0996818884fd5fb1","name":"Arnaldo Botto","image":{"@type":"ImageObject","inLanguage":"es","@id":"https:\/\/www.noticiasradioreflejos.com.ar\/2021\/#\/schema\/person\/image\/","url":"https:\/\/secure.gravatar.com\/avatar\/55cb5e37c1efa326397366e6974cb338056df65cb50e7d64d1cf314e87504837?s=96&d=mm&r=g","contentUrl":"https:\/\/secure.gravatar.com\/avatar\/55cb5e37c1efa326397366e6974cb338056df65cb50e7d64d1cf314e87504837?s=96&d=mm&r=g","caption":"Arnaldo Botto"},"url":"https:\/\/www.noticiasradioreflejos.com.ar\/2021\/author\/arnaldo\/"}]}},"_links":{"self":[{"href":"https:\/\/www.noticiasradioreflejos.com.ar\/2021\/wp-json\/wp\/v2\/posts\/120276","targetHints":{"allow":["GET"]}}],"collection":[{"href":"https:\/\/www.noticiasradioreflejos.com.ar\/2021\/wp-json\/wp\/v2\/posts"}],"about":[{"href":"https:\/\/www.noticiasradioreflejos.com.ar\/2021\/wp-json\/wp\/v2\/types\/post"}],"author":[{"embeddable":true,"href":"https:\/\/www.noticiasradioreflejos.com.ar\/2021\/wp-json\/wp\/v2\/users\/3"}],"replies":[{"embeddable":true,"href":"https:\/\/www.noticiasradioreflejos.com.ar\/2021\/wp-json\/wp\/v2\/comments?post=120276"}],"version-history":[{"count":1,"href":"https:\/\/www.noticiasradioreflejos.com.ar\/2021\/wp-json\/wp\/v2\/posts\/120276\/revisions"}],"predecessor-version":[{"id":120278,"href":"https:\/\/www.noticiasradioreflejos.com.ar\/2021\/wp-json\/wp\/v2\/posts\/120276\/revisions\/120278"}],"wp:attachment":[{"href":"https:\/\/www.noticiasradioreflejos.com.ar\/2021\/wp-json\/wp\/v2\/media?parent=120276"}],"wp:term":[{"taxonomy":"category","embeddable":true,"href":"https:\/\/www.noticiasradioreflejos.com.ar\/2021\/wp-json\/wp\/v2\/categories?post=120276"},{"taxonomy":"post_tag","embeddable":true,"href":"https:\/\/www.noticiasradioreflejos.com.ar\/2021\/wp-json\/wp\/v2\/tags?post=120276"}],"curies":[{"name":"wp","href":"https:\/\/api.w.org\/{rel}","templated":true}]}}