{"id":120250,"date":"2025-06-16T07:50:11","date_gmt":"2025-06-16T10:50:11","guid":{"rendered":"https:\/\/www.noticiasradioreflejos.com.ar\/2021\/?p=120250"},"modified":"2025-06-16T07:50:11","modified_gmt":"2025-06-16T10:50:11","slug":"el-plan-de-rescate-del-mar-pasa-por-generar-un-vinculo-con-el-oceano-la-tecnologia-no-nos-va-a-salvar","status":"publish","type":"post","link":"https:\/\/www.noticiasradioreflejos.com.ar\/2021\/el-plan-de-rescate-del-mar-pasa-por-generar-un-vinculo-con-el-oceano-la-tecnologia-no-nos-va-a-salvar\/","title":{"rendered":"El plan de rescate del mar pasa por generar un v\u00ednculo con el oc\u00e9ano : \u201cLa tecnolog\u00eda no nos va a salvar\u201d"},"content":{"rendered":"<p>La preservaci\u00f3n de los ecosistemas marinos es una cuesti\u00f3n de supervivencia, advierte la ONU: los investigadores muestran que considerar el entorno marino como un patrimonio fomenta la conexi\u00f3n e inspira el compromiso para la conservaci\u00f3n.<!--more--><\/p>\n<div>El oc\u00e9ano necesita un plan de rescate. Recalentado, \u00e1cido, contaminado, sobreexplotado y degradado por el cambio clim\u00e1tico y las actividades humanas, seg\u00fan desglosa la ONU, esta bater\u00eda de amenazas \u201cpone en peligro a la naturaleza, pero tambi\u00e9n a las personas\u201d.\u00a0<a class=\"link\" href=\"https:\/\/unric.org\/en\/ocean-with-david-attenborough-if-we-save-the-sea-we-save-our-world\/\" target=\"_blank\" rel=\"noopener\" data-mrf-recirculation=\"links-noticia\" data-mrf-link=\"https:\/\/unric.org\/en\/ocean-with-david-attenborough-if-we-save-the-sea-we-save-our-world\/\">\u201cSi salvamos el mar, salvamos el mundo\u201d<\/a>, advierte el naturalista\u00a0<strong>David Attenborough<\/strong>.<\/div>\n<div><\/div>\n<div class=\"content-container col-12 col-lg-8\">\n<div class=\"c-content\">\n<div class=\"partner-wrapper opening\" data-mrf-recirculation=\"Apertura\">\n<div class=\"second-col\">\n<figure class=\"ni-figure\"><picture class=\"news-image\"><source srcset=\"https:\/\/static.eldiario.es\/clip\/a8f40bc6-9421-4758-b6da-90fccea7cf0b_16-9-discover-aspect-ratio_50p_0.webp\" type=\"image\/webp\" media=\"(max-width: 576px)\" \/><source srcset=\"https:\/\/static.eldiario.es\/clip\/a8f40bc6-9421-4758-b6da-90fccea7cf0b_16-9-discover-aspect-ratio_50p_0.jpg\" type=\"image\/jpg\" media=\"(max-width: 576px)\" \/><source srcset=\"https:\/\/static.eldiario.es\/clip\/a8f40bc6-9421-4758-b6da-90fccea7cf0b_16-9-discover-aspect-ratio_75p_0.webp\" type=\"image\/webp\" media=\"(max-width: 767px)\" \/><source srcset=\"https:\/\/static.eldiario.es\/clip\/a8f40bc6-9421-4758-b6da-90fccea7cf0b_16-9-discover-aspect-ratio_75p_0.jpg\" type=\"image\/jpg\" media=\"(max-width: 767px)\" \/><source srcset=\"https:\/\/static.eldiario.es\/clip\/a8f40bc6-9421-4758-b6da-90fccea7cf0b_16-9-discover-aspect-ratio_default_0.webp\" type=\"image\/webp\" \/><source srcset=\"https:\/\/static.eldiario.es\/clip\/a8f40bc6-9421-4758-b6da-90fccea7cf0b_16-9-discover-aspect-ratio_default_0.jpg\" type=\"image\/jpg\" \/><img decoding=\"async\" src=\"https:\/\/static.eldiario.es\/clip\/a8f40bc6-9421-4758-b6da-90fccea7cf0b_16-9-discover-aspect-ratio_default_0.jpg\" alt=\"Un cabracho (Scorpaena scrofa), captado en aguas del islote de sa Dragonera, frente a la costa mallorquina.\" \/><\/picture><figcaption class=\"image-footer\"><em><span class=\"title\">Un cabracho (Scorpaena scrofa), captado en aguas del islote de sa Dragonera, frente a la costa mallorquina.\u00a0<span class=\"author\">Przsemyslaw Dariusz<\/span><\/span><\/em><\/figcaption><\/figure>\n<\/div>\n<div class=\"news-info\" data-mrf-recirculation=\"firma\">\n<div class=\"info-wrapper\">\n<p class=\"authors\">\n<\/div>\n<\/div>\n<\/div>\n<div class=\"partner-wrapper article-page__body-row\">\n<div class=\"second-col\">\n<p class=\"article-text\">Unos 130 pa\u00edses se reunieron esta semana en Niza (Francia) para abordar la contaminaci\u00f3n marina, la protecci\u00f3n en alta mar o la miner\u00eda a gran profundad. \u201cLa tecnolog\u00eda no nos va a salvar\u201d, cuenta el investigador del Centro de Estudios Avanzados de Blanes del CSIC,\u00a0<strong>Jordi Pag\u00e8s<\/strong>. \u201cLas soluciones del pasado no van a funcionar, sino un cambio del comportamiento humano promovido desde la base y eso se consigue desde la cultura oce\u00e1nica\u201d.<\/p>\n<p class=\"article-text\">Se refiere a la comprensi\u00f3n de la dependencia que los humanos tienen de los oc\u00e9anos: \u201c<a class=\"link\" href=\"https:\/\/www.miteco.gob.es\/content\/dam\/miteco\/es\/ceneam\/articulos-de-opinion\/2016-10-chicote-pujana_tcm30-163428.pdf\" target=\"_blank\" rel=\"noopener\" data-mrf-recirculation=\"links-noticia\" data-mrf-link=\"https:\/\/www.miteco.gob.es\/content\/dam\/miteco\/es\/ceneam\/articulos-de-opinion\/2016-10-chicote-pujana_tcm30-163428.pdf\">La influencia del oc\u00e9ano sobre las personas y de estas sobre el oc\u00e9ano<\/a>\u201d.<\/p>\n<p class=\"article-text\">El oc\u00e9ano hace posible la vida en la Tierra: provee de ox\u00edgeno y de alimento,\u00a0<strong>cubre aproximadamente el 70% de la superficie terrestre y es parte integral del ciclo del agua<\/strong>\u00a0(que proporciona l\u00edquido a los humanos). El mar moldea la Tierra adem\u00e1s de tener una influencia total en el tiempo meteorol\u00f3gico y el clima.<\/p>\n<p class=\"article-text\">\u201cEsta cultura oce\u00e1nica creci\u00f3 \u00faltimamente en Espa\u00f1a\u201d, cuenta Jordi Pag\u00e8s que ha trabajado en una investigaci\u00f3n de la\u00a0<strong>Canadian Ocean Literacy Coalition<\/strong>\u00a0sobre las actitudes de la poblaci\u00f3n de 12 pa\u00edses respecto al oc\u00e9ano. Entre los resultados de la encuesta, puede verse que\u00a0<strong>un tercio de los preguntados en Espa\u00f1a lo primero que sienten al pensar sobre la salud del mar es preocupaci\u00f3n<\/strong>\u00a0y para otro 21% ese es su segundo pensamiento. Adem\u00e1s, un 80% est\u00e1 dispuesto o muy dispuesto a cambiar el estilo de vida si as\u00ed ayudara al oc\u00e9ano.<\/p>\n<h2 class=\"article-text\">Dependencia el mar<\/h2>\n<p class=\"article-text\">La preservaci\u00f3n de los ecosistemas marinos es una cuesti\u00f3n de supervivencia. En Espa\u00f1a, el turismo costero supone el 10% del producto interior bruto. La organizaci\u00f3n Informe Mar Balear di\u00f3 cuenta de c\u00f3mo se ha acelerado la presi\u00f3n humana y tur\u00edstica en esa porci\u00f3n del Mediterr\u00e1neo: entre 2000 y 2024 el incremento de\u00a0<a class=\"link\" href=\"https:\/\/www.informemarbalear.org\/\" target=\"_blank\" rel=\"noopener\" data-mrf-recirculation=\"links-noticia\" data-mrf-link=\"https:\/\/www.informemarbalear.org\/\">afluencia tur\u00edstica ronda las 376.000 personas extra cada a\u00f1o<\/a>. \u201cLa gran presi\u00f3n genera un gran n\u00famero de impactos sobre el medio marino, en buena parte debido al aumento en la producci\u00f3n de residuos y en el consumo de recursos\u201d, concluye el trabajo.<\/p>\n<p class=\"article-text\">M\u00e1s all\u00e1 de las costas, Espa\u00f1a es la principal potencia pesquera de la Uni\u00f3n Europea. Y casi todos los barcos se centran en las aguas espa\u00f1olas. El 89% de la flota faena en el denominado caladero nacional (el mar bajo jurisdicci\u00f3n espa\u00f1ola). La pesca supone alrededor del 1% del PIB, pero en algunas zonas su peso es mucho m\u00e1s relevante y puede sobrepasar el 10%,\u00a0<a class=\"link\" href=\"https:\/\/www.miteco.gob.es\/content\/dam\/miteco\/images\/es\/pae2007_cap2_9_tcm30-185455.pdf\" target=\"_blank\" rel=\"noopener\" data-mrf-recirculation=\"links-noticia\" data-mrf-link=\"https:\/\/www.miteco.gob.es\/content\/dam\/miteco\/images\/es\/pae2007_cap2_9_tcm30-185455.pdf\">seg\u00fan el Ministerio de Agricultura.<\/a>\u00a0Destacan las comunidades de Galicia, Andaluc\u00eda, Pa\u00eds Vasco y Canarias.<\/p>\n<p class=\"article-text\">\u201cEspa\u00f1a es un pa\u00eds mar\u00edtimo\u201d, reflexiona la investigadora de la Universidad Aut\u00f3noma de Barcelona Silvia G\u00f3mez Mestres. \u201cEl v\u00ednculo pasa por las actividades econ\u00f3micas, pero tambi\u00e9n por la conexi\u00f3n con otras actividades. La pesca est\u00e1 clara, pero existe un valor patrimonial, identitario y cultural\u201d.<\/p>\n<p class=\"article-text\">Con m\u00e1s de 20 a\u00f1os de investigaci\u00f3n en las comunidades costeras y pescadoras, G\u00f3mez Mestres explica que \u201ccuando hay m\u00e1s conciencia del valor natural, en este caso el medio marino, y se le une la dimensi\u00f3n humana, ese v\u00ednculo cultural-natural hace que se genere un compromiso de conservaci\u00f3n y fomenta las actitudes pro-ambientales\u201d.<\/p>\n<p class=\"article-text\"><strong>G\u00f3mez Mestres\u00a0<\/strong>y otros investigadores mostraron\u00a0<a class=\"link\" href=\"https:\/\/digital.csic.es\/bitstream\/10261\/391211\/1\/Gomez_et_al_2025.pdf\" target=\"_blank\" rel=\"noopener\" data-mrf-recirculation=\"links-noticia\" data-mrf-link=\"https:\/\/digital.csic.es\/bitstream\/10261\/391211\/1\/Gomez_et_al_2025.pdf\">en un trabajo espec\u00edfico\u00a0<\/a>que\u00a0<strong>el conocimiento \u201cno indica necesariamente una mayor conciencia ambiental,<\/strong>\u00a0mientras que considerar el entorno marino como un patrimonio fomenta la conexi\u00f3n e inspira el compromiso para la conservaci\u00f3n\u201d. De ah\u00ed la importancia de incorporar esta conexi\u00f3n en la gesti\u00f3n de \u00e1reas marinas protegidas.<\/p>\n<blockquote class=\"quote\">\n<div class=\"quote-wrapper\">\n<div class=\"first-quote\"><\/div>\n<p class=\"quote-text\">Cuando hay m\u00e1s conciencia del valor natural, en este caso el medio marino, y se le une la dimensi\u00f3n humana, ese v\u00ednculo cultural-natural hace que se genere un compromiso de conservaci\u00f3n y fomenta las actitudes pro-ambientales<\/p>\n<div class=\"quote-author\"><span class=\"name\">Silvia G\u00f3mez Mestres<\/span>\u00a0\u2014\u00a0Investigadora de la Universidad Aut\u00f3noma de Barcelona<\/div>\n<\/div>\n<\/blockquote>\n<p class=\"article-text\">\u201cQuien es sensible a la naturaleza es m\u00e1s sensible a la cultura y los usos socioecol\u00f3gicos\u201d, responde esta doctora en antropolog\u00eda. \u201cLos elementos culturales pueden producir esa conexi\u00f3n y favorecer los comportamientos ambientales y crear esa cultura oce\u00e1nica en un sector como el tur\u00edstico\u201d, prosigue. \u201cAporta un valor a\u00f1adido m\u00e1s all\u00e1 de solo consumir la naturaleza. Revalorizar\u00eda el sector porque ahora tiene un valor barato, de masas\u201d.<\/p>\n<div id=\"container-after-news-outlook\"><\/div>\n<p class=\"article-text\">En este sentido, Jordi Pag\u00e9s analiza que \u201cunir el conocimiento del medio y de las funciones que nos aporta con una conexi\u00f3n patrimonial y emocional \u2013lo que te hace latir el coraz\u00f3n\u2013 fabrica un instrumento potent\u00edsimo\u201d.<\/p>\n<p class=\"article-text\">En tiempos de una carrera acelerada para obtener recursos del oc\u00e9ano, ahora \u201cse mira el mar con un valor econ\u00f3mico\u201d, cuenta la antrop\u00f3loga. \u201cCuatro meses a todo lo que da para sacar el mayor rendimiento, pero se obvia que existe un l\u00edmite y que pasar ese l\u00edmite lleva a un desastre tambi\u00e9n econ\u00f3mico. La idea es demostrar que integrando estos aspectos culturales, ambientales y sociales se revaloriza y se protege\u201d.<\/p>\n<\/div>\n<\/div>\n<\/div>\n<\/div>\n<p>&nbsp;<\/p>\n<p><em>Ra\u00fal Rej\u00f3n &#8211; elDiarioAR<\/em><\/p>\n","protected":false},"excerpt":{"rendered":"<p>La preservaci\u00f3n de los ecosistemas marinos es una cuesti\u00f3n de supervivencia, advierte la ONU: los investigadores muestran que considerar el entorno marino como un patrimonio fomenta la conexi\u00f3n e inspira el compromiso para la conservaci\u00f3n.<\/p>\n","protected":false},"author":3,"featured_media":120251,"comment_status":"closed","ping_status":"closed","sticky":false,"template":"","format":"standard","meta":{"footnotes":""},"categories":[46],"tags":[],"class_list":["post-120250","post","type-post","status-publish","format-standard","has-post-thumbnail","hentry","category-ciencia-y-tecnologia"],"yoast_head":"<!-- This site is optimized with the Yoast SEO plugin v25.9 - https:\/\/yoast.com\/wordpress\/plugins\/seo\/ -->\n<title>El plan de rescate del mar pasa por generar un v\u00ednculo con el oc\u00e9ano : \u201cLa tecnolog\u00eda no nos va a salvar\u201d - Noticias Radio Reflejos<\/title>\n<meta name=\"robots\" content=\"index, follow, max-snippet:-1, max-image-preview:large, max-video-preview:-1\" \/>\n<link rel=\"canonical\" href=\"https:\/\/www.noticiasradioreflejos.com.ar\/2021\/el-plan-de-rescate-del-mar-pasa-por-generar-un-vinculo-con-el-oceano-la-tecnologia-no-nos-va-a-salvar\/\" \/>\n<meta property=\"og:locale\" content=\"es_ES\" \/>\n<meta property=\"og:type\" content=\"article\" \/>\n<meta property=\"og:title\" content=\"El plan de rescate del mar pasa por generar un v\u00ednculo con el oc\u00e9ano : \u201cLa tecnolog\u00eda no nos va a salvar\u201d - Noticias Radio Reflejos\" \/>\n<meta property=\"og:description\" content=\"La preservaci\u00f3n de los ecosistemas marinos es una cuesti\u00f3n de supervivencia, advierte la ONU: los investigadores muestran que considerar el entorno marino como un patrimonio fomenta la conexi\u00f3n e inspira el compromiso para la conservaci\u00f3n.\" \/>\n<meta property=\"og:url\" content=\"https:\/\/www.noticiasradioreflejos.com.ar\/2021\/el-plan-de-rescate-del-mar-pasa-por-generar-un-vinculo-con-el-oceano-la-tecnologia-no-nos-va-a-salvar\/\" \/>\n<meta property=\"og:site_name\" content=\"Noticias Radio Reflejos\" \/>\n<meta property=\"article:published_time\" content=\"2025-06-16T10:50:11+00:00\" \/>\n<meta property=\"og:image\" content=\"https:\/\/www.noticiasradioreflejos.com.ar\/2021\/wp-content\/uploads\/2025\/06\/Mar.jpg\" \/>\n\t<meta property=\"og:image:width\" content=\"1200\" \/>\n\t<meta property=\"og:image:height\" content=\"675\" \/>\n\t<meta property=\"og:image:type\" content=\"image\/jpeg\" \/>\n<meta name=\"author\" content=\"Arnaldo Botto\" \/>\n<meta name=\"twitter:card\" content=\"summary_large_image\" \/>\n<script type=\"application\/ld+json\" class=\"yoast-schema-graph\">{\"@context\":\"https:\/\/schema.org\",\"@graph\":[{\"@type\":\"WebPage\",\"@id\":\"https:\/\/www.noticiasradioreflejos.com.ar\/2021\/el-plan-de-rescate-del-mar-pasa-por-generar-un-vinculo-con-el-oceano-la-tecnologia-no-nos-va-a-salvar\/\",\"url\":\"https:\/\/www.noticiasradioreflejos.com.ar\/2021\/el-plan-de-rescate-del-mar-pasa-por-generar-un-vinculo-con-el-oceano-la-tecnologia-no-nos-va-a-salvar\/\",\"name\":\"El plan de rescate del mar pasa por generar un v\u00ednculo con el oc\u00e9ano : \u201cLa tecnolog\u00eda no nos va a salvar\u201d - Noticias Radio Reflejos\",\"isPartOf\":{\"@id\":\"https:\/\/www.noticiasradioreflejos.com.ar\/2021\/#website\"},\"primaryImageOfPage\":{\"@id\":\"https:\/\/www.noticiasradioreflejos.com.ar\/2021\/el-plan-de-rescate-del-mar-pasa-por-generar-un-vinculo-con-el-oceano-la-tecnologia-no-nos-va-a-salvar\/#primaryimage\"},\"image\":{\"@id\":\"https:\/\/www.noticiasradioreflejos.com.ar\/2021\/el-plan-de-rescate-del-mar-pasa-por-generar-un-vinculo-con-el-oceano-la-tecnologia-no-nos-va-a-salvar\/#primaryimage\"},\"thumbnailUrl\":\"https:\/\/www.noticiasradioreflejos.com.ar\/2021\/wp-content\/uploads\/2025\/06\/Mar.jpg\",\"datePublished\":\"2025-06-16T10:50:11+00:00\",\"author\":{\"@id\":\"https:\/\/www.noticiasradioreflejos.com.ar\/2021\/#\/schema\/person\/ad82545263dcc5ec0996818884fd5fb1\"},\"breadcrumb\":{\"@id\":\"https:\/\/www.noticiasradioreflejos.com.ar\/2021\/el-plan-de-rescate-del-mar-pasa-por-generar-un-vinculo-con-el-oceano-la-tecnologia-no-nos-va-a-salvar\/#breadcrumb\"},\"inLanguage\":\"es\",\"potentialAction\":[{\"@type\":\"ReadAction\",\"target\":[\"https:\/\/www.noticiasradioreflejos.com.ar\/2021\/el-plan-de-rescate-del-mar-pasa-por-generar-un-vinculo-con-el-oceano-la-tecnologia-no-nos-va-a-salvar\/\"]}]},{\"@type\":\"ImageObject\",\"inLanguage\":\"es\",\"@id\":\"https:\/\/www.noticiasradioreflejos.com.ar\/2021\/el-plan-de-rescate-del-mar-pasa-por-generar-un-vinculo-con-el-oceano-la-tecnologia-no-nos-va-a-salvar\/#primaryimage\",\"url\":\"https:\/\/www.noticiasradioreflejos.com.ar\/2021\/wp-content\/uploads\/2025\/06\/Mar.jpg\",\"contentUrl\":\"https:\/\/www.noticiasradioreflejos.com.ar\/2021\/wp-content\/uploads\/2025\/06\/Mar.jpg\",\"width\":1200,\"height\":675},{\"@type\":\"BreadcrumbList\",\"@id\":\"https:\/\/www.noticiasradioreflejos.com.ar\/2021\/el-plan-de-rescate-del-mar-pasa-por-generar-un-vinculo-con-el-oceano-la-tecnologia-no-nos-va-a-salvar\/#breadcrumb\",\"itemListElement\":[{\"@type\":\"ListItem\",\"position\":1,\"name\":\"Portada\",\"item\":\"https:\/\/www.noticiasradioreflejos.com.ar\/2021\/\"},{\"@type\":\"ListItem\",\"position\":2,\"name\":\"El plan de rescate del mar pasa por generar un v\u00ednculo con el oc\u00e9ano : \u201cLa tecnolog\u00eda no nos va a salvar\u201d\"}]},{\"@type\":\"WebSite\",\"@id\":\"https:\/\/www.noticiasradioreflejos.com.ar\/2021\/#website\",\"url\":\"https:\/\/www.noticiasradioreflejos.com.ar\/2021\/\",\"name\":\"Noticias Radio Reflejos\",\"description\":\"Las noticias de mi comarca\",\"potentialAction\":[{\"@type\":\"SearchAction\",\"target\":{\"@type\":\"EntryPoint\",\"urlTemplate\":\"https:\/\/www.noticiasradioreflejos.com.ar\/2021\/?s={search_term_string}\"},\"query-input\":{\"@type\":\"PropertyValueSpecification\",\"valueRequired\":true,\"valueName\":\"search_term_string\"}}],\"inLanguage\":\"es\"},{\"@type\":\"Person\",\"@id\":\"https:\/\/www.noticiasradioreflejos.com.ar\/2021\/#\/schema\/person\/ad82545263dcc5ec0996818884fd5fb1\",\"name\":\"Arnaldo Botto\",\"image\":{\"@type\":\"ImageObject\",\"inLanguage\":\"es\",\"@id\":\"https:\/\/www.noticiasradioreflejos.com.ar\/2021\/#\/schema\/person\/image\/\",\"url\":\"https:\/\/secure.gravatar.com\/avatar\/55cb5e37c1efa326397366e6974cb338056df65cb50e7d64d1cf314e87504837?s=96&d=mm&r=g\",\"contentUrl\":\"https:\/\/secure.gravatar.com\/avatar\/55cb5e37c1efa326397366e6974cb338056df65cb50e7d64d1cf314e87504837?s=96&d=mm&r=g\",\"caption\":\"Arnaldo Botto\"},\"url\":\"https:\/\/www.noticiasradioreflejos.com.ar\/2021\/author\/arnaldo\/\"}]}<\/script>\n<!-- \/ Yoast SEO plugin. -->","yoast_head_json":{"title":"El plan de rescate del mar pasa por generar un v\u00ednculo con el oc\u00e9ano : \u201cLa tecnolog\u00eda no nos va a salvar\u201d - Noticias Radio Reflejos","robots":{"index":"index","follow":"follow","max-snippet":"max-snippet:-1","max-image-preview":"max-image-preview:large","max-video-preview":"max-video-preview:-1"},"canonical":"https:\/\/www.noticiasradioreflejos.com.ar\/2021\/el-plan-de-rescate-del-mar-pasa-por-generar-un-vinculo-con-el-oceano-la-tecnologia-no-nos-va-a-salvar\/","og_locale":"es_ES","og_type":"article","og_title":"El plan de rescate del mar pasa por generar un v\u00ednculo con el oc\u00e9ano : \u201cLa tecnolog\u00eda no nos va a salvar\u201d - Noticias Radio Reflejos","og_description":"La preservaci\u00f3n de los ecosistemas marinos es una cuesti\u00f3n de supervivencia, advierte la ONU: los investigadores muestran que considerar el entorno marino como un patrimonio fomenta la conexi\u00f3n e inspira el compromiso para la conservaci\u00f3n.","og_url":"https:\/\/www.noticiasradioreflejos.com.ar\/2021\/el-plan-de-rescate-del-mar-pasa-por-generar-un-vinculo-con-el-oceano-la-tecnologia-no-nos-va-a-salvar\/","og_site_name":"Noticias Radio Reflejos","article_published_time":"2025-06-16T10:50:11+00:00","og_image":[{"width":1200,"height":675,"url":"https:\/\/www.noticiasradioreflejos.com.ar\/2021\/wp-content\/uploads\/2025\/06\/Mar.jpg","type":"image\/jpeg"}],"author":"Arnaldo Botto","twitter_card":"summary_large_image","schema":{"@context":"https:\/\/schema.org","@graph":[{"@type":"WebPage","@id":"https:\/\/www.noticiasradioreflejos.com.ar\/2021\/el-plan-de-rescate-del-mar-pasa-por-generar-un-vinculo-con-el-oceano-la-tecnologia-no-nos-va-a-salvar\/","url":"https:\/\/www.noticiasradioreflejos.com.ar\/2021\/el-plan-de-rescate-del-mar-pasa-por-generar-un-vinculo-con-el-oceano-la-tecnologia-no-nos-va-a-salvar\/","name":"El plan de rescate del mar pasa por generar un v\u00ednculo con el oc\u00e9ano : \u201cLa tecnolog\u00eda no nos va a salvar\u201d - Noticias Radio Reflejos","isPartOf":{"@id":"https:\/\/www.noticiasradioreflejos.com.ar\/2021\/#website"},"primaryImageOfPage":{"@id":"https:\/\/www.noticiasradioreflejos.com.ar\/2021\/el-plan-de-rescate-del-mar-pasa-por-generar-un-vinculo-con-el-oceano-la-tecnologia-no-nos-va-a-salvar\/#primaryimage"},"image":{"@id":"https:\/\/www.noticiasradioreflejos.com.ar\/2021\/el-plan-de-rescate-del-mar-pasa-por-generar-un-vinculo-con-el-oceano-la-tecnologia-no-nos-va-a-salvar\/#primaryimage"},"thumbnailUrl":"https:\/\/www.noticiasradioreflejos.com.ar\/2021\/wp-content\/uploads\/2025\/06\/Mar.jpg","datePublished":"2025-06-16T10:50:11+00:00","author":{"@id":"https:\/\/www.noticiasradioreflejos.com.ar\/2021\/#\/schema\/person\/ad82545263dcc5ec0996818884fd5fb1"},"breadcrumb":{"@id":"https:\/\/www.noticiasradioreflejos.com.ar\/2021\/el-plan-de-rescate-del-mar-pasa-por-generar-un-vinculo-con-el-oceano-la-tecnologia-no-nos-va-a-salvar\/#breadcrumb"},"inLanguage":"es","potentialAction":[{"@type":"ReadAction","target":["https:\/\/www.noticiasradioreflejos.com.ar\/2021\/el-plan-de-rescate-del-mar-pasa-por-generar-un-vinculo-con-el-oceano-la-tecnologia-no-nos-va-a-salvar\/"]}]},{"@type":"ImageObject","inLanguage":"es","@id":"https:\/\/www.noticiasradioreflejos.com.ar\/2021\/el-plan-de-rescate-del-mar-pasa-por-generar-un-vinculo-con-el-oceano-la-tecnologia-no-nos-va-a-salvar\/#primaryimage","url":"https:\/\/www.noticiasradioreflejos.com.ar\/2021\/wp-content\/uploads\/2025\/06\/Mar.jpg","contentUrl":"https:\/\/www.noticiasradioreflejos.com.ar\/2021\/wp-content\/uploads\/2025\/06\/Mar.jpg","width":1200,"height":675},{"@type":"BreadcrumbList","@id":"https:\/\/www.noticiasradioreflejos.com.ar\/2021\/el-plan-de-rescate-del-mar-pasa-por-generar-un-vinculo-con-el-oceano-la-tecnologia-no-nos-va-a-salvar\/#breadcrumb","itemListElement":[{"@type":"ListItem","position":1,"name":"Portada","item":"https:\/\/www.noticiasradioreflejos.com.ar\/2021\/"},{"@type":"ListItem","position":2,"name":"El plan de rescate del mar pasa por generar un v\u00ednculo con el oc\u00e9ano : \u201cLa tecnolog\u00eda no nos va a salvar\u201d"}]},{"@type":"WebSite","@id":"https:\/\/www.noticiasradioreflejos.com.ar\/2021\/#website","url":"https:\/\/www.noticiasradioreflejos.com.ar\/2021\/","name":"Noticias Radio Reflejos","description":"Las noticias de mi comarca","potentialAction":[{"@type":"SearchAction","target":{"@type":"EntryPoint","urlTemplate":"https:\/\/www.noticiasradioreflejos.com.ar\/2021\/?s={search_term_string}"},"query-input":{"@type":"PropertyValueSpecification","valueRequired":true,"valueName":"search_term_string"}}],"inLanguage":"es"},{"@type":"Person","@id":"https:\/\/www.noticiasradioreflejos.com.ar\/2021\/#\/schema\/person\/ad82545263dcc5ec0996818884fd5fb1","name":"Arnaldo Botto","image":{"@type":"ImageObject","inLanguage":"es","@id":"https:\/\/www.noticiasradioreflejos.com.ar\/2021\/#\/schema\/person\/image\/","url":"https:\/\/secure.gravatar.com\/avatar\/55cb5e37c1efa326397366e6974cb338056df65cb50e7d64d1cf314e87504837?s=96&d=mm&r=g","contentUrl":"https:\/\/secure.gravatar.com\/avatar\/55cb5e37c1efa326397366e6974cb338056df65cb50e7d64d1cf314e87504837?s=96&d=mm&r=g","caption":"Arnaldo Botto"},"url":"https:\/\/www.noticiasradioreflejos.com.ar\/2021\/author\/arnaldo\/"}]}},"_links":{"self":[{"href":"https:\/\/www.noticiasradioreflejos.com.ar\/2021\/wp-json\/wp\/v2\/posts\/120250","targetHints":{"allow":["GET"]}}],"collection":[{"href":"https:\/\/www.noticiasradioreflejos.com.ar\/2021\/wp-json\/wp\/v2\/posts"}],"about":[{"href":"https:\/\/www.noticiasradioreflejos.com.ar\/2021\/wp-json\/wp\/v2\/types\/post"}],"author":[{"embeddable":true,"href":"https:\/\/www.noticiasradioreflejos.com.ar\/2021\/wp-json\/wp\/v2\/users\/3"}],"replies":[{"embeddable":true,"href":"https:\/\/www.noticiasradioreflejos.com.ar\/2021\/wp-json\/wp\/v2\/comments?post=120250"}],"version-history":[{"count":1,"href":"https:\/\/www.noticiasradioreflejos.com.ar\/2021\/wp-json\/wp\/v2\/posts\/120250\/revisions"}],"predecessor-version":[{"id":120252,"href":"https:\/\/www.noticiasradioreflejos.com.ar\/2021\/wp-json\/wp\/v2\/posts\/120250\/revisions\/120252"}],"wp:featuredmedia":[{"embeddable":true,"href":"https:\/\/www.noticiasradioreflejos.com.ar\/2021\/wp-json\/wp\/v2\/media\/120251"}],"wp:attachment":[{"href":"https:\/\/www.noticiasradioreflejos.com.ar\/2021\/wp-json\/wp\/v2\/media?parent=120250"}],"wp:term":[{"taxonomy":"category","embeddable":true,"href":"https:\/\/www.noticiasradioreflejos.com.ar\/2021\/wp-json\/wp\/v2\/categories?post=120250"},{"taxonomy":"post_tag","embeddable":true,"href":"https:\/\/www.noticiasradioreflejos.com.ar\/2021\/wp-json\/wp\/v2\/tags?post=120250"}],"curies":[{"name":"wp","href":"https:\/\/api.w.org\/{rel}","templated":true}]}}