{"id":120247,"date":"2025-06-16T07:44:00","date_gmt":"2025-06-16T10:44:00","guid":{"rendered":"https:\/\/www.noticiasradioreflejos.com.ar\/2021\/?p=120247"},"modified":"2025-06-16T07:44:00","modified_gmt":"2025-06-16T10:44:00","slug":"preocupante-retroceso-las-ventas-por-el-dia-del-padre-cayeron-17-en-2025","status":"publish","type":"post","link":"https:\/\/www.noticiasradioreflejos.com.ar\/2021\/preocupante-retroceso-las-ventas-por-el-dia-del-padre-cayeron-17-en-2025\/","title":{"rendered":"Preocupante retroceso: las ventas por el D\u00eda del Padre cayeron 1,7% en 2025"},"content":{"rendered":"<div id=\"tdi_58\" class=\"tdc-row stretch_row_content_no_space td-stretch-content\">\n<div class=\"vc_row tdi_59  wpb_row td-pb-row\">\n<div class=\"vc_column tdi_61  wpb_column vc_column_container tdc-column td-pb-span12\">\n<div class=\"wpb_wrapper\">\n<div class=\"td_block_wrap tdb_title tdi_63 tdb-single-title td-pb-border-top td_block_template_1\" data-td-block-uid=\"tdi_63\">\n<div class=\"tdb-block-inner td-fix-index\">\n<div>A pesar de promociones y facilidades de pago, el consumo para el D\u00eda del Padre mostr\u00f3 un nuevo descenso interanual. La inflaci\u00f3n y la p\u00e9rdida de poder adquisitivo condicionaron el gasto familiar.<\/div>\n<\/div>\n<\/div>\n<\/div>\n<\/div>\n<\/div>\n<\/div>\n<p><!--more--><\/p>\n<div id=\"tdi_64\" class=\"tdc-row stretch_row_content_no_space td-stretch-content\">\n<div class=\"vc_row tdi_65 td-ss-row wpb_row td-pb-row\">\n<div class=\"vc_column tdi_67  wpb_column vc_column_container tdc-column td-pb-span8\">\n<div class=\"wpb_wrapper\">\n<div class=\"td_block_wrap tdb_single_author tdi_71 td-pb-border-top td_block_template_1 tdb-post-meta\" data-td-block-uid=\"tdi_71\">\n<div><\/div>\n<div class=\"tdb-block-inner td-fix-index\">El D\u00eda del Padre 2025 dej\u00f3 un sabor amargo para el comercio minorista argentino. Seg\u00fan el relevamiento de la <strong>Confederaci\u00f3n Argentina de la Mediana Empresa<a href=\"https:\/\/x.com\/redcame?ref_src=twsrc%5Egoogle%7Ctwcamp%5Eserp%7Ctwgr%5Eauthor\" target=\"_blank\" rel=\"noopener\" data-type=\"link\" data-id=\"https:\/\/x.com\/redcame?ref_src=twsrc%5Egoogle%7Ctwcamp%5Eserp%7Ctwgr%5Eauthor\">\u00a0(CAME)<\/a><\/strong>, las ventas a precios constantes cayeron un 1,7% respecto al mismo per\u00edodo de 2024. Este es el tercer a\u00f1o consecutivo con retracci\u00f3n de consumo en esta fecha clave para los comercios.<\/div>\n<\/div>\n<div class=\"td_block_wrap tdb_single_content tdi_72 td-pb-border-top td_block_template_1 td-post-content tagdiv-type\" data-td-block-uid=\"tdi_72\">\n<div class=\"tdb-block-inner td-fix-index\">\n<p>Las promociones con tarjetas de cr\u00e9dito, los descuentos en efectivo y las ofertas especiales no lograron revertir la prudencia de los consumidores, que priorizaron productos de menor valor y art\u00edculos en promoci\u00f3n. El ticket promedio alcanz\u00f3 los $41.302, cifra que refleja un incremento nominal, pero un retroceso real del 8,9% al descontar la inflaci\u00f3n.<\/p>\n<figure class=\"wp-block-image size-full\"><img loading=\"lazy\" decoding=\"async\" class=\"wp-image-226816 entered td-animation-stack-type0-2 lazyloaded\" title=\"Preocupante retroceso: las ventas por el D\u00eda del Padre cayeron 1,7% en 2025 2\" src=\"https:\/\/www.notaalpie.com.ar\/wp-content\/uploads\/2025\/06\/dia-del-padre-ventas.webp\" sizes=\"auto, (max-width: 1200px) 100vw, 1200px\" srcset=\"https:\/\/www.notaalpie.com.ar\/wp-content\/uploads\/2025\/06\/dia-del-padre-ventas.webp 1200w, https:\/\/www.notaalpie.com.ar\/wp-content\/uploads\/2025\/06\/dia-del-padre-ventas-650x320.webp 650w, https:\/\/www.notaalpie.com.ar\/wp-content\/uploads\/2025\/06\/dia-del-padre-ventas-768x378.webp 768w, https:\/\/www.notaalpie.com.ar\/wp-content\/uploads\/2025\/06\/dia-del-padre-ventas-853x420.webp 853w, https:\/\/www.notaalpie.com.ar\/wp-content\/uploads\/2025\/06\/dia-del-padre-ventas-150x74.webp 150w, https:\/\/www.notaalpie.com.ar\/wp-content\/uploads\/2025\/06\/dia-del-padre-ventas-300x148.webp 300w, https:\/\/www.notaalpie.com.ar\/wp-content\/uploads\/2025\/06\/dia-del-padre-ventas-696x343.webp 696w, https:\/\/www.notaalpie.com.ar\/wp-content\/uploads\/2025\/06\/dia-del-padre-ventas-1068x526.webp 1068w\" alt=\"dia del padre ventas\" width=\"1200\" height=\"591\" data-lazy-srcset=\"https:\/\/www.notaalpie.com.ar\/wp-content\/uploads\/2025\/06\/dia-del-padre-ventas.webp 1200w, https:\/\/www.notaalpie.com.ar\/wp-content\/uploads\/2025\/06\/dia-del-padre-ventas-650x320.webp 650w, https:\/\/www.notaalpie.com.ar\/wp-content\/uploads\/2025\/06\/dia-del-padre-ventas-768x378.webp 768w, https:\/\/www.notaalpie.com.ar\/wp-content\/uploads\/2025\/06\/dia-del-padre-ventas-853x420.webp 853w, https:\/\/www.notaalpie.com.ar\/wp-content\/uploads\/2025\/06\/dia-del-padre-ventas-150x74.webp 150w, https:\/\/www.notaalpie.com.ar\/wp-content\/uploads\/2025\/06\/dia-del-padre-ventas-300x148.webp 300w, https:\/\/www.notaalpie.com.ar\/wp-content\/uploads\/2025\/06\/dia-del-padre-ventas-696x343.webp 696w, https:\/\/www.notaalpie.com.ar\/wp-content\/uploads\/2025\/06\/dia-del-padre-ventas-1068x526.webp 1068w\" data-lazy-sizes=\"(max-width: 1200px) 100vw, 1200px\" data-lazy-src=\"https:\/\/www.notaalpie.com.ar\/wp-content\/uploads\/2025\/06\/dia-del-padre-ventas.webp\" data-ll-status=\"loaded\" \/><\/figure>\n<hr class=\"wp-block-separator has-alpha-channel-opacity is-style-wide\" \/>\n<h3 class=\"wp-block-heading\"><strong>La crisis golpea al consumo familiar<\/strong><\/h3>\n<p>Los datos muestran que la celebraci\u00f3n no impuls\u00f3 significativamente las ventas. Un 58% de los comerciantes consultados afirm\u00f3 que la fecha no modific\u00f3 el nivel de actividad comercial mensual. Adem\u00e1s, la coincidencia con un fin de semana largo habr\u00eda reducido la circulaci\u00f3n en centros de compra, desviando la atenci\u00f3n hacia el turismo y actividades recreativas.<\/p>\n<p>El informe de CAME revela que cuatro de los seis rubros evaluados registraron subas marginales, mientras que dos sectores clave, Indumentaria (-12%) y Librer\u00edas (-8,6%), sufrieron importantes ca\u00eddas.<\/p>\n<h3 class=\"wp-block-heading\"><strong>Rubros con desempe\u00f1o dispar<\/strong><\/h3>\n<ul class=\"wp-block-list\">\n<li><strong>Equipos perif\u00e9ricos y celulares (+9,7%)<\/strong>: Ligeras mejoras impulsadas por accesorios econ\u00f3micos.<\/li>\n<li><strong>Electrodom\u00e9sticos (+5,8%)<\/strong>: Leve repunte con foco en productos de bajo valor.<\/li>\n<li><strong>Cosm\u00e9ticos y perfumer\u00eda (+4,6%)<\/strong>: Crecimiento impulsado por ventas online y combos promocionales.<\/li>\n<li><strong>Calzado y marroquiner\u00eda (+0,6%)<\/strong>: Ventas moderadas, con protagonismo de productos m\u00e1s accesibles.<\/li>\n<li><strong>Indumentaria (-12%)<\/strong>: El rubro m\u00e1s afectado, con fuerte retracci\u00f3n en unidades vendidas.<\/li>\n<li><strong>Librer\u00edas (-8,6%)<\/strong>: Bajo movimiento, con prevalencia de ofertas y consumo medido.<\/li>\n<\/ul>\n<figure class=\"wp-block-image size-full\"><img loading=\"lazy\" decoding=\"async\" class=\"wp-image-226817 entered lazyloaded td-animation-stack-type0-2\" title=\"Preocupante retroceso: las ventas por el D\u00eda del Padre cayeron 1,7% en 2025 3\" src=\"https:\/\/www.notaalpie.com.ar\/wp-content\/uploads\/2025\/06\/El-Indice-de-Ventas-Minoristas-para-el-Dia-del-Padre-elaborado-por-la-Confederacion-Argentina-de-la-Mediana-Empresa-CAME.webp\" sizes=\"auto, (max-width: 1200px) 100vw, 1200px\" srcset=\"https:\/\/www.notaalpie.com.ar\/wp-content\/uploads\/2025\/06\/El-Indice-de-Ventas-Minoristas-para-el-Dia-del-Padre-elaborado-por-la-Confederacion-Argentina-de-la-Mediana-Empresa-CAME.webp 1200w, https:\/\/www.notaalpie.com.ar\/wp-content\/uploads\/2025\/06\/El-Indice-de-Ventas-Minoristas-para-el-Dia-del-Padre-elaborado-por-la-Confederacion-Argentina-de-la-Mediana-Empresa-CAME-650x325.webp 650w, https:\/\/www.notaalpie.com.ar\/wp-content\/uploads\/2025\/06\/El-Indice-de-Ventas-Minoristas-para-el-Dia-del-Padre-elaborado-por-la-Confederacion-Argentina-de-la-Mediana-Empresa-CAME-768x384.webp 768w, https:\/\/www.notaalpie.com.ar\/wp-content\/uploads\/2025\/06\/El-Indice-de-Ventas-Minoristas-para-el-Dia-del-Padre-elaborado-por-la-Confederacion-Argentina-de-la-Mediana-Empresa-CAME-840x420.webp 840w, https:\/\/www.notaalpie.com.ar\/wp-content\/uploads\/2025\/06\/El-Indice-de-Ventas-Minoristas-para-el-Dia-del-Padre-elaborado-por-la-Confederacion-Argentina-de-la-Mediana-Empresa-CAME-150x75.webp 150w, https:\/\/www.notaalpie.com.ar\/wp-content\/uploads\/2025\/06\/El-Indice-de-Ventas-Minoristas-para-el-Dia-del-Padre-elaborado-por-la-Confederacion-Argentina-de-la-Mediana-Empresa-CAME-300x150.webp 300w, https:\/\/www.notaalpie.com.ar\/wp-content\/uploads\/2025\/06\/El-Indice-de-Ventas-Minoristas-para-el-Dia-del-Padre-elaborado-por-la-Confederacion-Argentina-de-la-Mediana-Empresa-CAME-696x348.webp 696w, https:\/\/www.notaalpie.com.ar\/wp-content\/uploads\/2025\/06\/El-Indice-de-Ventas-Minoristas-para-el-Dia-del-Padre-elaborado-por-la-Confederacion-Argentina-de-la-Mediana-Empresa-CAME-1068x534.webp 1068w\" alt=\"El Indice de Ventas Minoristas para el Dia del Padre elaborado por la Confederacion Argentina de la Mediana Empresa CAME\" width=\"1200\" height=\"600\" data-lazy-srcset=\"https:\/\/www.notaalpie.com.ar\/wp-content\/uploads\/2025\/06\/El-Indice-de-Ventas-Minoristas-para-el-Dia-del-Padre-elaborado-por-la-Confederacion-Argentina-de-la-Mediana-Empresa-CAME.webp 1200w, https:\/\/www.notaalpie.com.ar\/wp-content\/uploads\/2025\/06\/El-Indice-de-Ventas-Minoristas-para-el-Dia-del-Padre-elaborado-por-la-Confederacion-Argentina-de-la-Mediana-Empresa-CAME-650x325.webp 650w, https:\/\/www.notaalpie.com.ar\/wp-content\/uploads\/2025\/06\/El-Indice-de-Ventas-Minoristas-para-el-Dia-del-Padre-elaborado-por-la-Confederacion-Argentina-de-la-Mediana-Empresa-CAME-768x384.webp 768w, https:\/\/www.notaalpie.com.ar\/wp-content\/uploads\/2025\/06\/El-Indice-de-Ventas-Minoristas-para-el-Dia-del-Padre-elaborado-por-la-Confederacion-Argentina-de-la-Mediana-Empresa-CAME-840x420.webp 840w, https:\/\/www.notaalpie.com.ar\/wp-content\/uploads\/2025\/06\/El-Indice-de-Ventas-Minoristas-para-el-Dia-del-Padre-elaborado-por-la-Confederacion-Argentina-de-la-Mediana-Empresa-CAME-150x75.webp 150w, https:\/\/www.notaalpie.com.ar\/wp-content\/uploads\/2025\/06\/El-Indice-de-Ventas-Minoristas-para-el-Dia-del-Padre-elaborado-por-la-Confederacion-Argentina-de-la-Mediana-Empresa-CAME-300x150.webp 300w, https:\/\/www.notaalpie.com.ar\/wp-content\/uploads\/2025\/06\/El-Indice-de-Ventas-Minoristas-para-el-Dia-del-Padre-elaborado-por-la-Confederacion-Argentina-de-la-Mediana-Empresa-CAME-696x348.webp 696w, https:\/\/www.notaalpie.com.ar\/wp-content\/uploads\/2025\/06\/El-Indice-de-Ventas-Minoristas-para-el-Dia-del-Padre-elaborado-por-la-Confederacion-Argentina-de-la-Mediana-Empresa-CAME-1068x534.webp 1068w\" data-lazy-sizes=\"(max-width: 1200px) 100vw, 1200px\" data-lazy-src=\"https:\/\/www.notaalpie.com.ar\/wp-content\/uploads\/2025\/06\/El-Indice-de-Ventas-Minoristas-para-el-Dia-del-Padre-elaborado-por-la-Confederacion-Argentina-de-la-Mediana-Empresa-CAME.webp\" data-ll-status=\"loaded\" \/><\/figure>\n<hr class=\"wp-block-separator has-alpha-channel-opacity is-style-wide\" \/>\n<h3 class=\"wp-block-heading\"><strong>Expectativas inciertas para el comercio minorista<\/strong><\/h3>\n<p>El d\u00e9bil resultado del D\u00eda del Padre se suma a una tendencia preocupante para el consumo interno. La inflaci\u00f3n acumulada, la ca\u00edda del salario real y la incertidumbre econ\u00f3mica contin\u00faan debilitando la capacidad de compra de los hogares argentinos.<\/p>\n<p>A pesar de los esfuerzos promocionales de los comercios, los consumidores optaron por el ahorro y el ajuste en sus gastos, postergando compras o eligiendo opciones de menor precio.<\/p>\n<\/div>\n<\/div>\n<\/div>\n<\/div>\n<\/div>\n<\/div>\n<p>&nbsp;<\/p>\n<p><em><strong><a class=\"tdb-author-name\" href=\"https:\/\/www.notaalpie.com.ar\/author\/portalnap\/\">Nota Al Pie<\/a> y CAME<\/strong><\/em><\/p>\n","protected":false},"excerpt":{"rendered":"<p>A pesar de promociones y facilidades de pago, el consumo para el D\u00eda del Padre mostr\u00f3 un nuevo descenso interanual. La inflaci\u00f3n y la p\u00e9rdida de poder adquisitivo condicionaron el gasto familiar.<\/p>\n","protected":false},"author":3,"featured_media":0,"comment_status":"closed","ping_status":"closed","sticky":false,"template":"","format":"standard","meta":{"footnotes":""},"categories":[36],"tags":[],"class_list":["post-120247","post","type-post","status-publish","format-standard","hentry","category-economia"],"yoast_head":"<!-- This site is optimized with the Yoast SEO plugin v25.9 - https:\/\/yoast.com\/wordpress\/plugins\/seo\/ -->\n<title>Preocupante retroceso: las ventas por el D\u00eda del Padre cayeron 1,7% en 2025 - Noticias Radio Reflejos<\/title>\n<meta name=\"robots\" content=\"index, follow, max-snippet:-1, max-image-preview:large, max-video-preview:-1\" \/>\n<link rel=\"canonical\" href=\"https:\/\/www.noticiasradioreflejos.com.ar\/2021\/preocupante-retroceso-las-ventas-por-el-dia-del-padre-cayeron-17-en-2025\/\" \/>\n<meta property=\"og:locale\" content=\"es_ES\" \/>\n<meta property=\"og:type\" content=\"article\" \/>\n<meta property=\"og:title\" content=\"Preocupante retroceso: las ventas por el D\u00eda del Padre cayeron 1,7% en 2025 - Noticias Radio Reflejos\" \/>\n<meta property=\"og:description\" content=\"A pesar de promociones y facilidades de pago, el consumo para el D\u00eda del Padre mostr\u00f3 un nuevo descenso interanual. La inflaci\u00f3n y la p\u00e9rdida de poder adquisitivo condicionaron el gasto familiar.\" \/>\n<meta property=\"og:url\" content=\"https:\/\/www.noticiasradioreflejos.com.ar\/2021\/preocupante-retroceso-las-ventas-por-el-dia-del-padre-cayeron-17-en-2025\/\" \/>\n<meta property=\"og:site_name\" content=\"Noticias Radio Reflejos\" \/>\n<meta property=\"article:published_time\" content=\"2025-06-16T10:44:00+00:00\" \/>\n<meta property=\"og:image\" content=\"https:\/\/www.notaalpie.com.ar\/wp-content\/uploads\/2025\/06\/dia-del-padre-ventas.webp\" \/>\n<meta name=\"author\" content=\"Arnaldo Botto\" \/>\n<meta name=\"twitter:card\" content=\"summary_large_image\" \/>\n<script type=\"application\/ld+json\" class=\"yoast-schema-graph\">{\"@context\":\"https:\/\/schema.org\",\"@graph\":[{\"@type\":\"WebPage\",\"@id\":\"https:\/\/www.noticiasradioreflejos.com.ar\/2021\/preocupante-retroceso-las-ventas-por-el-dia-del-padre-cayeron-17-en-2025\/\",\"url\":\"https:\/\/www.noticiasradioreflejos.com.ar\/2021\/preocupante-retroceso-las-ventas-por-el-dia-del-padre-cayeron-17-en-2025\/\",\"name\":\"Preocupante retroceso: las ventas por el D\u00eda del Padre cayeron 1,7% en 2025 - Noticias Radio Reflejos\",\"isPartOf\":{\"@id\":\"https:\/\/www.noticiasradioreflejos.com.ar\/2021\/#website\"},\"primaryImageOfPage\":{\"@id\":\"https:\/\/www.noticiasradioreflejos.com.ar\/2021\/preocupante-retroceso-las-ventas-por-el-dia-del-padre-cayeron-17-en-2025\/#primaryimage\"},\"image\":{\"@id\":\"https:\/\/www.noticiasradioreflejos.com.ar\/2021\/preocupante-retroceso-las-ventas-por-el-dia-del-padre-cayeron-17-en-2025\/#primaryimage\"},\"thumbnailUrl\":\"https:\/\/www.notaalpie.com.ar\/wp-content\/uploads\/2025\/06\/dia-del-padre-ventas.webp\",\"datePublished\":\"2025-06-16T10:44:00+00:00\",\"author\":{\"@id\":\"https:\/\/www.noticiasradioreflejos.com.ar\/2021\/#\/schema\/person\/ad82545263dcc5ec0996818884fd5fb1\"},\"breadcrumb\":{\"@id\":\"https:\/\/www.noticiasradioreflejos.com.ar\/2021\/preocupante-retroceso-las-ventas-por-el-dia-del-padre-cayeron-17-en-2025\/#breadcrumb\"},\"inLanguage\":\"es\",\"potentialAction\":[{\"@type\":\"ReadAction\",\"target\":[\"https:\/\/www.noticiasradioreflejos.com.ar\/2021\/preocupante-retroceso-las-ventas-por-el-dia-del-padre-cayeron-17-en-2025\/\"]}]},{\"@type\":\"ImageObject\",\"inLanguage\":\"es\",\"@id\":\"https:\/\/www.noticiasradioreflejos.com.ar\/2021\/preocupante-retroceso-las-ventas-por-el-dia-del-padre-cayeron-17-en-2025\/#primaryimage\",\"url\":\"https:\/\/www.notaalpie.com.ar\/wp-content\/uploads\/2025\/06\/dia-del-padre-ventas.webp\",\"contentUrl\":\"https:\/\/www.notaalpie.com.ar\/wp-content\/uploads\/2025\/06\/dia-del-padre-ventas.webp\"},{\"@type\":\"BreadcrumbList\",\"@id\":\"https:\/\/www.noticiasradioreflejos.com.ar\/2021\/preocupante-retroceso-las-ventas-por-el-dia-del-padre-cayeron-17-en-2025\/#breadcrumb\",\"itemListElement\":[{\"@type\":\"ListItem\",\"position\":1,\"name\":\"Portada\",\"item\":\"https:\/\/www.noticiasradioreflejos.com.ar\/2021\/\"},{\"@type\":\"ListItem\",\"position\":2,\"name\":\"Preocupante retroceso: las ventas por el D\u00eda del Padre cayeron 1,7% en 2025\"}]},{\"@type\":\"WebSite\",\"@id\":\"https:\/\/www.noticiasradioreflejos.com.ar\/2021\/#website\",\"url\":\"https:\/\/www.noticiasradioreflejos.com.ar\/2021\/\",\"name\":\"Noticias Radio Reflejos\",\"description\":\"Las noticias de mi comarca\",\"potentialAction\":[{\"@type\":\"SearchAction\",\"target\":{\"@type\":\"EntryPoint\",\"urlTemplate\":\"https:\/\/www.noticiasradioreflejos.com.ar\/2021\/?s={search_term_string}\"},\"query-input\":{\"@type\":\"PropertyValueSpecification\",\"valueRequired\":true,\"valueName\":\"search_term_string\"}}],\"inLanguage\":\"es\"},{\"@type\":\"Person\",\"@id\":\"https:\/\/www.noticiasradioreflejos.com.ar\/2021\/#\/schema\/person\/ad82545263dcc5ec0996818884fd5fb1\",\"name\":\"Arnaldo Botto\",\"image\":{\"@type\":\"ImageObject\",\"inLanguage\":\"es\",\"@id\":\"https:\/\/www.noticiasradioreflejos.com.ar\/2021\/#\/schema\/person\/image\/\",\"url\":\"https:\/\/secure.gravatar.com\/avatar\/55cb5e37c1efa326397366e6974cb338056df65cb50e7d64d1cf314e87504837?s=96&d=mm&r=g\",\"contentUrl\":\"https:\/\/secure.gravatar.com\/avatar\/55cb5e37c1efa326397366e6974cb338056df65cb50e7d64d1cf314e87504837?s=96&d=mm&r=g\",\"caption\":\"Arnaldo Botto\"},\"url\":\"https:\/\/www.noticiasradioreflejos.com.ar\/2021\/author\/arnaldo\/\"}]}<\/script>\n<!-- \/ Yoast SEO plugin. -->","yoast_head_json":{"title":"Preocupante retroceso: las ventas por el D\u00eda del Padre cayeron 1,7% en 2025 - Noticias Radio Reflejos","robots":{"index":"index","follow":"follow","max-snippet":"max-snippet:-1","max-image-preview":"max-image-preview:large","max-video-preview":"max-video-preview:-1"},"canonical":"https:\/\/www.noticiasradioreflejos.com.ar\/2021\/preocupante-retroceso-las-ventas-por-el-dia-del-padre-cayeron-17-en-2025\/","og_locale":"es_ES","og_type":"article","og_title":"Preocupante retroceso: las ventas por el D\u00eda del Padre cayeron 1,7% en 2025 - Noticias Radio Reflejos","og_description":"A pesar de promociones y facilidades de pago, el consumo para el D\u00eda del Padre mostr\u00f3 un nuevo descenso interanual. La inflaci\u00f3n y la p\u00e9rdida de poder adquisitivo condicionaron el gasto familiar.","og_url":"https:\/\/www.noticiasradioreflejos.com.ar\/2021\/preocupante-retroceso-las-ventas-por-el-dia-del-padre-cayeron-17-en-2025\/","og_site_name":"Noticias Radio Reflejos","article_published_time":"2025-06-16T10:44:00+00:00","og_image":[{"url":"https:\/\/www.notaalpie.com.ar\/wp-content\/uploads\/2025\/06\/dia-del-padre-ventas.webp","type":"","width":"","height":""}],"author":"Arnaldo Botto","twitter_card":"summary_large_image","schema":{"@context":"https:\/\/schema.org","@graph":[{"@type":"WebPage","@id":"https:\/\/www.noticiasradioreflejos.com.ar\/2021\/preocupante-retroceso-las-ventas-por-el-dia-del-padre-cayeron-17-en-2025\/","url":"https:\/\/www.noticiasradioreflejos.com.ar\/2021\/preocupante-retroceso-las-ventas-por-el-dia-del-padre-cayeron-17-en-2025\/","name":"Preocupante retroceso: las ventas por el D\u00eda del Padre cayeron 1,7% en 2025 - Noticias Radio Reflejos","isPartOf":{"@id":"https:\/\/www.noticiasradioreflejos.com.ar\/2021\/#website"},"primaryImageOfPage":{"@id":"https:\/\/www.noticiasradioreflejos.com.ar\/2021\/preocupante-retroceso-las-ventas-por-el-dia-del-padre-cayeron-17-en-2025\/#primaryimage"},"image":{"@id":"https:\/\/www.noticiasradioreflejos.com.ar\/2021\/preocupante-retroceso-las-ventas-por-el-dia-del-padre-cayeron-17-en-2025\/#primaryimage"},"thumbnailUrl":"https:\/\/www.notaalpie.com.ar\/wp-content\/uploads\/2025\/06\/dia-del-padre-ventas.webp","datePublished":"2025-06-16T10:44:00+00:00","author":{"@id":"https:\/\/www.noticiasradioreflejos.com.ar\/2021\/#\/schema\/person\/ad82545263dcc5ec0996818884fd5fb1"},"breadcrumb":{"@id":"https:\/\/www.noticiasradioreflejos.com.ar\/2021\/preocupante-retroceso-las-ventas-por-el-dia-del-padre-cayeron-17-en-2025\/#breadcrumb"},"inLanguage":"es","potentialAction":[{"@type":"ReadAction","target":["https:\/\/www.noticiasradioreflejos.com.ar\/2021\/preocupante-retroceso-las-ventas-por-el-dia-del-padre-cayeron-17-en-2025\/"]}]},{"@type":"ImageObject","inLanguage":"es","@id":"https:\/\/www.noticiasradioreflejos.com.ar\/2021\/preocupante-retroceso-las-ventas-por-el-dia-del-padre-cayeron-17-en-2025\/#primaryimage","url":"https:\/\/www.notaalpie.com.ar\/wp-content\/uploads\/2025\/06\/dia-del-padre-ventas.webp","contentUrl":"https:\/\/www.notaalpie.com.ar\/wp-content\/uploads\/2025\/06\/dia-del-padre-ventas.webp"},{"@type":"BreadcrumbList","@id":"https:\/\/www.noticiasradioreflejos.com.ar\/2021\/preocupante-retroceso-las-ventas-por-el-dia-del-padre-cayeron-17-en-2025\/#breadcrumb","itemListElement":[{"@type":"ListItem","position":1,"name":"Portada","item":"https:\/\/www.noticiasradioreflejos.com.ar\/2021\/"},{"@type":"ListItem","position":2,"name":"Preocupante retroceso: las ventas por el D\u00eda del Padre cayeron 1,7% en 2025"}]},{"@type":"WebSite","@id":"https:\/\/www.noticiasradioreflejos.com.ar\/2021\/#website","url":"https:\/\/www.noticiasradioreflejos.com.ar\/2021\/","name":"Noticias Radio Reflejos","description":"Las noticias de mi comarca","potentialAction":[{"@type":"SearchAction","target":{"@type":"EntryPoint","urlTemplate":"https:\/\/www.noticiasradioreflejos.com.ar\/2021\/?s={search_term_string}"},"query-input":{"@type":"PropertyValueSpecification","valueRequired":true,"valueName":"search_term_string"}}],"inLanguage":"es"},{"@type":"Person","@id":"https:\/\/www.noticiasradioreflejos.com.ar\/2021\/#\/schema\/person\/ad82545263dcc5ec0996818884fd5fb1","name":"Arnaldo Botto","image":{"@type":"ImageObject","inLanguage":"es","@id":"https:\/\/www.noticiasradioreflejos.com.ar\/2021\/#\/schema\/person\/image\/","url":"https:\/\/secure.gravatar.com\/avatar\/55cb5e37c1efa326397366e6974cb338056df65cb50e7d64d1cf314e87504837?s=96&d=mm&r=g","contentUrl":"https:\/\/secure.gravatar.com\/avatar\/55cb5e37c1efa326397366e6974cb338056df65cb50e7d64d1cf314e87504837?s=96&d=mm&r=g","caption":"Arnaldo Botto"},"url":"https:\/\/www.noticiasradioreflejos.com.ar\/2021\/author\/arnaldo\/"}]}},"_links":{"self":[{"href":"https:\/\/www.noticiasradioreflejos.com.ar\/2021\/wp-json\/wp\/v2\/posts\/120247","targetHints":{"allow":["GET"]}}],"collection":[{"href":"https:\/\/www.noticiasradioreflejos.com.ar\/2021\/wp-json\/wp\/v2\/posts"}],"about":[{"href":"https:\/\/www.noticiasradioreflejos.com.ar\/2021\/wp-json\/wp\/v2\/types\/post"}],"author":[{"embeddable":true,"href":"https:\/\/www.noticiasradioreflejos.com.ar\/2021\/wp-json\/wp\/v2\/users\/3"}],"replies":[{"embeddable":true,"href":"https:\/\/www.noticiasradioreflejos.com.ar\/2021\/wp-json\/wp\/v2\/comments?post=120247"}],"version-history":[{"count":1,"href":"https:\/\/www.noticiasradioreflejos.com.ar\/2021\/wp-json\/wp\/v2\/posts\/120247\/revisions"}],"predecessor-version":[{"id":120249,"href":"https:\/\/www.noticiasradioreflejos.com.ar\/2021\/wp-json\/wp\/v2\/posts\/120247\/revisions\/120249"}],"wp:attachment":[{"href":"https:\/\/www.noticiasradioreflejos.com.ar\/2021\/wp-json\/wp\/v2\/media?parent=120247"}],"wp:term":[{"taxonomy":"category","embeddable":true,"href":"https:\/\/www.noticiasradioreflejos.com.ar\/2021\/wp-json\/wp\/v2\/categories?post=120247"},{"taxonomy":"post_tag","embeddable":true,"href":"https:\/\/www.noticiasradioreflejos.com.ar\/2021\/wp-json\/wp\/v2\/tags?post=120247"}],"curies":[{"name":"wp","href":"https:\/\/api.w.org\/{rel}","templated":true}]}}