{"id":120180,"date":"2025-06-13T09:06:40","date_gmt":"2025-06-13T12:06:40","guid":{"rendered":"https:\/\/www.noticiasradioreflejos.com.ar\/2021\/?p=120180"},"modified":"2025-06-13T09:06:40","modified_gmt":"2025-06-13T12:06:40","slug":"tos-convulsa-desarrollan-en-el-pais-un-candidato-a-vacuna-de-tercera-generacion","status":"publish","type":"post","link":"https:\/\/www.noticiasradioreflejos.com.ar\/2021\/tos-convulsa-desarrollan-en-el-pais-un-candidato-a-vacuna-de-tercera-generacion\/","title":{"rendered":"Tos convulsa: desarrollan en el pa\u00eds un candidato a vacuna de tercera generaci\u00f3n"},"content":{"rendered":"<p>Impulsada por el grupo que dirige la investigadora del Conicet Daniela Hozbor en la Universidad Nacional de La Plata, la plataforma vacunal \u2013que permitir\u00eda incluso la administraci\u00f3n nasal\u2013 ya fue patentada en Estados Unidos y Brasil. La meta es poder iniciar ensayos cl\u00ednicos con personas.<!--more--><\/p>\n<p>A pesar de que existen dos vacunas seguras y eficaces contra la tos convulsa, tambi\u00e9n conocida como tos ferina, pertussis, coqueluche o \u201ctos de los 100 d\u00edas\u201d<em>,<\/em>\u00a0en las \u00faltimas dos d\u00e9cadas se evidenci\u00f3 un resurgimiento de la patolog\u00eda que va m\u00e1s all\u00e1 de la disminuci\u00f3n en las tasas de vacunaci\u00f3n. Seg\u00fan los expertos, tiene que ver con que la inmunidad conferida por la infecci\u00f3n natural o la vacunaci\u00f3n no dura toda la vida y que las vacunas actuales no protegen contra la transmisi\u00f3n de persona a persona.<\/p>\n<p class=\"article-text\">Guiado por la necesidad de desarrollar formulaciones que resuelvan estas debilidades, un grupo del CONICET en la Universidad Nacional de La Plata (UNLP) present\u00f3 en\u00a0<a class=\"link\" href=\"https:\/\/www.frontiersin.org\/journals\/immunology\/articles\/10.3389\/fimmu.2024.1506638\/full\" target=\"_blank\" rel=\"noopener\" data-mrf-recirculation=\"links-noticia\" data-mrf-link=\"https:\/\/www.frontiersin.org\/journals\/immunology\/articles\/10.3389\/fimmu.2024.1506638\/full\"><em>Frontiers in Immunology<\/em><\/a>\u00a0un nuevo prototipo de vacuna, que alcanz\u00f3 de manera satisfactoria la prueba de concepto en las fases precl\u00ednicas y aguarda ser probada en personas.<\/p>\n<p class=\"article-text\">Despu\u00e9s de ensayar muchas estrategias, el equipo de investigaci\u00f3n logr\u00f3 un gran avance cuando bas\u00f3 la formulaci\u00f3n en ciertas estructuras peque\u00f1as que liberan naturalmente las bacterias y que generan una fuerte respuesta inmune en el receptor: las ves\u00edculas de membrana externa (VME). \u201cEl cambio fue impactante\u201d, asegur\u00f3 a la\u00a0<strong>Agencia CyTA-Leloir<\/strong>\u00a0la doctora en Ciencias Bioqu\u00edmica Daniela Hozbor, directora del laboratorio Vacunas Salud (VacSal) del Instituto de Biotecnolog\u00eda y Biolog\u00eda Molecular de la UNLP CONICET, que es de referencia en coqueluche en el pa\u00eds.<\/p>\n<figure><picture class=\"news-image\"><source srcset=\"https:\/\/static.eldiario.es\/clip\/de6adf31-52e0-4b6c-91e2-52acca5ec68b_16-9-discover-aspect-ratio_50p_0.webp\" type=\"image\/webp\" media=\"(max-width: 576px)\" \/><source srcset=\"https:\/\/static.eldiario.es\/clip\/de6adf31-52e0-4b6c-91e2-52acca5ec68b_16-9-discover-aspect-ratio_50p_0.jpg\" type=\"image\/jpg\" media=\"(max-width: 576px)\" \/><source srcset=\"https:\/\/static.eldiario.es\/clip\/de6adf31-52e0-4b6c-91e2-52acca5ec68b_16-9-discover-aspect-ratio_75p_0.webp\" type=\"image\/webp\" media=\"(max-width: 767px)\" \/><source srcset=\"https:\/\/static.eldiario.es\/clip\/de6adf31-52e0-4b6c-91e2-52acca5ec68b_16-9-discover-aspect-ratio_75p_0.jpg\" type=\"image\/jpg\" media=\"(max-width: 767px)\" \/><source srcset=\"https:\/\/static.eldiario.es\/clip\/de6adf31-52e0-4b6c-91e2-52acca5ec68b_16-9-discover-aspect-ratio_default_0.webp\" type=\"image\/webp\" media=\"(min-width: 768px)\" \/><source srcset=\"https:\/\/static.eldiario.es\/clip\/de6adf31-52e0-4b6c-91e2-52acca5ec68b_16-9-discover-aspect-ratio_default_0.jpg\" type=\"image\/jpg\" media=\"(min-width: 768px)\" \/><source srcset=\"https:\/\/static.eldiario.es\/clip\/de6adf31-52e0-4b6c-91e2-52acca5ec68b_16-9-discover-aspect-ratio_default_0.webp\" type=\"image\/webp\" \/><img decoding=\"async\" class=\"lazy entered loaded\" src=\"https:\/\/static.eldiario.es\/clip\/de6adf31-52e0-4b6c-91e2-52acca5ec68b_16-9-discover-aspect-ratio_default_0.jpg\" alt=\"\" data-src=\"https:\/\/static.eldiario.es\/clip\/de6adf31-52e0-4b6c-91e2-52acca5ec68b_16-9-discover-aspect-ratio_default_0.jpg\" data-ll-status=\"loaded\" \/><\/picture><figcaption class=\"image-footer\"><em><span class=\"title\">Daniela Hozbor dirige el laboratorio Vacunas Salud (VacSal) del Instituto de Biotecnolog\u00eda y Biolog\u00eda Molecular, de la Universidad Nacional de La Plata.<\/span><\/em><\/figcaption><\/figure>\n<p>&nbsp;<\/p>\n<p class=\"article-text\">\u201cLa vacuna que hemos logrado formular y aplicar por la v\u00eda nasal no solamente lleva a una protecci\u00f3n contra la enfermedad severa en modelo animal, sino que tambi\u00e9n permite reducir la colonizaci\u00f3n en las v\u00edas respiratorias superiores y, as\u00ed, disminuir la transmisi\u00f3n de la enfermedad\u201d, resalt\u00f3 Hozbor. La primera autora del estudio publicado es la biotecn\u00f3loga Erika Rudi.<\/p>\n<p class=\"article-text\">Para el estudio, el grupo cient\u00edfico realiz\u00f3 inmunizaciones sist\u00e9micas en animales a trav\u00e9s de distintas v\u00edas. \u201cEn todos los casos, y de manera muy robusta, obtuvimos resultados que muestran a las VME como un excelente candidato vacunal de tercera generaci\u00f3n, que superan las debilidades de las vacunas actuales\u201d, enfatiz\u00f3 Hozbor. Tras patentar la plataforma en Estados Unidos y Brasil, \u201cahora estamos trabajando junto a cient\u00edficos de Brasil e Inglaterra para escalar la producci\u00f3n de estas VME con vistas a la realizaci\u00f3n de ensayos cl\u00ednicos\u201d, dijo.<\/p>\n<p class=\"article-text\"><strong>Amenaza para los m\u00e1s chicos<\/strong><\/p>\n<p class=\"article-text\">La tos convulsa es una enfermedad respiratoria causada por la bacteria\u00a0<em>Bordetella pertussis<\/em>, que se caracteriza por ataques de tos muy violentos, acompa\u00f1ados de apneas e incluso v\u00f3mitos despu\u00e9s de toser. Es muy contagiosa y puede presentar complicaciones como neumon\u00eda y convulsiones. En los ni\u00f1os m\u00e1s chicos puede llegar a provocarles la muerte.<\/p>\n<p class=\"article-text\">Si bien puede afectar a todas las edades, los menores de un a\u00f1o sin el esquema de vacunaci\u00f3n completo para la enfermedad son los m\u00e1s susceptibles. \u201cEn general, el 50% de los beb\u00e9s menores de un a\u00f1o que se infecta necesita atenci\u00f3n m\u00e9dica\u201d, inform\u00f3 Hozbor. La experta mencion\u00f3 que 1 de cada 4 tiene neumon\u00eda, 1 de cada 100 convulsiones, 3 de cada 5 apnea, 1 de cada 300 encefalopat\u00eda y 1 de cada 100, muere. \u201cPor suerte hay vacunas que, aunque pueden mejorarse son seguras y eficaces. Antes de que existieran, la tos convulsa era la primera causa de muerte en los chicos\u201d, enfatiz\u00f3 la especialista.<\/p>\n<p class=\"article-text\">La primera vacuna que se desarroll\u00f3 fue a base de c\u00e9lulas enteras inactivadas (posee la bacteria, pero sin vida ni capacidad de infectar o replicarse) y cambi\u00f3 la epidemiolog\u00eda de la enfermedad, al haber sido aplicada en forma masiva en la poblaci\u00f3n pedi\u00e1trica. Con el tiempo, empezaron a surgir reportes de ciertas reacciones adversas m\u00e1s graves, lo que hizo que mientras la Organizaci\u00f3n Mundial de la Salud (OMS) revisaba la evidencia, se comenzara a desarrollar una vacuna de segunda generaci\u00f3n. As\u00ed surgi\u00f3 la llamada de \u201ccomponentes\u201d o acelular que, en lugar de contener la bacteria entera, s\u00f3lo incorpora sus inmun\u00f3genos (porciones de la bacteria que activan la protecci\u00f3n).<\/p>\n<p class=\"article-text\">En 2015, despu\u00e9s de haber analizado toda la informaci\u00f3n disponible sobre las vacunas, la OMS estableci\u00f3 que ambas formulaciones (tanto las inactivadas como la de componentes o acelular) se pueden emplear en la poblaci\u00f3n pedi\u00e1trica sin ning\u00fan problema. Pero se detect\u00f3 que a medida que se incorporan refuerzos existe un mayor riesgo de reacciones adversas. Entonces, se desaconseja la vacuna de c\u00e9lulas inactivadas para la poblaci\u00f3n de m\u00e1s de 7 a\u00f1os.<\/p>\n<p class=\"article-text\">Hoy en la Argentina el esquema de vacunaci\u00f3n consiste en tres dosis primarias (a los 2,4 y 6 meses), un refuerzo a los 18 meses, otro a los 5 a\u00f1os y otro a los 11. Tambi\u00e9n un refuerzo en las embarazadas y el personal de salud que trabaja con ni\u00f1os peque\u00f1os. En los ni\u00f1os m\u00e1s grandes y en adultos se aplica la de componentes.<\/p>\n<div id=\"container-after-news-outlook\"><\/div>\n<p class=\"article-text\">\u201cM\u00e1s all\u00e1 de que buscamos aumentar la eficacia y efectividad con vacunas m\u00e1s novedosas e innovadoras, es importante resaltar que las que se emplean hoy para controlar la tos convulsa son buenas y hay que usarlas. Si no las tuvi\u00e9ramos, la situaci\u00f3n epidemiol\u00f3gica estar\u00eda completamente alterada, con muchos m\u00e1s casos de los que observamos\u201d, enfatiz\u00f3 Hozbor, a quien le preocupa la ca\u00edda en las tasas de inmunizaci\u00f3n en general que se evidenci\u00f3 despu\u00e9s de la pandemia. \u201cHay que reforzar la idea de que las vacunas son clave para salvar vidas\u201d, apunt\u00f3.<\/p>\n<p class=\"article-text\"><em>Con informaci\u00f3n de Agencia CyTA-Leloir<\/em><\/p>\n<p>&nbsp;<\/p>\n<p>&nbsp;<\/p>\n","protected":false},"excerpt":{"rendered":"<p>Impulsada por el grupo que dirige la investigadora del Conicet Daniela Hozbor en la Universidad Nacional de La Plata, la plataforma vacunal \u2013que permitir\u00eda incluso la administraci\u00f3n nasal\u2013 ya fue patentada en Estados Unidos y Brasil. La meta es poder iniciar ensayos cl\u00ednicos con personas.<\/p>\n","protected":false},"author":3,"featured_media":0,"comment_status":"closed","ping_status":"closed","sticky":false,"template":"","format":"standard","meta":{"footnotes":""},"categories":[46,30],"tags":[],"class_list":["post-120180","post","type-post","status-publish","format-standard","hentry","category-ciencia-y-tecnologia","category-salud"],"yoast_head":"<!-- This site is optimized with the Yoast SEO plugin v25.9 - https:\/\/yoast.com\/wordpress\/plugins\/seo\/ -->\n<title>Tos convulsa: desarrollan en el pa\u00eds un candidato a vacuna de tercera generaci\u00f3n - Noticias Radio Reflejos<\/title>\n<meta name=\"robots\" content=\"index, follow, max-snippet:-1, max-image-preview:large, max-video-preview:-1\" \/>\n<link rel=\"canonical\" href=\"https:\/\/www.noticiasradioreflejos.com.ar\/2021\/tos-convulsa-desarrollan-en-el-pais-un-candidato-a-vacuna-de-tercera-generacion\/\" \/>\n<meta property=\"og:locale\" content=\"es_ES\" \/>\n<meta property=\"og:type\" content=\"article\" \/>\n<meta property=\"og:title\" content=\"Tos convulsa: desarrollan en el pa\u00eds un candidato a vacuna de tercera generaci\u00f3n - Noticias Radio Reflejos\" \/>\n<meta property=\"og:description\" content=\"Impulsada por el grupo que dirige la investigadora del Conicet Daniela Hozbor en la Universidad Nacional de La Plata, la plataforma vacunal \u2013que permitir\u00eda incluso la administraci\u00f3n nasal\u2013 ya fue patentada en Estados Unidos y Brasil. La meta es poder iniciar ensayos cl\u00ednicos con personas.\" \/>\n<meta property=\"og:url\" content=\"https:\/\/www.noticiasradioreflejos.com.ar\/2021\/tos-convulsa-desarrollan-en-el-pais-un-candidato-a-vacuna-de-tercera-generacion\/\" \/>\n<meta property=\"og:site_name\" content=\"Noticias Radio Reflejos\" \/>\n<meta property=\"article:published_time\" content=\"2025-06-13T12:06:40+00:00\" \/>\n<meta property=\"og:image\" content=\"https:\/\/static.eldiario.es\/clip\/de6adf31-52e0-4b6c-91e2-52acca5ec68b_16-9-discover-aspect-ratio_default_0.jpg\" \/>\n<meta name=\"author\" content=\"Arnaldo Botto\" \/>\n<meta name=\"twitter:card\" content=\"summary_large_image\" \/>\n<script type=\"application\/ld+json\" class=\"yoast-schema-graph\">{\"@context\":\"https:\/\/schema.org\",\"@graph\":[{\"@type\":\"WebPage\",\"@id\":\"https:\/\/www.noticiasradioreflejos.com.ar\/2021\/tos-convulsa-desarrollan-en-el-pais-un-candidato-a-vacuna-de-tercera-generacion\/\",\"url\":\"https:\/\/www.noticiasradioreflejos.com.ar\/2021\/tos-convulsa-desarrollan-en-el-pais-un-candidato-a-vacuna-de-tercera-generacion\/\",\"name\":\"Tos convulsa: desarrollan en el pa\u00eds un candidato a vacuna de tercera generaci\u00f3n - Noticias Radio Reflejos\",\"isPartOf\":{\"@id\":\"https:\/\/www.noticiasradioreflejos.com.ar\/2021\/#website\"},\"primaryImageOfPage\":{\"@id\":\"https:\/\/www.noticiasradioreflejos.com.ar\/2021\/tos-convulsa-desarrollan-en-el-pais-un-candidato-a-vacuna-de-tercera-generacion\/#primaryimage\"},\"image\":{\"@id\":\"https:\/\/www.noticiasradioreflejos.com.ar\/2021\/tos-convulsa-desarrollan-en-el-pais-un-candidato-a-vacuna-de-tercera-generacion\/#primaryimage\"},\"thumbnailUrl\":\"https:\/\/static.eldiario.es\/clip\/de6adf31-52e0-4b6c-91e2-52acca5ec68b_16-9-discover-aspect-ratio_default_0.jpg\",\"datePublished\":\"2025-06-13T12:06:40+00:00\",\"author\":{\"@id\":\"https:\/\/www.noticiasradioreflejos.com.ar\/2021\/#\/schema\/person\/ad82545263dcc5ec0996818884fd5fb1\"},\"breadcrumb\":{\"@id\":\"https:\/\/www.noticiasradioreflejos.com.ar\/2021\/tos-convulsa-desarrollan-en-el-pais-un-candidato-a-vacuna-de-tercera-generacion\/#breadcrumb\"},\"inLanguage\":\"es\",\"potentialAction\":[{\"@type\":\"ReadAction\",\"target\":[\"https:\/\/www.noticiasradioreflejos.com.ar\/2021\/tos-convulsa-desarrollan-en-el-pais-un-candidato-a-vacuna-de-tercera-generacion\/\"]}]},{\"@type\":\"ImageObject\",\"inLanguage\":\"es\",\"@id\":\"https:\/\/www.noticiasradioreflejos.com.ar\/2021\/tos-convulsa-desarrollan-en-el-pais-un-candidato-a-vacuna-de-tercera-generacion\/#primaryimage\",\"url\":\"https:\/\/static.eldiario.es\/clip\/de6adf31-52e0-4b6c-91e2-52acca5ec68b_16-9-discover-aspect-ratio_default_0.jpg\",\"contentUrl\":\"https:\/\/static.eldiario.es\/clip\/de6adf31-52e0-4b6c-91e2-52acca5ec68b_16-9-discover-aspect-ratio_default_0.jpg\"},{\"@type\":\"BreadcrumbList\",\"@id\":\"https:\/\/www.noticiasradioreflejos.com.ar\/2021\/tos-convulsa-desarrollan-en-el-pais-un-candidato-a-vacuna-de-tercera-generacion\/#breadcrumb\",\"itemListElement\":[{\"@type\":\"ListItem\",\"position\":1,\"name\":\"Portada\",\"item\":\"https:\/\/www.noticiasradioreflejos.com.ar\/2021\/\"},{\"@type\":\"ListItem\",\"position\":2,\"name\":\"Tos convulsa: desarrollan en el pa\u00eds un candidato a vacuna de tercera generaci\u00f3n\"}]},{\"@type\":\"WebSite\",\"@id\":\"https:\/\/www.noticiasradioreflejos.com.ar\/2021\/#website\",\"url\":\"https:\/\/www.noticiasradioreflejos.com.ar\/2021\/\",\"name\":\"Noticias Radio Reflejos\",\"description\":\"Las noticias de mi comarca\",\"potentialAction\":[{\"@type\":\"SearchAction\",\"target\":{\"@type\":\"EntryPoint\",\"urlTemplate\":\"https:\/\/www.noticiasradioreflejos.com.ar\/2021\/?s={search_term_string}\"},\"query-input\":{\"@type\":\"PropertyValueSpecification\",\"valueRequired\":true,\"valueName\":\"search_term_string\"}}],\"inLanguage\":\"es\"},{\"@type\":\"Person\",\"@id\":\"https:\/\/www.noticiasradioreflejos.com.ar\/2021\/#\/schema\/person\/ad82545263dcc5ec0996818884fd5fb1\",\"name\":\"Arnaldo Botto\",\"image\":{\"@type\":\"ImageObject\",\"inLanguage\":\"es\",\"@id\":\"https:\/\/www.noticiasradioreflejos.com.ar\/2021\/#\/schema\/person\/image\/\",\"url\":\"https:\/\/secure.gravatar.com\/avatar\/55cb5e37c1efa326397366e6974cb338056df65cb50e7d64d1cf314e87504837?s=96&d=mm&r=g\",\"contentUrl\":\"https:\/\/secure.gravatar.com\/avatar\/55cb5e37c1efa326397366e6974cb338056df65cb50e7d64d1cf314e87504837?s=96&d=mm&r=g\",\"caption\":\"Arnaldo Botto\"},\"url\":\"https:\/\/www.noticiasradioreflejos.com.ar\/2021\/author\/arnaldo\/\"}]}<\/script>\n<!-- \/ Yoast SEO plugin. -->","yoast_head_json":{"title":"Tos convulsa: desarrollan en el pa\u00eds un candidato a vacuna de tercera generaci\u00f3n - Noticias Radio Reflejos","robots":{"index":"index","follow":"follow","max-snippet":"max-snippet:-1","max-image-preview":"max-image-preview:large","max-video-preview":"max-video-preview:-1"},"canonical":"https:\/\/www.noticiasradioreflejos.com.ar\/2021\/tos-convulsa-desarrollan-en-el-pais-un-candidato-a-vacuna-de-tercera-generacion\/","og_locale":"es_ES","og_type":"article","og_title":"Tos convulsa: desarrollan en el pa\u00eds un candidato a vacuna de tercera generaci\u00f3n - Noticias Radio Reflejos","og_description":"Impulsada por el grupo que dirige la investigadora del Conicet Daniela Hozbor en la Universidad Nacional de La Plata, la plataforma vacunal \u2013que permitir\u00eda incluso la administraci\u00f3n nasal\u2013 ya fue patentada en Estados Unidos y Brasil. La meta es poder iniciar ensayos cl\u00ednicos con personas.","og_url":"https:\/\/www.noticiasradioreflejos.com.ar\/2021\/tos-convulsa-desarrollan-en-el-pais-un-candidato-a-vacuna-de-tercera-generacion\/","og_site_name":"Noticias Radio Reflejos","article_published_time":"2025-06-13T12:06:40+00:00","og_image":[{"url":"https:\/\/static.eldiario.es\/clip\/de6adf31-52e0-4b6c-91e2-52acca5ec68b_16-9-discover-aspect-ratio_default_0.jpg","type":"","width":"","height":""}],"author":"Arnaldo Botto","twitter_card":"summary_large_image","schema":{"@context":"https:\/\/schema.org","@graph":[{"@type":"WebPage","@id":"https:\/\/www.noticiasradioreflejos.com.ar\/2021\/tos-convulsa-desarrollan-en-el-pais-un-candidato-a-vacuna-de-tercera-generacion\/","url":"https:\/\/www.noticiasradioreflejos.com.ar\/2021\/tos-convulsa-desarrollan-en-el-pais-un-candidato-a-vacuna-de-tercera-generacion\/","name":"Tos convulsa: desarrollan en el pa\u00eds un candidato a vacuna de tercera generaci\u00f3n - Noticias Radio Reflejos","isPartOf":{"@id":"https:\/\/www.noticiasradioreflejos.com.ar\/2021\/#website"},"primaryImageOfPage":{"@id":"https:\/\/www.noticiasradioreflejos.com.ar\/2021\/tos-convulsa-desarrollan-en-el-pais-un-candidato-a-vacuna-de-tercera-generacion\/#primaryimage"},"image":{"@id":"https:\/\/www.noticiasradioreflejos.com.ar\/2021\/tos-convulsa-desarrollan-en-el-pais-un-candidato-a-vacuna-de-tercera-generacion\/#primaryimage"},"thumbnailUrl":"https:\/\/static.eldiario.es\/clip\/de6adf31-52e0-4b6c-91e2-52acca5ec68b_16-9-discover-aspect-ratio_default_0.jpg","datePublished":"2025-06-13T12:06:40+00:00","author":{"@id":"https:\/\/www.noticiasradioreflejos.com.ar\/2021\/#\/schema\/person\/ad82545263dcc5ec0996818884fd5fb1"},"breadcrumb":{"@id":"https:\/\/www.noticiasradioreflejos.com.ar\/2021\/tos-convulsa-desarrollan-en-el-pais-un-candidato-a-vacuna-de-tercera-generacion\/#breadcrumb"},"inLanguage":"es","potentialAction":[{"@type":"ReadAction","target":["https:\/\/www.noticiasradioreflejos.com.ar\/2021\/tos-convulsa-desarrollan-en-el-pais-un-candidato-a-vacuna-de-tercera-generacion\/"]}]},{"@type":"ImageObject","inLanguage":"es","@id":"https:\/\/www.noticiasradioreflejos.com.ar\/2021\/tos-convulsa-desarrollan-en-el-pais-un-candidato-a-vacuna-de-tercera-generacion\/#primaryimage","url":"https:\/\/static.eldiario.es\/clip\/de6adf31-52e0-4b6c-91e2-52acca5ec68b_16-9-discover-aspect-ratio_default_0.jpg","contentUrl":"https:\/\/static.eldiario.es\/clip\/de6adf31-52e0-4b6c-91e2-52acca5ec68b_16-9-discover-aspect-ratio_default_0.jpg"},{"@type":"BreadcrumbList","@id":"https:\/\/www.noticiasradioreflejos.com.ar\/2021\/tos-convulsa-desarrollan-en-el-pais-un-candidato-a-vacuna-de-tercera-generacion\/#breadcrumb","itemListElement":[{"@type":"ListItem","position":1,"name":"Portada","item":"https:\/\/www.noticiasradioreflejos.com.ar\/2021\/"},{"@type":"ListItem","position":2,"name":"Tos convulsa: desarrollan en el pa\u00eds un candidato a vacuna de tercera generaci\u00f3n"}]},{"@type":"WebSite","@id":"https:\/\/www.noticiasradioreflejos.com.ar\/2021\/#website","url":"https:\/\/www.noticiasradioreflejos.com.ar\/2021\/","name":"Noticias Radio Reflejos","description":"Las noticias de mi comarca","potentialAction":[{"@type":"SearchAction","target":{"@type":"EntryPoint","urlTemplate":"https:\/\/www.noticiasradioreflejos.com.ar\/2021\/?s={search_term_string}"},"query-input":{"@type":"PropertyValueSpecification","valueRequired":true,"valueName":"search_term_string"}}],"inLanguage":"es"},{"@type":"Person","@id":"https:\/\/www.noticiasradioreflejos.com.ar\/2021\/#\/schema\/person\/ad82545263dcc5ec0996818884fd5fb1","name":"Arnaldo Botto","image":{"@type":"ImageObject","inLanguage":"es","@id":"https:\/\/www.noticiasradioreflejos.com.ar\/2021\/#\/schema\/person\/image\/","url":"https:\/\/secure.gravatar.com\/avatar\/55cb5e37c1efa326397366e6974cb338056df65cb50e7d64d1cf314e87504837?s=96&d=mm&r=g","contentUrl":"https:\/\/secure.gravatar.com\/avatar\/55cb5e37c1efa326397366e6974cb338056df65cb50e7d64d1cf314e87504837?s=96&d=mm&r=g","caption":"Arnaldo Botto"},"url":"https:\/\/www.noticiasradioreflejos.com.ar\/2021\/author\/arnaldo\/"}]}},"_links":{"self":[{"href":"https:\/\/www.noticiasradioreflejos.com.ar\/2021\/wp-json\/wp\/v2\/posts\/120180","targetHints":{"allow":["GET"]}}],"collection":[{"href":"https:\/\/www.noticiasradioreflejos.com.ar\/2021\/wp-json\/wp\/v2\/posts"}],"about":[{"href":"https:\/\/www.noticiasradioreflejos.com.ar\/2021\/wp-json\/wp\/v2\/types\/post"}],"author":[{"embeddable":true,"href":"https:\/\/www.noticiasradioreflejos.com.ar\/2021\/wp-json\/wp\/v2\/users\/3"}],"replies":[{"embeddable":true,"href":"https:\/\/www.noticiasradioreflejos.com.ar\/2021\/wp-json\/wp\/v2\/comments?post=120180"}],"version-history":[{"count":1,"href":"https:\/\/www.noticiasradioreflejos.com.ar\/2021\/wp-json\/wp\/v2\/posts\/120180\/revisions"}],"predecessor-version":[{"id":120182,"href":"https:\/\/www.noticiasradioreflejos.com.ar\/2021\/wp-json\/wp\/v2\/posts\/120180\/revisions\/120182"}],"wp:attachment":[{"href":"https:\/\/www.noticiasradioreflejos.com.ar\/2021\/wp-json\/wp\/v2\/media?parent=120180"}],"wp:term":[{"taxonomy":"category","embeddable":true,"href":"https:\/\/www.noticiasradioreflejos.com.ar\/2021\/wp-json\/wp\/v2\/categories?post=120180"},{"taxonomy":"post_tag","embeddable":true,"href":"https:\/\/www.noticiasradioreflejos.com.ar\/2021\/wp-json\/wp\/v2\/tags?post=120180"}],"curies":[{"name":"wp","href":"https:\/\/api.w.org\/{rel}","templated":true}]}}