{"id":120105,"date":"2025-06-12T07:05:15","date_gmt":"2025-06-12T10:05:15","guid":{"rendered":"https:\/\/www.noticiasradioreflejos.com.ar\/2021\/?p=120105"},"modified":"2025-06-12T07:05:15","modified_gmt":"2025-06-12T10:05:15","slug":"anmat-prohibio-la-venta-de-un-aceite-de-oliva-y-una-harina-de-almendras","status":"publish","type":"post","link":"https:\/\/www.noticiasradioreflejos.com.ar\/2021\/anmat-prohibio-la-venta-de-un-aceite-de-oliva-y-una-harina-de-almendras\/","title":{"rendered":"ANMAT prohibi\u00f3 la venta de un aceite de oliva y una harina de almendras"},"content":{"rendered":"<p>Tambi\u00e9n suspendi\u00f3 la comercializaci\u00f3n de todos los productos de una marca de insumos m\u00e9dicos.<!--more--><\/p>\n<p>La Administraci\u00f3n Nacional de Medicamentos, Alimentos y Tecnolog\u00eda M\u00e9dica (ANMAT) orden\u00f3, a trav\u00e9s de una seguidilla de disposiciones, la prohibici\u00f3n de elaborar, fraccionar y comercializar en todo el territorio argentino, una marca de aceite de oliva, de harina de almendras y de insumos para cirug\u00edas.<\/p>\n<p>Las medidas se conocieron a trav\u00e9s de Bolet\u00edn Oficial en las primeras horas de este jueves, cuando el organismo public\u00f3 las disposiciones 3986\/2025, 3987\/2025 y 3990\/2025. En ellas argument\u00f3 que las decisiones se tomaron luego de ejecutar las inspecciones correspondientes, en algunos casos derivadas de denuncias recibidas por el personal del organismo. Asimismo, remarcaron que tampoco se podr\u00e1n realizar ventas en plataformas online.<\/p>\n<p>En el caso del\u00a0<strong>aceite de oliva<\/strong>, la ANMAT especific\u00f3 que se trata de la\u00a0<strong>marca Palestina Oliva<\/strong>, un producto \u201celaborado y envasado en Guaymall\u00e9n, provincia de Mendoza\u201d. La intervenci\u00f3n se inici\u00f3 a partir de una denuncia presentada por un particular ante el Instituto Nacional de Alimentos (INAL), que alert\u00f3 por presuntas irregularidades en las caracter\u00edsticas y autenticidad del art\u00edculo. El reclamo deriv\u00f3 en una investigaci\u00f3n para comprobar el cumplimiento de la normativa alimentaria vigente.<\/p>\n<p>Fue en consecuencia que el Departamento de Vigilancia Sanitaria y Nutricional de los Alimentos del INAL tom\u00f3 la posta del caso y elev\u00f3 las consultas correspondientes a la Direcci\u00f3n de Fiscalizaci\u00f3n, Control y Tecnolog\u00eda Agroindustrial de la provincia en cuesti\u00f3n. A partir de dicho procedimiento, se supo que tanto el Registro Nacional de Establecimiento (RNE) como el Registro Nacional de Productos Alimenticios (RNPA) no figuran en el etiquetado. Los resultados apuntaban a los n\u00fameros 13005489 y 13005138, respectivamente.<\/p>\n<p>A partir de esa informaci\u00f3n, se dio aviso a las autoridades sanitarias de todo el pa\u00eds. En este sentido, concluy\u00f3 en que la marca carece de registros sanitarios y utiliza datos ap\u00f3crifos en el rotulado, lo que lo convierte en un producto ilegal.<\/p>\n<p>En cuanto a la<strong>\u00a0\u201charina de almendras con piel\u201c<\/strong>, la normativa 3987\/2025 emitida por el Gobierno, la sac\u00f3 de circulaci\u00f3n por no contar con registros sanitarios v\u00e1lidos y presentar un etiquetado incorrecto.<\/p>\n<p>Si bien, en el texto se encuentra detallado que la elaboraci\u00f3n era realizada por\u00a0<strong>\u201cHARINA LOLATO<\/strong>, Rivero 433\/435, Avellaneda BsAs, Argentina\u201d, el procedimiento surgi\u00f3 a ra\u00edz de una denuncia que dicha empresa realiz\u00f3 ante el ILAL.<\/p>\n<p>En su declaraci\u00f3n, indic\u00f3 que se estaba comercializando un producto bajo su nombre y direcci\u00f3n, aunque la compa\u00f1\u00eda confirm\u00f3 no elaborarlo ni comercializarlo. Para justificar present\u00f3 la factura de una compra, adem\u00e1s de im\u00e1genes del r\u00f3tulo de su verdadera harina y del producto cuestionado. Este fue el segundo caso por el cual el organismo tom\u00f3 conocimiento y avanz\u00f3 con las indagaciones.<\/p>\n<p>Como parte del proceso de investigaci\u00f3n, el Departamento de Vigilancia Sanitaria y Nutricional de los Alimentos del INAL realiz\u00f3 consultas a la Direcci\u00f3n de Industrias y Productos Alimenticios (DIPA) de la provincia de Buenos Aires. Sin embargo, la consulta confirm\u00f3 que el Registro Nacional de Establecimiento (RNE) declarado en la etiqueta es real y pertenece a Eduardo Ricardo Lolato para la elaboraci\u00f3n de alimentos farin\u00e1ceos, cereales, harinas y derivados, aunque el Registro Nacional de Productos Alimenticios incluido en el producto no existe.<\/p>\n<p>En lo que respecta a los\u00a0<strong>productos m\u00e9dicos identificados con la marca GEIJO Insumos<\/strong>\u00a0para cirug\u00eda, la disposici\u00f3n que proh\u00edbe su producci\u00f3n y distribuci\u00f3n es la 3990\/2025. En ella se establece que la medida alcanza a todos los art\u00edculos que lleven esa denominaci\u00f3n o que declaren provenir de la empresa marcada, hasta tanto obtengan las autorizaciones y registros oficiales requeridos por la normativa vigente.<\/p>\n<p>La decisi\u00f3n de la ANMAT surge tras una inspecci\u00f3n realizada por personal del Departamento de Control de Mercado en el establecimiento CAIMED, ubicado en la Ciudad de Buenos Aires. Durante el relevamiento, los inspectores detectaron en el sector de dep\u00f3sito que faltaba la identificaci\u00f3n que los diferenciaba. Entre los elementos encontrados hab\u00eda una variedad de diferentes tornillos. Ninguno de ellos contaba con datos de lote, fecha de fabricaci\u00f3n o vencimiento, ni informaci\u00f3n sobre importador, fabricante o autorizaci\u00f3n sanitaria.<\/p>\n<p>Por su parte, el responsable del establecimiento manifest\u00f3 no poseer documentaci\u00f3n sobre el origen de los tornillos m\u00e9dicos e indic\u00f3 que se comprometer\u00eda a remitirla posteriormente.<\/p>\n<p>Entre los argumentos mencionados por el organismo, se\u00f1alan la decisi\u00f3n de prohibir tanto su comercializaci\u00f3n como la de cualquier otro art\u00edculo que ostente los n\u00fameros de registro se\u00f1alados responde a la imposibilidad de garantizar la trazabilidad, condiciones de elaboraci\u00f3n, calidad e inocuidad del producto.<\/p>\n<p>Fuente: diario Infobae<\/p>\n","protected":false},"excerpt":{"rendered":"<p>Tambi\u00e9n suspendi\u00f3 la comercializaci\u00f3n de todos los productos de una marca de insumos m\u00e9dicos.<\/p>\n","protected":false},"author":3,"featured_media":120106,"comment_status":"closed","ping_status":"closed","sticky":false,"template":"","format":"standard","meta":{"footnotes":""},"categories":[30,26],"tags":[],"class_list":["post-120105","post","type-post","status-publish","format-standard","has-post-thumbnail","hentry","category-salud","category-sociedad"],"yoast_head":"<!-- This site is optimized with the Yoast SEO plugin v25.9 - https:\/\/yoast.com\/wordpress\/plugins\/seo\/ -->\n<title>ANMAT prohibi\u00f3 la venta de un aceite de oliva y una harina de almendras - Noticias Radio Reflejos<\/title>\n<meta name=\"robots\" content=\"index, follow, max-snippet:-1, max-image-preview:large, max-video-preview:-1\" \/>\n<link rel=\"canonical\" href=\"https:\/\/www.noticiasradioreflejos.com.ar\/2021\/anmat-prohibio-la-venta-de-un-aceite-de-oliva-y-una-harina-de-almendras\/\" \/>\n<meta property=\"og:locale\" content=\"es_ES\" \/>\n<meta property=\"og:type\" content=\"article\" \/>\n<meta property=\"og:title\" content=\"ANMAT prohibi\u00f3 la venta de un aceite de oliva y una harina de almendras - Noticias Radio Reflejos\" \/>\n<meta property=\"og:description\" content=\"Tambi\u00e9n suspendi\u00f3 la comercializaci\u00f3n de todos los productos de una marca de insumos m\u00e9dicos.\" \/>\n<meta property=\"og:url\" content=\"https:\/\/www.noticiasradioreflejos.com.ar\/2021\/anmat-prohibio-la-venta-de-un-aceite-de-oliva-y-una-harina-de-almendras\/\" \/>\n<meta property=\"og:site_name\" content=\"Noticias Radio Reflejos\" \/>\n<meta property=\"article:published_time\" content=\"2025-06-12T10:05:15+00:00\" \/>\n<meta property=\"og:image\" content=\"https:\/\/www.noticiasradioreflejos.com.ar\/2021\/wp-content\/uploads\/2025\/06\/aceite-1.jpg\" \/>\n\t<meta property=\"og:image:width\" content=\"1000\" \/>\n\t<meta property=\"og:image:height\" content=\"562\" \/>\n\t<meta property=\"og:image:type\" content=\"image\/jpeg\" \/>\n<meta name=\"author\" content=\"Arnaldo Botto\" \/>\n<meta name=\"twitter:card\" content=\"summary_large_image\" \/>\n<script type=\"application\/ld+json\" class=\"yoast-schema-graph\">{\"@context\":\"https:\/\/schema.org\",\"@graph\":[{\"@type\":\"WebPage\",\"@id\":\"https:\/\/www.noticiasradioreflejos.com.ar\/2021\/anmat-prohibio-la-venta-de-un-aceite-de-oliva-y-una-harina-de-almendras\/\",\"url\":\"https:\/\/www.noticiasradioreflejos.com.ar\/2021\/anmat-prohibio-la-venta-de-un-aceite-de-oliva-y-una-harina-de-almendras\/\",\"name\":\"ANMAT prohibi\u00f3 la venta de un aceite de oliva y una harina de almendras - Noticias Radio Reflejos\",\"isPartOf\":{\"@id\":\"https:\/\/www.noticiasradioreflejos.com.ar\/2021\/#website\"},\"primaryImageOfPage\":{\"@id\":\"https:\/\/www.noticiasradioreflejos.com.ar\/2021\/anmat-prohibio-la-venta-de-un-aceite-de-oliva-y-una-harina-de-almendras\/#primaryimage\"},\"image\":{\"@id\":\"https:\/\/www.noticiasradioreflejos.com.ar\/2021\/anmat-prohibio-la-venta-de-un-aceite-de-oliva-y-una-harina-de-almendras\/#primaryimage\"},\"thumbnailUrl\":\"https:\/\/www.noticiasradioreflejos.com.ar\/2021\/wp-content\/uploads\/2025\/06\/aceite-1.jpg\",\"datePublished\":\"2025-06-12T10:05:15+00:00\",\"author\":{\"@id\":\"https:\/\/www.noticiasradioreflejos.com.ar\/2021\/#\/schema\/person\/ad82545263dcc5ec0996818884fd5fb1\"},\"breadcrumb\":{\"@id\":\"https:\/\/www.noticiasradioreflejos.com.ar\/2021\/anmat-prohibio-la-venta-de-un-aceite-de-oliva-y-una-harina-de-almendras\/#breadcrumb\"},\"inLanguage\":\"es\",\"potentialAction\":[{\"@type\":\"ReadAction\",\"target\":[\"https:\/\/www.noticiasradioreflejos.com.ar\/2021\/anmat-prohibio-la-venta-de-un-aceite-de-oliva-y-una-harina-de-almendras\/\"]}]},{\"@type\":\"ImageObject\",\"inLanguage\":\"es\",\"@id\":\"https:\/\/www.noticiasradioreflejos.com.ar\/2021\/anmat-prohibio-la-venta-de-un-aceite-de-oliva-y-una-harina-de-almendras\/#primaryimage\",\"url\":\"https:\/\/www.noticiasradioreflejos.com.ar\/2021\/wp-content\/uploads\/2025\/06\/aceite-1.jpg\",\"contentUrl\":\"https:\/\/www.noticiasradioreflejos.com.ar\/2021\/wp-content\/uploads\/2025\/06\/aceite-1.jpg\",\"width\":1000,\"height\":562},{\"@type\":\"BreadcrumbList\",\"@id\":\"https:\/\/www.noticiasradioreflejos.com.ar\/2021\/anmat-prohibio-la-venta-de-un-aceite-de-oliva-y-una-harina-de-almendras\/#breadcrumb\",\"itemListElement\":[{\"@type\":\"ListItem\",\"position\":1,\"name\":\"Portada\",\"item\":\"https:\/\/www.noticiasradioreflejos.com.ar\/2021\/\"},{\"@type\":\"ListItem\",\"position\":2,\"name\":\"ANMAT prohibi\u00f3 la venta de un aceite de oliva y una harina de almendras\"}]},{\"@type\":\"WebSite\",\"@id\":\"https:\/\/www.noticiasradioreflejos.com.ar\/2021\/#website\",\"url\":\"https:\/\/www.noticiasradioreflejos.com.ar\/2021\/\",\"name\":\"Noticias Radio Reflejos\",\"description\":\"Las noticias de mi comarca\",\"potentialAction\":[{\"@type\":\"SearchAction\",\"target\":{\"@type\":\"EntryPoint\",\"urlTemplate\":\"https:\/\/www.noticiasradioreflejos.com.ar\/2021\/?s={search_term_string}\"},\"query-input\":{\"@type\":\"PropertyValueSpecification\",\"valueRequired\":true,\"valueName\":\"search_term_string\"}}],\"inLanguage\":\"es\"},{\"@type\":\"Person\",\"@id\":\"https:\/\/www.noticiasradioreflejos.com.ar\/2021\/#\/schema\/person\/ad82545263dcc5ec0996818884fd5fb1\",\"name\":\"Arnaldo Botto\",\"image\":{\"@type\":\"ImageObject\",\"inLanguage\":\"es\",\"@id\":\"https:\/\/www.noticiasradioreflejos.com.ar\/2021\/#\/schema\/person\/image\/\",\"url\":\"https:\/\/secure.gravatar.com\/avatar\/55cb5e37c1efa326397366e6974cb338056df65cb50e7d64d1cf314e87504837?s=96&d=mm&r=g\",\"contentUrl\":\"https:\/\/secure.gravatar.com\/avatar\/55cb5e37c1efa326397366e6974cb338056df65cb50e7d64d1cf314e87504837?s=96&d=mm&r=g\",\"caption\":\"Arnaldo Botto\"},\"url\":\"https:\/\/www.noticiasradioreflejos.com.ar\/2021\/author\/arnaldo\/\"}]}<\/script>\n<!-- \/ Yoast SEO plugin. -->","yoast_head_json":{"title":"ANMAT prohibi\u00f3 la venta de un aceite de oliva y una harina de almendras - Noticias Radio Reflejos","robots":{"index":"index","follow":"follow","max-snippet":"max-snippet:-1","max-image-preview":"max-image-preview:large","max-video-preview":"max-video-preview:-1"},"canonical":"https:\/\/www.noticiasradioreflejos.com.ar\/2021\/anmat-prohibio-la-venta-de-un-aceite-de-oliva-y-una-harina-de-almendras\/","og_locale":"es_ES","og_type":"article","og_title":"ANMAT prohibi\u00f3 la venta de un aceite de oliva y una harina de almendras - Noticias Radio Reflejos","og_description":"Tambi\u00e9n suspendi\u00f3 la comercializaci\u00f3n de todos los productos de una marca de insumos m\u00e9dicos.","og_url":"https:\/\/www.noticiasradioreflejos.com.ar\/2021\/anmat-prohibio-la-venta-de-un-aceite-de-oliva-y-una-harina-de-almendras\/","og_site_name":"Noticias Radio Reflejos","article_published_time":"2025-06-12T10:05:15+00:00","og_image":[{"width":1000,"height":562,"url":"https:\/\/www.noticiasradioreflejos.com.ar\/2021\/wp-content\/uploads\/2025\/06\/aceite-1.jpg","type":"image\/jpeg"}],"author":"Arnaldo Botto","twitter_card":"summary_large_image","schema":{"@context":"https:\/\/schema.org","@graph":[{"@type":"WebPage","@id":"https:\/\/www.noticiasradioreflejos.com.ar\/2021\/anmat-prohibio-la-venta-de-un-aceite-de-oliva-y-una-harina-de-almendras\/","url":"https:\/\/www.noticiasradioreflejos.com.ar\/2021\/anmat-prohibio-la-venta-de-un-aceite-de-oliva-y-una-harina-de-almendras\/","name":"ANMAT prohibi\u00f3 la venta de un aceite de oliva y una harina de almendras - Noticias Radio Reflejos","isPartOf":{"@id":"https:\/\/www.noticiasradioreflejos.com.ar\/2021\/#website"},"primaryImageOfPage":{"@id":"https:\/\/www.noticiasradioreflejos.com.ar\/2021\/anmat-prohibio-la-venta-de-un-aceite-de-oliva-y-una-harina-de-almendras\/#primaryimage"},"image":{"@id":"https:\/\/www.noticiasradioreflejos.com.ar\/2021\/anmat-prohibio-la-venta-de-un-aceite-de-oliva-y-una-harina-de-almendras\/#primaryimage"},"thumbnailUrl":"https:\/\/www.noticiasradioreflejos.com.ar\/2021\/wp-content\/uploads\/2025\/06\/aceite-1.jpg","datePublished":"2025-06-12T10:05:15+00:00","author":{"@id":"https:\/\/www.noticiasradioreflejos.com.ar\/2021\/#\/schema\/person\/ad82545263dcc5ec0996818884fd5fb1"},"breadcrumb":{"@id":"https:\/\/www.noticiasradioreflejos.com.ar\/2021\/anmat-prohibio-la-venta-de-un-aceite-de-oliva-y-una-harina-de-almendras\/#breadcrumb"},"inLanguage":"es","potentialAction":[{"@type":"ReadAction","target":["https:\/\/www.noticiasradioreflejos.com.ar\/2021\/anmat-prohibio-la-venta-de-un-aceite-de-oliva-y-una-harina-de-almendras\/"]}]},{"@type":"ImageObject","inLanguage":"es","@id":"https:\/\/www.noticiasradioreflejos.com.ar\/2021\/anmat-prohibio-la-venta-de-un-aceite-de-oliva-y-una-harina-de-almendras\/#primaryimage","url":"https:\/\/www.noticiasradioreflejos.com.ar\/2021\/wp-content\/uploads\/2025\/06\/aceite-1.jpg","contentUrl":"https:\/\/www.noticiasradioreflejos.com.ar\/2021\/wp-content\/uploads\/2025\/06\/aceite-1.jpg","width":1000,"height":562},{"@type":"BreadcrumbList","@id":"https:\/\/www.noticiasradioreflejos.com.ar\/2021\/anmat-prohibio-la-venta-de-un-aceite-de-oliva-y-una-harina-de-almendras\/#breadcrumb","itemListElement":[{"@type":"ListItem","position":1,"name":"Portada","item":"https:\/\/www.noticiasradioreflejos.com.ar\/2021\/"},{"@type":"ListItem","position":2,"name":"ANMAT prohibi\u00f3 la venta de un aceite de oliva y una harina de almendras"}]},{"@type":"WebSite","@id":"https:\/\/www.noticiasradioreflejos.com.ar\/2021\/#website","url":"https:\/\/www.noticiasradioreflejos.com.ar\/2021\/","name":"Noticias Radio Reflejos","description":"Las noticias de mi comarca","potentialAction":[{"@type":"SearchAction","target":{"@type":"EntryPoint","urlTemplate":"https:\/\/www.noticiasradioreflejos.com.ar\/2021\/?s={search_term_string}"},"query-input":{"@type":"PropertyValueSpecification","valueRequired":true,"valueName":"search_term_string"}}],"inLanguage":"es"},{"@type":"Person","@id":"https:\/\/www.noticiasradioreflejos.com.ar\/2021\/#\/schema\/person\/ad82545263dcc5ec0996818884fd5fb1","name":"Arnaldo Botto","image":{"@type":"ImageObject","inLanguage":"es","@id":"https:\/\/www.noticiasradioreflejos.com.ar\/2021\/#\/schema\/person\/image\/","url":"https:\/\/secure.gravatar.com\/avatar\/55cb5e37c1efa326397366e6974cb338056df65cb50e7d64d1cf314e87504837?s=96&d=mm&r=g","contentUrl":"https:\/\/secure.gravatar.com\/avatar\/55cb5e37c1efa326397366e6974cb338056df65cb50e7d64d1cf314e87504837?s=96&d=mm&r=g","caption":"Arnaldo Botto"},"url":"https:\/\/www.noticiasradioreflejos.com.ar\/2021\/author\/arnaldo\/"}]}},"_links":{"self":[{"href":"https:\/\/www.noticiasradioreflejos.com.ar\/2021\/wp-json\/wp\/v2\/posts\/120105","targetHints":{"allow":["GET"]}}],"collection":[{"href":"https:\/\/www.noticiasradioreflejos.com.ar\/2021\/wp-json\/wp\/v2\/posts"}],"about":[{"href":"https:\/\/www.noticiasradioreflejos.com.ar\/2021\/wp-json\/wp\/v2\/types\/post"}],"author":[{"embeddable":true,"href":"https:\/\/www.noticiasradioreflejos.com.ar\/2021\/wp-json\/wp\/v2\/users\/3"}],"replies":[{"embeddable":true,"href":"https:\/\/www.noticiasradioreflejos.com.ar\/2021\/wp-json\/wp\/v2\/comments?post=120105"}],"version-history":[{"count":1,"href":"https:\/\/www.noticiasradioreflejos.com.ar\/2021\/wp-json\/wp\/v2\/posts\/120105\/revisions"}],"predecessor-version":[{"id":120107,"href":"https:\/\/www.noticiasradioreflejos.com.ar\/2021\/wp-json\/wp\/v2\/posts\/120105\/revisions\/120107"}],"wp:featuredmedia":[{"embeddable":true,"href":"https:\/\/www.noticiasradioreflejos.com.ar\/2021\/wp-json\/wp\/v2\/media\/120106"}],"wp:attachment":[{"href":"https:\/\/www.noticiasradioreflejos.com.ar\/2021\/wp-json\/wp\/v2\/media?parent=120105"}],"wp:term":[{"taxonomy":"category","embeddable":true,"href":"https:\/\/www.noticiasradioreflejos.com.ar\/2021\/wp-json\/wp\/v2\/categories?post=120105"},{"taxonomy":"post_tag","embeddable":true,"href":"https:\/\/www.noticiasradioreflejos.com.ar\/2021\/wp-json\/wp\/v2\/tags?post=120105"}],"curies":[{"name":"wp","href":"https:\/\/api.w.org\/{rel}","templated":true}]}}