{"id":119785,"date":"2025-06-05T08:57:12","date_gmt":"2025-06-05T11:57:12","guid":{"rendered":"https:\/\/www.noticiasradioreflejos.com.ar\/2021\/?p=119785"},"modified":"2025-06-05T08:57:12","modified_gmt":"2025-06-05T11:57:12","slug":"crimen-y-suicidio-en-tres-arroyos-el-perfil-en-redes-sociales-de-la-familia","status":"publish","type":"post","link":"https:\/\/www.noticiasradioreflejos.com.ar\/2021\/crimen-y-suicidio-en-tres-arroyos-el-perfil-en-redes-sociales-de-la-familia\/","title":{"rendered":"Crimen y suicidio en Tres Arroyos: el perfil en redes sociales de la familia"},"content":{"rendered":"<p>Fernando Dellarciprete ahorc\u00f3 a su esposa, luego mat\u00f3 a sus hijos de 8 y 4 a\u00f1os y despu\u00e9s se quit\u00f3 la vida.<!--more--><\/p>\n<div class=\"columns\" data-tadevel-template=\"web\/article-columns\">\n<div class=\"column-main\">\n<div class=\"article-body\" data-tadevel-template=\"web\/article-body\">\n<div class=\"article-body-content\">\n<p>La conmoci\u00f3n por el\u00a0<a href=\"https:\/\/noticiasargentinas.com\/sociedad\/un-hombre-mato-a-su-familia-y-luego-se-tiro-debajo-de-un-camion-en-necochea_a6840d22a75363253e1980f0b\"><strong>triple crimen familiar y suicidio en Tres Arroyos<\/strong><\/a>\u00a0contin\u00faa y se dio a conocer el\u00a0<strong>perfil de redes sociales del atacante y de su esposa<\/strong>, a quien ahorc\u00f3, tras lo cual mat\u00f3 a sus dos hijos de 8 y 4 a\u00f1os y despu\u00e9s se quit\u00f3 la vida.<\/p>\n<p>La tr\u00e1gica secuencia que protagoniz\u00f3 el hombre, identificado como\u00a0<strong>Fernando Dellarciprete\u00a0de 40 a\u00f1os<\/strong>, comenz\u00f3 en la vivienda familiar cuando\u00a0<strong>ahorc\u00f3 y mat\u00f3 a su esposa, Roc\u00edo Villarreal (35).<\/strong><\/p>\n<p>Despu\u00e9s de cometer el primer asesinato, el hombre sali\u00f3 de su casa al mando de una camioneta\u00a0Renault Duster<strong>\u00a0<\/strong>y al llegar al\u00a0paraje San Cayetano<strong>\u00a0mat\u00f3 a sus dos hijos, Tiziano y Francesco<\/strong>, y luego<strong>\u00a0se suicid\u00f3 al arrojarse debajo de un cami\u00f3n.<\/strong><\/p>\n<p>La \u00faltima conexi\u00f3n en su cuenta de\u00a0<strong>Facebook<\/strong>\u00a0fue a mediados de abril cuando\u00a0<strong>cambi\u00f3 su foto de portada por una de su familia al estilo \u201cGhibli\u201d.<\/strong><\/p>\n<p>En otras publicaciones tambi\u00e9n se permite ver que era\u00a0<strong>fan\u00e1tico del deporte<\/strong>\u00a0ya que\u00a0<strong>hac\u00eda surf, andaba en cuatriciclo y hasta en bicicleta.<\/strong><\/p>\n<p>Asimismo,\u00a0<strong>se mostraba unido a su familia<\/strong>, con quienes\u00a0<strong>paseaba y se iba de vacaciones<\/strong>.<\/p>\n<p>Respecto al perfil de la v\u00edctima Villareal, su \u00faltima aparici\u00f3n sucedi\u00f3 tambi\u00e9n en abril cuando\u00a0<strong>modific\u00f3 su foto de portada por la de sus hijos al estilo \u201cGhibli\u201d.<\/strong><\/p>\n<p>A comparaci\u00f3n de Dellarciprete, realizaba m\u00e1s publicaciones, pero relacionadas a\u00a0<strong>memes o chistes.<\/strong><\/p>\n<p>La causa, caratulada como<strong>\u00a0homicidio seguido de suicidio,\u00a0<\/strong>qued\u00f3 a cargo de la UFI N\u00famero 3 de la ciudad de Necochea, cuyo personal contin\u00faa trabajando para reconstruir los hechos. En tanto, la UFI N\u00famero 6 de Tres Arroyos inici\u00f3 la investigaci\u00f3n por la muerte de Villarreal.<\/p>\n<\/div>\n<\/div>\n<\/div>\n<\/div>\n","protected":false},"excerpt":{"rendered":"<p>Fernando Dellarciprete ahorc\u00f3 a su esposa, luego mat\u00f3 a sus hijos de 8 y 4 a\u00f1os y despu\u00e9s se quit\u00f3 la vida.<\/p>\n","protected":false},"author":3,"featured_media":0,"comment_status":"closed","ping_status":"closed","sticky":false,"template":"","format":"standard","meta":{"footnotes":""},"categories":[29],"tags":[],"class_list":["post-119785","post","type-post","status-publish","format-standard","hentry","category-policiales"],"yoast_head":"<!-- This site is optimized with the Yoast SEO plugin v25.9 - https:\/\/yoast.com\/wordpress\/plugins\/seo\/ -->\n<title>Crimen y suicidio en Tres Arroyos: el perfil en redes sociales de la familia - Noticias Radio Reflejos<\/title>\n<meta name=\"robots\" content=\"index, follow, max-snippet:-1, max-image-preview:large, max-video-preview:-1\" \/>\n<link rel=\"canonical\" href=\"https:\/\/www.noticiasradioreflejos.com.ar\/2021\/crimen-y-suicidio-en-tres-arroyos-el-perfil-en-redes-sociales-de-la-familia\/\" \/>\n<meta property=\"og:locale\" content=\"es_ES\" \/>\n<meta property=\"og:type\" content=\"article\" \/>\n<meta property=\"og:title\" content=\"Crimen y suicidio en Tres Arroyos: el perfil en redes sociales de la familia - Noticias Radio Reflejos\" \/>\n<meta property=\"og:description\" content=\"Fernando Dellarciprete ahorc\u00f3 a su esposa, luego mat\u00f3 a sus hijos de 8 y 4 a\u00f1os y despu\u00e9s se quit\u00f3 la vida.\" \/>\n<meta property=\"og:url\" content=\"https:\/\/www.noticiasradioreflejos.com.ar\/2021\/crimen-y-suicidio-en-tres-arroyos-el-perfil-en-redes-sociales-de-la-familia\/\" \/>\n<meta property=\"og:site_name\" content=\"Noticias Radio Reflejos\" \/>\n<meta property=\"article:published_time\" content=\"2025-06-05T11:57:12+00:00\" \/>\n<meta property=\"og:image\" content=\"https:\/\/www.noticiasradioreflejos.com.ar\/2021\/wp-content\/uploads\/2021\/07\/logosol300x200.png\" \/>\n\t<meta property=\"og:image:width\" content=\"300\" \/>\n\t<meta property=\"og:image:height\" content=\"200\" \/>\n\t<meta property=\"og:image:type\" content=\"image\/png\" \/>\n<meta name=\"author\" content=\"Arnaldo Botto\" \/>\n<meta name=\"twitter:card\" content=\"summary_large_image\" \/>\n<script type=\"application\/ld+json\" class=\"yoast-schema-graph\">{\"@context\":\"https:\/\/schema.org\",\"@graph\":[{\"@type\":\"WebPage\",\"@id\":\"https:\/\/www.noticiasradioreflejos.com.ar\/2021\/crimen-y-suicidio-en-tres-arroyos-el-perfil-en-redes-sociales-de-la-familia\/\",\"url\":\"https:\/\/www.noticiasradioreflejos.com.ar\/2021\/crimen-y-suicidio-en-tres-arroyos-el-perfil-en-redes-sociales-de-la-familia\/\",\"name\":\"Crimen y suicidio en Tres Arroyos: el perfil en redes sociales de la familia - Noticias Radio Reflejos\",\"isPartOf\":{\"@id\":\"https:\/\/www.noticiasradioreflejos.com.ar\/2021\/#website\"},\"datePublished\":\"2025-06-05T11:57:12+00:00\",\"author\":{\"@id\":\"https:\/\/www.noticiasradioreflejos.com.ar\/2021\/#\/schema\/person\/ad82545263dcc5ec0996818884fd5fb1\"},\"breadcrumb\":{\"@id\":\"https:\/\/www.noticiasradioreflejos.com.ar\/2021\/crimen-y-suicidio-en-tres-arroyos-el-perfil-en-redes-sociales-de-la-familia\/#breadcrumb\"},\"inLanguage\":\"es\",\"potentialAction\":[{\"@type\":\"ReadAction\",\"target\":[\"https:\/\/www.noticiasradioreflejos.com.ar\/2021\/crimen-y-suicidio-en-tres-arroyos-el-perfil-en-redes-sociales-de-la-familia\/\"]}]},{\"@type\":\"BreadcrumbList\",\"@id\":\"https:\/\/www.noticiasradioreflejos.com.ar\/2021\/crimen-y-suicidio-en-tres-arroyos-el-perfil-en-redes-sociales-de-la-familia\/#breadcrumb\",\"itemListElement\":[{\"@type\":\"ListItem\",\"position\":1,\"name\":\"Portada\",\"item\":\"https:\/\/www.noticiasradioreflejos.com.ar\/2021\/\"},{\"@type\":\"ListItem\",\"position\":2,\"name\":\"Crimen y suicidio en Tres Arroyos: el perfil en redes sociales de la familia\"}]},{\"@type\":\"WebSite\",\"@id\":\"https:\/\/www.noticiasradioreflejos.com.ar\/2021\/#website\",\"url\":\"https:\/\/www.noticiasradioreflejos.com.ar\/2021\/\",\"name\":\"Noticias Radio Reflejos\",\"description\":\"Las noticias de mi comarca\",\"potentialAction\":[{\"@type\":\"SearchAction\",\"target\":{\"@type\":\"EntryPoint\",\"urlTemplate\":\"https:\/\/www.noticiasradioreflejos.com.ar\/2021\/?s={search_term_string}\"},\"query-input\":{\"@type\":\"PropertyValueSpecification\",\"valueRequired\":true,\"valueName\":\"search_term_string\"}}],\"inLanguage\":\"es\"},{\"@type\":\"Person\",\"@id\":\"https:\/\/www.noticiasradioreflejos.com.ar\/2021\/#\/schema\/person\/ad82545263dcc5ec0996818884fd5fb1\",\"name\":\"Arnaldo Botto\",\"image\":{\"@type\":\"ImageObject\",\"inLanguage\":\"es\",\"@id\":\"https:\/\/www.noticiasradioreflejos.com.ar\/2021\/#\/schema\/person\/image\/\",\"url\":\"https:\/\/secure.gravatar.com\/avatar\/55cb5e37c1efa326397366e6974cb338056df65cb50e7d64d1cf314e87504837?s=96&d=mm&r=g\",\"contentUrl\":\"https:\/\/secure.gravatar.com\/avatar\/55cb5e37c1efa326397366e6974cb338056df65cb50e7d64d1cf314e87504837?s=96&d=mm&r=g\",\"caption\":\"Arnaldo Botto\"},\"url\":\"https:\/\/www.noticiasradioreflejos.com.ar\/2021\/author\/arnaldo\/\"}]}<\/script>\n<!-- \/ Yoast SEO plugin. -->","yoast_head_json":{"title":"Crimen y suicidio en Tres Arroyos: el perfil en redes sociales de la familia - Noticias Radio Reflejos","robots":{"index":"index","follow":"follow","max-snippet":"max-snippet:-1","max-image-preview":"max-image-preview:large","max-video-preview":"max-video-preview:-1"},"canonical":"https:\/\/www.noticiasradioreflejos.com.ar\/2021\/crimen-y-suicidio-en-tres-arroyos-el-perfil-en-redes-sociales-de-la-familia\/","og_locale":"es_ES","og_type":"article","og_title":"Crimen y suicidio en Tres Arroyos: el perfil en redes sociales de la familia - Noticias Radio Reflejos","og_description":"Fernando Dellarciprete ahorc\u00f3 a su esposa, luego mat\u00f3 a sus hijos de 8 y 4 a\u00f1os y despu\u00e9s se quit\u00f3 la vida.","og_url":"https:\/\/www.noticiasradioreflejos.com.ar\/2021\/crimen-y-suicidio-en-tres-arroyos-el-perfil-en-redes-sociales-de-la-familia\/","og_site_name":"Noticias Radio Reflejos","article_published_time":"2025-06-05T11:57:12+00:00","og_image":[{"width":300,"height":200,"url":"https:\/\/www.noticiasradioreflejos.com.ar\/2021\/wp-content\/uploads\/2021\/07\/logosol300x200.png","type":"image\/png"}],"author":"Arnaldo Botto","twitter_card":"summary_large_image","schema":{"@context":"https:\/\/schema.org","@graph":[{"@type":"WebPage","@id":"https:\/\/www.noticiasradioreflejos.com.ar\/2021\/crimen-y-suicidio-en-tres-arroyos-el-perfil-en-redes-sociales-de-la-familia\/","url":"https:\/\/www.noticiasradioreflejos.com.ar\/2021\/crimen-y-suicidio-en-tres-arroyos-el-perfil-en-redes-sociales-de-la-familia\/","name":"Crimen y suicidio en Tres Arroyos: el perfil en redes sociales de la familia - Noticias Radio Reflejos","isPartOf":{"@id":"https:\/\/www.noticiasradioreflejos.com.ar\/2021\/#website"},"datePublished":"2025-06-05T11:57:12+00:00","author":{"@id":"https:\/\/www.noticiasradioreflejos.com.ar\/2021\/#\/schema\/person\/ad82545263dcc5ec0996818884fd5fb1"},"breadcrumb":{"@id":"https:\/\/www.noticiasradioreflejos.com.ar\/2021\/crimen-y-suicidio-en-tres-arroyos-el-perfil-en-redes-sociales-de-la-familia\/#breadcrumb"},"inLanguage":"es","potentialAction":[{"@type":"ReadAction","target":["https:\/\/www.noticiasradioreflejos.com.ar\/2021\/crimen-y-suicidio-en-tres-arroyos-el-perfil-en-redes-sociales-de-la-familia\/"]}]},{"@type":"BreadcrumbList","@id":"https:\/\/www.noticiasradioreflejos.com.ar\/2021\/crimen-y-suicidio-en-tres-arroyos-el-perfil-en-redes-sociales-de-la-familia\/#breadcrumb","itemListElement":[{"@type":"ListItem","position":1,"name":"Portada","item":"https:\/\/www.noticiasradioreflejos.com.ar\/2021\/"},{"@type":"ListItem","position":2,"name":"Crimen y suicidio en Tres Arroyos: el perfil en redes sociales de la familia"}]},{"@type":"WebSite","@id":"https:\/\/www.noticiasradioreflejos.com.ar\/2021\/#website","url":"https:\/\/www.noticiasradioreflejos.com.ar\/2021\/","name":"Noticias Radio Reflejos","description":"Las noticias de mi comarca","potentialAction":[{"@type":"SearchAction","target":{"@type":"EntryPoint","urlTemplate":"https:\/\/www.noticiasradioreflejos.com.ar\/2021\/?s={search_term_string}"},"query-input":{"@type":"PropertyValueSpecification","valueRequired":true,"valueName":"search_term_string"}}],"inLanguage":"es"},{"@type":"Person","@id":"https:\/\/www.noticiasradioreflejos.com.ar\/2021\/#\/schema\/person\/ad82545263dcc5ec0996818884fd5fb1","name":"Arnaldo Botto","image":{"@type":"ImageObject","inLanguage":"es","@id":"https:\/\/www.noticiasradioreflejos.com.ar\/2021\/#\/schema\/person\/image\/","url":"https:\/\/secure.gravatar.com\/avatar\/55cb5e37c1efa326397366e6974cb338056df65cb50e7d64d1cf314e87504837?s=96&d=mm&r=g","contentUrl":"https:\/\/secure.gravatar.com\/avatar\/55cb5e37c1efa326397366e6974cb338056df65cb50e7d64d1cf314e87504837?s=96&d=mm&r=g","caption":"Arnaldo Botto"},"url":"https:\/\/www.noticiasradioreflejos.com.ar\/2021\/author\/arnaldo\/"}]}},"_links":{"self":[{"href":"https:\/\/www.noticiasradioreflejos.com.ar\/2021\/wp-json\/wp\/v2\/posts\/119785","targetHints":{"allow":["GET"]}}],"collection":[{"href":"https:\/\/www.noticiasradioreflejos.com.ar\/2021\/wp-json\/wp\/v2\/posts"}],"about":[{"href":"https:\/\/www.noticiasradioreflejos.com.ar\/2021\/wp-json\/wp\/v2\/types\/post"}],"author":[{"embeddable":true,"href":"https:\/\/www.noticiasradioreflejos.com.ar\/2021\/wp-json\/wp\/v2\/users\/3"}],"replies":[{"embeddable":true,"href":"https:\/\/www.noticiasradioreflejos.com.ar\/2021\/wp-json\/wp\/v2\/comments?post=119785"}],"version-history":[{"count":1,"href":"https:\/\/www.noticiasradioreflejos.com.ar\/2021\/wp-json\/wp\/v2\/posts\/119785\/revisions"}],"predecessor-version":[{"id":119787,"href":"https:\/\/www.noticiasradioreflejos.com.ar\/2021\/wp-json\/wp\/v2\/posts\/119785\/revisions\/119787"}],"wp:attachment":[{"href":"https:\/\/www.noticiasradioreflejos.com.ar\/2021\/wp-json\/wp\/v2\/media?parent=119785"}],"wp:term":[{"taxonomy":"category","embeddable":true,"href":"https:\/\/www.noticiasradioreflejos.com.ar\/2021\/wp-json\/wp\/v2\/categories?post=119785"},{"taxonomy":"post_tag","embeddable":true,"href":"https:\/\/www.noticiasradioreflejos.com.ar\/2021\/wp-json\/wp\/v2\/tags?post=119785"}],"curies":[{"name":"wp","href":"https:\/\/api.w.org\/{rel}","templated":true}]}}