{"id":119699,"date":"2025-06-04T07:09:41","date_gmt":"2025-06-04T10:09:41","guid":{"rendered":"https:\/\/www.noticiasradioreflejos.com.ar\/2021\/?p=119699"},"modified":"2025-06-04T07:19:18","modified_gmt":"2025-06-04T10:19:18","slug":"insolito-los-anteojos-espia-que-utiliza-patricia-bullrich-los-detalles-del-accesorio-inteligente","status":"publish","type":"post","link":"https:\/\/www.noticiasradioreflejos.com.ar\/2021\/insolito-los-anteojos-espia-que-utiliza-patricia-bullrich-los-detalles-del-accesorio-inteligente\/","title":{"rendered":"\u00a1Ins\u00f3lito! Los anteojos \u00abesp\u00eda\u00bb que utiliza Patricia Bullrich: los detalles del accesorio inteligente"},"content":{"rendered":"<p>Estas\u00a0<strong>gafas<\/strong>, no son solo un accesorio de moda, sino un dispositivo de alta tecnolog\u00eda que gener\u00f3 algunas preocupaciones. Pueden almacenar videos, im\u00e1genes y audios en un espacio de 32GB. Los detalles y las caracter\u00edsticas.<!--more-->La <strong>ministra\u00a0<\/strong>de<strong>\u00a0Seguridad de la Naci\u00f3n<\/strong>,\u00a0<strong>Patricia Bullrich<\/strong>,\u00a0<a href=\"https:\/\/www.rionegro.com.ar\/redes\/la-jueza-del-caso-maradona-sufrio-un-colapso-en-plena-nota-y-protagonizo-un-dramatico-accidente-4155513\/\" target=\"_blank\" rel=\"noreferrer noopener\" data-mrf-link=\"https:\/\/www.rionegro.com.ar\/redes\/la-jueza-del-caso-maradona-sufrio-un-colapso-en-plena-nota-y-protagonizo-un-dramatico-accidente-4155513\/\">gener\u00f3 revuelo tras ser vista\u00a0<\/a>utilizando unos sofisticados\u00a0<strong>lentes inteligentes<\/strong>. Estas\u00a0<strong>gafas<\/strong>, no son solo un accesorio de moda, sino un dispositivo de alta tecnolog\u00eda que gener\u00f3 algunas preocupaciones.<\/p>\n<div class=\"newsfull__body\">\n<div class=\"lazyblock-leer-mas-1lFSVA wp-block-lazyblock-leer-mas\"><\/div>\n<h2 class=\"wp-block-heading\">Cu\u00e1les son los anteojos inteligentes que utiliza Patricia Bullrich<\/h2>\n<hr class=\"wp-block-separator has-alpha-channel-opacity\" \/>\n<p data-mrf-recirculation=\"[Article] Article Paragraph\">Los\u00a0<strong>Ray-Ban Meta Skyler<\/strong>, valuados en aproximadamente<strong>\u00a0500 d\u00f3lares<\/strong>, no son solo un accesorio de moda, sino un dispositivo de alta tecnolog\u00eda que gener\u00f3 preocupaciones por su potencial invasi\u00f3n a la privacidad.<\/p>\n<p data-mrf-recirculation=\"[Article] Article Paragraph\">Seg\u00fan la p\u00e1gina oficial de Meta, los\u00a0<strong>Ray-Ban Meta Skyler<\/strong>\u00a0\u201ccombinan un estilo glamuroso con Meta AI\u201d y ofrecen funciones avanzadas como grabar videos y tomar fotos con una c\u00e1mara ultraamplia de 12 MP, escuchar audios mediante conducci\u00f3n \u00f3sea, realizar llamadas y enviar mensajes sin necesidad de usar el celular.<\/p>\n<p data-mrf-recirculation=\"[Article] Article Paragraph\">Equipados con dos altavoces integrados en las varillas, cinco micr\u00f3fonos a medida y 32 GB de almacenamiento (capaz de guardar m\u00e1s de 500 fotos y 100 videos de 30 segundos), estos lentes tienen una bater\u00eda que dura hasta 36 horas con el estuche cargado y hasta 4 horas con una sola carga. Adem\u00e1s, pueden traducir idiomas en tiempo real, una caracter\u00edstica que, seg\u00fan expertos, podr\u00eda haber facilitado la comunicaci\u00f3n de Bullrich durante su estad\u00eda en Italia.<\/p>\n<p data-mrf-recirculation=\"[Article] Article Paragraph\">La periodista especializada en tecnolog\u00eda Irina Sternik, en di\u00e1logo con Radio 750, explic\u00f3 que estos lentes \u201cpermiten filmar, sacar fotos y escuchar audios por conducci\u00f3n \u00f3sea\u201d, pero advirti\u00f3 sobre los riesgos \u00e9ticos: \u201cLas contras son la privacidad y si una funcionaria puede estar en una comitiva oficial con esto\u201d. El uso de este dispositivo por parte de una figura p\u00fablica como Bullrich, reaviv\u00f3 el debate sobre los l\u00edmites del monitoreo estatal y el respeto por la intimidad.<\/p>\n<p><a title=\"anteojos bullrich espia\" href=\"https:\/\/www.flickr.com\/photos\/182279889@N02\/54567093435\/in\/dateposted-public\/\" data-flickr-embed=\"true\"><img loading=\"lazy\" decoding=\"async\" class=\"aligncenter\" src=\"https:\/\/live.staticflickr.com\/65535\/54567093435_fb5dbd8975_z.jpg\" alt=\"anteojos bullrich espia\" width=\"640\" height=\"325\" \/><\/a><\/p>\n<hr class=\"wp-block-separator has-alpha-channel-opacity\" \/>\n<p data-mrf-recirculation=\"[Article] Article Paragraph\">La pol\u00e9mica se intensific\u00f3 tras conocerse que\u00a0<strong>Mark Zuckerberg<\/strong>, due\u00f1o de Meta, le regal\u00f3 un par de estos lentes a\u00a0<strong>Donald Trump<\/strong>\u00a0en diciembre pasado, aunque el expresidente no fue visto us\u00e1ndolos. En Argentina, las redes sociales y medios como C5N calificaron a los anteojos como \u201cesp\u00edas\u201d.<\/p>\n<p data-mrf-recirculation=\"[Article] Article Paragraph\"><strong>Bullrich<\/strong>, por su parte, defendi\u00f3 su uso en una entrevista con Radio 2 de Rosario, afirmando que los lentes fueron un regalo tra\u00eddo de Estados Unidos y que los usa a diario como si fueran un smartphone: \u201cVoy por la calle hablando, escuchando WhatsApps y hasta llamo sin sacar el tel\u00e9fono\u201d. Incluso revel\u00f3 que utiliza los lentes para comunicarse con el presidente Javier Milei, a quien tiene agendado por su nombre en sus contactos.<\/p>\n<\/div>\n<p data-mrf-recirculation=\"[Article] Article Paragraph\"><strong>Fuente Diario R\u00edo Negro<\/strong><\/p>\n","protected":false},"excerpt":{"rendered":"<p>Estas\u00a0gafas, no son solo un accesorio de moda, sino un dispositivo de alta tecnolog\u00eda que gener\u00f3 algunas preocupaciones. Pueden almacenar videos, im\u00e1genes y audios en un espacio de 32GB. Los detalles y las caracter\u00edsticas.<\/p>\n","protected":false},"author":3,"featured_media":0,"comment_status":"closed","ping_status":"closed","sticky":false,"template":"","format":"standard","meta":{"footnotes":""},"categories":[24],"tags":[],"class_list":["post-119699","post","type-post","status-publish","format-standard","hentry","category-politica"],"yoast_head":"<!-- This site is optimized with the Yoast SEO plugin v25.9 - https:\/\/yoast.com\/wordpress\/plugins\/seo\/ -->\n<title>\u00a1Ins\u00f3lito! Los anteojos \u00abesp\u00eda\u00bb que utiliza Patricia Bullrich: los detalles del accesorio inteligente - Noticias Radio Reflejos<\/title>\n<meta name=\"robots\" content=\"index, follow, max-snippet:-1, max-image-preview:large, max-video-preview:-1\" \/>\n<link rel=\"canonical\" href=\"https:\/\/www.noticiasradioreflejos.com.ar\/2021\/insolito-los-anteojos-espia-que-utiliza-patricia-bullrich-los-detalles-del-accesorio-inteligente\/\" \/>\n<meta property=\"og:locale\" content=\"es_ES\" \/>\n<meta property=\"og:type\" content=\"article\" \/>\n<meta property=\"og:title\" content=\"\u00a1Ins\u00f3lito! Los anteojos \u00abesp\u00eda\u00bb que utiliza Patricia Bullrich: los detalles del accesorio inteligente - Noticias Radio Reflejos\" \/>\n<meta property=\"og:description\" content=\"Estas\u00a0gafas, no son solo un accesorio de moda, sino un dispositivo de alta tecnolog\u00eda que gener\u00f3 algunas preocupaciones. Pueden almacenar videos, im\u00e1genes y audios en un espacio de 32GB. Los detalles y las caracter\u00edsticas.\" \/>\n<meta property=\"og:url\" content=\"https:\/\/www.noticiasradioreflejos.com.ar\/2021\/insolito-los-anteojos-espia-que-utiliza-patricia-bullrich-los-detalles-del-accesorio-inteligente\/\" \/>\n<meta property=\"og:site_name\" content=\"Noticias Radio Reflejos\" \/>\n<meta property=\"article:published_time\" content=\"2025-06-04T10:09:41+00:00\" \/>\n<meta property=\"article:modified_time\" content=\"2025-06-04T10:19:18+00:00\" \/>\n<meta property=\"og:image\" content=\"https:\/\/live.staticflickr.com\/65535\/54567093435_fb5dbd8975_z.jpg\" \/>\n<meta name=\"author\" content=\"Arnaldo Botto\" \/>\n<meta name=\"twitter:card\" content=\"summary_large_image\" \/>\n<script type=\"application\/ld+json\" class=\"yoast-schema-graph\">{\"@context\":\"https:\/\/schema.org\",\"@graph\":[{\"@type\":\"WebPage\",\"@id\":\"https:\/\/www.noticiasradioreflejos.com.ar\/2021\/insolito-los-anteojos-espia-que-utiliza-patricia-bullrich-los-detalles-del-accesorio-inteligente\/\",\"url\":\"https:\/\/www.noticiasradioreflejos.com.ar\/2021\/insolito-los-anteojos-espia-que-utiliza-patricia-bullrich-los-detalles-del-accesorio-inteligente\/\",\"name\":\"\u00a1Ins\u00f3lito! Los anteojos \u00abesp\u00eda\u00bb que utiliza Patricia Bullrich: los detalles del accesorio inteligente - Noticias Radio Reflejos\",\"isPartOf\":{\"@id\":\"https:\/\/www.noticiasradioreflejos.com.ar\/2021\/#website\"},\"primaryImageOfPage\":{\"@id\":\"https:\/\/www.noticiasradioreflejos.com.ar\/2021\/insolito-los-anteojos-espia-que-utiliza-patricia-bullrich-los-detalles-del-accesorio-inteligente\/#primaryimage\"},\"image\":{\"@id\":\"https:\/\/www.noticiasradioreflejos.com.ar\/2021\/insolito-los-anteojos-espia-que-utiliza-patricia-bullrich-los-detalles-del-accesorio-inteligente\/#primaryimage\"},\"thumbnailUrl\":\"https:\/\/live.staticflickr.com\/65535\/54567093435_fb5dbd8975_z.jpg\",\"datePublished\":\"2025-06-04T10:09:41+00:00\",\"dateModified\":\"2025-06-04T10:19:18+00:00\",\"author\":{\"@id\":\"https:\/\/www.noticiasradioreflejos.com.ar\/2021\/#\/schema\/person\/ad82545263dcc5ec0996818884fd5fb1\"},\"breadcrumb\":{\"@id\":\"https:\/\/www.noticiasradioreflejos.com.ar\/2021\/insolito-los-anteojos-espia-que-utiliza-patricia-bullrich-los-detalles-del-accesorio-inteligente\/#breadcrumb\"},\"inLanguage\":\"es\",\"potentialAction\":[{\"@type\":\"ReadAction\",\"target\":[\"https:\/\/www.noticiasradioreflejos.com.ar\/2021\/insolito-los-anteojos-espia-que-utiliza-patricia-bullrich-los-detalles-del-accesorio-inteligente\/\"]}]},{\"@type\":\"ImageObject\",\"inLanguage\":\"es\",\"@id\":\"https:\/\/www.noticiasradioreflejos.com.ar\/2021\/insolito-los-anteojos-espia-que-utiliza-patricia-bullrich-los-detalles-del-accesorio-inteligente\/#primaryimage\",\"url\":\"https:\/\/live.staticflickr.com\/65535\/54567093435_fb5dbd8975_z.jpg\",\"contentUrl\":\"https:\/\/live.staticflickr.com\/65535\/54567093435_fb5dbd8975_z.jpg\"},{\"@type\":\"BreadcrumbList\",\"@id\":\"https:\/\/www.noticiasradioreflejos.com.ar\/2021\/insolito-los-anteojos-espia-que-utiliza-patricia-bullrich-los-detalles-del-accesorio-inteligente\/#breadcrumb\",\"itemListElement\":[{\"@type\":\"ListItem\",\"position\":1,\"name\":\"Portada\",\"item\":\"https:\/\/www.noticiasradioreflejos.com.ar\/2021\/\"},{\"@type\":\"ListItem\",\"position\":2,\"name\":\"\u00a1Ins\u00f3lito! Los anteojos \u00abesp\u00eda\u00bb que utiliza Patricia Bullrich: los detalles del accesorio inteligente\"}]},{\"@type\":\"WebSite\",\"@id\":\"https:\/\/www.noticiasradioreflejos.com.ar\/2021\/#website\",\"url\":\"https:\/\/www.noticiasradioreflejos.com.ar\/2021\/\",\"name\":\"Noticias Radio Reflejos\",\"description\":\"Las noticias de mi comarca\",\"potentialAction\":[{\"@type\":\"SearchAction\",\"target\":{\"@type\":\"EntryPoint\",\"urlTemplate\":\"https:\/\/www.noticiasradioreflejos.com.ar\/2021\/?s={search_term_string}\"},\"query-input\":{\"@type\":\"PropertyValueSpecification\",\"valueRequired\":true,\"valueName\":\"search_term_string\"}}],\"inLanguage\":\"es\"},{\"@type\":\"Person\",\"@id\":\"https:\/\/www.noticiasradioreflejos.com.ar\/2021\/#\/schema\/person\/ad82545263dcc5ec0996818884fd5fb1\",\"name\":\"Arnaldo Botto\",\"image\":{\"@type\":\"ImageObject\",\"inLanguage\":\"es\",\"@id\":\"https:\/\/www.noticiasradioreflejos.com.ar\/2021\/#\/schema\/person\/image\/\",\"url\":\"https:\/\/secure.gravatar.com\/avatar\/55cb5e37c1efa326397366e6974cb338056df65cb50e7d64d1cf314e87504837?s=96&d=mm&r=g\",\"contentUrl\":\"https:\/\/secure.gravatar.com\/avatar\/55cb5e37c1efa326397366e6974cb338056df65cb50e7d64d1cf314e87504837?s=96&d=mm&r=g\",\"caption\":\"Arnaldo Botto\"},\"url\":\"https:\/\/www.noticiasradioreflejos.com.ar\/2021\/author\/arnaldo\/\"}]}<\/script>\n<!-- \/ Yoast SEO plugin. -->","yoast_head_json":{"title":"\u00a1Ins\u00f3lito! Los anteojos \u00abesp\u00eda\u00bb que utiliza Patricia Bullrich: los detalles del accesorio inteligente - Noticias Radio Reflejos","robots":{"index":"index","follow":"follow","max-snippet":"max-snippet:-1","max-image-preview":"max-image-preview:large","max-video-preview":"max-video-preview:-1"},"canonical":"https:\/\/www.noticiasradioreflejos.com.ar\/2021\/insolito-los-anteojos-espia-que-utiliza-patricia-bullrich-los-detalles-del-accesorio-inteligente\/","og_locale":"es_ES","og_type":"article","og_title":"\u00a1Ins\u00f3lito! Los anteojos \u00abesp\u00eda\u00bb que utiliza Patricia Bullrich: los detalles del accesorio inteligente - Noticias Radio Reflejos","og_description":"Estas\u00a0gafas, no son solo un accesorio de moda, sino un dispositivo de alta tecnolog\u00eda que gener\u00f3 algunas preocupaciones. Pueden almacenar videos, im\u00e1genes y audios en un espacio de 32GB. Los detalles y las caracter\u00edsticas.","og_url":"https:\/\/www.noticiasradioreflejos.com.ar\/2021\/insolito-los-anteojos-espia-que-utiliza-patricia-bullrich-los-detalles-del-accesorio-inteligente\/","og_site_name":"Noticias Radio Reflejos","article_published_time":"2025-06-04T10:09:41+00:00","article_modified_time":"2025-06-04T10:19:18+00:00","og_image":[{"url":"https:\/\/live.staticflickr.com\/65535\/54567093435_fb5dbd8975_z.jpg","type":"","width":"","height":""}],"author":"Arnaldo Botto","twitter_card":"summary_large_image","schema":{"@context":"https:\/\/schema.org","@graph":[{"@type":"WebPage","@id":"https:\/\/www.noticiasradioreflejos.com.ar\/2021\/insolito-los-anteojos-espia-que-utiliza-patricia-bullrich-los-detalles-del-accesorio-inteligente\/","url":"https:\/\/www.noticiasradioreflejos.com.ar\/2021\/insolito-los-anteojos-espia-que-utiliza-patricia-bullrich-los-detalles-del-accesorio-inteligente\/","name":"\u00a1Ins\u00f3lito! Los anteojos \u00abesp\u00eda\u00bb que utiliza Patricia Bullrich: los detalles del accesorio inteligente - Noticias Radio Reflejos","isPartOf":{"@id":"https:\/\/www.noticiasradioreflejos.com.ar\/2021\/#website"},"primaryImageOfPage":{"@id":"https:\/\/www.noticiasradioreflejos.com.ar\/2021\/insolito-los-anteojos-espia-que-utiliza-patricia-bullrich-los-detalles-del-accesorio-inteligente\/#primaryimage"},"image":{"@id":"https:\/\/www.noticiasradioreflejos.com.ar\/2021\/insolito-los-anteojos-espia-que-utiliza-patricia-bullrich-los-detalles-del-accesorio-inteligente\/#primaryimage"},"thumbnailUrl":"https:\/\/live.staticflickr.com\/65535\/54567093435_fb5dbd8975_z.jpg","datePublished":"2025-06-04T10:09:41+00:00","dateModified":"2025-06-04T10:19:18+00:00","author":{"@id":"https:\/\/www.noticiasradioreflejos.com.ar\/2021\/#\/schema\/person\/ad82545263dcc5ec0996818884fd5fb1"},"breadcrumb":{"@id":"https:\/\/www.noticiasradioreflejos.com.ar\/2021\/insolito-los-anteojos-espia-que-utiliza-patricia-bullrich-los-detalles-del-accesorio-inteligente\/#breadcrumb"},"inLanguage":"es","potentialAction":[{"@type":"ReadAction","target":["https:\/\/www.noticiasradioreflejos.com.ar\/2021\/insolito-los-anteojos-espia-que-utiliza-patricia-bullrich-los-detalles-del-accesorio-inteligente\/"]}]},{"@type":"ImageObject","inLanguage":"es","@id":"https:\/\/www.noticiasradioreflejos.com.ar\/2021\/insolito-los-anteojos-espia-que-utiliza-patricia-bullrich-los-detalles-del-accesorio-inteligente\/#primaryimage","url":"https:\/\/live.staticflickr.com\/65535\/54567093435_fb5dbd8975_z.jpg","contentUrl":"https:\/\/live.staticflickr.com\/65535\/54567093435_fb5dbd8975_z.jpg"},{"@type":"BreadcrumbList","@id":"https:\/\/www.noticiasradioreflejos.com.ar\/2021\/insolito-los-anteojos-espia-que-utiliza-patricia-bullrich-los-detalles-del-accesorio-inteligente\/#breadcrumb","itemListElement":[{"@type":"ListItem","position":1,"name":"Portada","item":"https:\/\/www.noticiasradioreflejos.com.ar\/2021\/"},{"@type":"ListItem","position":2,"name":"\u00a1Ins\u00f3lito! Los anteojos \u00abesp\u00eda\u00bb que utiliza Patricia Bullrich: los detalles del accesorio inteligente"}]},{"@type":"WebSite","@id":"https:\/\/www.noticiasradioreflejos.com.ar\/2021\/#website","url":"https:\/\/www.noticiasradioreflejos.com.ar\/2021\/","name":"Noticias Radio Reflejos","description":"Las noticias de mi comarca","potentialAction":[{"@type":"SearchAction","target":{"@type":"EntryPoint","urlTemplate":"https:\/\/www.noticiasradioreflejos.com.ar\/2021\/?s={search_term_string}"},"query-input":{"@type":"PropertyValueSpecification","valueRequired":true,"valueName":"search_term_string"}}],"inLanguage":"es"},{"@type":"Person","@id":"https:\/\/www.noticiasradioreflejos.com.ar\/2021\/#\/schema\/person\/ad82545263dcc5ec0996818884fd5fb1","name":"Arnaldo Botto","image":{"@type":"ImageObject","inLanguage":"es","@id":"https:\/\/www.noticiasradioreflejos.com.ar\/2021\/#\/schema\/person\/image\/","url":"https:\/\/secure.gravatar.com\/avatar\/55cb5e37c1efa326397366e6974cb338056df65cb50e7d64d1cf314e87504837?s=96&d=mm&r=g","contentUrl":"https:\/\/secure.gravatar.com\/avatar\/55cb5e37c1efa326397366e6974cb338056df65cb50e7d64d1cf314e87504837?s=96&d=mm&r=g","caption":"Arnaldo Botto"},"url":"https:\/\/www.noticiasradioreflejos.com.ar\/2021\/author\/arnaldo\/"}]}},"_links":{"self":[{"href":"https:\/\/www.noticiasradioreflejos.com.ar\/2021\/wp-json\/wp\/v2\/posts\/119699","targetHints":{"allow":["GET"]}}],"collection":[{"href":"https:\/\/www.noticiasradioreflejos.com.ar\/2021\/wp-json\/wp\/v2\/posts"}],"about":[{"href":"https:\/\/www.noticiasradioreflejos.com.ar\/2021\/wp-json\/wp\/v2\/types\/post"}],"author":[{"embeddable":true,"href":"https:\/\/www.noticiasradioreflejos.com.ar\/2021\/wp-json\/wp\/v2\/users\/3"}],"replies":[{"embeddable":true,"href":"https:\/\/www.noticiasradioreflejos.com.ar\/2021\/wp-json\/wp\/v2\/comments?post=119699"}],"version-history":[{"count":3,"href":"https:\/\/www.noticiasradioreflejos.com.ar\/2021\/wp-json\/wp\/v2\/posts\/119699\/revisions"}],"predecessor-version":[{"id":119707,"href":"https:\/\/www.noticiasradioreflejos.com.ar\/2021\/wp-json\/wp\/v2\/posts\/119699\/revisions\/119707"}],"wp:attachment":[{"href":"https:\/\/www.noticiasradioreflejos.com.ar\/2021\/wp-json\/wp\/v2\/media?parent=119699"}],"wp:term":[{"taxonomy":"category","embeddable":true,"href":"https:\/\/www.noticiasradioreflejos.com.ar\/2021\/wp-json\/wp\/v2\/categories?post=119699"},{"taxonomy":"post_tag","embeddable":true,"href":"https:\/\/www.noticiasradioreflejos.com.ar\/2021\/wp-json\/wp\/v2\/tags?post=119699"}],"curies":[{"name":"wp","href":"https:\/\/api.w.org\/{rel}","templated":true}]}}