{"id":119698,"date":"2025-06-04T07:10:47","date_gmt":"2025-06-04T10:10:47","guid":{"rendered":"https:\/\/www.noticiasradioreflejos.com.ar\/2021\/?p=119698"},"modified":"2025-06-04T07:10:47","modified_gmt":"2025-06-04T10:10:47","slug":"haberes-aumento-y-aguinaldo-cronograma-de-pago-de-anses-en-junio-para-jubilados-pensionados-y-asignaciones","status":"publish","type":"post","link":"https:\/\/www.noticiasradioreflejos.com.ar\/2021\/haberes-aumento-y-aguinaldo-cronograma-de-pago-de-anses-en-junio-para-jubilados-pensionados-y-asignaciones\/","title":{"rendered":"Haberes, aumento y aguinaldo: cronograma de pago de ANSES en junio para jubilados, pensionados, y asignaciones"},"content":{"rendered":"<p>La actualizaci\u00f3n por parte del organismo nacional se efectu\u00f3 mediante la Resoluci\u00f3n 238\/2025 el cual elev\u00f3 los l\u00edmites de ingresos.<!--more-->La Administraci\u00f3n Nacional de la <a href=\"https:\/\/noticiasargentinas.com\/te-puede-interesar\/por-que-deberias-desenchufar-el-cargador-de-la-notebook--riesgo-oculto-y-mas-consumo-de-luz_a68377ad6bdf491978b72c9f5\"><strong>Seguridad\u00a0<\/strong><\/a><a href=\"https:\/\/noticiasargentinas.com\/sociedad\/ataque-con-destornillador-a-un-alumno-en-la-pampa--cinco-adolescentes-involucrados_a683f27fc3c0d36fed49a736b\"><strong>Social\u00a0<\/strong><\/a>(<a href=\"https:\/\/noticiasargentinas.com\/te-puede-interesar\/anses-junio-2025--calendario-de-pagos-para-jubilados--auh--aue--suaf-y-pensiones-no-contributivas_a683df83767cc4e971d2c2a25\"><strong>ANSES<\/strong><\/a>) aprob\u00f3 el<strong>\u00a0aumento del orden 2,78% para las Asignaciones Familiares del Sistema \u00danico de Asignaciones Familiares\u00a0(SUAF)\u00a0y la Asignaci\u00f3n Universal por Hijo\u00a0(AUH) a cobrar\u00a0en\u00a0junio de\u00a0<\/strong><a href=\"https:\/\/noticiasargentinas.com\/te-puede-interesar\/vacaciones-de-invierno-2025--fechas-y-expectativas-turisticas_a67e2e38f5dfed2ba3d82945a\"><strong>2025<\/strong><\/a>. La decisi\u00f3n pol\u00edtica se oficializ\u00f3 quedando asentada en la Resoluci\u00f3n 238\/2025 publicada en el Bolet\u00edn Oficial de la Rep\u00fablica\u00a0<a href=\"https:\/\/noticiasargentinas.com\/\"><strong>Argentina\u00a0<\/strong><\/a>(BORA).<\/p>\n<div class=\"columns\" data-tadevel-template=\"web\/article-columns\">\n<div class=\"column-main\">\n<div class=\"article-body\" data-tadevel-template=\"web\/article-body\">\n<div class=\"article-body-content\">\n<p>El pr\u00f3ximo<strong>\u00a0lunes nueve de junio ANSES comienza a abonar los haberes\u00a0<\/strong>con el aumento. Dicho incremento se calcul\u00f3 en base a la f\u00f3rmula de movilidad cuya referencia es el porcentual de\u00a0<a href=\"https:\/\/noticiasargentinas.com\/economia\/los-salarios-crecieron-93--interanual-y-le-ganaron-a-la-inflacion-por-segundo-mes-seguido--segun-coninagro_a683e0820ec63983cf372ffe6\"><strong>inflaci\u00f3n\u00a0<\/strong><\/a>del mes anterior que publica el Instituto Nacional de Estad\u00edsticas y Censos (<a href=\"https:\/\/noticiasargentinas.com\/economia\/marco-lavagna-salio-a-defender-su-gestion-en-el-indec_a683f14503c0d36fed49914f6\"><strong>INDEC<\/strong><\/a>), por lo que se tom\u00f3 de los datos arrojados en abril.<\/p>\n<p>Tambi\u00e9n,\u00a0<strong>se pagar\u00e1n jubilaciones y pensiones<\/strong>. En este caso,\u00a0<strong>las personas con haberes m\u00ednimos cobrar\u00e1n<\/strong>\u00a0junto al sueldo mensual, el medio\u00a0<a href=\"https:\/\/noticiasargentinas.com\/economia\/cada-vez-mas-municipios-advierten-que-no-podran-pagar-el-aguinaldo-mientras-luis-caputo-les-pide-que-ajusten_a6832c20e01ed0c30cae318ed?srsltid=AfmBOop211Oxppk2vHb3HKHPh0F3ebwM3gH00D8U6sfbiZK4JuG2T5jd\"><strong>aguinaldo\u00a0<\/strong><\/a>correspondiente al mes en curso, m\u00e1s el bono de $70.000\u00a0que ya vienen percibiendo mes a mes. La suma de estos tres componentes robustece el haber jubilatorio para el mes de junio generando un total de ingresos por\u00a0<strong>$527.085,90<\/strong>.<\/p>\n<figure class=\"multimedia\" data-type=\"photo\" data-tadevel-template=\"web\/multimedia\">\n<div class=\"content\">\n<div class=\"sizer\" data-sizer=\"aspect-ratio\" data-tadevel-template=\"web\/aspect-ratio\">\n<div class=\"backdrop\" data-tadevel-template=\"web\/picture\"><\/div>\n<picture data-tadevel-template=\"web\/picture\"><source srcset=\"https:\/\/alpha-assets.tadevel-cdn.com\/683f44cc3c0d36fed49c6f37\/180.webp 320w, https:\/\/alpha-assets.tadevel-cdn.com\/683f44cc3c0d36fed49c6f37\/360.webp 640w, https:\/\/alpha-assets.tadevel-cdn.com\/683f44cc3c0d36fed49c6f37\/720.webp 1280w\" type=\"image\/webp\" sizes=\"(min-device-width: 768px) 768px, 200px\" \/><source srcset=\"https:\/\/alpha-assets.tadevel-cdn.com\/683f44cc3c0d36fed49c6f37\/720.jpeg 1280w\" type=\"image\/jpeg\" sizes=\"(min-device-width: 768px) 768px, 200px\" \/><\/picture>\n<div class=\"overlay\"><\/div>\n<picture data-tadevel-template=\"web\/picture\"><img alt=\"Los jubilados con haberes m\u00ednimo cobrar\u00e1n $527.085,90 incluyendo el bono y el medio aguinaldo. Foto: Agencia Noticias Argentinas - Archivo.\" \/><\/picture>\n<\/div>\n<\/div><figcaption class=\"caption\">\n<div class=\"description\">Los jubilados con haberes m\u00ednimo cobrar\u00e1n $527.085,90 incluyendo el bono y el medio aguinaldo. Foto: Agencia Noticias Argentinas &#8211; Archivo.<\/div>\n<div class=\"attribution\"><\/div>\n<\/figcaption><\/figure>\n<h3>\u00bfC\u00f3mo llegan a cobrar en junio dicha cifra los jubilados?<\/h3>\n<ul>\n<li><strong>Haber m\u00ednimo con el aumento:<\/strong>\u00a0$304.723,93.<\/li>\n<li><strong>Bono mensual:\u00a0<\/strong>$70.000.<\/li>\n<li><strong>Medio Aguinaldo:<\/strong>\u00a0$152.361,97.<\/li>\n<\/ul>\n<p>Asimismo, aquellas personas que su haber sea superior al m\u00ednimo, tambi\u00e9n cobrar\u00e1n un bono proporcional hasta empardar la suma de\u00a0$527.085,90.<\/p>\n<h3>\u00bfCu\u00e1l ser\u00e1 el monto a cobrar de la AUH y las SUAF en junio?<\/h3>\n<p>El incremento del cobro, seg\u00fan datos del organismo\u00a0<a href=\"https:\/\/noticiasargentinas.com\/economia\/jubilarse-a-los-70-anos---lo-que-viene-en-la-argentina-_a683d449c6e5616f841adb847\"><strong>previsional<\/strong><\/a>, ser\u00e1 del 2,78% para Las personas titulares de las asignaciones en el mes de junio. El mismo se har\u00e1 efectivo junto al pago del correspondiente medio aguinaldo.<\/p>\n<h3>\u00bfCu\u00e1nto cobrar\u00e1n por la PUAM y las PNC?<\/h3>\n<p>Las personas que perciban en junio 2025 la Pensi\u00f3n Universal para el Adulto Mayor denominada PUAM\u00a0estar\u00e1 en el orden de los $435.668,71.<\/p>\n<ul>\n<li><strong>Haber con aumento:<\/strong>\u00a0$243.779,14.<\/li>\n<li><strong>Bono:<\/strong>\u00a0$70.000.<\/li>\n<li><strong>Medio Aguinaldo:<\/strong>\u00a0$ 121.889,57.<\/li>\n<\/ul>\n<p>Por su lado, la ANSES tambi\u00e9n inform\u00f3 que las\u00a0Pensiones No Contributivas (PNC) por Invalidez y Vejez\u00a0ser\u00e1n llegar\u00e1n a cobrar $389.960,13.<\/p>\n<ul>\n<li><strong>Haber m\u00ednimo con aumento:<\/strong>\u00a0$213.306,75.<\/li>\n<li><strong>Bono:<\/strong>\u00a0$70.000 de bono.<\/li>\n<li><strong>Medio Aguinaldo:<\/strong>\u00a0$106.653,38.<\/li>\n<\/ul>\n<p>As\u00ed qued\u00f3 establecido el calendario de la ANSES para el pago de Pensiones No Contributivas (PNC), a cobrar en junio.<\/p>\n<ul>\n<li>DNI terminados en 0 y 1: lunes\u00a09 de junio.<\/li>\n<li>DNI terminados en 2 y 3: martes\u00a010 de junio.<\/li>\n<li>DNI terminados en 4 y 5: mi\u00e9rcoles\u00a011 de junio.<\/li>\n<li>DNI terminados en 6 y 7: jueves\u00a012 de junio.<\/li>\n<li>DMI terminados en 8 y 9: viernes\u00a013 de junio.<\/li>\n<\/ul>\n<h3>Calendario ANSES pago de jubilaciones y pensiones<\/h3>\n<ul>\n<li>DNI terminados en 0: lunes\u00a09 de junio.<\/li>\n<li>DNI terminados en 1: martes\u00a010 de junio.<\/li>\n<li>DNI terminados en 2: mi\u00e9rcoles\u00a011 de junio.<\/li>\n<li>DNI terminados en 3: jueves\u00a012 de junio.<\/li>\n<li>DNI terminados en 4: viernes\u00a013 de junio.<\/li>\n<li>DNI terminados en 5: martes\u00a017 de junio.<\/li>\n<li>DNI terminados en 6 y 7: mi\u00e9rcoles\u00a018 de junio.<\/li>\n<li>DNI terminados en 8: jueves\u00a019 de junio.<\/li>\n<li>DNI terminados en 9: lunes\u00a023 de junio.<\/li>\n<\/ul>\n<h3>Calendario de pago ANSES para\u00a0AUH y Tarjeta Alimentar<\/h3>\n<ul>\n<li>DNI terminados en 0: lunes\u00a09 de junio.<\/li>\n<li>DNI terminados en 1: martes\u00a010 de junio.<\/li>\n<li>DNI terminados en 2: mi\u00e9rcoles\u00a011 de junio.<\/li>\n<li>DNI terminados en 3: jueves\u00a012 de junio.<\/li>\n<li>DNI terminados en 4: viernes\u00a013 de junio.<\/li>\n<li>DNI terminados en 5: martes\u00a017 de junio.<\/li>\n<li>DNI terminados en 6 y 7: mi\u00e9rcoles\u00a018 de junio.<\/li>\n<li>DNI terminados en 8: jueves\u00a019 de junio.<\/li>\n<li>DNI terminados en 9: lunes\u00a023 de junio.<\/li>\n<\/ul>\n<h3>Calendario ANSES pago de jubilaciones y pensiones que superen el haber m\u00ednimo<\/h3>\n<ul>\n<li>DNI terminados en 0 y 1: martes\u00a024 de junio.<\/li>\n<li>DNI terminados en 2 y 3: mi\u00e9rcoles\u00a025 de junio.<\/li>\n<li>DNI terminados en 4 y 5: jueves\u00a026 de junio.<\/li>\n<li>DNI terminados en 6 y 7: viernes\u00a027 de junio.<\/li>\n<li>DNI terminados en 8 y 9: lunes\u00a030 de junio.<\/li>\n<\/ul>\n<\/div>\n<\/div>\n<\/div>\n<\/div>\n","protected":false},"excerpt":{"rendered":"<p>La actualizaci\u00f3n por parte del organismo nacional se efectu\u00f3 mediante la Resoluci\u00f3n 238\/2025 el cual elev\u00f3 los l\u00edmites de ingresos.<\/p>\n","protected":false},"author":3,"featured_media":101368,"comment_status":"closed","ping_status":"closed","sticky":false,"template":"","format":"standard","meta":{"footnotes":""},"categories":[36],"tags":[],"class_list":["post-119698","post","type-post","status-publish","format-standard","has-post-thumbnail","hentry","category-economia"],"yoast_head":"<!-- This site is optimized with the Yoast SEO plugin v25.9 - https:\/\/yoast.com\/wordpress\/plugins\/seo\/ -->\n<title>Haberes, aumento y aguinaldo: cronograma de pago de ANSES en junio para jubilados, pensionados, y asignaciones - Noticias Radio Reflejos<\/title>\n<meta name=\"robots\" content=\"index, follow, max-snippet:-1, max-image-preview:large, max-video-preview:-1\" \/>\n<link rel=\"canonical\" href=\"https:\/\/www.noticiasradioreflejos.com.ar\/2021\/haberes-aumento-y-aguinaldo-cronograma-de-pago-de-anses-en-junio-para-jubilados-pensionados-y-asignaciones\/\" \/>\n<meta property=\"og:locale\" content=\"es_ES\" \/>\n<meta property=\"og:type\" content=\"article\" \/>\n<meta property=\"og:title\" content=\"Haberes, aumento y aguinaldo: cronograma de pago de ANSES en junio para jubilados, pensionados, y asignaciones - Noticias Radio Reflejos\" \/>\n<meta property=\"og:description\" content=\"La actualizaci\u00f3n por parte del organismo nacional se efectu\u00f3 mediante la Resoluci\u00f3n 238\/2025 el cual elev\u00f3 los l\u00edmites de ingresos.\" \/>\n<meta property=\"og:url\" content=\"https:\/\/www.noticiasradioreflejos.com.ar\/2021\/haberes-aumento-y-aguinaldo-cronograma-de-pago-de-anses-en-junio-para-jubilados-pensionados-y-asignaciones\/\" \/>\n<meta property=\"og:site_name\" content=\"Noticias Radio Reflejos\" \/>\n<meta property=\"article:published_time\" content=\"2025-06-04T10:10:47+00:00\" \/>\n<meta property=\"og:image\" content=\"https:\/\/www.noticiasradioreflejos.com.ar\/2021\/wp-content\/uploads\/2024\/04\/anses-jubilados.jpg\" \/>\n\t<meta property=\"og:image:width\" content=\"1271\" \/>\n\t<meta property=\"og:image:height\" content=\"720\" \/>\n\t<meta property=\"og:image:type\" content=\"image\/jpeg\" \/>\n<meta name=\"author\" content=\"Arnaldo Botto\" \/>\n<meta name=\"twitter:card\" content=\"summary_large_image\" \/>\n<script type=\"application\/ld+json\" class=\"yoast-schema-graph\">{\"@context\":\"https:\/\/schema.org\",\"@graph\":[{\"@type\":\"WebPage\",\"@id\":\"https:\/\/www.noticiasradioreflejos.com.ar\/2021\/haberes-aumento-y-aguinaldo-cronograma-de-pago-de-anses-en-junio-para-jubilados-pensionados-y-asignaciones\/\",\"url\":\"https:\/\/www.noticiasradioreflejos.com.ar\/2021\/haberes-aumento-y-aguinaldo-cronograma-de-pago-de-anses-en-junio-para-jubilados-pensionados-y-asignaciones\/\",\"name\":\"Haberes, aumento y aguinaldo: cronograma de pago de ANSES en junio para jubilados, pensionados, y asignaciones - Noticias Radio Reflejos\",\"isPartOf\":{\"@id\":\"https:\/\/www.noticiasradioreflejos.com.ar\/2021\/#website\"},\"primaryImageOfPage\":{\"@id\":\"https:\/\/www.noticiasradioreflejos.com.ar\/2021\/haberes-aumento-y-aguinaldo-cronograma-de-pago-de-anses-en-junio-para-jubilados-pensionados-y-asignaciones\/#primaryimage\"},\"image\":{\"@id\":\"https:\/\/www.noticiasradioreflejos.com.ar\/2021\/haberes-aumento-y-aguinaldo-cronograma-de-pago-de-anses-en-junio-para-jubilados-pensionados-y-asignaciones\/#primaryimage\"},\"thumbnailUrl\":\"https:\/\/www.noticiasradioreflejos.com.ar\/2021\/wp-content\/uploads\/2024\/04\/anses-jubilados.jpg\",\"datePublished\":\"2025-06-04T10:10:47+00:00\",\"author\":{\"@id\":\"https:\/\/www.noticiasradioreflejos.com.ar\/2021\/#\/schema\/person\/ad82545263dcc5ec0996818884fd5fb1\"},\"breadcrumb\":{\"@id\":\"https:\/\/www.noticiasradioreflejos.com.ar\/2021\/haberes-aumento-y-aguinaldo-cronograma-de-pago-de-anses-en-junio-para-jubilados-pensionados-y-asignaciones\/#breadcrumb\"},\"inLanguage\":\"es\",\"potentialAction\":[{\"@type\":\"ReadAction\",\"target\":[\"https:\/\/www.noticiasradioreflejos.com.ar\/2021\/haberes-aumento-y-aguinaldo-cronograma-de-pago-de-anses-en-junio-para-jubilados-pensionados-y-asignaciones\/\"]}]},{\"@type\":\"ImageObject\",\"inLanguage\":\"es\",\"@id\":\"https:\/\/www.noticiasradioreflejos.com.ar\/2021\/haberes-aumento-y-aguinaldo-cronograma-de-pago-de-anses-en-junio-para-jubilados-pensionados-y-asignaciones\/#primaryimage\",\"url\":\"https:\/\/www.noticiasradioreflejos.com.ar\/2021\/wp-content\/uploads\/2024\/04\/anses-jubilados.jpg\",\"contentUrl\":\"https:\/\/www.noticiasradioreflejos.com.ar\/2021\/wp-content\/uploads\/2024\/04\/anses-jubilados.jpg\",\"width\":1271,\"height\":720},{\"@type\":\"BreadcrumbList\",\"@id\":\"https:\/\/www.noticiasradioreflejos.com.ar\/2021\/haberes-aumento-y-aguinaldo-cronograma-de-pago-de-anses-en-junio-para-jubilados-pensionados-y-asignaciones\/#breadcrumb\",\"itemListElement\":[{\"@type\":\"ListItem\",\"position\":1,\"name\":\"Portada\",\"item\":\"https:\/\/www.noticiasradioreflejos.com.ar\/2021\/\"},{\"@type\":\"ListItem\",\"position\":2,\"name\":\"Haberes, aumento y aguinaldo: cronograma de pago de ANSES en junio para jubilados, pensionados, y asignaciones\"}]},{\"@type\":\"WebSite\",\"@id\":\"https:\/\/www.noticiasradioreflejos.com.ar\/2021\/#website\",\"url\":\"https:\/\/www.noticiasradioreflejos.com.ar\/2021\/\",\"name\":\"Noticias Radio Reflejos\",\"description\":\"Las noticias de mi comarca\",\"potentialAction\":[{\"@type\":\"SearchAction\",\"target\":{\"@type\":\"EntryPoint\",\"urlTemplate\":\"https:\/\/www.noticiasradioreflejos.com.ar\/2021\/?s={search_term_string}\"},\"query-input\":{\"@type\":\"PropertyValueSpecification\",\"valueRequired\":true,\"valueName\":\"search_term_string\"}}],\"inLanguage\":\"es\"},{\"@type\":\"Person\",\"@id\":\"https:\/\/www.noticiasradioreflejos.com.ar\/2021\/#\/schema\/person\/ad82545263dcc5ec0996818884fd5fb1\",\"name\":\"Arnaldo Botto\",\"image\":{\"@type\":\"ImageObject\",\"inLanguage\":\"es\",\"@id\":\"https:\/\/www.noticiasradioreflejos.com.ar\/2021\/#\/schema\/person\/image\/\",\"url\":\"https:\/\/secure.gravatar.com\/avatar\/55cb5e37c1efa326397366e6974cb338056df65cb50e7d64d1cf314e87504837?s=96&d=mm&r=g\",\"contentUrl\":\"https:\/\/secure.gravatar.com\/avatar\/55cb5e37c1efa326397366e6974cb338056df65cb50e7d64d1cf314e87504837?s=96&d=mm&r=g\",\"caption\":\"Arnaldo Botto\"},\"url\":\"https:\/\/www.noticiasradioreflejos.com.ar\/2021\/author\/arnaldo\/\"}]}<\/script>\n<!-- \/ Yoast SEO plugin. -->","yoast_head_json":{"title":"Haberes, aumento y aguinaldo: cronograma de pago de ANSES en junio para jubilados, pensionados, y asignaciones - Noticias Radio Reflejos","robots":{"index":"index","follow":"follow","max-snippet":"max-snippet:-1","max-image-preview":"max-image-preview:large","max-video-preview":"max-video-preview:-1"},"canonical":"https:\/\/www.noticiasradioreflejos.com.ar\/2021\/haberes-aumento-y-aguinaldo-cronograma-de-pago-de-anses-en-junio-para-jubilados-pensionados-y-asignaciones\/","og_locale":"es_ES","og_type":"article","og_title":"Haberes, aumento y aguinaldo: cronograma de pago de ANSES en junio para jubilados, pensionados, y asignaciones - Noticias Radio Reflejos","og_description":"La actualizaci\u00f3n por parte del organismo nacional se efectu\u00f3 mediante la Resoluci\u00f3n 238\/2025 el cual elev\u00f3 los l\u00edmites de ingresos.","og_url":"https:\/\/www.noticiasradioreflejos.com.ar\/2021\/haberes-aumento-y-aguinaldo-cronograma-de-pago-de-anses-en-junio-para-jubilados-pensionados-y-asignaciones\/","og_site_name":"Noticias Radio Reflejos","article_published_time":"2025-06-04T10:10:47+00:00","og_image":[{"width":1271,"height":720,"url":"https:\/\/www.noticiasradioreflejos.com.ar\/2021\/wp-content\/uploads\/2024\/04\/anses-jubilados.jpg","type":"image\/jpeg"}],"author":"Arnaldo Botto","twitter_card":"summary_large_image","schema":{"@context":"https:\/\/schema.org","@graph":[{"@type":"WebPage","@id":"https:\/\/www.noticiasradioreflejos.com.ar\/2021\/haberes-aumento-y-aguinaldo-cronograma-de-pago-de-anses-en-junio-para-jubilados-pensionados-y-asignaciones\/","url":"https:\/\/www.noticiasradioreflejos.com.ar\/2021\/haberes-aumento-y-aguinaldo-cronograma-de-pago-de-anses-en-junio-para-jubilados-pensionados-y-asignaciones\/","name":"Haberes, aumento y aguinaldo: cronograma de pago de ANSES en junio para jubilados, pensionados, y asignaciones - Noticias Radio Reflejos","isPartOf":{"@id":"https:\/\/www.noticiasradioreflejos.com.ar\/2021\/#website"},"primaryImageOfPage":{"@id":"https:\/\/www.noticiasradioreflejos.com.ar\/2021\/haberes-aumento-y-aguinaldo-cronograma-de-pago-de-anses-en-junio-para-jubilados-pensionados-y-asignaciones\/#primaryimage"},"image":{"@id":"https:\/\/www.noticiasradioreflejos.com.ar\/2021\/haberes-aumento-y-aguinaldo-cronograma-de-pago-de-anses-en-junio-para-jubilados-pensionados-y-asignaciones\/#primaryimage"},"thumbnailUrl":"https:\/\/www.noticiasradioreflejos.com.ar\/2021\/wp-content\/uploads\/2024\/04\/anses-jubilados.jpg","datePublished":"2025-06-04T10:10:47+00:00","author":{"@id":"https:\/\/www.noticiasradioreflejos.com.ar\/2021\/#\/schema\/person\/ad82545263dcc5ec0996818884fd5fb1"},"breadcrumb":{"@id":"https:\/\/www.noticiasradioreflejos.com.ar\/2021\/haberes-aumento-y-aguinaldo-cronograma-de-pago-de-anses-en-junio-para-jubilados-pensionados-y-asignaciones\/#breadcrumb"},"inLanguage":"es","potentialAction":[{"@type":"ReadAction","target":["https:\/\/www.noticiasradioreflejos.com.ar\/2021\/haberes-aumento-y-aguinaldo-cronograma-de-pago-de-anses-en-junio-para-jubilados-pensionados-y-asignaciones\/"]}]},{"@type":"ImageObject","inLanguage":"es","@id":"https:\/\/www.noticiasradioreflejos.com.ar\/2021\/haberes-aumento-y-aguinaldo-cronograma-de-pago-de-anses-en-junio-para-jubilados-pensionados-y-asignaciones\/#primaryimage","url":"https:\/\/www.noticiasradioreflejos.com.ar\/2021\/wp-content\/uploads\/2024\/04\/anses-jubilados.jpg","contentUrl":"https:\/\/www.noticiasradioreflejos.com.ar\/2021\/wp-content\/uploads\/2024\/04\/anses-jubilados.jpg","width":1271,"height":720},{"@type":"BreadcrumbList","@id":"https:\/\/www.noticiasradioreflejos.com.ar\/2021\/haberes-aumento-y-aguinaldo-cronograma-de-pago-de-anses-en-junio-para-jubilados-pensionados-y-asignaciones\/#breadcrumb","itemListElement":[{"@type":"ListItem","position":1,"name":"Portada","item":"https:\/\/www.noticiasradioreflejos.com.ar\/2021\/"},{"@type":"ListItem","position":2,"name":"Haberes, aumento y aguinaldo: cronograma de pago de ANSES en junio para jubilados, pensionados, y asignaciones"}]},{"@type":"WebSite","@id":"https:\/\/www.noticiasradioreflejos.com.ar\/2021\/#website","url":"https:\/\/www.noticiasradioreflejos.com.ar\/2021\/","name":"Noticias Radio Reflejos","description":"Las noticias de mi comarca","potentialAction":[{"@type":"SearchAction","target":{"@type":"EntryPoint","urlTemplate":"https:\/\/www.noticiasradioreflejos.com.ar\/2021\/?s={search_term_string}"},"query-input":{"@type":"PropertyValueSpecification","valueRequired":true,"valueName":"search_term_string"}}],"inLanguage":"es"},{"@type":"Person","@id":"https:\/\/www.noticiasradioreflejos.com.ar\/2021\/#\/schema\/person\/ad82545263dcc5ec0996818884fd5fb1","name":"Arnaldo Botto","image":{"@type":"ImageObject","inLanguage":"es","@id":"https:\/\/www.noticiasradioreflejos.com.ar\/2021\/#\/schema\/person\/image\/","url":"https:\/\/secure.gravatar.com\/avatar\/55cb5e37c1efa326397366e6974cb338056df65cb50e7d64d1cf314e87504837?s=96&d=mm&r=g","contentUrl":"https:\/\/secure.gravatar.com\/avatar\/55cb5e37c1efa326397366e6974cb338056df65cb50e7d64d1cf314e87504837?s=96&d=mm&r=g","caption":"Arnaldo Botto"},"url":"https:\/\/www.noticiasradioreflejos.com.ar\/2021\/author\/arnaldo\/"}]}},"_links":{"self":[{"href":"https:\/\/www.noticiasradioreflejos.com.ar\/2021\/wp-json\/wp\/v2\/posts\/119698","targetHints":{"allow":["GET"]}}],"collection":[{"href":"https:\/\/www.noticiasradioreflejos.com.ar\/2021\/wp-json\/wp\/v2\/posts"}],"about":[{"href":"https:\/\/www.noticiasradioreflejos.com.ar\/2021\/wp-json\/wp\/v2\/types\/post"}],"author":[{"embeddable":true,"href":"https:\/\/www.noticiasradioreflejos.com.ar\/2021\/wp-json\/wp\/v2\/users\/3"}],"replies":[{"embeddable":true,"href":"https:\/\/www.noticiasradioreflejos.com.ar\/2021\/wp-json\/wp\/v2\/comments?post=119698"}],"version-history":[{"count":1,"href":"https:\/\/www.noticiasradioreflejos.com.ar\/2021\/wp-json\/wp\/v2\/posts\/119698\/revisions"}],"predecessor-version":[{"id":119702,"href":"https:\/\/www.noticiasradioreflejos.com.ar\/2021\/wp-json\/wp\/v2\/posts\/119698\/revisions\/119702"}],"wp:featuredmedia":[{"embeddable":true,"href":"https:\/\/www.noticiasradioreflejos.com.ar\/2021\/wp-json\/wp\/v2\/media\/101368"}],"wp:attachment":[{"href":"https:\/\/www.noticiasradioreflejos.com.ar\/2021\/wp-json\/wp\/v2\/media?parent=119698"}],"wp:term":[{"taxonomy":"category","embeddable":true,"href":"https:\/\/www.noticiasradioreflejos.com.ar\/2021\/wp-json\/wp\/v2\/categories?post=119698"},{"taxonomy":"post_tag","embeddable":true,"href":"https:\/\/www.noticiasradioreflejos.com.ar\/2021\/wp-json\/wp\/v2\/tags?post=119698"}],"curies":[{"name":"wp","href":"https:\/\/api.w.org\/{rel}","templated":true}]}}