{"id":119695,"date":"2025-06-04T06:55:38","date_gmt":"2025-06-04T09:55:38","guid":{"rendered":"https:\/\/www.noticiasradioreflejos.com.ar\/2021\/?p=119695"},"modified":"2025-06-04T06:55:38","modified_gmt":"2025-06-04T09:55:38","slug":"tras-el-anuncio-de-cristina-kirchner-kicillof-se-abre-al-dialogo-y-massa-define-estrategia","status":"publish","type":"post","link":"https:\/\/www.noticiasradioreflejos.com.ar\/2021\/tras-el-anuncio-de-cristina-kirchner-kicillof-se-abre-al-dialogo-y-massa-define-estrategia\/","title":{"rendered":"Tras el anuncio de Cristina Kirchner, Kicillof se abre al di\u00e1logo y Massa define estrategia"},"content":{"rendered":"<p>Al gobernador bonaerense no lo tom\u00f3 por sorpresa la postulaci\u00f3n de la ex mandataria. El l\u00edder del Frente Renovador empieza a definir su futuro pol\u00edtico.<!--more-->El gobernador bonaerense <strong>Axel Kicillof<\/strong>\u00a0se mostr\u00f3 este martes dispuesto al di\u00e1logo con la ex presidenta\u00a0<strong>Cristina Kirchner\u00a0<\/strong>despu\u00e9s del\u00a0<a href=\"https:\/\/noticiasargentinas.com\/politica\/cristina-kirchner-confirmo-que-sera-candidata-en-las-elecciones-bonaerenses-y-trato-a-milei-de--marginal-_a683e41f8ec63983cf3775c2a\">anuncio de la candidatura de la ex mandataria para las elecciones bonaerenses<\/a>\u00a0del 7 de septiembre, mientras el jefe de Frente Renovador (FR),\u00a0<strong>Sergio Massa<\/strong>, define su estrategia para el a\u00f1o electoral.<\/p>\n<div class=\"columns\" data-tadevel-template=\"web\/article-columns\">\n<div class=\"column-main\">\n<div class=\"article-body\" data-tadevel-template=\"web\/article-body\">\n<div class=\"article-body-content\">\n<p>A Kicillof no lo tom\u00f3 por sorpresa el anuncio de la candidatura a legisladora provincial de Fern\u00e1ndez Kirchner, mientras que Massa\u00a0<a href=\"https:\/\/noticiasargentinas.com\/politica\/massa-empieza-a-delinear-su-futuro-politico-en-un-almuerzo-con-intendentes_a683f69a03c0d36fed4a103b0\">empezar\u00e1 a definir ma\u00f1ana su futuro pol\u00edtico<\/a>\u00a0en un almuerzo con intendentes propios.<\/p>\n<p>\u201cEra algo que manej\u00e1bamos desde aquella reuni\u00f3n que dur\u00f3 ocho horas en La Plata, donde ellos hab\u00edan planteado esa posibilidad.<mark><strong>\u00a0A nosotros no nos sorprendi\u00f3<\/strong><\/mark>\u201d, deslizaron cerca de Kicillof a la\u00a0<i>Agencia Noticias Argentinas<\/i>, al recordar el mit\u00edn de abril pasado entre el gobernador, Massa y el referente de La C\u00e1mpora, M\u00e1ximo Kirchner.<\/p>\n<p>Tras evocar aquel episodio donde no hubo acuerdo por el desdoblamiento electoral, desde la mesa chica del mandatario bonaerense aseguraron a esta agencia que siguen creyendo que hay que \u201c<strong>sentarse a hablar y trabajar para buscar la unidad<\/strong>\u201d.<\/p>\n<p>De esta manera, en el kicillofismo no hubo sobresaltos ante un escenario que hab\u00eda sido anunciado por la ex jefa de Estado a partir de la posibilidad de que hubiera desdoblamiento en el territorio bonaerense.<\/p>\n<figure class=\"multimedia\" data-type=\"photo\" data-tadevel-template=\"web\/multimedia\">\n<div class=\"content\">\n<div class=\"sizer\" data-sizer=\"aspect-ratio\" data-tadevel-template=\"web\/aspect-ratio\"><\/div>\n<\/div><figcaption class=\"caption\">\n<div class=\"attribution\"><a href=\"https:\/\/www.noticiasradioreflejos.com.ar\/2021\/kicillof-inauguro-obras-de-pavimentacion-y-una-nueva-estacion-transformadora-en-coronel-suarez\/axel-kicillof_17\/\" rel=\"attachment wp-att-99858\"><img loading=\"lazy\" decoding=\"async\" class=\"aligncenter size-full wp-image-99858\" src=\"https:\/\/www.noticiasradioreflejos.com.ar\/2021\/wp-content\/uploads\/2024\/03\/Axel-Kicillof_17.jpg\" alt=\"\" width=\"700\" height=\"466\" srcset=\"https:\/\/www.noticiasradioreflejos.com.ar\/2021\/wp-content\/uploads\/2024\/03\/Axel-Kicillof_17.jpg 700w, https:\/\/www.noticiasradioreflejos.com.ar\/2021\/wp-content\/uploads\/2024\/03\/Axel-Kicillof_17-300x200.jpg 300w\" sizes=\"auto, (max-width: 700px) 100vw, 700px\" \/><\/a><\/div>\n<\/figcaption><\/figure>\n<p>En el espacio que lidera Kicillof\u00a0<strong>esperaban que se concretara por estas horas el llamado de Fern\u00e1ndez de Kirchner\u00a0<\/strong>al gobernador para aliviar las tensiones entre ambos e intentar un acuerdo frente a los comicios provinciales.<\/p>\n<p>\u201cElla siempre busca hablar con Axel, de hecho, si no lo llam\u00f3 y no hablaron, s\u00e9 que seguramente se est\u00e1 dando durante el d\u00eda de hoy.\u00a0<mark><strong>Cristina no tiene ning\u00fan problema de llamarlo a Axel, o lo hizo o lo har\u00e1 durante el d\u00eda de hoy<\/strong><\/mark>\u201d, afirm\u00f3, por su parte, la intendenta de Quilmes, Mayra Mendoza.<\/p>\n<p>Los posicionamientos en\u00a0<i>Uni\u00f3n por la Patria<\/i>\u00a0(UxP) se dan despu\u00e9s de que Fern\u00e1ndez de Kirchner anticipara ayer en un reportaje televisivo su postulaci\u00f3n a legisladora bonaerense por la Tercera Secci\u00f3n electoral, compuesta por distritos clave del sur del conurbano bonaerense como<strong>\u00a0La Matanza<\/strong>,\u00a0<strong>Quilmes<\/strong>,\u00a0<strong>Lomas de Zamora<\/strong>\u00a0y\u00a0<strong>Florencio Varela<\/strong>.<\/p>\n<p>Mientras tanto, Massa\u00a0<a href=\"https:\/\/noticiasargentinas.com\/politica\/sergio-massa-empieza-a-mover-fichas-para-la-campana-pero-mantiene-el-misterio-sobre-una-eventual-candidatura_a683a303f20a219da9c21d665\">empez\u00f3 a mover fichas para la campa\u00f1a\u00a0<\/a>e iniciar\u00e1 ma\u00f1ana el camino para definir su futuro pol\u00edtico en un almuerzo con jefes comunales de su espacio, mientras crece el \u201coperativo clamor\u201d en esa facci\u00f3n para que sea candidato en las elecciones legislativas.<\/p>\n<p>\u201cLas elecciones en la provincia se van a nacionalizar y polarizar.\u00a0<strong>Si vamos en unidad, habr\u00eda que pensar c\u00f3mo construir los mejores acuerdos en cada secci\u00f3n\u00a0<\/strong>y armar una estrategia viable\u201d, indicaron a la<i>\u00a0Agencia Noticias Argentinas<\/i>\u00a0cerca del ex candidato presidencial.<\/p>\n<p>Pero manifestaron que, en caso de que exista una fragmentaci\u00f3n en UxP, en el Frente Renovador tendr\u00edan que evaluar \u201ctodas las alternativas\u201d para los pr\u00f3ximos comicios.<\/p>\n<p>\u201cDe ah\u00ed que varios le pidan a Sergio que vaya como candidato a diputado en octubre.<mark><strong>\u00a0Esa opci\u00f3n no la deber\u00edamos descartar<\/strong><\/mark>\u201d, plantearon a esta agencia desde la mesa chica del tigrense, al hacer referencia al reclamo de la diputada nacional\u00a0<strong>Cecilia Moreau<\/strong>\u00a0y<strong>\u00a0Rub\u00e9n Eslaiman<\/strong>, titular del Frente Renovador bonaerense, para que Massa se postule en las elecciones nacionales.<\/p>\n<p>La definici\u00f3n de la ex mandataria puede alimentar el equilibrio o profundizar la fragmentaci\u00f3n del peronismo en un territorio donde muchos intendentes no ven su figura con buenos ojos, pero la urgencia pol\u00edtica permitir\u00eda limar esas diferencias de cara a unas elecciones donde los libertarios se fortalecieron a trav\u00e9s de una alianza con el PRO.<\/p>\n<\/div>\n<\/div>\n<\/div>\n<\/div>\n","protected":false},"excerpt":{"rendered":"<p>Al gobernador bonaerense no lo tom\u00f3 por sorpresa la postulaci\u00f3n de la ex mandataria. El l\u00edder del Frente Renovador empieza a definir su futuro pol\u00edtico.<\/p>\n","protected":false},"author":3,"featured_media":0,"comment_status":"closed","ping_status":"closed","sticky":false,"template":"","format":"standard","meta":{"footnotes":""},"categories":[24],"tags":[],"class_list":["post-119695","post","type-post","status-publish","format-standard","hentry","category-politica"],"yoast_head":"<!-- This site is optimized with the Yoast SEO plugin v25.9 - https:\/\/yoast.com\/wordpress\/plugins\/seo\/ -->\n<title>Tras el anuncio de Cristina Kirchner, Kicillof se abre al di\u00e1logo y Massa define estrategia - Noticias Radio Reflejos<\/title>\n<meta name=\"robots\" content=\"index, follow, max-snippet:-1, max-image-preview:large, max-video-preview:-1\" \/>\n<link rel=\"canonical\" href=\"https:\/\/www.noticiasradioreflejos.com.ar\/2021\/tras-el-anuncio-de-cristina-kirchner-kicillof-se-abre-al-dialogo-y-massa-define-estrategia\/\" \/>\n<meta property=\"og:locale\" content=\"es_ES\" \/>\n<meta property=\"og:type\" content=\"article\" \/>\n<meta property=\"og:title\" content=\"Tras el anuncio de Cristina Kirchner, Kicillof se abre al di\u00e1logo y Massa define estrategia - Noticias Radio Reflejos\" \/>\n<meta property=\"og:description\" content=\"Al gobernador bonaerense no lo tom\u00f3 por sorpresa la postulaci\u00f3n de la ex mandataria. El l\u00edder del Frente Renovador empieza a definir su futuro pol\u00edtico.\" \/>\n<meta property=\"og:url\" content=\"https:\/\/www.noticiasradioreflejos.com.ar\/2021\/tras-el-anuncio-de-cristina-kirchner-kicillof-se-abre-al-dialogo-y-massa-define-estrategia\/\" \/>\n<meta property=\"og:site_name\" content=\"Noticias Radio Reflejos\" \/>\n<meta property=\"article:published_time\" content=\"2025-06-04T09:55:38+00:00\" \/>\n<meta property=\"og:image\" content=\"https:\/\/www.noticiasradioreflejos.com.ar\/2021\/wp-content\/uploads\/2024\/03\/Axel-Kicillof_17.jpg\" \/>\n<meta name=\"author\" content=\"Arnaldo Botto\" \/>\n<meta name=\"twitter:card\" content=\"summary_large_image\" \/>\n<script type=\"application\/ld+json\" class=\"yoast-schema-graph\">{\"@context\":\"https:\/\/schema.org\",\"@graph\":[{\"@type\":\"WebPage\",\"@id\":\"https:\/\/www.noticiasradioreflejos.com.ar\/2021\/tras-el-anuncio-de-cristina-kirchner-kicillof-se-abre-al-dialogo-y-massa-define-estrategia\/\",\"url\":\"https:\/\/www.noticiasradioreflejos.com.ar\/2021\/tras-el-anuncio-de-cristina-kirchner-kicillof-se-abre-al-dialogo-y-massa-define-estrategia\/\",\"name\":\"Tras el anuncio de Cristina Kirchner, Kicillof se abre al di\u00e1logo y Massa define estrategia - Noticias Radio Reflejos\",\"isPartOf\":{\"@id\":\"https:\/\/www.noticiasradioreflejos.com.ar\/2021\/#website\"},\"primaryImageOfPage\":{\"@id\":\"https:\/\/www.noticiasradioreflejos.com.ar\/2021\/tras-el-anuncio-de-cristina-kirchner-kicillof-se-abre-al-dialogo-y-massa-define-estrategia\/#primaryimage\"},\"image\":{\"@id\":\"https:\/\/www.noticiasradioreflejos.com.ar\/2021\/tras-el-anuncio-de-cristina-kirchner-kicillof-se-abre-al-dialogo-y-massa-define-estrategia\/#primaryimage\"},\"thumbnailUrl\":\"https:\/\/www.noticiasradioreflejos.com.ar\/2021\/wp-content\/uploads\/2024\/03\/Axel-Kicillof_17.jpg\",\"datePublished\":\"2025-06-04T09:55:38+00:00\",\"author\":{\"@id\":\"https:\/\/www.noticiasradioreflejos.com.ar\/2021\/#\/schema\/person\/ad82545263dcc5ec0996818884fd5fb1\"},\"breadcrumb\":{\"@id\":\"https:\/\/www.noticiasradioreflejos.com.ar\/2021\/tras-el-anuncio-de-cristina-kirchner-kicillof-se-abre-al-dialogo-y-massa-define-estrategia\/#breadcrumb\"},\"inLanguage\":\"es\",\"potentialAction\":[{\"@type\":\"ReadAction\",\"target\":[\"https:\/\/www.noticiasradioreflejos.com.ar\/2021\/tras-el-anuncio-de-cristina-kirchner-kicillof-se-abre-al-dialogo-y-massa-define-estrategia\/\"]}]},{\"@type\":\"ImageObject\",\"inLanguage\":\"es\",\"@id\":\"https:\/\/www.noticiasradioreflejos.com.ar\/2021\/tras-el-anuncio-de-cristina-kirchner-kicillof-se-abre-al-dialogo-y-massa-define-estrategia\/#primaryimage\",\"url\":\"https:\/\/www.noticiasradioreflejos.com.ar\/2021\/wp-content\/uploads\/2024\/03\/Axel-Kicillof_17.jpg\",\"contentUrl\":\"https:\/\/www.noticiasradioreflejos.com.ar\/2021\/wp-content\/uploads\/2024\/03\/Axel-Kicillof_17.jpg\",\"width\":700,\"height\":466},{\"@type\":\"BreadcrumbList\",\"@id\":\"https:\/\/www.noticiasradioreflejos.com.ar\/2021\/tras-el-anuncio-de-cristina-kirchner-kicillof-se-abre-al-dialogo-y-massa-define-estrategia\/#breadcrumb\",\"itemListElement\":[{\"@type\":\"ListItem\",\"position\":1,\"name\":\"Portada\",\"item\":\"https:\/\/www.noticiasradioreflejos.com.ar\/2021\/\"},{\"@type\":\"ListItem\",\"position\":2,\"name\":\"Tras el anuncio de Cristina Kirchner, Kicillof se abre al di\u00e1logo y Massa define estrategia\"}]},{\"@type\":\"WebSite\",\"@id\":\"https:\/\/www.noticiasradioreflejos.com.ar\/2021\/#website\",\"url\":\"https:\/\/www.noticiasradioreflejos.com.ar\/2021\/\",\"name\":\"Noticias Radio Reflejos\",\"description\":\"Las noticias de mi comarca\",\"potentialAction\":[{\"@type\":\"SearchAction\",\"target\":{\"@type\":\"EntryPoint\",\"urlTemplate\":\"https:\/\/www.noticiasradioreflejos.com.ar\/2021\/?s={search_term_string}\"},\"query-input\":{\"@type\":\"PropertyValueSpecification\",\"valueRequired\":true,\"valueName\":\"search_term_string\"}}],\"inLanguage\":\"es\"},{\"@type\":\"Person\",\"@id\":\"https:\/\/www.noticiasradioreflejos.com.ar\/2021\/#\/schema\/person\/ad82545263dcc5ec0996818884fd5fb1\",\"name\":\"Arnaldo Botto\",\"image\":{\"@type\":\"ImageObject\",\"inLanguage\":\"es\",\"@id\":\"https:\/\/www.noticiasradioreflejos.com.ar\/2021\/#\/schema\/person\/image\/\",\"url\":\"https:\/\/secure.gravatar.com\/avatar\/55cb5e37c1efa326397366e6974cb338056df65cb50e7d64d1cf314e87504837?s=96&d=mm&r=g\",\"contentUrl\":\"https:\/\/secure.gravatar.com\/avatar\/55cb5e37c1efa326397366e6974cb338056df65cb50e7d64d1cf314e87504837?s=96&d=mm&r=g\",\"caption\":\"Arnaldo Botto\"},\"url\":\"https:\/\/www.noticiasradioreflejos.com.ar\/2021\/author\/arnaldo\/\"}]}<\/script>\n<!-- \/ Yoast SEO plugin. -->","yoast_head_json":{"title":"Tras el anuncio de Cristina Kirchner, Kicillof se abre al di\u00e1logo y Massa define estrategia - Noticias Radio Reflejos","robots":{"index":"index","follow":"follow","max-snippet":"max-snippet:-1","max-image-preview":"max-image-preview:large","max-video-preview":"max-video-preview:-1"},"canonical":"https:\/\/www.noticiasradioreflejos.com.ar\/2021\/tras-el-anuncio-de-cristina-kirchner-kicillof-se-abre-al-dialogo-y-massa-define-estrategia\/","og_locale":"es_ES","og_type":"article","og_title":"Tras el anuncio de Cristina Kirchner, Kicillof se abre al di\u00e1logo y Massa define estrategia - Noticias Radio Reflejos","og_description":"Al gobernador bonaerense no lo tom\u00f3 por sorpresa la postulaci\u00f3n de la ex mandataria. El l\u00edder del Frente Renovador empieza a definir su futuro pol\u00edtico.","og_url":"https:\/\/www.noticiasradioreflejos.com.ar\/2021\/tras-el-anuncio-de-cristina-kirchner-kicillof-se-abre-al-dialogo-y-massa-define-estrategia\/","og_site_name":"Noticias Radio Reflejos","article_published_time":"2025-06-04T09:55:38+00:00","og_image":[{"url":"https:\/\/www.noticiasradioreflejos.com.ar\/2021\/wp-content\/uploads\/2024\/03\/Axel-Kicillof_17.jpg","type":"","width":"","height":""}],"author":"Arnaldo Botto","twitter_card":"summary_large_image","schema":{"@context":"https:\/\/schema.org","@graph":[{"@type":"WebPage","@id":"https:\/\/www.noticiasradioreflejos.com.ar\/2021\/tras-el-anuncio-de-cristina-kirchner-kicillof-se-abre-al-dialogo-y-massa-define-estrategia\/","url":"https:\/\/www.noticiasradioreflejos.com.ar\/2021\/tras-el-anuncio-de-cristina-kirchner-kicillof-se-abre-al-dialogo-y-massa-define-estrategia\/","name":"Tras el anuncio de Cristina Kirchner, Kicillof se abre al di\u00e1logo y Massa define estrategia - Noticias Radio Reflejos","isPartOf":{"@id":"https:\/\/www.noticiasradioreflejos.com.ar\/2021\/#website"},"primaryImageOfPage":{"@id":"https:\/\/www.noticiasradioreflejos.com.ar\/2021\/tras-el-anuncio-de-cristina-kirchner-kicillof-se-abre-al-dialogo-y-massa-define-estrategia\/#primaryimage"},"image":{"@id":"https:\/\/www.noticiasradioreflejos.com.ar\/2021\/tras-el-anuncio-de-cristina-kirchner-kicillof-se-abre-al-dialogo-y-massa-define-estrategia\/#primaryimage"},"thumbnailUrl":"https:\/\/www.noticiasradioreflejos.com.ar\/2021\/wp-content\/uploads\/2024\/03\/Axel-Kicillof_17.jpg","datePublished":"2025-06-04T09:55:38+00:00","author":{"@id":"https:\/\/www.noticiasradioreflejos.com.ar\/2021\/#\/schema\/person\/ad82545263dcc5ec0996818884fd5fb1"},"breadcrumb":{"@id":"https:\/\/www.noticiasradioreflejos.com.ar\/2021\/tras-el-anuncio-de-cristina-kirchner-kicillof-se-abre-al-dialogo-y-massa-define-estrategia\/#breadcrumb"},"inLanguage":"es","potentialAction":[{"@type":"ReadAction","target":["https:\/\/www.noticiasradioreflejos.com.ar\/2021\/tras-el-anuncio-de-cristina-kirchner-kicillof-se-abre-al-dialogo-y-massa-define-estrategia\/"]}]},{"@type":"ImageObject","inLanguage":"es","@id":"https:\/\/www.noticiasradioreflejos.com.ar\/2021\/tras-el-anuncio-de-cristina-kirchner-kicillof-se-abre-al-dialogo-y-massa-define-estrategia\/#primaryimage","url":"https:\/\/www.noticiasradioreflejos.com.ar\/2021\/wp-content\/uploads\/2024\/03\/Axel-Kicillof_17.jpg","contentUrl":"https:\/\/www.noticiasradioreflejos.com.ar\/2021\/wp-content\/uploads\/2024\/03\/Axel-Kicillof_17.jpg","width":700,"height":466},{"@type":"BreadcrumbList","@id":"https:\/\/www.noticiasradioreflejos.com.ar\/2021\/tras-el-anuncio-de-cristina-kirchner-kicillof-se-abre-al-dialogo-y-massa-define-estrategia\/#breadcrumb","itemListElement":[{"@type":"ListItem","position":1,"name":"Portada","item":"https:\/\/www.noticiasradioreflejos.com.ar\/2021\/"},{"@type":"ListItem","position":2,"name":"Tras el anuncio de Cristina Kirchner, Kicillof se abre al di\u00e1logo y Massa define estrategia"}]},{"@type":"WebSite","@id":"https:\/\/www.noticiasradioreflejos.com.ar\/2021\/#website","url":"https:\/\/www.noticiasradioreflejos.com.ar\/2021\/","name":"Noticias Radio Reflejos","description":"Las noticias de mi comarca","potentialAction":[{"@type":"SearchAction","target":{"@type":"EntryPoint","urlTemplate":"https:\/\/www.noticiasradioreflejos.com.ar\/2021\/?s={search_term_string}"},"query-input":{"@type":"PropertyValueSpecification","valueRequired":true,"valueName":"search_term_string"}}],"inLanguage":"es"},{"@type":"Person","@id":"https:\/\/www.noticiasradioreflejos.com.ar\/2021\/#\/schema\/person\/ad82545263dcc5ec0996818884fd5fb1","name":"Arnaldo Botto","image":{"@type":"ImageObject","inLanguage":"es","@id":"https:\/\/www.noticiasradioreflejos.com.ar\/2021\/#\/schema\/person\/image\/","url":"https:\/\/secure.gravatar.com\/avatar\/55cb5e37c1efa326397366e6974cb338056df65cb50e7d64d1cf314e87504837?s=96&d=mm&r=g","contentUrl":"https:\/\/secure.gravatar.com\/avatar\/55cb5e37c1efa326397366e6974cb338056df65cb50e7d64d1cf314e87504837?s=96&d=mm&r=g","caption":"Arnaldo Botto"},"url":"https:\/\/www.noticiasradioreflejos.com.ar\/2021\/author\/arnaldo\/"}]}},"_links":{"self":[{"href":"https:\/\/www.noticiasradioreflejos.com.ar\/2021\/wp-json\/wp\/v2\/posts\/119695","targetHints":{"allow":["GET"]}}],"collection":[{"href":"https:\/\/www.noticiasradioreflejos.com.ar\/2021\/wp-json\/wp\/v2\/posts"}],"about":[{"href":"https:\/\/www.noticiasradioreflejos.com.ar\/2021\/wp-json\/wp\/v2\/types\/post"}],"author":[{"embeddable":true,"href":"https:\/\/www.noticiasradioreflejos.com.ar\/2021\/wp-json\/wp\/v2\/users\/3"}],"replies":[{"embeddable":true,"href":"https:\/\/www.noticiasradioreflejos.com.ar\/2021\/wp-json\/wp\/v2\/comments?post=119695"}],"version-history":[{"count":1,"href":"https:\/\/www.noticiasradioreflejos.com.ar\/2021\/wp-json\/wp\/v2\/posts\/119695\/revisions"}],"predecessor-version":[{"id":119697,"href":"https:\/\/www.noticiasradioreflejos.com.ar\/2021\/wp-json\/wp\/v2\/posts\/119695\/revisions\/119697"}],"wp:attachment":[{"href":"https:\/\/www.noticiasradioreflejos.com.ar\/2021\/wp-json\/wp\/v2\/media?parent=119695"}],"wp:term":[{"taxonomy":"category","embeddable":true,"href":"https:\/\/www.noticiasradioreflejos.com.ar\/2021\/wp-json\/wp\/v2\/categories?post=119695"},{"taxonomy":"post_tag","embeddable":true,"href":"https:\/\/www.noticiasradioreflejos.com.ar\/2021\/wp-json\/wp\/v2\/tags?post=119695"}],"curies":[{"name":"wp","href":"https:\/\/api.w.org\/{rel}","templated":true}]}}