{"id":119692,"date":"2025-06-04T06:50:29","date_gmt":"2025-06-04T09:50:29","guid":{"rendered":"https:\/\/www.noticiasradioreflejos.com.ar\/2021\/?p=119692"},"modified":"2025-06-04T06:50:29","modified_gmt":"2025-06-04T09:50:29","slug":"dia-mundial-de-la-fertilidad-por-que-se-celebra-el-4-de-junio","status":"publish","type":"post","link":"https:\/\/www.noticiasradioreflejos.com.ar\/2021\/dia-mundial-de-la-fertilidad-por-que-se-celebra-el-4-de-junio\/","title":{"rendered":"D\u00eda Mundial de la Fertilidad: \u00bfpor qu\u00e9 se celebra el 4 de junio?"},"content":{"rendered":"<p>Esta fecha busca visibilizar los problemas para concebir que afectan cada vez m\u00e1s a la poblaci\u00f3n; y en ese sentido, advertir sobre la importancia de consultar a un especialista.<!--more--><\/p>\n<p>El 4 de junio se celebra el D\u00eda Mundial de la Fertilidad, con el objetivo de llamar la atenci\u00f3n sobre los problemas de fertilidad que se presentan cada vez con m\u00e1s frecuencia en la poblaci\u00f3n, y de identificar cu\u00e1l ser\u00eda el momento indicado para consultar a un especialista.<\/p>\n<p>Un gur\u00fa de la fertilidad y el enga\u00f1o atroz que repiti\u00f3 a decenas de mujeres durante 30 a\u00f1os<\/p>\n<p>Un gur\u00fa de la fertilidad y el enga\u00f1o atroz que repiti\u00f3 a decenas de mujeres durante 30 a\u00f1os<\/p>\n<h4>\u00bfQu\u00e9 es la infertilidad?<\/h4>\n<p>Hablamos de infertilidad cuando no se produce un embarazo pasado un a\u00f1o de relaciones sexuales sin utilizaci\u00f3n de m\u00e9todos anticonceptivos, o bien cuando hay una dificultad para mantener un embarazo.<\/p>\n<p>Es una enfermedad bastante com\u00fan reconocida por la Organizaci\u00f3n Mundial de la Salud, que afecta a un gran porcentaje de parejas en edad reproductiva.<\/p>\n<p>No obstante, existen tratamientos para muchos tipos de infertilidad y muchas parejas que han tenido dificultades logran tener un beb\u00e9 sano.<\/p>\n<h4>Borrar los estigmas y prejuicios de la infertilidad<\/h4>\n<p>A pesar de los avances cient\u00edficos en materia de medicina reproductiva, la infertilidad es un tema cargado de perjuicios y estigmas sociales que muchas parejas deciden dejar para su \u00e1mbito privado.<\/p>\n<p>Los problemas de las parejas para tener hijos de manera natural es un asunto a tener muy en cuenta ya que causa mucho sufrimiento emocional y dificultades econ\u00f3micas y laborales.<\/p>\n<p>Muchas parejas acuden a las cl\u00ednicas de fertilidad y se someten a tratamientos que son duros y requieren mucho tiempo y paciencia, adem\u00e1s de una gran fortaleza emocional por parte de los dos miembros de la pareja.<\/p>\n<p>Por eso es importante buscar el compromiso de todos los agentes sociales para normalizar la situaci\u00f3n y borrar los estigmas que van ligados a la infertilidad.<\/p>\n<p>&nbsp;<\/p>\n<h4>Causas de la infertilidad<\/h4>\n<p>Los problemas de fertilidad pueden darse en hombres y en mujeres y pueden ser debidos a muchas causas. No es una cuesti\u00f3n simplemente de edad, hay muchas causas que la provocan.<\/p>\n<p class=\"article-text\">Las m\u00e1s comunes en el caso de las mujeres son las siguientes:<\/p>\n<div class=\"list\">\n<ul>\n<li>Falta de ovulaci\u00f3n o mala calidad de los \u00f3vulos.<\/li>\n<li>Endometriosis: es el crecimiento del tejido del interior del \u00fatero, fuera de \u00e9ste, en las trompas de Falopio o en los ovarios.<\/li>\n<li>Fibromas uterinos.<\/li>\n<li>Trompas de Falopio bloqueadas.<\/li>\n<\/ul>\n<\/div>\n<p class=\"article-text\">En el caso de los hombres, la causa de la infertilidad puede deberse a:<\/p>\n<div id=\"container-after-news-outlook\"><\/div>\n<div class=\"list\">\n<ul>\n<li>Bajo recuento de espermatozoides en el semen, o ausencia de ellos.<\/li>\n<li>Baja movilidad de los espermatozoides.<\/li>\n<li>Espermatozoides que no se han formado adecuadamente.<\/li>\n<li>Semen espeso que no permite llegar a los espermatozoides al \u00f3vulo.<\/li>\n<li>Problemas hormonales.<\/li>\n<li>Problemas de eyaculaci\u00f3n.<\/li>\n<li>Consejos para mejorar la fertilidad<\/li>\n<\/ul>\n<\/div>\n<p class=\"article-text\">Hay algunos consejos para lograr mejorar la fertilidad que pueden aplicarse tanto al hombre, como a la mujer y que van a ayudarte a estar m\u00e1s preparado\/a para conseguir un embarazo, adem\u00e1s de traerte mejor salud en general:<\/p>\n<div class=\"list\">\n<ol>\n<li>Lleva una dieta sana y equilibrada: elige alimentos ricos en antioxidantes y vitaminas, como las verduras y las frutas, alimentos con \u00e1cido f\u00f3lico (espinacas) y omega 3, como el pescado azul.<\/li>\n<li>Controla tu peso: la obesidad puede afectar negativamente a la ovulaci\u00f3n o a la calidad de los espermatozoides, adem\u00e1s de conllevar mayor riesgo de complicaciones durante el embarazo y el parto. Pero tambi\u00e9n estar por debajo de tu peso ideal puede traer complicaciones.<\/li>\n<li>Evitad el tabaco ambos miembros de la pareja, as\u00ed como moderaci\u00f3n en el consumo de alcohol.<\/li>\n<li>Practica deporte con frecuencia: previene la obesidad y reduce el estr\u00e9s, lo que ayuda por partida doble a la salud reproductiva.<\/li>\n<li>Fuera el estr\u00e9s: si hay algo que no ayuda en nada a conseguir un embarazo, es el estr\u00e9s y la ansiedad. Practica meditaci\u00f3n o yoga para relajarte, y realiza actividades tranquilas en pareja que os ayuden a tomaros el asunto con calma.<\/li>\n<\/ol>\n<\/div>\n<p><strong>NB &#8211; elDiarioAR<\/strong><\/p>\n","protected":false},"excerpt":{"rendered":"<p>Esta fecha busca visibilizar los problemas para concebir que afectan cada vez m\u00e1s a la poblaci\u00f3n; y en ese sentido, advertir sobre la importancia de consultar a un especialista.<\/p>\n","protected":false},"author":3,"featured_media":119693,"comment_status":"closed","ping_status":"closed","sticky":false,"template":"","format":"standard","meta":{"footnotes":""},"categories":[30,26],"tags":[],"class_list":["post-119692","post","type-post","status-publish","format-standard","has-post-thumbnail","hentry","category-salud","category-sociedad"],"yoast_head":"<!-- This site is optimized with the Yoast SEO plugin v25.9 - https:\/\/yoast.com\/wordpress\/plugins\/seo\/ -->\n<title>D\u00eda Mundial de la Fertilidad: \u00bfpor qu\u00e9 se celebra el 4 de junio? - Noticias Radio Reflejos<\/title>\n<meta name=\"robots\" content=\"index, follow, max-snippet:-1, max-image-preview:large, max-video-preview:-1\" \/>\n<link rel=\"canonical\" href=\"https:\/\/www.noticiasradioreflejos.com.ar\/2021\/dia-mundial-de-la-fertilidad-por-que-se-celebra-el-4-de-junio\/\" \/>\n<meta property=\"og:locale\" content=\"es_ES\" \/>\n<meta property=\"og:type\" content=\"article\" \/>\n<meta property=\"og:title\" content=\"D\u00eda Mundial de la Fertilidad: \u00bfpor qu\u00e9 se celebra el 4 de junio? - Noticias Radio Reflejos\" \/>\n<meta property=\"og:description\" content=\"Esta fecha busca visibilizar los problemas para concebir que afectan cada vez m\u00e1s a la poblaci\u00f3n; y en ese sentido, advertir sobre la importancia de consultar a un especialista.\" \/>\n<meta property=\"og:url\" content=\"https:\/\/www.noticiasradioreflejos.com.ar\/2021\/dia-mundial-de-la-fertilidad-por-que-se-celebra-el-4-de-junio\/\" \/>\n<meta property=\"og:site_name\" content=\"Noticias Radio Reflejos\" \/>\n<meta property=\"article:published_time\" content=\"2025-06-04T09:50:29+00:00\" \/>\n<meta property=\"og:image\" content=\"https:\/\/www.noticiasradioreflejos.com.ar\/2021\/wp-content\/uploads\/2025\/06\/fertilidad-embarazo.jpg\" \/>\n\t<meta property=\"og:image:width\" content=\"1200\" \/>\n\t<meta property=\"og:image:height\" content=\"675\" \/>\n\t<meta property=\"og:image:type\" content=\"image\/jpeg\" \/>\n<meta name=\"author\" content=\"Arnaldo Botto\" \/>\n<meta name=\"twitter:card\" content=\"summary_large_image\" \/>\n<script type=\"application\/ld+json\" class=\"yoast-schema-graph\">{\"@context\":\"https:\/\/schema.org\",\"@graph\":[{\"@type\":\"WebPage\",\"@id\":\"https:\/\/www.noticiasradioreflejos.com.ar\/2021\/dia-mundial-de-la-fertilidad-por-que-se-celebra-el-4-de-junio\/\",\"url\":\"https:\/\/www.noticiasradioreflejos.com.ar\/2021\/dia-mundial-de-la-fertilidad-por-que-se-celebra-el-4-de-junio\/\",\"name\":\"D\u00eda Mundial de la Fertilidad: \u00bfpor qu\u00e9 se celebra el 4 de junio? - Noticias Radio Reflejos\",\"isPartOf\":{\"@id\":\"https:\/\/www.noticiasradioreflejos.com.ar\/2021\/#website\"},\"primaryImageOfPage\":{\"@id\":\"https:\/\/www.noticiasradioreflejos.com.ar\/2021\/dia-mundial-de-la-fertilidad-por-que-se-celebra-el-4-de-junio\/#primaryimage\"},\"image\":{\"@id\":\"https:\/\/www.noticiasradioreflejos.com.ar\/2021\/dia-mundial-de-la-fertilidad-por-que-se-celebra-el-4-de-junio\/#primaryimage\"},\"thumbnailUrl\":\"https:\/\/www.noticiasradioreflejos.com.ar\/2021\/wp-content\/uploads\/2025\/06\/fertilidad-embarazo.jpg\",\"datePublished\":\"2025-06-04T09:50:29+00:00\",\"author\":{\"@id\":\"https:\/\/www.noticiasradioreflejos.com.ar\/2021\/#\/schema\/person\/ad82545263dcc5ec0996818884fd5fb1\"},\"breadcrumb\":{\"@id\":\"https:\/\/www.noticiasradioreflejos.com.ar\/2021\/dia-mundial-de-la-fertilidad-por-que-se-celebra-el-4-de-junio\/#breadcrumb\"},\"inLanguage\":\"es\",\"potentialAction\":[{\"@type\":\"ReadAction\",\"target\":[\"https:\/\/www.noticiasradioreflejos.com.ar\/2021\/dia-mundial-de-la-fertilidad-por-que-se-celebra-el-4-de-junio\/\"]}]},{\"@type\":\"ImageObject\",\"inLanguage\":\"es\",\"@id\":\"https:\/\/www.noticiasradioreflejos.com.ar\/2021\/dia-mundial-de-la-fertilidad-por-que-se-celebra-el-4-de-junio\/#primaryimage\",\"url\":\"https:\/\/www.noticiasradioreflejos.com.ar\/2021\/wp-content\/uploads\/2025\/06\/fertilidad-embarazo.jpg\",\"contentUrl\":\"https:\/\/www.noticiasradioreflejos.com.ar\/2021\/wp-content\/uploads\/2025\/06\/fertilidad-embarazo.jpg\",\"width\":1200,\"height\":675},{\"@type\":\"BreadcrumbList\",\"@id\":\"https:\/\/www.noticiasradioreflejos.com.ar\/2021\/dia-mundial-de-la-fertilidad-por-que-se-celebra-el-4-de-junio\/#breadcrumb\",\"itemListElement\":[{\"@type\":\"ListItem\",\"position\":1,\"name\":\"Portada\",\"item\":\"https:\/\/www.noticiasradioreflejos.com.ar\/2021\/\"},{\"@type\":\"ListItem\",\"position\":2,\"name\":\"D\u00eda Mundial de la Fertilidad: \u00bfpor qu\u00e9 se celebra el 4 de junio?\"}]},{\"@type\":\"WebSite\",\"@id\":\"https:\/\/www.noticiasradioreflejos.com.ar\/2021\/#website\",\"url\":\"https:\/\/www.noticiasradioreflejos.com.ar\/2021\/\",\"name\":\"Noticias Radio Reflejos\",\"description\":\"Las noticias de mi comarca\",\"potentialAction\":[{\"@type\":\"SearchAction\",\"target\":{\"@type\":\"EntryPoint\",\"urlTemplate\":\"https:\/\/www.noticiasradioreflejos.com.ar\/2021\/?s={search_term_string}\"},\"query-input\":{\"@type\":\"PropertyValueSpecification\",\"valueRequired\":true,\"valueName\":\"search_term_string\"}}],\"inLanguage\":\"es\"},{\"@type\":\"Person\",\"@id\":\"https:\/\/www.noticiasradioreflejos.com.ar\/2021\/#\/schema\/person\/ad82545263dcc5ec0996818884fd5fb1\",\"name\":\"Arnaldo Botto\",\"image\":{\"@type\":\"ImageObject\",\"inLanguage\":\"es\",\"@id\":\"https:\/\/www.noticiasradioreflejos.com.ar\/2021\/#\/schema\/person\/image\/\",\"url\":\"https:\/\/secure.gravatar.com\/avatar\/55cb5e37c1efa326397366e6974cb338056df65cb50e7d64d1cf314e87504837?s=96&d=mm&r=g\",\"contentUrl\":\"https:\/\/secure.gravatar.com\/avatar\/55cb5e37c1efa326397366e6974cb338056df65cb50e7d64d1cf314e87504837?s=96&d=mm&r=g\",\"caption\":\"Arnaldo Botto\"},\"url\":\"https:\/\/www.noticiasradioreflejos.com.ar\/2021\/author\/arnaldo\/\"}]}<\/script>\n<!-- \/ Yoast SEO plugin. -->","yoast_head_json":{"title":"D\u00eda Mundial de la Fertilidad: \u00bfpor qu\u00e9 se celebra el 4 de junio? - Noticias Radio Reflejos","robots":{"index":"index","follow":"follow","max-snippet":"max-snippet:-1","max-image-preview":"max-image-preview:large","max-video-preview":"max-video-preview:-1"},"canonical":"https:\/\/www.noticiasradioreflejos.com.ar\/2021\/dia-mundial-de-la-fertilidad-por-que-se-celebra-el-4-de-junio\/","og_locale":"es_ES","og_type":"article","og_title":"D\u00eda Mundial de la Fertilidad: \u00bfpor qu\u00e9 se celebra el 4 de junio? - Noticias Radio Reflejos","og_description":"Esta fecha busca visibilizar los problemas para concebir que afectan cada vez m\u00e1s a la poblaci\u00f3n; y en ese sentido, advertir sobre la importancia de consultar a un especialista.","og_url":"https:\/\/www.noticiasradioreflejos.com.ar\/2021\/dia-mundial-de-la-fertilidad-por-que-se-celebra-el-4-de-junio\/","og_site_name":"Noticias Radio Reflejos","article_published_time":"2025-06-04T09:50:29+00:00","og_image":[{"width":1200,"height":675,"url":"https:\/\/www.noticiasradioreflejos.com.ar\/2021\/wp-content\/uploads\/2025\/06\/fertilidad-embarazo.jpg","type":"image\/jpeg"}],"author":"Arnaldo Botto","twitter_card":"summary_large_image","schema":{"@context":"https:\/\/schema.org","@graph":[{"@type":"WebPage","@id":"https:\/\/www.noticiasradioreflejos.com.ar\/2021\/dia-mundial-de-la-fertilidad-por-que-se-celebra-el-4-de-junio\/","url":"https:\/\/www.noticiasradioreflejos.com.ar\/2021\/dia-mundial-de-la-fertilidad-por-que-se-celebra-el-4-de-junio\/","name":"D\u00eda Mundial de la Fertilidad: \u00bfpor qu\u00e9 se celebra el 4 de junio? - Noticias Radio Reflejos","isPartOf":{"@id":"https:\/\/www.noticiasradioreflejos.com.ar\/2021\/#website"},"primaryImageOfPage":{"@id":"https:\/\/www.noticiasradioreflejos.com.ar\/2021\/dia-mundial-de-la-fertilidad-por-que-se-celebra-el-4-de-junio\/#primaryimage"},"image":{"@id":"https:\/\/www.noticiasradioreflejos.com.ar\/2021\/dia-mundial-de-la-fertilidad-por-que-se-celebra-el-4-de-junio\/#primaryimage"},"thumbnailUrl":"https:\/\/www.noticiasradioreflejos.com.ar\/2021\/wp-content\/uploads\/2025\/06\/fertilidad-embarazo.jpg","datePublished":"2025-06-04T09:50:29+00:00","author":{"@id":"https:\/\/www.noticiasradioreflejos.com.ar\/2021\/#\/schema\/person\/ad82545263dcc5ec0996818884fd5fb1"},"breadcrumb":{"@id":"https:\/\/www.noticiasradioreflejos.com.ar\/2021\/dia-mundial-de-la-fertilidad-por-que-se-celebra-el-4-de-junio\/#breadcrumb"},"inLanguage":"es","potentialAction":[{"@type":"ReadAction","target":["https:\/\/www.noticiasradioreflejos.com.ar\/2021\/dia-mundial-de-la-fertilidad-por-que-se-celebra-el-4-de-junio\/"]}]},{"@type":"ImageObject","inLanguage":"es","@id":"https:\/\/www.noticiasradioreflejos.com.ar\/2021\/dia-mundial-de-la-fertilidad-por-que-se-celebra-el-4-de-junio\/#primaryimage","url":"https:\/\/www.noticiasradioreflejos.com.ar\/2021\/wp-content\/uploads\/2025\/06\/fertilidad-embarazo.jpg","contentUrl":"https:\/\/www.noticiasradioreflejos.com.ar\/2021\/wp-content\/uploads\/2025\/06\/fertilidad-embarazo.jpg","width":1200,"height":675},{"@type":"BreadcrumbList","@id":"https:\/\/www.noticiasradioreflejos.com.ar\/2021\/dia-mundial-de-la-fertilidad-por-que-se-celebra-el-4-de-junio\/#breadcrumb","itemListElement":[{"@type":"ListItem","position":1,"name":"Portada","item":"https:\/\/www.noticiasradioreflejos.com.ar\/2021\/"},{"@type":"ListItem","position":2,"name":"D\u00eda Mundial de la Fertilidad: \u00bfpor qu\u00e9 se celebra el 4 de junio?"}]},{"@type":"WebSite","@id":"https:\/\/www.noticiasradioreflejos.com.ar\/2021\/#website","url":"https:\/\/www.noticiasradioreflejos.com.ar\/2021\/","name":"Noticias Radio Reflejos","description":"Las noticias de mi comarca","potentialAction":[{"@type":"SearchAction","target":{"@type":"EntryPoint","urlTemplate":"https:\/\/www.noticiasradioreflejos.com.ar\/2021\/?s={search_term_string}"},"query-input":{"@type":"PropertyValueSpecification","valueRequired":true,"valueName":"search_term_string"}}],"inLanguage":"es"},{"@type":"Person","@id":"https:\/\/www.noticiasradioreflejos.com.ar\/2021\/#\/schema\/person\/ad82545263dcc5ec0996818884fd5fb1","name":"Arnaldo Botto","image":{"@type":"ImageObject","inLanguage":"es","@id":"https:\/\/www.noticiasradioreflejos.com.ar\/2021\/#\/schema\/person\/image\/","url":"https:\/\/secure.gravatar.com\/avatar\/55cb5e37c1efa326397366e6974cb338056df65cb50e7d64d1cf314e87504837?s=96&d=mm&r=g","contentUrl":"https:\/\/secure.gravatar.com\/avatar\/55cb5e37c1efa326397366e6974cb338056df65cb50e7d64d1cf314e87504837?s=96&d=mm&r=g","caption":"Arnaldo Botto"},"url":"https:\/\/www.noticiasradioreflejos.com.ar\/2021\/author\/arnaldo\/"}]}},"_links":{"self":[{"href":"https:\/\/www.noticiasradioreflejos.com.ar\/2021\/wp-json\/wp\/v2\/posts\/119692","targetHints":{"allow":["GET"]}}],"collection":[{"href":"https:\/\/www.noticiasradioreflejos.com.ar\/2021\/wp-json\/wp\/v2\/posts"}],"about":[{"href":"https:\/\/www.noticiasradioreflejos.com.ar\/2021\/wp-json\/wp\/v2\/types\/post"}],"author":[{"embeddable":true,"href":"https:\/\/www.noticiasradioreflejos.com.ar\/2021\/wp-json\/wp\/v2\/users\/3"}],"replies":[{"embeddable":true,"href":"https:\/\/www.noticiasradioreflejos.com.ar\/2021\/wp-json\/wp\/v2\/comments?post=119692"}],"version-history":[{"count":1,"href":"https:\/\/www.noticiasradioreflejos.com.ar\/2021\/wp-json\/wp\/v2\/posts\/119692\/revisions"}],"predecessor-version":[{"id":119694,"href":"https:\/\/www.noticiasradioreflejos.com.ar\/2021\/wp-json\/wp\/v2\/posts\/119692\/revisions\/119694"}],"wp:featuredmedia":[{"embeddable":true,"href":"https:\/\/www.noticiasradioreflejos.com.ar\/2021\/wp-json\/wp\/v2\/media\/119693"}],"wp:attachment":[{"href":"https:\/\/www.noticiasradioreflejos.com.ar\/2021\/wp-json\/wp\/v2\/media?parent=119692"}],"wp:term":[{"taxonomy":"category","embeddable":true,"href":"https:\/\/www.noticiasradioreflejos.com.ar\/2021\/wp-json\/wp\/v2\/categories?post=119692"},{"taxonomy":"post_tag","embeddable":true,"href":"https:\/\/www.noticiasradioreflejos.com.ar\/2021\/wp-json\/wp\/v2\/tags?post=119692"}],"curies":[{"name":"wp","href":"https:\/\/api.w.org\/{rel}","templated":true}]}}