{"id":119528,"date":"2025-05-31T09:09:08","date_gmt":"2025-05-31T12:09:08","guid":{"rendered":"https:\/\/www.noticiasradioreflejos.com.ar\/2021\/?p=119528"},"modified":"2025-05-31T09:15:54","modified_gmt":"2025-05-31T12:15:54","slug":"no-es-solo-vapor-el-dano-pulmonar-que-provocan-los-vapers-en-adolescentes-y-jovenes","status":"publish","type":"post","link":"https:\/\/www.noticiasradioreflejos.com.ar\/2021\/no-es-solo-vapor-el-dano-pulmonar-que-provocan-los-vapers-en-adolescentes-y-jovenes\/","title":{"rendered":"No es solo vapor: el da\u00f1o pulmonar que provocan los vapers en adolescentes y j\u00f3venes"},"content":{"rendered":"<p>Especialistas advierten que los vapers generan adicci\u00f3n y pueden causar lesiones pulmonares graves como el s\u00edndrome EVALI, incluso en menores de 13 a\u00f1os.<!--more--><strong>Los cigarrillos electr\u00f3nicos, tambi\u00e9n conocidos como vapeadores o \u201cvapers\u201d<\/strong>, han registrado un incremento en su uso en los \u00faltimos a\u00f1os, especialmente entre adolescentes y j\u00f3venes, siendo hoy una puerta de entrada a la adicci\u00f3n a la nicotina para este grupo vulnerable.<\/p>\n<div class=\"columns\" data-tadevel-template=\"web\/article-columns\">\n<div class=\"column-main\">\n<div class=\"article-body\" data-tadevel-template=\"web\/article-body\">\n<div class=\"article-body-content\">\n<p>Ante el creciente uso de los mismos en adolescentes y adultos j\u00f3venes,\u00a0<strong>la\u00a0doctora Julieta Franzoy, quien es neumon\u00f3loga y coordinadora del Programa de Cesaci\u00f3n Tab\u00e1quica de LALCEC<\/strong>, dio detalles para entender mejor los riesgos del vapeo y aclarar mitos sobre esta pr\u00e1ctica que est\u00e1 cada vez m\u00e1s presente.<\/p>\n<p>\u201cLos l\u00edquidos que se utilizan en los vapers contienen una variedad de sustancias, siendo la nicotina una de las principales. Esta es la sustancia responsable de la adicci\u00f3n y puede encontrarse en distintas concentraciones, seg\u00fan el producto. Pero, no solo contienen nicotina: tambi\u00e9n pueden incluir sustancias potencialmente peligrosas, cuya presencia y concentraci\u00f3n muchas veces no est\u00e1n claramente especificadas en el producto\u201d, indic\u00f3 Franzoy.<\/p>\n<p>Al ser consultada acerca de c\u00f3mo afectan los vapers a los pulmones y a la salud respiratoria, la especialista se\u00f1al\u00f3:<strong>\u00a0\u201cLos compuestos qu\u00edmicos presentes en los vapers pueden tener un impacto directo sobre la salud pulmonar. Muchos de ellos provocan una reacci\u00f3n inflamatoria en el pulm\u00f3n, especialmente cuando son inhalados de forma repetida.<\/strong>\u00a0Uno de los efectos m\u00e1s graves asociados al vapeo es el s\u00edndrome EVALI (E-cigarette or Vaping product use-Associated Lung Injury), una lesi\u00f3n pulmonar aguda vinculada al uso de cigarrillos electr\u00f3nicos. Esta condici\u00f3n puede causar s\u00edntomas respiratorios severos, como tos, dificultad para respirar, dolor en el pecho, y en algunos casos, requerir internaci\u00f3n\u201d.<\/p>\n<p><strong>\u201cEl da\u00f1o ocurre porque las sustancias qu\u00edmicas presentes en los l\u00edquidos se depositan en el tejido pulmonar, generando inflamaci\u00f3n en el par\u00e9nquima (la parte funcional del pulm\u00f3n), lo que deteriora su capacidad para oxigenar correctamente la sangre.<\/strong>\u00a0Si alguien deja el cigarrillo tradicional, pero sigue vapeando, no dej\u00f3 de fumar. Vapear no es una estrategia v\u00e1lida para dejar de fumar, aunque muchas veces se lo presenta as\u00ed\u201d, expres\u00f3.<\/p>\n<p>Adem\u00e1s, dijo que \u201chay evidencia cient\u00edfica s\u00f3lida que demuestra que el vapeo puede causar da\u00f1o pulmonar grave y uno de los casos m\u00e1s conocidos es el ya mencionado s\u00edndrome EVALI\u201d, que fue ampliamente estudiado y documentado en los \u00faltimos a\u00f1os, sobre todo en Estados Unidos.\u00a0<strong>\u201cEste s\u00edndrome est\u00e1 relacionado con el dep\u00f3sito de sustancias qu\u00edmicas en el pulm\u00f3n, lo que provoca una inflamaci\u00f3n severa del par\u00e9nquima pulmonar\u201d, dijo Franzoy.<\/strong><\/p>\n<p>\u201cEl mensaje principal es claro: no minimicen los riesgos del vapeo. A los j\u00f3venes, les dir\u00eda que no se dejen enga\u00f1ar por la apariencia inofensiva de estos dispositivos. Aunque tengan sabores agradables y parezcan \u00b4m\u00e1s livianos\u00b4, los vapers son t\u00f3xicos, generan adicci\u00f3n y pueden causar da\u00f1os serios en la salud, especialmente en los pulmones\u201d, culmin\u00f3 la experta.<\/p>\n<h4>Datos sobre el consumo en Argentina<\/h4>\n<p><strong>Seg\u00fan la Encuesta Mundial de Tabaquismo en J\u00f3venes (EMTJ) 2018, el 7,1 % de los estudiantes de entre 13 y 15 a\u00f1os consum\u00edan cigarrillos electr\u00f3nicos, y el 14,4 % los hab\u00eda probado alguna vez.\u00a0<\/strong>Por su parte, la Encuesta de FIC Argentina 2023 indic\u00f3 que, en la Ciudad de Buenos Aires, el 8,9% de los adolescentes de entre 13 y 18 a\u00f1os eran consumidores actuales de cigarrillos electr\u00f3nicos. Adem\u00e1s, el\u00a0<strong>47,7 % manifest\u00f3 disposici\u00f3n a probarlos en el futuro.<\/strong><\/p>\n<p>En cuanto a las edades m\u00e1s tempranas, datos recopilados muestran que el\u00a0<strong>25,2 %<\/strong>\u00a0<strong>de los j\u00f3venes de 12 a 13 a\u00f1os<\/strong>\u00a0declar\u00f3 haber utilizado cigarrillos electr\u00f3nicos alguna vez,\u00a0<strong>y el 11,2 % lo hizo en los \u00faltimos 30 d\u00edas.<\/strong><\/p>\n<\/div>\n<\/div>\n<\/div>\n<\/div>\n","protected":false},"excerpt":{"rendered":"<p>Especialistas advierten que los vapers generan adicci\u00f3n y pueden causar lesiones pulmonares graves como el s\u00edndrome EVALI, incluso en menores de 13 a\u00f1os.<\/p>\n","protected":false},"author":3,"featured_media":119529,"comment_status":"closed","ping_status":"closed","sticky":false,"template":"","format":"standard","meta":{"footnotes":""},"categories":[30],"tags":[],"class_list":["post-119528","post","type-post","status-publish","format-standard","has-post-thumbnail","hentry","category-salud"],"yoast_head":"<!-- This site is optimized with the Yoast SEO plugin v25.9 - https:\/\/yoast.com\/wordpress\/plugins\/seo\/ -->\n<title>No es solo vapor: el da\u00f1o pulmonar que provocan los vapers en adolescentes y j\u00f3venes - Noticias Radio Reflejos<\/title>\n<meta name=\"robots\" content=\"index, follow, max-snippet:-1, max-image-preview:large, max-video-preview:-1\" \/>\n<link rel=\"canonical\" href=\"https:\/\/www.noticiasradioreflejos.com.ar\/2021\/no-es-solo-vapor-el-dano-pulmonar-que-provocan-los-vapers-en-adolescentes-y-jovenes\/\" \/>\n<meta property=\"og:locale\" content=\"es_ES\" \/>\n<meta property=\"og:type\" content=\"article\" \/>\n<meta property=\"og:title\" content=\"No es solo vapor: el da\u00f1o pulmonar que provocan los vapers en adolescentes y j\u00f3venes - Noticias Radio Reflejos\" \/>\n<meta property=\"og:description\" content=\"Especialistas advierten que los vapers generan adicci\u00f3n y pueden causar lesiones pulmonares graves como el s\u00edndrome EVALI, incluso en menores de 13 a\u00f1os.\" \/>\n<meta property=\"og:url\" content=\"https:\/\/www.noticiasradioreflejos.com.ar\/2021\/no-es-solo-vapor-el-dano-pulmonar-que-provocan-los-vapers-en-adolescentes-y-jovenes\/\" \/>\n<meta property=\"og:site_name\" content=\"Noticias Radio Reflejos\" \/>\n<meta property=\"article:published_time\" content=\"2025-05-31T12:09:08+00:00\" \/>\n<meta property=\"article:modified_time\" content=\"2025-05-31T12:15:54+00:00\" \/>\n<meta property=\"og:image\" content=\"https:\/\/www.noticiasradioreflejos.com.ar\/2021\/wp-content\/uploads\/2025\/05\/Vapes.jpg\" \/>\n\t<meta property=\"og:image:width\" content=\"1080\" \/>\n\t<meta property=\"og:image:height\" content=\"720\" \/>\n\t<meta property=\"og:image:type\" content=\"image\/jpeg\" \/>\n<meta name=\"author\" content=\"Arnaldo Botto\" \/>\n<meta name=\"twitter:card\" content=\"summary_large_image\" \/>\n<script type=\"application\/ld+json\" class=\"yoast-schema-graph\">{\"@context\":\"https:\/\/schema.org\",\"@graph\":[{\"@type\":\"WebPage\",\"@id\":\"https:\/\/www.noticiasradioreflejos.com.ar\/2021\/no-es-solo-vapor-el-dano-pulmonar-que-provocan-los-vapers-en-adolescentes-y-jovenes\/\",\"url\":\"https:\/\/www.noticiasradioreflejos.com.ar\/2021\/no-es-solo-vapor-el-dano-pulmonar-que-provocan-los-vapers-en-adolescentes-y-jovenes\/\",\"name\":\"No es solo vapor: el da\u00f1o pulmonar que provocan los vapers en adolescentes y j\u00f3venes - Noticias Radio Reflejos\",\"isPartOf\":{\"@id\":\"https:\/\/www.noticiasradioreflejos.com.ar\/2021\/#website\"},\"primaryImageOfPage\":{\"@id\":\"https:\/\/www.noticiasradioreflejos.com.ar\/2021\/no-es-solo-vapor-el-dano-pulmonar-que-provocan-los-vapers-en-adolescentes-y-jovenes\/#primaryimage\"},\"image\":{\"@id\":\"https:\/\/www.noticiasradioreflejos.com.ar\/2021\/no-es-solo-vapor-el-dano-pulmonar-que-provocan-los-vapers-en-adolescentes-y-jovenes\/#primaryimage\"},\"thumbnailUrl\":\"https:\/\/www.noticiasradioreflejos.com.ar\/2021\/wp-content\/uploads\/2025\/05\/Vapes.jpg\",\"datePublished\":\"2025-05-31T12:09:08+00:00\",\"dateModified\":\"2025-05-31T12:15:54+00:00\",\"author\":{\"@id\":\"https:\/\/www.noticiasradioreflejos.com.ar\/2021\/#\/schema\/person\/ad82545263dcc5ec0996818884fd5fb1\"},\"breadcrumb\":{\"@id\":\"https:\/\/www.noticiasradioreflejos.com.ar\/2021\/no-es-solo-vapor-el-dano-pulmonar-que-provocan-los-vapers-en-adolescentes-y-jovenes\/#breadcrumb\"},\"inLanguage\":\"es\",\"potentialAction\":[{\"@type\":\"ReadAction\",\"target\":[\"https:\/\/www.noticiasradioreflejos.com.ar\/2021\/no-es-solo-vapor-el-dano-pulmonar-que-provocan-los-vapers-en-adolescentes-y-jovenes\/\"]}]},{\"@type\":\"ImageObject\",\"inLanguage\":\"es\",\"@id\":\"https:\/\/www.noticiasradioreflejos.com.ar\/2021\/no-es-solo-vapor-el-dano-pulmonar-que-provocan-los-vapers-en-adolescentes-y-jovenes\/#primaryimage\",\"url\":\"https:\/\/www.noticiasradioreflejos.com.ar\/2021\/wp-content\/uploads\/2025\/05\/Vapes.jpg\",\"contentUrl\":\"https:\/\/www.noticiasradioreflejos.com.ar\/2021\/wp-content\/uploads\/2025\/05\/Vapes.jpg\",\"width\":1080,\"height\":720},{\"@type\":\"BreadcrumbList\",\"@id\":\"https:\/\/www.noticiasradioreflejos.com.ar\/2021\/no-es-solo-vapor-el-dano-pulmonar-que-provocan-los-vapers-en-adolescentes-y-jovenes\/#breadcrumb\",\"itemListElement\":[{\"@type\":\"ListItem\",\"position\":1,\"name\":\"Portada\",\"item\":\"https:\/\/www.noticiasradioreflejos.com.ar\/2021\/\"},{\"@type\":\"ListItem\",\"position\":2,\"name\":\"No es solo vapor: el da\u00f1o pulmonar que provocan los vapers en adolescentes y j\u00f3venes\"}]},{\"@type\":\"WebSite\",\"@id\":\"https:\/\/www.noticiasradioreflejos.com.ar\/2021\/#website\",\"url\":\"https:\/\/www.noticiasradioreflejos.com.ar\/2021\/\",\"name\":\"Noticias Radio Reflejos\",\"description\":\"Las noticias de mi comarca\",\"potentialAction\":[{\"@type\":\"SearchAction\",\"target\":{\"@type\":\"EntryPoint\",\"urlTemplate\":\"https:\/\/www.noticiasradioreflejos.com.ar\/2021\/?s={search_term_string}\"},\"query-input\":{\"@type\":\"PropertyValueSpecification\",\"valueRequired\":true,\"valueName\":\"search_term_string\"}}],\"inLanguage\":\"es\"},{\"@type\":\"Person\",\"@id\":\"https:\/\/www.noticiasradioreflejos.com.ar\/2021\/#\/schema\/person\/ad82545263dcc5ec0996818884fd5fb1\",\"name\":\"Arnaldo Botto\",\"image\":{\"@type\":\"ImageObject\",\"inLanguage\":\"es\",\"@id\":\"https:\/\/www.noticiasradioreflejos.com.ar\/2021\/#\/schema\/person\/image\/\",\"url\":\"https:\/\/secure.gravatar.com\/avatar\/55cb5e37c1efa326397366e6974cb338056df65cb50e7d64d1cf314e87504837?s=96&d=mm&r=g\",\"contentUrl\":\"https:\/\/secure.gravatar.com\/avatar\/55cb5e37c1efa326397366e6974cb338056df65cb50e7d64d1cf314e87504837?s=96&d=mm&r=g\",\"caption\":\"Arnaldo Botto\"},\"url\":\"https:\/\/www.noticiasradioreflejos.com.ar\/2021\/author\/arnaldo\/\"}]}<\/script>\n<!-- \/ Yoast SEO plugin. -->","yoast_head_json":{"title":"No es solo vapor: el da\u00f1o pulmonar que provocan los vapers en adolescentes y j\u00f3venes - Noticias Radio Reflejos","robots":{"index":"index","follow":"follow","max-snippet":"max-snippet:-1","max-image-preview":"max-image-preview:large","max-video-preview":"max-video-preview:-1"},"canonical":"https:\/\/www.noticiasradioreflejos.com.ar\/2021\/no-es-solo-vapor-el-dano-pulmonar-que-provocan-los-vapers-en-adolescentes-y-jovenes\/","og_locale":"es_ES","og_type":"article","og_title":"No es solo vapor: el da\u00f1o pulmonar que provocan los vapers en adolescentes y j\u00f3venes - Noticias Radio Reflejos","og_description":"Especialistas advierten que los vapers generan adicci\u00f3n y pueden causar lesiones pulmonares graves como el s\u00edndrome EVALI, incluso en menores de 13 a\u00f1os.","og_url":"https:\/\/www.noticiasradioreflejos.com.ar\/2021\/no-es-solo-vapor-el-dano-pulmonar-que-provocan-los-vapers-en-adolescentes-y-jovenes\/","og_site_name":"Noticias Radio Reflejos","article_published_time":"2025-05-31T12:09:08+00:00","article_modified_time":"2025-05-31T12:15:54+00:00","og_image":[{"width":1080,"height":720,"url":"https:\/\/www.noticiasradioreflejos.com.ar\/2021\/wp-content\/uploads\/2025\/05\/Vapes.jpg","type":"image\/jpeg"}],"author":"Arnaldo Botto","twitter_card":"summary_large_image","schema":{"@context":"https:\/\/schema.org","@graph":[{"@type":"WebPage","@id":"https:\/\/www.noticiasradioreflejos.com.ar\/2021\/no-es-solo-vapor-el-dano-pulmonar-que-provocan-los-vapers-en-adolescentes-y-jovenes\/","url":"https:\/\/www.noticiasradioreflejos.com.ar\/2021\/no-es-solo-vapor-el-dano-pulmonar-que-provocan-los-vapers-en-adolescentes-y-jovenes\/","name":"No es solo vapor: el da\u00f1o pulmonar que provocan los vapers en adolescentes y j\u00f3venes - Noticias Radio Reflejos","isPartOf":{"@id":"https:\/\/www.noticiasradioreflejos.com.ar\/2021\/#website"},"primaryImageOfPage":{"@id":"https:\/\/www.noticiasradioreflejos.com.ar\/2021\/no-es-solo-vapor-el-dano-pulmonar-que-provocan-los-vapers-en-adolescentes-y-jovenes\/#primaryimage"},"image":{"@id":"https:\/\/www.noticiasradioreflejos.com.ar\/2021\/no-es-solo-vapor-el-dano-pulmonar-que-provocan-los-vapers-en-adolescentes-y-jovenes\/#primaryimage"},"thumbnailUrl":"https:\/\/www.noticiasradioreflejos.com.ar\/2021\/wp-content\/uploads\/2025\/05\/Vapes.jpg","datePublished":"2025-05-31T12:09:08+00:00","dateModified":"2025-05-31T12:15:54+00:00","author":{"@id":"https:\/\/www.noticiasradioreflejos.com.ar\/2021\/#\/schema\/person\/ad82545263dcc5ec0996818884fd5fb1"},"breadcrumb":{"@id":"https:\/\/www.noticiasradioreflejos.com.ar\/2021\/no-es-solo-vapor-el-dano-pulmonar-que-provocan-los-vapers-en-adolescentes-y-jovenes\/#breadcrumb"},"inLanguage":"es","potentialAction":[{"@type":"ReadAction","target":["https:\/\/www.noticiasradioreflejos.com.ar\/2021\/no-es-solo-vapor-el-dano-pulmonar-que-provocan-los-vapers-en-adolescentes-y-jovenes\/"]}]},{"@type":"ImageObject","inLanguage":"es","@id":"https:\/\/www.noticiasradioreflejos.com.ar\/2021\/no-es-solo-vapor-el-dano-pulmonar-que-provocan-los-vapers-en-adolescentes-y-jovenes\/#primaryimage","url":"https:\/\/www.noticiasradioreflejos.com.ar\/2021\/wp-content\/uploads\/2025\/05\/Vapes.jpg","contentUrl":"https:\/\/www.noticiasradioreflejos.com.ar\/2021\/wp-content\/uploads\/2025\/05\/Vapes.jpg","width":1080,"height":720},{"@type":"BreadcrumbList","@id":"https:\/\/www.noticiasradioreflejos.com.ar\/2021\/no-es-solo-vapor-el-dano-pulmonar-que-provocan-los-vapers-en-adolescentes-y-jovenes\/#breadcrumb","itemListElement":[{"@type":"ListItem","position":1,"name":"Portada","item":"https:\/\/www.noticiasradioreflejos.com.ar\/2021\/"},{"@type":"ListItem","position":2,"name":"No es solo vapor: el da\u00f1o pulmonar que provocan los vapers en adolescentes y j\u00f3venes"}]},{"@type":"WebSite","@id":"https:\/\/www.noticiasradioreflejos.com.ar\/2021\/#website","url":"https:\/\/www.noticiasradioreflejos.com.ar\/2021\/","name":"Noticias Radio Reflejos","description":"Las noticias de mi comarca","potentialAction":[{"@type":"SearchAction","target":{"@type":"EntryPoint","urlTemplate":"https:\/\/www.noticiasradioreflejos.com.ar\/2021\/?s={search_term_string}"},"query-input":{"@type":"PropertyValueSpecification","valueRequired":true,"valueName":"search_term_string"}}],"inLanguage":"es"},{"@type":"Person","@id":"https:\/\/www.noticiasradioreflejos.com.ar\/2021\/#\/schema\/person\/ad82545263dcc5ec0996818884fd5fb1","name":"Arnaldo Botto","image":{"@type":"ImageObject","inLanguage":"es","@id":"https:\/\/www.noticiasradioreflejos.com.ar\/2021\/#\/schema\/person\/image\/","url":"https:\/\/secure.gravatar.com\/avatar\/55cb5e37c1efa326397366e6974cb338056df65cb50e7d64d1cf314e87504837?s=96&d=mm&r=g","contentUrl":"https:\/\/secure.gravatar.com\/avatar\/55cb5e37c1efa326397366e6974cb338056df65cb50e7d64d1cf314e87504837?s=96&d=mm&r=g","caption":"Arnaldo Botto"},"url":"https:\/\/www.noticiasradioreflejos.com.ar\/2021\/author\/arnaldo\/"}]}},"_links":{"self":[{"href":"https:\/\/www.noticiasradioreflejos.com.ar\/2021\/wp-json\/wp\/v2\/posts\/119528","targetHints":{"allow":["GET"]}}],"collection":[{"href":"https:\/\/www.noticiasradioreflejos.com.ar\/2021\/wp-json\/wp\/v2\/posts"}],"about":[{"href":"https:\/\/www.noticiasradioreflejos.com.ar\/2021\/wp-json\/wp\/v2\/types\/post"}],"author":[{"embeddable":true,"href":"https:\/\/www.noticiasradioreflejos.com.ar\/2021\/wp-json\/wp\/v2\/users\/3"}],"replies":[{"embeddable":true,"href":"https:\/\/www.noticiasradioreflejos.com.ar\/2021\/wp-json\/wp\/v2\/comments?post=119528"}],"version-history":[{"count":1,"href":"https:\/\/www.noticiasradioreflejos.com.ar\/2021\/wp-json\/wp\/v2\/posts\/119528\/revisions"}],"predecessor-version":[{"id":119530,"href":"https:\/\/www.noticiasradioreflejos.com.ar\/2021\/wp-json\/wp\/v2\/posts\/119528\/revisions\/119530"}],"wp:featuredmedia":[{"embeddable":true,"href":"https:\/\/www.noticiasradioreflejos.com.ar\/2021\/wp-json\/wp\/v2\/media\/119529"}],"wp:attachment":[{"href":"https:\/\/www.noticiasradioreflejos.com.ar\/2021\/wp-json\/wp\/v2\/media?parent=119528"}],"wp:term":[{"taxonomy":"category","embeddable":true,"href":"https:\/\/www.noticiasradioreflejos.com.ar\/2021\/wp-json\/wp\/v2\/categories?post=119528"},{"taxonomy":"post_tag","embeddable":true,"href":"https:\/\/www.noticiasradioreflejos.com.ar\/2021\/wp-json\/wp\/v2\/tags?post=119528"}],"curies":[{"name":"wp","href":"https:\/\/api.w.org\/{rel}","templated":true}]}}