{"id":119379,"date":"2025-05-29T07:22:54","date_gmt":"2025-05-29T10:22:54","guid":{"rendered":"https:\/\/www.noticiasradioreflejos.com.ar\/2021\/?p=119379"},"modified":"2025-05-29T07:22:54","modified_gmt":"2025-05-29T10:22:54","slug":"fundacion-conin-no-paga-sueldos-desde-febrero-cerro-su-hospital-y-espera-ayuda-del-gobierno","status":"publish","type":"post","link":"https:\/\/www.noticiasradioreflejos.com.ar\/2021\/fundacion-conin-no-paga-sueldos-desde-febrero-cerro-su-hospital-y-espera-ayuda-del-gobierno\/","title":{"rendered":"Fundaci\u00f3n Conin no paga sueldos desde febrero, cerr\u00f3 su hospital y espera ayuda del Gobierno"},"content":{"rendered":"<p>Algunos trabajadores renuncian mientras otros esperan desahuciados. La organizaci\u00f3n realiz\u00f3 un pedido de ayuda al ministerio de Capital Humano, pero no trascendi\u00f3 qu\u00e9 tipo de asistencia recibir\u00e1 ni cu\u00e1ndo.<!--more--><\/p>\n<p>G\u00e9lida. Esa es la imagen actual del<strong>\u00a0polo central de Conin en Mendoza<\/strong>, el centro modelo contra la desnutrici\u00f3n infantil fundada por\u00a0<a class=\"link\" href=\"https:\/\/www.eldiarioar.com\/politica\/virus-atraviesan-porcelanas-mujeres-deben-ofrecer-virginidad-frases-abel-albino_1_11419445.html\" data-mrf-recirculation=\"links-noticia\" data-mrf-link=\"https:\/\/www.eldiarioar.com\/politica\/virus-atraviesan-porcelanas-mujeres-deben-ofrecer-virginidad-frases-abel-albino_1_11419445.html\">el m\u00e9dico pediatra Abel Albino<\/a>.<strong>\u00a0El lugar se qued\u00f3 sin actividad a causa de un cese en el pago de salarios que en junio cumplir\u00e1 tres meses.<\/strong>\u00a0\u201cEl hospital est\u00e1 sin pacientes, pero el personal de cocina, enfermer\u00eda y limpieza sigue yendo porque no hay ning\u00fan papel que diga que tenemos que dejar de ir\u201d, cuenta a\u00a0<strong>elDiarioAR<\/strong>\u00a0Lorena, una enfermera que espera por su pago mientras trabaja a contraturno en un hospital.<\/p>\n<div class=\"news-info\" data-mrf-recirculation=\"firma\">\n<div class=\"twitter-wrapper\"><\/div>\n<\/div>\n<div class=\"partner-wrapper article-page__body-row\">\n<div class=\"second-col\">\n<p class=\"article-text\">La situaci\u00f3n es at\u00edpica e inesperada. Un a\u00f1o atr\u00e1s, el\u00a0<strong>Ministerio de Capital Humano<\/strong>\u00a0nombraba a Conin como una fundaci\u00f3n ejemplar y eleg\u00eda la sede mendocina para\u00a0<a class=\"link\" href=\"https:\/\/www.eldiarioar.com\/politica\/funciona-base-operaciones-conin-organizacion-gobierno-delego-reparto-alimentos_1_11432019.html\" target=\"_blank\" rel=\"noopener\" data-mrf-recirculation=\"links-noticia\" data-mrf-link=\"https:\/\/www.eldiarioar.com\/politica\/funciona-base-operaciones-conin-organizacion-gobierno-delego-reparto-alimentos_1_11432019.html\">el reparto de 69.000 kilos de leche<\/a>. Fue personal del Ej\u00e9rcito, dependiente de la cartera de Defensa que comanda el ministro mendocino Luis Petri, el que se ocup\u00f3 de la log\u00edstica. Por aquel entonces, elDiarioAR recorri\u00f3 las instalaciones del lugar. Era todo movimiento: cocineras revolviendo ollas copiosas sobre hornallas, madres alfabetiz\u00e1ndose mientras sus hijos permanec\u00edan en la guarder\u00eda y consultorios atiborrados de familias por consultas odontol\u00f3gicas, de audiolog\u00eda, psicopedagog\u00eda y pediatr\u00eda. Tambi\u00e9n hab\u00eda personal de mantenimiento haciendo trabajos externos.<\/p>\n<p class=\"article-text\"><strong>Hoy, no hay plata. Muchos debieron elegir trabajar en otro lado, esperar en sus casas o ir a fichar \u201cpor las dudas\u201d. \u201cHasta el momento el hospital est\u00e1 cerrado,sin pacientes.\u00a0<\/strong>Pese a eso, seguimos yendo en nuestros horarios pero nos siguen diciendo que no tienen fondos para pagarnos\u201d, agreg\u00f3 Lorena.<\/p>\n<figure><picture class=\"news-image\"><source srcset=\"https:\/\/static.eldiario.es\/clip\/8ba95ca7-1e98-49da-948e-2453a77fdd29_16-9-discover-aspect-ratio_50p_0.webp\" type=\"image\/webp\" media=\"(max-width: 576px)\" \/><source srcset=\"https:\/\/static.eldiario.es\/clip\/8ba95ca7-1e98-49da-948e-2453a77fdd29_16-9-discover-aspect-ratio_50p_0.jpg\" type=\"image\/jpg\" media=\"(max-width: 576px)\" \/><source srcset=\"https:\/\/static.eldiario.es\/clip\/8ba95ca7-1e98-49da-948e-2453a77fdd29_16-9-discover-aspect-ratio_75p_0.webp\" type=\"image\/webp\" media=\"(max-width: 767px)\" \/><source srcset=\"https:\/\/static.eldiario.es\/clip\/8ba95ca7-1e98-49da-948e-2453a77fdd29_16-9-discover-aspect-ratio_75p_0.jpg\" type=\"image\/jpg\" media=\"(max-width: 767px)\" \/><source srcset=\"https:\/\/static.eldiario.es\/clip\/8ba95ca7-1e98-49da-948e-2453a77fdd29_16-9-discover-aspect-ratio_default_0.webp\" type=\"image\/webp\" media=\"(min-width: 768px)\" \/><source srcset=\"https:\/\/static.eldiario.es\/clip\/8ba95ca7-1e98-49da-948e-2453a77fdd29_16-9-discover-aspect-ratio_default_0.jpg\" type=\"image\/jpg\" media=\"(min-width: 768px)\" \/><source srcset=\"https:\/\/static.eldiario.es\/clip\/8ba95ca7-1e98-49da-948e-2453a77fdd29_16-9-discover-aspect-ratio_default_0.webp\" type=\"image\/webp\" \/><img decoding=\"async\" class=\"lazy entered loaded\" src=\"https:\/\/static.eldiario.es\/clip\/8ba95ca7-1e98-49da-948e-2453a77fdd29_16-9-discover-aspect-ratio_default_0.jpg\" alt=\"\" data-src=\"https:\/\/static.eldiario.es\/clip\/8ba95ca7-1e98-49da-948e-2453a77fdd29_16-9-discover-aspect-ratio_default_0.jpg\" data-ll-status=\"loaded\" \/><\/picture><figcaption class=\"image-footer\"><em><span class=\"title\">\u00abConin, pagame\u00bb, uno de los carteles que los trabajadores colgaron en la puerta del centro.\u00a0<span class=\"author\">Radio Mitre MDZ<\/span><\/span><\/em><\/figcaption><\/figure>\n<p>&nbsp;<\/p>\n<p class=\"article-text\">Los vecinos no terminan de entender la profundidad del problema. El<strong>\u00a0Centro de Prevenci\u00f3n de la Desnutrici\u00f3n y Promoci\u00f3n Humana<\/strong>\u00a0(CPP) sigue atendiendo. All\u00ed llegan personas cuyo estado no es cr\u00edtico y cada fin de semana pueden retirar un bols\u00f3n de alimentos. Lo que por ahora cerr\u00f3 es el hospital donde se atend\u00edan pacientes con estado de desnutrici\u00f3n grave y con ellos a sus madres que, en algunos casos, hasta llegaban a vivir ah\u00ed con otros hijos. Por ejemplo, una madre que ten\u00eda internado a un ni\u00f1o de pocos a\u00f1os pero tambi\u00e9n es madre de un beb\u00e9 pod\u00eda permanecer en el lugar con ambos mientras durara el tratamiento.<\/p>\n<p class=\"article-text\">El ruido por el corte en el pago de sueldos comenz\u00f3 en febrero. Lleg\u00f3 la fecha de cobro y la caja de ahorro de los 70 trabajadores \u2014algunos en relaci\u00f3n de dependencia y otros monotributistas\u2014 no recib\u00eda transferencias. Empez\u00f3 la espera: que hoy, que ma\u00f1ana. Lleg\u00f3 marzo y ocurri\u00f3 lo mismo.<strong>\u00a0Con el transcurrir de los d\u00edas los trabajadores advirtieron que lo que suced\u00eda era m\u00e1s que un error<\/strong>, pidieron explicaciones, acudieron al Ministerio de Trabajo provincial y convocaron a huelgas pasivas. L<strong>a situaci\u00f3n excedi\u00f3 todos los pron\u00f3sticos y fue el propio Albino el que tuvo que explicar lo que suced\u00eda:<\/strong>\u00a0<strong>\u201cNo puedo pagar los sueldos del personal, que es altamente calificado\u201d, confes\u00f3.<\/strong><\/p>\n<p class=\"article-text\">\u201cNecesito pedirles ayuda, ayuda mensual. Trabajamos hace 32 a\u00f1os tratando de quebrar la desnutrici\u00f3n infantil en toda la Rep\u00fablica Argentina y extendernos al resto de Am\u00e9rica Latina, cosa que ya hemos hecho. Hemos recuperado en estos a\u00f1os, en nuestros centros de prevenci\u00f3n de desnutrici\u00f3n, a 45.500 chico\u201d, declar\u00f3 en un video difundido en redes sociales el 13 de mayo.<\/p>\n<p class=\"article-text\"><strong>\u201cEstos ni\u00f1os desnutridos graves para internar tienen una mortalidad elevada, del 28%.<\/strong>\u00a0Necesitamos ayuda porque no puedo pagar los sueldos del personal que es altamente calificado<strong>. Hemos tenido que cerrar servicios: fonoaudiolog\u00eda, psicopedagog\u00eda, odontolog\u00eda porque no puedo pagar los sueldos ni puedo comprar el equipamiento que necesito.<\/strong>\u00a0\u00bfNos pueden donar lo que vale medio tanque de nafta por mes? \u00bfNos pueden donar lo que vale una caja de leche de un kilo por mes?\u201d, complet\u00f3.<\/p>\n<p class=\"article-text\"><strong>El personal de Conin espera una reuni\u00f3n este jueves con la Asociaci\u00f3n de Trabajadores de la Sanidad Argentina<\/strong>\u00a0(ATSA) y el contador de la instituci\u00f3n. Hay tantas expectativas como pesimismo en torno a las novedades que puedan revelarse. Seg\u00fan pudo saber elDiarioAR,\u00a0<strong>Conin se reuni\u00f3 con el Ministerio de Capital Humano para pedir auxilio. La respuesta fue positiva aunque poco precisa.\u00a0<\/strong>Es decir, la cartera que conduce Sandra Pettovelo confirm\u00f3 que ayudar\u00e1 con la situaci\u00f3n pero no detall\u00f3 c\u00f3mo lo har\u00e1 ni cu\u00e1ndo.<\/p>\n<p class=\"article-text\">Mientras tanto<strong>, Albino reforz\u00f3 su campa\u00f1a en redes sociales que, seg\u00fan describi\u00f3 fue buena aunque insuficiente.\u00a0<\/strong>En otro video cont\u00f3: \u201cEstamos realmente conmovidos de la respuesta que hemos tenido en todo el pa\u00eds de much\u00edsima gente que se suma a nuestra cruzada de combatir la desnutrici\u00f3n infantil en la Argentina comenzando por Mendoza<strong>. Todav\u00eda tenemos cerrado el hospital, lamentablemente, porque solamente voy a abrirlo cuando tenga asegurado el sueldo de todo el equipo de trabajo.\u00a0<\/strong>Espero, entonces, que contin\u00faen llegando adhesiones permanentemente\u201d.<\/p>\n<blockquote class=\"instagram-media\" style=\"background: #FFF; border: 0; border-radius: 3px; box-shadow: 0 0 1px 0 rgba(0,0,0,0.5),0 1px 10px 0 rgba(0,0,0,0.15); margin: 1px; max-width: 540px; min-width: 326px; padding: 0; width: calc(100% - 2px);\" data-instgrm-captioned=\"\" data-instgrm-permalink=\"https:\/\/www.instagram.com\/reel\/DJ7lC6vydKm\/?utm_source=ig_embed&amp;utm_campaign=loading\" data-instgrm-version=\"14\">\n<div style=\"padding: 16px;\">\n<p>&nbsp;<\/p>\n<div style=\"display: flex; flex-direction: row; align-items: center;\">\n<div style=\"background-color: #f4f4f4; border-radius: 50%; flex-grow: 0; height: 40px; margin-right: 14px; width: 40px;\"><\/div>\n<div style=\"display: flex; flex-direction: column; flex-grow: 1; justify-content: center;\">\n<div style=\"background-color: #f4f4f4; border-radius: 4px; flex-grow: 0; height: 14px; margin-bottom: 6px; width: 100px;\"><\/div>\n<div style=\"background-color: #f4f4f4; border-radius: 4px; flex-grow: 0; height: 14px; width: 60px;\"><\/div>\n<\/div>\n<\/div>\n<div style=\"padding: 19% 0;\"><\/div>\n<div style=\"display: block; height: 50px; margin: 0 auto 12px; width: 50px;\"><\/div>\n<div style=\"padding-top: 8px;\">\n<div style=\"color: #3897f0; font-family: Arial,sans-serif; font-size: 14px; font-style: normal; font-weight: 550; line-height: 18px;\">Ver esta publicaci\u00f3n en Instagram<\/div>\n<\/div>\n<div style=\"padding: 12.5% 0;\"><\/div>\n<div style=\"display: flex; flex-direction: row; margin-bottom: 14px; align-items: center;\">\n<div>\n<div style=\"background-color: #f4f4f4; border-radius: 50%; height: 12.5px; width: 12.5px; transform: translateX(0px) translateY(7px);\"><\/div>\n<div style=\"background-color: #f4f4f4; height: 12.5px; transform: rotate(-45deg) translateX(3px) translateY(1px); width: 12.5px; flex-grow: 0; margin-right: 14px; margin-left: 2px;\"><\/div>\n<div style=\"background-color: #f4f4f4; border-radius: 50%; height: 12.5px; width: 12.5px; transform: translateX(9px) translateY(-18px);\"><\/div>\n<\/div>\n<div style=\"margin-left: 8px;\">\n<div style=\"background-color: #f4f4f4; border-radius: 50%; flex-grow: 0; height: 20px; width: 20px;\"><\/div>\n<div style=\"width: 0; height: 0; border-top: 2px solid transparent; border-left: 6px solid #f4f4f4; border-bottom: 2px solid transparent; transform: translateX(16px) translateY(-4px) rotate(30deg);\"><\/div>\n<\/div>\n<div style=\"margin-left: auto;\">\n<div style=\"width: 0px; border-top: 8px solid #F4F4F4; border-right: 8px solid transparent; transform: translateY(16px);\"><\/div>\n<div style=\"background-color: #f4f4f4; flex-grow: 0; height: 12px; width: 16px; transform: translateY(-4px);\"><\/div>\n<div style=\"width: 0; height: 0; border-top: 8px solid #F4F4F4; border-left: 8px solid transparent; transform: translateY(-4px) translateX(8px);\"><\/div>\n<\/div>\n<\/div>\n<div style=\"display: flex; flex-direction: column; flex-grow: 1; justify-content: center; margin-bottom: 24px;\">\n<div style=\"background-color: #f4f4f4; border-radius: 4px; flex-grow: 0; height: 14px; margin-bottom: 6px; width: 224px;\"><\/div>\n<div style=\"background-color: #f4f4f4; border-radius: 4px; flex-grow: 0; height: 14px; width: 144px;\"><\/div>\n<\/div>\n<p>&nbsp;<\/p>\n<p style=\"color: #c9c8cd; font-family: Arial,sans-serif; font-size: 14px; line-height: 17px; margin-bottom: 0; margin-top: 8px; overflow: hidden; padding: 8px 0 7px; text-align: center; text-overflow: ellipsis; white-space: nowrap;\"><a style=\"color: #c9c8cd; font-family: Arial,sans-serif; font-size: 14px; font-style: normal; font-weight: normal; line-height: 17px; text-decoration: none;\" href=\"https:\/\/www.instagram.com\/reel\/DJ7lC6vydKm\/?utm_source=ig_embed&amp;utm_campaign=loading\" target=\"_blank\" rel=\"noopener\">Una publicaci\u00f3n compartida de Fundacio\u0301n CONIN (@coninargentina)<\/a><\/p>\n<\/div>\n<\/blockquote>\n<p><script async src=\"\/\/www.instagram.com\/embed.js\"><\/script><\/p>\n<h2 class=\"article-text\">Al menos 14 renuncias y una espera en absoluta incertidumbre<\/h2>\n<p class=\"article-text\">Seg\u00fan los trabajadores,\u00a0<strong>son aproximadamente 70 los que est\u00e1n sin cobrar sus salarios desde febrero<\/strong>. Los sueldos m\u00e1s bajos, en promedio son de $800.000, pero en muchos casos se trata de cifras elevadas porque hay empleados que tienen hasta 16 a\u00f1os de antig\u00fcedad. El c\u00e1lculo entre la cantidad de meses de deuda m\u00e1s la multiplicaci\u00f3n de la cantidad de salarios a pagar dar\u00eda como resultado una cifra exorbitante y millonaria.<\/p>\n<p class=\"article-text\"><strong>El miedo de los empleados, entonces, es que la falta de pago se trate de \u201cuna estrategia\u201d para que renuncien.\u00a0<\/strong>De hecho ya lo hicieron al menos 14 personas: una odont\u00f3loga, una trabajadora social, una empleada de cocina y 10 m\u00e9dicas.<\/p>\n<p class=\"article-text\">\u201cDesde la Secretar\u00eda nos dicen que no quieren que renunciemos, pero la mayor\u00eda de las personas que trabajamos ah\u00ed pensamos que esa es la idea porque c\u00f3mo puede ser que no puedan pagar los sueldos. O que nos digan si es as\u00ed para buscar otra cosa y no quedarnos esperando o haci\u00e9ndonos falsas ilusiones\u201d, reclama Lorena.<\/p>\n<p class=\"article-text\"><strong>La situaci\u00f3n pone a las personas entre la espada y la pared: necesitan un ingreso y el tiempo no siempre alcanza para sumar trabajos,<\/strong>\u00a0sobre todo en aquellos casos que tambi\u00e9n se ocupan de tareas de cuidados en sus propios hogares. \u201cNo sabemos si es verdad o no las cosas que nos dicen, pero nosotros les creemos\u201d, agrega.<\/p>\n<p class=\"article-text\">En su caso, recibe ayuda de su mam\u00e1 y su pap\u00e1, por eso puede continuar esperando pero advierte que no es el de la mayor\u00eda. Menciona como ejemplo lo que sucede con<strong>\u00a0algunas de sus compa\u00f1eras que toman medicaci\u00f3n y no pueden comprarla por lo que se han visto obligadas a interrumpir tratamientos.\u00a0<\/strong>Tambi\u00e9n enumera la historia de<strong>\u00a0algunas embarazadas que no tienen otro ingreso y con este cuadro no pueden ocuparse en armon\u00eda y con recursos de su gestaci\u00f3n, mucho menos buscar otro trabajo.<\/strong>\u00a0A ellas les dieron licencia. Como otro beneficio paliativo tambi\u00e9n les dan a todos, cuando se puede, bolsones de mercader\u00eda que incluyen leche, aceite, un paquete de harina, fideos, arroz y postres.<\/p>\n<p class=\"article-text\">Para Lorena lo que pasa es inc\u00f3modo, pero vio se\u00f1ales:<strong>\u00a0\u201cEmpec\u00e9 a trabajar hace dos a\u00f1os, en septiembre de 2023, y me habr\u00e1n pagado dos veces de manera correcta, en tiempo y forma. Despu\u00e9s todos los pagos fueron atrasados.\u00a0<\/strong>A veces nos pagaban un cuarto de sueldo o la mitad de sueldo\u201d, dice.<\/p>\n<div id=\"container-after-news-outlook\"><\/div>\n<p class=\"article-text\">El polo central de Conin en Mendoza tiene 70 empleados, un hospital pedi\u00e1trico con espacios para internaci\u00f3n para los menores y sus familiares, consultorios de audiolog\u00eda y odontolog\u00eda, psicopedagog\u00eda, pediatr\u00eda general, guarder\u00eda, jard\u00edn de infantes, un centro formativo para adultos que quieren terminar la primaria o iniciar la secundaria y asistencia social y legal para personas violentadas o que no tienen tr\u00e1mites realizados como su DNI o la solicitud de una asignaci\u00f3n.<strong>\u00a0Est\u00e1 ubicado en el departamento de Las Heras, uno de los m\u00e1s humildes y con mayores tasas de inseguridad de la provincia que, adem\u00e1s, es el m\u00e1s grande territorialmente.\u00a0<\/strong>Alrededor del complejo<strong>\u00a0hay asentamientos y basurales, las calles son de tierra\u00a0<\/strong>y aunque hay en obra algunos barrios municipales,\u00a0<strong>se trata de la regi\u00f3n mendocina con menos desarrollo urban\u00edstico<\/strong>.<\/p>\n<\/div>\n<\/div>\n<p>&nbsp;<\/p>\n<p class=\"authors\"><strong><a href=\"https:\/\/www.eldiarioar.com\/autores\/milagros-moreni\/\" data-mrf-link=\"https:\/\/www.eldiarioar.com\/autores\/milagros-moreni\/\">Milagros Moreni &#8211; elDiarioAR<\/a><\/strong><\/p>\n<div class=\"date-comments-wrapper\">\n<p>&nbsp;<\/p>\n<\/div>\n","protected":false},"excerpt":{"rendered":"<p>Algunos trabajadores renuncian mientras otros esperan desahuciados. La organizaci\u00f3n realiz\u00f3 un pedido de ayuda al ministerio de Capital Humano, pero no trascendi\u00f3 qu\u00e9 tipo de asistencia recibir\u00e1 ni cu\u00e1ndo.<\/p>\n","protected":false},"author":3,"featured_media":0,"comment_status":"closed","ping_status":"closed","sticky":false,"template":"","format":"standard","meta":{"footnotes":""},"categories":[24,26],"tags":[],"class_list":["post-119379","post","type-post","status-publish","format-standard","hentry","category-politica","category-sociedad"],"yoast_head":"<!-- This site is optimized with the Yoast SEO plugin v25.9 - https:\/\/yoast.com\/wordpress\/plugins\/seo\/ -->\n<title>Fundaci\u00f3n Conin no paga sueldos desde febrero, cerr\u00f3 su hospital y espera ayuda del Gobierno - Noticias Radio Reflejos<\/title>\n<meta name=\"robots\" content=\"index, follow, max-snippet:-1, max-image-preview:large, max-video-preview:-1\" \/>\n<link rel=\"canonical\" href=\"https:\/\/www.noticiasradioreflejos.com.ar\/2021\/fundacion-conin-no-paga-sueldos-desde-febrero-cerro-su-hospital-y-espera-ayuda-del-gobierno\/\" \/>\n<meta property=\"og:locale\" content=\"es_ES\" \/>\n<meta property=\"og:type\" content=\"article\" \/>\n<meta property=\"og:title\" content=\"Fundaci\u00f3n Conin no paga sueldos desde febrero, cerr\u00f3 su hospital y espera ayuda del Gobierno - Noticias Radio Reflejos\" \/>\n<meta property=\"og:description\" content=\"Algunos trabajadores renuncian mientras otros esperan desahuciados. La organizaci\u00f3n realiz\u00f3 un pedido de ayuda al ministerio de Capital Humano, pero no trascendi\u00f3 qu\u00e9 tipo de asistencia recibir\u00e1 ni cu\u00e1ndo.\" \/>\n<meta property=\"og:url\" content=\"https:\/\/www.noticiasradioreflejos.com.ar\/2021\/fundacion-conin-no-paga-sueldos-desde-febrero-cerro-su-hospital-y-espera-ayuda-del-gobierno\/\" \/>\n<meta property=\"og:site_name\" content=\"Noticias Radio Reflejos\" \/>\n<meta property=\"article:published_time\" content=\"2025-05-29T10:22:54+00:00\" \/>\n<meta property=\"og:image\" content=\"https:\/\/www.noticiasradioreflejos.com.ar\/2021\/wp-content\/uploads\/2025\/05\/Conin.jpg\" \/>\n\t<meta property=\"og:image:width\" content=\"1200\" \/>\n\t<meta property=\"og:image:height\" content=\"675\" \/>\n\t<meta property=\"og:image:type\" content=\"image\/jpeg\" \/>\n<meta name=\"author\" content=\"Arnaldo Botto\" \/>\n<meta name=\"twitter:card\" content=\"summary_large_image\" \/>\n<script type=\"application\/ld+json\" class=\"yoast-schema-graph\">{\"@context\":\"https:\/\/schema.org\",\"@graph\":[{\"@type\":\"WebPage\",\"@id\":\"https:\/\/www.noticiasradioreflejos.com.ar\/2021\/fundacion-conin-no-paga-sueldos-desde-febrero-cerro-su-hospital-y-espera-ayuda-del-gobierno\/\",\"url\":\"https:\/\/www.noticiasradioreflejos.com.ar\/2021\/fundacion-conin-no-paga-sueldos-desde-febrero-cerro-su-hospital-y-espera-ayuda-del-gobierno\/\",\"name\":\"Fundaci\u00f3n Conin no paga sueldos desde febrero, cerr\u00f3 su hospital y espera ayuda del Gobierno - Noticias Radio Reflejos\",\"isPartOf\":{\"@id\":\"https:\/\/www.noticiasradioreflejos.com.ar\/2021\/#website\"},\"primaryImageOfPage\":{\"@id\":\"https:\/\/www.noticiasradioreflejos.com.ar\/2021\/fundacion-conin-no-paga-sueldos-desde-febrero-cerro-su-hospital-y-espera-ayuda-del-gobierno\/#primaryimage\"},\"image\":{\"@id\":\"https:\/\/www.noticiasradioreflejos.com.ar\/2021\/fundacion-conin-no-paga-sueldos-desde-febrero-cerro-su-hospital-y-espera-ayuda-del-gobierno\/#primaryimage\"},\"thumbnailUrl\":\"https:\/\/static.eldiario.es\/clip\/8ba95ca7-1e98-49da-948e-2453a77fdd29_16-9-discover-aspect-ratio_default_0.jpg\",\"datePublished\":\"2025-05-29T10:22:54+00:00\",\"author\":{\"@id\":\"https:\/\/www.noticiasradioreflejos.com.ar\/2021\/#\/schema\/person\/ad82545263dcc5ec0996818884fd5fb1\"},\"breadcrumb\":{\"@id\":\"https:\/\/www.noticiasradioreflejos.com.ar\/2021\/fundacion-conin-no-paga-sueldos-desde-febrero-cerro-su-hospital-y-espera-ayuda-del-gobierno\/#breadcrumb\"},\"inLanguage\":\"es\",\"potentialAction\":[{\"@type\":\"ReadAction\",\"target\":[\"https:\/\/www.noticiasradioreflejos.com.ar\/2021\/fundacion-conin-no-paga-sueldos-desde-febrero-cerro-su-hospital-y-espera-ayuda-del-gobierno\/\"]}]},{\"@type\":\"ImageObject\",\"inLanguage\":\"es\",\"@id\":\"https:\/\/www.noticiasradioreflejos.com.ar\/2021\/fundacion-conin-no-paga-sueldos-desde-febrero-cerro-su-hospital-y-espera-ayuda-del-gobierno\/#primaryimage\",\"url\":\"https:\/\/static.eldiario.es\/clip\/8ba95ca7-1e98-49da-948e-2453a77fdd29_16-9-discover-aspect-ratio_default_0.jpg\",\"contentUrl\":\"https:\/\/static.eldiario.es\/clip\/8ba95ca7-1e98-49da-948e-2453a77fdd29_16-9-discover-aspect-ratio_default_0.jpg\"},{\"@type\":\"BreadcrumbList\",\"@id\":\"https:\/\/www.noticiasradioreflejos.com.ar\/2021\/fundacion-conin-no-paga-sueldos-desde-febrero-cerro-su-hospital-y-espera-ayuda-del-gobierno\/#breadcrumb\",\"itemListElement\":[{\"@type\":\"ListItem\",\"position\":1,\"name\":\"Portada\",\"item\":\"https:\/\/www.noticiasradioreflejos.com.ar\/2021\/\"},{\"@type\":\"ListItem\",\"position\":2,\"name\":\"Fundaci\u00f3n Conin no paga sueldos desde febrero, cerr\u00f3 su hospital y espera ayuda del Gobierno\"}]},{\"@type\":\"WebSite\",\"@id\":\"https:\/\/www.noticiasradioreflejos.com.ar\/2021\/#website\",\"url\":\"https:\/\/www.noticiasradioreflejos.com.ar\/2021\/\",\"name\":\"Noticias Radio Reflejos\",\"description\":\"Las noticias de mi comarca\",\"potentialAction\":[{\"@type\":\"SearchAction\",\"target\":{\"@type\":\"EntryPoint\",\"urlTemplate\":\"https:\/\/www.noticiasradioreflejos.com.ar\/2021\/?s={search_term_string}\"},\"query-input\":{\"@type\":\"PropertyValueSpecification\",\"valueRequired\":true,\"valueName\":\"search_term_string\"}}],\"inLanguage\":\"es\"},{\"@type\":\"Person\",\"@id\":\"https:\/\/www.noticiasradioreflejos.com.ar\/2021\/#\/schema\/person\/ad82545263dcc5ec0996818884fd5fb1\",\"name\":\"Arnaldo Botto\",\"image\":{\"@type\":\"ImageObject\",\"inLanguage\":\"es\",\"@id\":\"https:\/\/www.noticiasradioreflejos.com.ar\/2021\/#\/schema\/person\/image\/\",\"url\":\"https:\/\/secure.gravatar.com\/avatar\/55cb5e37c1efa326397366e6974cb338056df65cb50e7d64d1cf314e87504837?s=96&d=mm&r=g\",\"contentUrl\":\"https:\/\/secure.gravatar.com\/avatar\/55cb5e37c1efa326397366e6974cb338056df65cb50e7d64d1cf314e87504837?s=96&d=mm&r=g\",\"caption\":\"Arnaldo Botto\"},\"url\":\"https:\/\/www.noticiasradioreflejos.com.ar\/2021\/author\/arnaldo\/\"}]}<\/script>\n<!-- \/ Yoast SEO plugin. -->","yoast_head_json":{"title":"Fundaci\u00f3n Conin no paga sueldos desde febrero, cerr\u00f3 su hospital y espera ayuda del Gobierno - Noticias Radio Reflejos","robots":{"index":"index","follow":"follow","max-snippet":"max-snippet:-1","max-image-preview":"max-image-preview:large","max-video-preview":"max-video-preview:-1"},"canonical":"https:\/\/www.noticiasradioreflejos.com.ar\/2021\/fundacion-conin-no-paga-sueldos-desde-febrero-cerro-su-hospital-y-espera-ayuda-del-gobierno\/","og_locale":"es_ES","og_type":"article","og_title":"Fundaci\u00f3n Conin no paga sueldos desde febrero, cerr\u00f3 su hospital y espera ayuda del Gobierno - Noticias Radio Reflejos","og_description":"Algunos trabajadores renuncian mientras otros esperan desahuciados. La organizaci\u00f3n realiz\u00f3 un pedido de ayuda al ministerio de Capital Humano, pero no trascendi\u00f3 qu\u00e9 tipo de asistencia recibir\u00e1 ni cu\u00e1ndo.","og_url":"https:\/\/www.noticiasradioreflejos.com.ar\/2021\/fundacion-conin-no-paga-sueldos-desde-febrero-cerro-su-hospital-y-espera-ayuda-del-gobierno\/","og_site_name":"Noticias Radio Reflejos","article_published_time":"2025-05-29T10:22:54+00:00","og_image":[{"width":1200,"height":675,"url":"https:\/\/www.noticiasradioreflejos.com.ar\/2021\/wp-content\/uploads\/2025\/05\/Conin.jpg","type":"image\/jpeg"}],"author":"Arnaldo Botto","twitter_card":"summary_large_image","schema":{"@context":"https:\/\/schema.org","@graph":[{"@type":"WebPage","@id":"https:\/\/www.noticiasradioreflejos.com.ar\/2021\/fundacion-conin-no-paga-sueldos-desde-febrero-cerro-su-hospital-y-espera-ayuda-del-gobierno\/","url":"https:\/\/www.noticiasradioreflejos.com.ar\/2021\/fundacion-conin-no-paga-sueldos-desde-febrero-cerro-su-hospital-y-espera-ayuda-del-gobierno\/","name":"Fundaci\u00f3n Conin no paga sueldos desde febrero, cerr\u00f3 su hospital y espera ayuda del Gobierno - Noticias Radio Reflejos","isPartOf":{"@id":"https:\/\/www.noticiasradioreflejos.com.ar\/2021\/#website"},"primaryImageOfPage":{"@id":"https:\/\/www.noticiasradioreflejos.com.ar\/2021\/fundacion-conin-no-paga-sueldos-desde-febrero-cerro-su-hospital-y-espera-ayuda-del-gobierno\/#primaryimage"},"image":{"@id":"https:\/\/www.noticiasradioreflejos.com.ar\/2021\/fundacion-conin-no-paga-sueldos-desde-febrero-cerro-su-hospital-y-espera-ayuda-del-gobierno\/#primaryimage"},"thumbnailUrl":"https:\/\/static.eldiario.es\/clip\/8ba95ca7-1e98-49da-948e-2453a77fdd29_16-9-discover-aspect-ratio_default_0.jpg","datePublished":"2025-05-29T10:22:54+00:00","author":{"@id":"https:\/\/www.noticiasradioreflejos.com.ar\/2021\/#\/schema\/person\/ad82545263dcc5ec0996818884fd5fb1"},"breadcrumb":{"@id":"https:\/\/www.noticiasradioreflejos.com.ar\/2021\/fundacion-conin-no-paga-sueldos-desde-febrero-cerro-su-hospital-y-espera-ayuda-del-gobierno\/#breadcrumb"},"inLanguage":"es","potentialAction":[{"@type":"ReadAction","target":["https:\/\/www.noticiasradioreflejos.com.ar\/2021\/fundacion-conin-no-paga-sueldos-desde-febrero-cerro-su-hospital-y-espera-ayuda-del-gobierno\/"]}]},{"@type":"ImageObject","inLanguage":"es","@id":"https:\/\/www.noticiasradioreflejos.com.ar\/2021\/fundacion-conin-no-paga-sueldos-desde-febrero-cerro-su-hospital-y-espera-ayuda-del-gobierno\/#primaryimage","url":"https:\/\/static.eldiario.es\/clip\/8ba95ca7-1e98-49da-948e-2453a77fdd29_16-9-discover-aspect-ratio_default_0.jpg","contentUrl":"https:\/\/static.eldiario.es\/clip\/8ba95ca7-1e98-49da-948e-2453a77fdd29_16-9-discover-aspect-ratio_default_0.jpg"},{"@type":"BreadcrumbList","@id":"https:\/\/www.noticiasradioreflejos.com.ar\/2021\/fundacion-conin-no-paga-sueldos-desde-febrero-cerro-su-hospital-y-espera-ayuda-del-gobierno\/#breadcrumb","itemListElement":[{"@type":"ListItem","position":1,"name":"Portada","item":"https:\/\/www.noticiasradioreflejos.com.ar\/2021\/"},{"@type":"ListItem","position":2,"name":"Fundaci\u00f3n Conin no paga sueldos desde febrero, cerr\u00f3 su hospital y espera ayuda del Gobierno"}]},{"@type":"WebSite","@id":"https:\/\/www.noticiasradioreflejos.com.ar\/2021\/#website","url":"https:\/\/www.noticiasradioreflejos.com.ar\/2021\/","name":"Noticias Radio Reflejos","description":"Las noticias de mi comarca","potentialAction":[{"@type":"SearchAction","target":{"@type":"EntryPoint","urlTemplate":"https:\/\/www.noticiasradioreflejos.com.ar\/2021\/?s={search_term_string}"},"query-input":{"@type":"PropertyValueSpecification","valueRequired":true,"valueName":"search_term_string"}}],"inLanguage":"es"},{"@type":"Person","@id":"https:\/\/www.noticiasradioreflejos.com.ar\/2021\/#\/schema\/person\/ad82545263dcc5ec0996818884fd5fb1","name":"Arnaldo Botto","image":{"@type":"ImageObject","inLanguage":"es","@id":"https:\/\/www.noticiasradioreflejos.com.ar\/2021\/#\/schema\/person\/image\/","url":"https:\/\/secure.gravatar.com\/avatar\/55cb5e37c1efa326397366e6974cb338056df65cb50e7d64d1cf314e87504837?s=96&d=mm&r=g","contentUrl":"https:\/\/secure.gravatar.com\/avatar\/55cb5e37c1efa326397366e6974cb338056df65cb50e7d64d1cf314e87504837?s=96&d=mm&r=g","caption":"Arnaldo Botto"},"url":"https:\/\/www.noticiasradioreflejos.com.ar\/2021\/author\/arnaldo\/"}]}},"_links":{"self":[{"href":"https:\/\/www.noticiasradioreflejos.com.ar\/2021\/wp-json\/wp\/v2\/posts\/119379","targetHints":{"allow":["GET"]}}],"collection":[{"href":"https:\/\/www.noticiasradioreflejos.com.ar\/2021\/wp-json\/wp\/v2\/posts"}],"about":[{"href":"https:\/\/www.noticiasradioreflejos.com.ar\/2021\/wp-json\/wp\/v2\/types\/post"}],"author":[{"embeddable":true,"href":"https:\/\/www.noticiasradioreflejos.com.ar\/2021\/wp-json\/wp\/v2\/users\/3"}],"replies":[{"embeddable":true,"href":"https:\/\/www.noticiasradioreflejos.com.ar\/2021\/wp-json\/wp\/v2\/comments?post=119379"}],"version-history":[{"count":3,"href":"https:\/\/www.noticiasradioreflejos.com.ar\/2021\/wp-json\/wp\/v2\/posts\/119379\/revisions"}],"predecessor-version":[{"id":119383,"href":"https:\/\/www.noticiasradioreflejos.com.ar\/2021\/wp-json\/wp\/v2\/posts\/119379\/revisions\/119383"}],"wp:attachment":[{"href":"https:\/\/www.noticiasradioreflejos.com.ar\/2021\/wp-json\/wp\/v2\/media?parent=119379"}],"wp:term":[{"taxonomy":"category","embeddable":true,"href":"https:\/\/www.noticiasradioreflejos.com.ar\/2021\/wp-json\/wp\/v2\/categories?post=119379"},{"taxonomy":"post_tag","embeddable":true,"href":"https:\/\/www.noticiasradioreflejos.com.ar\/2021\/wp-json\/wp\/v2\/tags?post=119379"}],"curies":[{"name":"wp","href":"https:\/\/api.w.org\/{rel}","templated":true}]}}