{"id":119319,"date":"2025-05-28T07:05:48","date_gmt":"2025-05-28T10:05:48","guid":{"rendered":"https:\/\/www.noticiasradioreflejos.com.ar\/2021\/?p=119319"},"modified":"2025-05-28T07:05:48","modified_gmt":"2025-05-28T10:05:48","slug":"el-tabaquismo-en-argentina-afecta-mas-a-las-personas-de-bajos-ingresos-segun-un-estudio","status":"publish","type":"post","link":"https:\/\/www.noticiasradioreflejos.com.ar\/2021\/el-tabaquismo-en-argentina-afecta-mas-a-las-personas-de-bajos-ingresos-segun-un-estudio\/","title":{"rendered":"El tabaquismo en Argentina afecta m\u00e1s a las personas de bajos ingresos, seg\u00fan un estudio"},"content":{"rendered":"<p>En Argentina, un 26 % de las personas de bajos ingresos fuma, incidencia que baja al 21 % entre las personas de altos ingresos.<!--more--><\/p>\n<div class=\"content-container col-12 col-lg-8\">\n<div class=\"c-content\">\n<div class=\"partner-wrapper opening\" data-mrf-recirculation=\"Apertura\">\n<div class=\"second-col\"><\/div>\n<\/div>\n<\/div>\n<\/div>\n<div class=\"news-info\" data-mrf-recirculation=\"firma\">\n<div class=\"twitter-wrapper\">La incidencia del<strong>\u00a0tabaquismo en Argentina es mayor entre las personas de bajos ingresos\u00a0<\/strong>y tambi\u00e9n sus consecuencias, seg\u00fan un estudio que pone el foco en las desigualdades econ\u00f3micas a la hora de abordar esta problem\u00e1tica.<\/div>\n<\/div>\n<div class=\"partner-wrapper article-page__body-row\">\n<div class=\"second-col\">\n<p class=\"article-text\">El estudio, realizado por el<strong>\u00a0Instituto de Efectividad Cl\u00ednica y Sanitaria\u00a0<\/strong>(IECS) de Argentina, demuestra que<strong>\u00a0las personas de menores ingresos fuman m\u00e1s, mueren m\u00e1s, se enferman m\u00e1s y ven m\u00e1s afectada su econom\u00eda en comparaci\u00f3n con las personas de mayores ingresos.<\/strong><\/p>\n<p class=\"article-text\">\u201cSe puede concluir que el tabaquismo profundiza las disparidades econ\u00f3micas existentes\u201d, se\u00f1al\u00f3 la investigadora principal de este trabajo,\u00a0<strong>Natalia Esp\u00ednola, coordinadora de Econom\u00eda de la Salud en el Departamento de Evaluaci\u00f3n de Tecnolog\u00edas Sanitarias y Evaluaciones Econ\u00f3micas del IECS.<\/strong><\/p>\n<p class=\"article-text\">La investigaci\u00f3n confirma que el cigarrillo hace mal a todos por igual, pero impacta de manera diferente dependiendo del nivel socioecon\u00f3mico de quien lo consuma.<\/p>\n<p class=\"article-text\">En Argentina, un 26 % de las personas de bajos ingresos fuma, incidencia que baja al 21% entre las personas de altos ingresos.<\/p>\n<p class=\"article-text\">De acuerdo al estudio,\u00a0<strong>entre las personas de m\u00e1s bajos ingresos, el tabaco genera un 7% m\u00e1s de muertes y un 15% m\u00e1s de casos de enfermedad que en la poblaci\u00f3n con ingresos m\u00e1s elevados.<\/strong><\/p>\n<figure><picture class=\"news-image\"><source srcset=\"https:\/\/static.eldiario.es\/clip\/f243f65e-2899-4873-869d-b5577352aabf_16-9-discover-aspect-ratio_50p_0.webp\" type=\"image\/webp\" media=\"(max-width: 576px)\" \/><source srcset=\"https:\/\/static.eldiario.es\/clip\/f243f65e-2899-4873-869d-b5577352aabf_16-9-discover-aspect-ratio_50p_0.jpg\" type=\"image\/jpg\" media=\"(max-width: 576px)\" \/><source srcset=\"https:\/\/static.eldiario.es\/clip\/f243f65e-2899-4873-869d-b5577352aabf_16-9-discover-aspect-ratio_75p_0.webp\" type=\"image\/webp\" media=\"(max-width: 767px)\" \/><source srcset=\"https:\/\/static.eldiario.es\/clip\/f243f65e-2899-4873-869d-b5577352aabf_16-9-discover-aspect-ratio_75p_0.jpg\" type=\"image\/jpg\" media=\"(max-width: 767px)\" \/><source srcset=\"https:\/\/static.eldiario.es\/clip\/f243f65e-2899-4873-869d-b5577352aabf_16-9-discover-aspect-ratio_default_0.webp\" type=\"image\/webp\" media=\"(min-width: 768px)\" \/><source srcset=\"https:\/\/static.eldiario.es\/clip\/f243f65e-2899-4873-869d-b5577352aabf_16-9-discover-aspect-ratio_default_0.jpg\" type=\"image\/jpg\" media=\"(min-width: 768px)\" \/><source srcset=\"https:\/\/static.eldiario.es\/clip\/f243f65e-2899-4873-869d-b5577352aabf_16-9-discover-aspect-ratio_default_0.webp\" type=\"image\/webp\" \/><img decoding=\"async\" class=\"lazy entered loaded\" src=\"https:\/\/static.eldiario.es\/clip\/f243f65e-2899-4873-869d-b5577352aabf_16-9-discover-aspect-ratio_default_0.jpg\" alt=\"\" data-src=\"https:\/\/static.eldiario.es\/clip\/f243f65e-2899-4873-869d-b5577352aabf_16-9-discover-aspect-ratio_default_0.jpg\" data-ll-status=\"loaded\" \/><\/picture><figcaption class=\"image-footer\"><span class=\"title\">Los efectos nocivos del tabaco permanecen incluso despu\u00e9s de dejarlo.\u00a0<span class=\"author\">lil artsy\/ Pexels<\/span><\/span><\/figcaption><\/figure>\n<p>&nbsp;<\/p>\n<p class=\"article-text\">La desigualdad tambi\u00e9n se verifica en el plano de la carga financiera del tabaquismo para los hogares.<\/p>\n<p class=\"article-text\">\u201cEl tabaco no solo enferma y mata, sino que tambi\u00e9n empobrece. Las personas de menos ingresos no solo se enferman m\u00e1s por fumar sino que tambi\u00e9n tienen m\u00e1s barreras de acceso a la atenci\u00f3n m\u00e9dica, y la enfermedad afecta de manera m\u00e1s cr\u00edtica la propia sustentabilidad de los hogares\u201d, observ\u00f3\u00a0<strong>Federico Augustovski, director del Departamento de Evaluaci\u00f3n de Tecnolog\u00edas Sanitarias y Econom\u00eda de la Salud del IECS.<\/strong><\/p>\n<p class=\"article-text\">Seg\u00fan el estudio, el gasto en salud asociado al tabaquismo representa m\u00e1s de un cuarto (26,3%) de los ingresos de los hogares con menos recursos, mientras que solo representa el 3,5% de los ingresos de los hogares con mayores recursos.<\/p>\n<p class=\"article-text\">Si a eso se le suma el costo en p\u00e9rdida de productividad laboral y de tiempo destinado al cuidado de un familiar enfermo, la diferencia se incrementa: el costo representa casi el 68% de los ingresos de los hogares de menores recursos frente a un 8,4 % en los hogares m\u00e1s adinerados.<\/p>\n<figure><picture class=\"news-image\"><source srcset=\"https:\/\/static.eldiario.es\/clip\/f1730be9-8d0a-4c98-992b-1e711fd58112_16-9-discover-aspect-ratio_50p_0.webp\" type=\"image\/webp\" media=\"(max-width: 576px)\" \/><source srcset=\"https:\/\/static.eldiario.es\/clip\/f1730be9-8d0a-4c98-992b-1e711fd58112_16-9-discover-aspect-ratio_50p_0.jpg\" type=\"image\/jpg\" media=\"(max-width: 576px)\" \/><source srcset=\"https:\/\/static.eldiario.es\/clip\/f1730be9-8d0a-4c98-992b-1e711fd58112_16-9-discover-aspect-ratio_75p_0.webp\" type=\"image\/webp\" media=\"(max-width: 767px)\" \/><source srcset=\"https:\/\/static.eldiario.es\/clip\/f1730be9-8d0a-4c98-992b-1e711fd58112_16-9-discover-aspect-ratio_75p_0.jpg\" type=\"image\/jpg\" media=\"(max-width: 767px)\" \/><source srcset=\"https:\/\/static.eldiario.es\/clip\/f1730be9-8d0a-4c98-992b-1e711fd58112_16-9-discover-aspect-ratio_default_0.webp\" type=\"image\/webp\" media=\"(min-width: 768px)\" \/><source srcset=\"https:\/\/static.eldiario.es\/clip\/f1730be9-8d0a-4c98-992b-1e711fd58112_16-9-discover-aspect-ratio_default_0.jpg\" type=\"image\/jpg\" media=\"(min-width: 768px)\" \/><source srcset=\"https:\/\/static.eldiario.es\/clip\/f1730be9-8d0a-4c98-992b-1e711fd58112_16-9-discover-aspect-ratio_default_0.webp\" type=\"image\/webp\" \/><img decoding=\"async\" class=\"lazy entered loaded\" src=\"https:\/\/static.eldiario.es\/clip\/f1730be9-8d0a-4c98-992b-1e711fd58112_16-9-discover-aspect-ratio_default_0.jpg\" alt=\"\" data-src=\"https:\/\/static.eldiario.es\/clip\/f1730be9-8d0a-4c98-992b-1e711fd58112_16-9-discover-aspect-ratio_default_0.jpg\" data-ll-status=\"loaded\" \/><\/picture><figcaption class=\"image-footer\"><span class=\"title\">Tabaco\u00a0<span class=\"author\">AECC<\/span><\/span><\/figcaption><\/figure>\n<p>&nbsp;<\/p>\n<p class=\"article-text\">\u201cEl tabaco puede tener un impacto devastador en la econom\u00eda de los hogares. En muchos casos, los gastos vinculados al tabaquismo y al tratamiento de enfermedades asociadas superan la capacidad financiera de las familias, llev\u00e1ndolas a situaciones de endeudamiento o incluso a la pobreza\u201d, agreg\u00f3\u00a0<strong>Agust\u00edn Casarini, economista especializado en salud e investigador del IECS.<\/strong><\/p>\n<div id=\"container-after-news-outlook\"><\/div>\n<p class=\"article-text\">El IECS, una instituci\u00f3n afiliada a la\u00a0<strong>Facultad de Medicina de la Universidad de Buenos Aires<\/strong>, difunde los resultados de este estudio en ocasi\u00f3n del D\u00eda Mundial Sin Tabaco, que se conmemora el pr\u00f3ximo s\u00e1bado, una fecha establecida por la Organizaci\u00f3n Mundial de la Salud para concienciar sobre los efectos nocivos del consumo de tabaco.<\/p>\n<p>&nbsp;<\/p>\n<p class=\"article-text\"><em>MM &#8211; elDiarioAR &#8211; con informaci\u00f3n de la agencia EFE.<\/em><\/p>\n<\/div>\n<\/div>\n","protected":false},"excerpt":{"rendered":"<p>En Argentina, un 26 % de las personas de bajos ingresos fuma, incidencia que baja al 21 % entre las personas de altos ingresos.<\/p>\n","protected":false},"author":3,"featured_media":88501,"comment_status":"closed","ping_status":"closed","sticky":false,"template":"","format":"standard","meta":{"footnotes":""},"categories":[30,26],"tags":[],"class_list":["post-119319","post","type-post","status-publish","format-standard","has-post-thumbnail","hentry","category-salud","category-sociedad"],"yoast_head":"<!-- This site is optimized with the Yoast SEO plugin v25.9 - https:\/\/yoast.com\/wordpress\/plugins\/seo\/ -->\n<title>El tabaquismo en Argentina afecta m\u00e1s a las personas de bajos ingresos, seg\u00fan un estudio - Noticias Radio Reflejos<\/title>\n<meta name=\"robots\" content=\"index, follow, max-snippet:-1, max-image-preview:large, max-video-preview:-1\" \/>\n<link rel=\"canonical\" href=\"https:\/\/www.noticiasradioreflejos.com.ar\/2021\/el-tabaquismo-en-argentina-afecta-mas-a-las-personas-de-bajos-ingresos-segun-un-estudio\/\" \/>\n<meta property=\"og:locale\" content=\"es_ES\" \/>\n<meta property=\"og:type\" content=\"article\" \/>\n<meta property=\"og:title\" content=\"El tabaquismo en Argentina afecta m\u00e1s a las personas de bajos ingresos, seg\u00fan un estudio - Noticias Radio Reflejos\" \/>\n<meta property=\"og:description\" content=\"En Argentina, un 26 % de las personas de bajos ingresos fuma, incidencia que baja al 21 % entre las personas de altos ingresos.\" \/>\n<meta property=\"og:url\" content=\"https:\/\/www.noticiasradioreflejos.com.ar\/2021\/el-tabaquismo-en-argentina-afecta-mas-a-las-personas-de-bajos-ingresos-segun-un-estudio\/\" \/>\n<meta property=\"og:site_name\" content=\"Noticias Radio Reflejos\" \/>\n<meta property=\"article:published_time\" content=\"2025-05-28T10:05:48+00:00\" \/>\n<meta property=\"og:image\" content=\"https:\/\/www.noticiasradioreflejos.com.ar\/2021\/wp-content\/uploads\/2023\/05\/tabaquismo.jpg\" \/>\n\t<meta property=\"og:image:width\" content=\"1004\" \/>\n\t<meta property=\"og:image:height\" content=\"565\" \/>\n\t<meta property=\"og:image:type\" content=\"image\/jpeg\" \/>\n<meta name=\"author\" content=\"Arnaldo Botto\" \/>\n<meta name=\"twitter:card\" content=\"summary_large_image\" \/>\n<script type=\"application\/ld+json\" class=\"yoast-schema-graph\">{\"@context\":\"https:\/\/schema.org\",\"@graph\":[{\"@type\":\"WebPage\",\"@id\":\"https:\/\/www.noticiasradioreflejos.com.ar\/2021\/el-tabaquismo-en-argentina-afecta-mas-a-las-personas-de-bajos-ingresos-segun-un-estudio\/\",\"url\":\"https:\/\/www.noticiasradioreflejos.com.ar\/2021\/el-tabaquismo-en-argentina-afecta-mas-a-las-personas-de-bajos-ingresos-segun-un-estudio\/\",\"name\":\"El tabaquismo en Argentina afecta m\u00e1s a las personas de bajos ingresos, seg\u00fan un estudio - Noticias Radio Reflejos\",\"isPartOf\":{\"@id\":\"https:\/\/www.noticiasradioreflejos.com.ar\/2021\/#website\"},\"primaryImageOfPage\":{\"@id\":\"https:\/\/www.noticiasradioreflejos.com.ar\/2021\/el-tabaquismo-en-argentina-afecta-mas-a-las-personas-de-bajos-ingresos-segun-un-estudio\/#primaryimage\"},\"image\":{\"@id\":\"https:\/\/www.noticiasradioreflejos.com.ar\/2021\/el-tabaquismo-en-argentina-afecta-mas-a-las-personas-de-bajos-ingresos-segun-un-estudio\/#primaryimage\"},\"thumbnailUrl\":\"https:\/\/www.noticiasradioreflejos.com.ar\/2021\/wp-content\/uploads\/2023\/05\/tabaquismo.jpg\",\"datePublished\":\"2025-05-28T10:05:48+00:00\",\"author\":{\"@id\":\"https:\/\/www.noticiasradioreflejos.com.ar\/2021\/#\/schema\/person\/ad82545263dcc5ec0996818884fd5fb1\"},\"breadcrumb\":{\"@id\":\"https:\/\/www.noticiasradioreflejos.com.ar\/2021\/el-tabaquismo-en-argentina-afecta-mas-a-las-personas-de-bajos-ingresos-segun-un-estudio\/#breadcrumb\"},\"inLanguage\":\"es\",\"potentialAction\":[{\"@type\":\"ReadAction\",\"target\":[\"https:\/\/www.noticiasradioreflejos.com.ar\/2021\/el-tabaquismo-en-argentina-afecta-mas-a-las-personas-de-bajos-ingresos-segun-un-estudio\/\"]}]},{\"@type\":\"ImageObject\",\"inLanguage\":\"es\",\"@id\":\"https:\/\/www.noticiasradioreflejos.com.ar\/2021\/el-tabaquismo-en-argentina-afecta-mas-a-las-personas-de-bajos-ingresos-segun-un-estudio\/#primaryimage\",\"url\":\"https:\/\/www.noticiasradioreflejos.com.ar\/2021\/wp-content\/uploads\/2023\/05\/tabaquismo.jpg\",\"contentUrl\":\"https:\/\/www.noticiasradioreflejos.com.ar\/2021\/wp-content\/uploads\/2023\/05\/tabaquismo.jpg\",\"width\":1004,\"height\":565},{\"@type\":\"BreadcrumbList\",\"@id\":\"https:\/\/www.noticiasradioreflejos.com.ar\/2021\/el-tabaquismo-en-argentina-afecta-mas-a-las-personas-de-bajos-ingresos-segun-un-estudio\/#breadcrumb\",\"itemListElement\":[{\"@type\":\"ListItem\",\"position\":1,\"name\":\"Portada\",\"item\":\"https:\/\/www.noticiasradioreflejos.com.ar\/2021\/\"},{\"@type\":\"ListItem\",\"position\":2,\"name\":\"El tabaquismo en Argentina afecta m\u00e1s a las personas de bajos ingresos, seg\u00fan un estudio\"}]},{\"@type\":\"WebSite\",\"@id\":\"https:\/\/www.noticiasradioreflejos.com.ar\/2021\/#website\",\"url\":\"https:\/\/www.noticiasradioreflejos.com.ar\/2021\/\",\"name\":\"Noticias Radio Reflejos\",\"description\":\"Las noticias de mi comarca\",\"potentialAction\":[{\"@type\":\"SearchAction\",\"target\":{\"@type\":\"EntryPoint\",\"urlTemplate\":\"https:\/\/www.noticiasradioreflejos.com.ar\/2021\/?s={search_term_string}\"},\"query-input\":{\"@type\":\"PropertyValueSpecification\",\"valueRequired\":true,\"valueName\":\"search_term_string\"}}],\"inLanguage\":\"es\"},{\"@type\":\"Person\",\"@id\":\"https:\/\/www.noticiasradioreflejos.com.ar\/2021\/#\/schema\/person\/ad82545263dcc5ec0996818884fd5fb1\",\"name\":\"Arnaldo Botto\",\"image\":{\"@type\":\"ImageObject\",\"inLanguage\":\"es\",\"@id\":\"https:\/\/www.noticiasradioreflejos.com.ar\/2021\/#\/schema\/person\/image\/\",\"url\":\"https:\/\/secure.gravatar.com\/avatar\/55cb5e37c1efa326397366e6974cb338056df65cb50e7d64d1cf314e87504837?s=96&d=mm&r=g\",\"contentUrl\":\"https:\/\/secure.gravatar.com\/avatar\/55cb5e37c1efa326397366e6974cb338056df65cb50e7d64d1cf314e87504837?s=96&d=mm&r=g\",\"caption\":\"Arnaldo Botto\"},\"url\":\"https:\/\/www.noticiasradioreflejos.com.ar\/2021\/author\/arnaldo\/\"}]}<\/script>\n<!-- \/ Yoast SEO plugin. -->","yoast_head_json":{"title":"El tabaquismo en Argentina afecta m\u00e1s a las personas de bajos ingresos, seg\u00fan un estudio - Noticias Radio Reflejos","robots":{"index":"index","follow":"follow","max-snippet":"max-snippet:-1","max-image-preview":"max-image-preview:large","max-video-preview":"max-video-preview:-1"},"canonical":"https:\/\/www.noticiasradioreflejos.com.ar\/2021\/el-tabaquismo-en-argentina-afecta-mas-a-las-personas-de-bajos-ingresos-segun-un-estudio\/","og_locale":"es_ES","og_type":"article","og_title":"El tabaquismo en Argentina afecta m\u00e1s a las personas de bajos ingresos, seg\u00fan un estudio - Noticias Radio Reflejos","og_description":"En Argentina, un 26 % de las personas de bajos ingresos fuma, incidencia que baja al 21 % entre las personas de altos ingresos.","og_url":"https:\/\/www.noticiasradioreflejos.com.ar\/2021\/el-tabaquismo-en-argentina-afecta-mas-a-las-personas-de-bajos-ingresos-segun-un-estudio\/","og_site_name":"Noticias Radio Reflejos","article_published_time":"2025-05-28T10:05:48+00:00","og_image":[{"width":1004,"height":565,"url":"https:\/\/www.noticiasradioreflejos.com.ar\/2021\/wp-content\/uploads\/2023\/05\/tabaquismo.jpg","type":"image\/jpeg"}],"author":"Arnaldo Botto","twitter_card":"summary_large_image","schema":{"@context":"https:\/\/schema.org","@graph":[{"@type":"WebPage","@id":"https:\/\/www.noticiasradioreflejos.com.ar\/2021\/el-tabaquismo-en-argentina-afecta-mas-a-las-personas-de-bajos-ingresos-segun-un-estudio\/","url":"https:\/\/www.noticiasradioreflejos.com.ar\/2021\/el-tabaquismo-en-argentina-afecta-mas-a-las-personas-de-bajos-ingresos-segun-un-estudio\/","name":"El tabaquismo en Argentina afecta m\u00e1s a las personas de bajos ingresos, seg\u00fan un estudio - Noticias Radio Reflejos","isPartOf":{"@id":"https:\/\/www.noticiasradioreflejos.com.ar\/2021\/#website"},"primaryImageOfPage":{"@id":"https:\/\/www.noticiasradioreflejos.com.ar\/2021\/el-tabaquismo-en-argentina-afecta-mas-a-las-personas-de-bajos-ingresos-segun-un-estudio\/#primaryimage"},"image":{"@id":"https:\/\/www.noticiasradioreflejos.com.ar\/2021\/el-tabaquismo-en-argentina-afecta-mas-a-las-personas-de-bajos-ingresos-segun-un-estudio\/#primaryimage"},"thumbnailUrl":"https:\/\/www.noticiasradioreflejos.com.ar\/2021\/wp-content\/uploads\/2023\/05\/tabaquismo.jpg","datePublished":"2025-05-28T10:05:48+00:00","author":{"@id":"https:\/\/www.noticiasradioreflejos.com.ar\/2021\/#\/schema\/person\/ad82545263dcc5ec0996818884fd5fb1"},"breadcrumb":{"@id":"https:\/\/www.noticiasradioreflejos.com.ar\/2021\/el-tabaquismo-en-argentina-afecta-mas-a-las-personas-de-bajos-ingresos-segun-un-estudio\/#breadcrumb"},"inLanguage":"es","potentialAction":[{"@type":"ReadAction","target":["https:\/\/www.noticiasradioreflejos.com.ar\/2021\/el-tabaquismo-en-argentina-afecta-mas-a-las-personas-de-bajos-ingresos-segun-un-estudio\/"]}]},{"@type":"ImageObject","inLanguage":"es","@id":"https:\/\/www.noticiasradioreflejos.com.ar\/2021\/el-tabaquismo-en-argentina-afecta-mas-a-las-personas-de-bajos-ingresos-segun-un-estudio\/#primaryimage","url":"https:\/\/www.noticiasradioreflejos.com.ar\/2021\/wp-content\/uploads\/2023\/05\/tabaquismo.jpg","contentUrl":"https:\/\/www.noticiasradioreflejos.com.ar\/2021\/wp-content\/uploads\/2023\/05\/tabaquismo.jpg","width":1004,"height":565},{"@type":"BreadcrumbList","@id":"https:\/\/www.noticiasradioreflejos.com.ar\/2021\/el-tabaquismo-en-argentina-afecta-mas-a-las-personas-de-bajos-ingresos-segun-un-estudio\/#breadcrumb","itemListElement":[{"@type":"ListItem","position":1,"name":"Portada","item":"https:\/\/www.noticiasradioreflejos.com.ar\/2021\/"},{"@type":"ListItem","position":2,"name":"El tabaquismo en Argentina afecta m\u00e1s a las personas de bajos ingresos, seg\u00fan un estudio"}]},{"@type":"WebSite","@id":"https:\/\/www.noticiasradioreflejos.com.ar\/2021\/#website","url":"https:\/\/www.noticiasradioreflejos.com.ar\/2021\/","name":"Noticias Radio Reflejos","description":"Las noticias de mi comarca","potentialAction":[{"@type":"SearchAction","target":{"@type":"EntryPoint","urlTemplate":"https:\/\/www.noticiasradioreflejos.com.ar\/2021\/?s={search_term_string}"},"query-input":{"@type":"PropertyValueSpecification","valueRequired":true,"valueName":"search_term_string"}}],"inLanguage":"es"},{"@type":"Person","@id":"https:\/\/www.noticiasradioreflejos.com.ar\/2021\/#\/schema\/person\/ad82545263dcc5ec0996818884fd5fb1","name":"Arnaldo Botto","image":{"@type":"ImageObject","inLanguage":"es","@id":"https:\/\/www.noticiasradioreflejos.com.ar\/2021\/#\/schema\/person\/image\/","url":"https:\/\/secure.gravatar.com\/avatar\/55cb5e37c1efa326397366e6974cb338056df65cb50e7d64d1cf314e87504837?s=96&d=mm&r=g","contentUrl":"https:\/\/secure.gravatar.com\/avatar\/55cb5e37c1efa326397366e6974cb338056df65cb50e7d64d1cf314e87504837?s=96&d=mm&r=g","caption":"Arnaldo Botto"},"url":"https:\/\/www.noticiasradioreflejos.com.ar\/2021\/author\/arnaldo\/"}]}},"_links":{"self":[{"href":"https:\/\/www.noticiasradioreflejos.com.ar\/2021\/wp-json\/wp\/v2\/posts\/119319","targetHints":{"allow":["GET"]}}],"collection":[{"href":"https:\/\/www.noticiasradioreflejos.com.ar\/2021\/wp-json\/wp\/v2\/posts"}],"about":[{"href":"https:\/\/www.noticiasradioreflejos.com.ar\/2021\/wp-json\/wp\/v2\/types\/post"}],"author":[{"embeddable":true,"href":"https:\/\/www.noticiasradioreflejos.com.ar\/2021\/wp-json\/wp\/v2\/users\/3"}],"replies":[{"embeddable":true,"href":"https:\/\/www.noticiasradioreflejos.com.ar\/2021\/wp-json\/wp\/v2\/comments?post=119319"}],"version-history":[{"count":1,"href":"https:\/\/www.noticiasradioreflejos.com.ar\/2021\/wp-json\/wp\/v2\/posts\/119319\/revisions"}],"predecessor-version":[{"id":119320,"href":"https:\/\/www.noticiasradioreflejos.com.ar\/2021\/wp-json\/wp\/v2\/posts\/119319\/revisions\/119320"}],"wp:featuredmedia":[{"embeddable":true,"href":"https:\/\/www.noticiasradioreflejos.com.ar\/2021\/wp-json\/wp\/v2\/media\/88501"}],"wp:attachment":[{"href":"https:\/\/www.noticiasradioreflejos.com.ar\/2021\/wp-json\/wp\/v2\/media?parent=119319"}],"wp:term":[{"taxonomy":"category","embeddable":true,"href":"https:\/\/www.noticiasradioreflejos.com.ar\/2021\/wp-json\/wp\/v2\/categories?post=119319"},{"taxonomy":"post_tag","embeddable":true,"href":"https:\/\/www.noticiasradioreflejos.com.ar\/2021\/wp-json\/wp\/v2\/tags?post=119319"}],"curies":[{"name":"wp","href":"https:\/\/api.w.org\/{rel}","templated":true}]}}