{"id":119317,"date":"2025-05-28T07:00:46","date_gmt":"2025-05-28T10:00:46","guid":{"rendered":"https:\/\/www.noticiasradioreflejos.com.ar\/2021\/?p=119317"},"modified":"2025-05-28T09:14:08","modified_gmt":"2025-05-28T12:14:08","slug":"llego-el-frio-a-la-comarca-serrana","status":"publish","type":"post","link":"https:\/\/www.noticiasradioreflejos.com.ar\/2021\/llego-el-frio-a-la-comarca-serrana\/","title":{"rendered":"Lleg\u00f3 el fr\u00edo a la comarca serrana."},"content":{"rendered":"<p>El Servicio Meteorol\u00f3gico anticipa varios d\u00edas con temperaturas muy bajas en todo el pa\u00eds, que afectar\u00e1n tambi\u00e9n a Tornquist y la regi\u00f3n.<!--more--><\/p>\n<p>Se trata de una masa de aire polar que dejar\u00e1 mediciones m\u00ednimas en torno a los 0\u00b0 y m\u00e1ximas que no superar\u00e1n los 13\u00b0 durante la semana en Sierra de la Ventana.<\/p>\n<p>El fen\u00f3meno, que ya comenz\u00f3 hoy, se extender\u00e1 por lo menos hasta el s\u00e1bado. Si bien luego las m\u00ednimas subir\u00e1n en promedio a 7\u00b0, el ascenso t\u00e9rmico ser\u00e1 apenas hasta los 15 grados en las jornadas siguientes.<\/p>\n<p>Ayer se vivi\u00f3 una jornada ventosa e inestable donde los chaparrones aislados estuvieron presentes desde el mediod\u00eda hasta la noche, el total de lluvia registrado en el sector urbano de Sierra de la Ventana alcanz\u00f3 los <strong>4.5 mm entre lunes y martes.<\/strong><\/p>\n<p>Este mi\u00e9rcoles la m\u00ednima en Sierra se ubic\u00f3 en 0\u00b0 y hubo heladas en la zona urbana y rural, estar\u00e1 el cielo despejado y los vientos ser\u00e1 suaves del OSO, el jueves mayormente nublado y viernes de sol a pleno.<\/p>\n<p class=\"article-text\">Las marcas t\u00e9rmicas ser\u00edan m\u00e1s bajas en el interior de la Provincia. En zonas serranas, por ejemplo, se esperan m\u00ednimas bajo cero en localidades como Villa Ventana y Tornquist.<\/p>\n<h2 class=\"article-text\">Alerta por heladas en Buenos Aires<\/h2>\n<p class=\"article-text\">De acuerdo con el ingeniero\u00a0<strong>Eduardo Rollero<\/strong>, las\u00a0<strong>heladas podr\u00edan registrarse este mi\u00e9rcoles, jueves y viernes<\/strong>\u00a0en zonas bastantes cercanas al AMBA.<\/p>\n<div id=\"container-after-news-outlook\"><\/div>\n<p class=\"article-text\">\u201cCon el avance de un frente fr\u00edo, se inicia ma\u00f1ana la temporada de heladas\u201d, anunci\u00f3 el especialista.<\/p>\n<p>&nbsp;<\/p>\n<blockquote class=\"twitter-tweet\">\n<p dir=\"ltr\" lang=\"es\">Con el avance de un frente fr\u00edo, se inicia ma\u00f1ana la temporada de <a href=\"https:\/\/twitter.com\/hashtag\/Heladas?src=hash&amp;ref_src=twsrc%5Etfw\">#Heladas<\/a> <a href=\"https:\/\/twitter.com\/hashtag\/Forecast?src=hash&amp;ref_src=twsrc%5Etfw\">#Forecast<\/a> <a href=\"https:\/\/twitter.com\/hashtag\/Geada?src=hash&amp;ref_src=twsrc%5Etfw\">#Geada<\/a> <a href=\"https:\/\/twitter.com\/hashtag\/Frost?src=hash&amp;ref_src=twsrc%5Etfw\">#Frost<\/a> <a href=\"https:\/\/twitter.com\/hashtag\/EarthEngine?src=hash&amp;ref_src=twsrc%5Etfw\">#EarthEngine<\/a> <a href=\"https:\/\/twitter.com\/hashtag\/GEE?src=hash&amp;ref_src=twsrc%5Etfw\">#GEE<\/a> \u2744\u2744\ufe0f\u2744\ufe0f\u2744\ufe0f <a href=\"https:\/\/t.co\/Mtsd7isOPi\">pic.twitter.com\/Mtsd7isOPi<\/a><\/p>\n<p>\u2014 Eduardo Rollero (@eduardo_rollero) <a href=\"https:\/\/twitter.com\/eduardo_rollero\/status\/1927508143870824766?ref_src=twsrc%5Etfw\">May 27, 2025<\/a><\/p><\/blockquote>\n<p><script async src=\"https:\/\/platform.twitter.com\/widgets.js\" charset=\"utf-8\"><\/script><\/p>\n<p class=\"article-text\">En distintas partes del pa\u00eds el fr\u00edo intenso comenz\u00f3 a hacerse presente con intensas nevadas y rutas cortadas. Los primeros lugares fueron C\u00f3rdoba y San Luis pero se espera que se extienda con el correr de las horas.<\/p>\n<p>&nbsp;<\/p>\n<figure class=\"wp-block-image size-large\"><img loading=\"lazy\" decoding=\"async\" class=\"wp-image-174900\" src=\"https:\/\/frenteacano.com.ar\/wp-content\/uploads\/2025\/05\/image-112-576x1024.webp\" sizes=\"auto, (max-width: 576px) 100vw, 576px\" srcset=\"https:\/\/frenteacano.com.ar\/wp-content\/uploads\/2025\/05\/image-112-576x1024.webp 576w, https:\/\/frenteacano.com.ar\/wp-content\/uploads\/2025\/05\/image-112-169x300.webp 169w, https:\/\/frenteacano.com.ar\/wp-content\/uploads\/2025\/05\/image-112-768x1366.webp 768w, https:\/\/frenteacano.com.ar\/wp-content\/uploads\/2025\/05\/image-112-864x1536.webp 864w, https:\/\/frenteacano.com.ar\/wp-content\/uploads\/2025\/05\/image-112.webp 992w\" alt=\"\" width=\"576\" height=\"1024\" \/><\/figure>\n<p>Este fen\u00f3meno clim\u00e1tico, que estaba previsto para esta \u00faltima semana de mayo, ya golpe\u00f3 el centro del pa\u00eds y ahora se espera que tambi\u00e9n afecte a la\u00a0<strong>Patagonia<\/strong>, donde las temperaturas podr\u00edan caer por debajo de los\u00a0<strong>10 grados bajo cero<\/strong>.<\/p>\n<p>Este cambio dr\u00e1stico en el clima habitual de la \u00e9poca se ver\u00e1 acompa\u00f1ado de lluvias intensas y tormentas. Los expertos del SMN calificaron este cambio de patr\u00f3n clim\u00e1tico como un episodio de\u00a0<strong>\u201cfr\u00edo extremo\u201d<\/strong>.<\/p>\n","protected":false},"excerpt":{"rendered":"<p>El Servicio Meteorol\u00f3gico anticipa varios d\u00edas con temperaturas muy bajas en todo el pa\u00eds, que afectar\u00e1n tambi\u00e9n a Tornquist y la regi\u00f3n.<\/p>\n","protected":false},"author":3,"featured_media":104183,"comment_status":"closed","ping_status":"closed","sticky":false,"template":"","format":"standard","meta":{"footnotes":""},"categories":[46],"tags":[48],"class_list":["post-119317","post","type-post","status-publish","format-standard","has-post-thumbnail","hentry","category-ciencia-y-tecnologia","tag-destacada"],"yoast_head":"<!-- This site is optimized with the Yoast SEO plugin v25.9 - https:\/\/yoast.com\/wordpress\/plugins\/seo\/ -->\n<title>Lleg\u00f3 el fr\u00edo a la comarca serrana. - Noticias Radio Reflejos<\/title>\n<meta name=\"robots\" content=\"index, follow, max-snippet:-1, max-image-preview:large, max-video-preview:-1\" \/>\n<link rel=\"canonical\" href=\"https:\/\/www.noticiasradioreflejos.com.ar\/2021\/llego-el-frio-a-la-comarca-serrana\/\" \/>\n<meta property=\"og:locale\" content=\"es_ES\" \/>\n<meta property=\"og:type\" content=\"article\" \/>\n<meta property=\"og:title\" content=\"Lleg\u00f3 el fr\u00edo a la comarca serrana. - Noticias Radio Reflejos\" \/>\n<meta property=\"og:description\" content=\"El Servicio Meteorol\u00f3gico anticipa varios d\u00edas con temperaturas muy bajas en todo el pa\u00eds, que afectar\u00e1n tambi\u00e9n a Tornquist y la regi\u00f3n.\" \/>\n<meta property=\"og:url\" content=\"https:\/\/www.noticiasradioreflejos.com.ar\/2021\/llego-el-frio-a-la-comarca-serrana\/\" \/>\n<meta property=\"og:site_name\" content=\"Noticias Radio Reflejos\" \/>\n<meta property=\"article:published_time\" content=\"2025-05-28T10:00:46+00:00\" \/>\n<meta property=\"article:modified_time\" content=\"2025-05-28T12:14:08+00:00\" \/>\n<meta property=\"og:image\" content=\"https:\/\/www.noticiasradioreflejos.com.ar\/2021\/wp-content\/uploads\/2024\/06\/frio-invierno.jpg\" \/>\n\t<meta property=\"og:image:width\" content=\"723\" \/>\n\t<meta property=\"og:image:height\" content=\"410\" \/>\n\t<meta property=\"og:image:type\" content=\"image\/jpeg\" \/>\n<meta name=\"author\" content=\"Arnaldo Botto\" \/>\n<meta name=\"twitter:card\" content=\"summary_large_image\" \/>\n<script type=\"application\/ld+json\" class=\"yoast-schema-graph\">{\"@context\":\"https:\/\/schema.org\",\"@graph\":[{\"@type\":\"WebPage\",\"@id\":\"https:\/\/www.noticiasradioreflejos.com.ar\/2021\/llego-el-frio-a-la-comarca-serrana\/\",\"url\":\"https:\/\/www.noticiasradioreflejos.com.ar\/2021\/llego-el-frio-a-la-comarca-serrana\/\",\"name\":\"Lleg\u00f3 el fr\u00edo a la comarca serrana. - Noticias Radio Reflejos\",\"isPartOf\":{\"@id\":\"https:\/\/www.noticiasradioreflejos.com.ar\/2021\/#website\"},\"primaryImageOfPage\":{\"@id\":\"https:\/\/www.noticiasradioreflejos.com.ar\/2021\/llego-el-frio-a-la-comarca-serrana\/#primaryimage\"},\"image\":{\"@id\":\"https:\/\/www.noticiasradioreflejos.com.ar\/2021\/llego-el-frio-a-la-comarca-serrana\/#primaryimage\"},\"thumbnailUrl\":\"https:\/\/www.noticiasradioreflejos.com.ar\/2021\/wp-content\/uploads\/2024\/06\/frio-invierno.jpg\",\"datePublished\":\"2025-05-28T10:00:46+00:00\",\"dateModified\":\"2025-05-28T12:14:08+00:00\",\"author\":{\"@id\":\"https:\/\/www.noticiasradioreflejos.com.ar\/2021\/#\/schema\/person\/ad82545263dcc5ec0996818884fd5fb1\"},\"breadcrumb\":{\"@id\":\"https:\/\/www.noticiasradioreflejos.com.ar\/2021\/llego-el-frio-a-la-comarca-serrana\/#breadcrumb\"},\"inLanguage\":\"es\",\"potentialAction\":[{\"@type\":\"ReadAction\",\"target\":[\"https:\/\/www.noticiasradioreflejos.com.ar\/2021\/llego-el-frio-a-la-comarca-serrana\/\"]}]},{\"@type\":\"ImageObject\",\"inLanguage\":\"es\",\"@id\":\"https:\/\/www.noticiasradioreflejos.com.ar\/2021\/llego-el-frio-a-la-comarca-serrana\/#primaryimage\",\"url\":\"https:\/\/www.noticiasradioreflejos.com.ar\/2021\/wp-content\/uploads\/2024\/06\/frio-invierno.jpg\",\"contentUrl\":\"https:\/\/www.noticiasradioreflejos.com.ar\/2021\/wp-content\/uploads\/2024\/06\/frio-invierno.jpg\",\"width\":723,\"height\":410},{\"@type\":\"BreadcrumbList\",\"@id\":\"https:\/\/www.noticiasradioreflejos.com.ar\/2021\/llego-el-frio-a-la-comarca-serrana\/#breadcrumb\",\"itemListElement\":[{\"@type\":\"ListItem\",\"position\":1,\"name\":\"Portada\",\"item\":\"https:\/\/www.noticiasradioreflejos.com.ar\/2021\/\"},{\"@type\":\"ListItem\",\"position\":2,\"name\":\"Lleg\u00f3 el fr\u00edo a la comarca serrana.\"}]},{\"@type\":\"WebSite\",\"@id\":\"https:\/\/www.noticiasradioreflejos.com.ar\/2021\/#website\",\"url\":\"https:\/\/www.noticiasradioreflejos.com.ar\/2021\/\",\"name\":\"Noticias Radio Reflejos\",\"description\":\"Las noticias de mi comarca\",\"potentialAction\":[{\"@type\":\"SearchAction\",\"target\":{\"@type\":\"EntryPoint\",\"urlTemplate\":\"https:\/\/www.noticiasradioreflejos.com.ar\/2021\/?s={search_term_string}\"},\"query-input\":{\"@type\":\"PropertyValueSpecification\",\"valueRequired\":true,\"valueName\":\"search_term_string\"}}],\"inLanguage\":\"es\"},{\"@type\":\"Person\",\"@id\":\"https:\/\/www.noticiasradioreflejos.com.ar\/2021\/#\/schema\/person\/ad82545263dcc5ec0996818884fd5fb1\",\"name\":\"Arnaldo Botto\",\"image\":{\"@type\":\"ImageObject\",\"inLanguage\":\"es\",\"@id\":\"https:\/\/www.noticiasradioreflejos.com.ar\/2021\/#\/schema\/person\/image\/\",\"url\":\"https:\/\/secure.gravatar.com\/avatar\/55cb5e37c1efa326397366e6974cb338056df65cb50e7d64d1cf314e87504837?s=96&d=mm&r=g\",\"contentUrl\":\"https:\/\/secure.gravatar.com\/avatar\/55cb5e37c1efa326397366e6974cb338056df65cb50e7d64d1cf314e87504837?s=96&d=mm&r=g\",\"caption\":\"Arnaldo Botto\"},\"url\":\"https:\/\/www.noticiasradioreflejos.com.ar\/2021\/author\/arnaldo\/\"}]}<\/script>\n<!-- \/ Yoast SEO plugin. -->","yoast_head_json":{"title":"Lleg\u00f3 el fr\u00edo a la comarca serrana. - Noticias Radio Reflejos","robots":{"index":"index","follow":"follow","max-snippet":"max-snippet:-1","max-image-preview":"max-image-preview:large","max-video-preview":"max-video-preview:-1"},"canonical":"https:\/\/www.noticiasradioreflejos.com.ar\/2021\/llego-el-frio-a-la-comarca-serrana\/","og_locale":"es_ES","og_type":"article","og_title":"Lleg\u00f3 el fr\u00edo a la comarca serrana. - Noticias Radio Reflejos","og_description":"El Servicio Meteorol\u00f3gico anticipa varios d\u00edas con temperaturas muy bajas en todo el pa\u00eds, que afectar\u00e1n tambi\u00e9n a Tornquist y la regi\u00f3n.","og_url":"https:\/\/www.noticiasradioreflejos.com.ar\/2021\/llego-el-frio-a-la-comarca-serrana\/","og_site_name":"Noticias Radio Reflejos","article_published_time":"2025-05-28T10:00:46+00:00","article_modified_time":"2025-05-28T12:14:08+00:00","og_image":[{"width":723,"height":410,"url":"https:\/\/www.noticiasradioreflejos.com.ar\/2021\/wp-content\/uploads\/2024\/06\/frio-invierno.jpg","type":"image\/jpeg"}],"author":"Arnaldo Botto","twitter_card":"summary_large_image","schema":{"@context":"https:\/\/schema.org","@graph":[{"@type":"WebPage","@id":"https:\/\/www.noticiasradioreflejos.com.ar\/2021\/llego-el-frio-a-la-comarca-serrana\/","url":"https:\/\/www.noticiasradioreflejos.com.ar\/2021\/llego-el-frio-a-la-comarca-serrana\/","name":"Lleg\u00f3 el fr\u00edo a la comarca serrana. - Noticias Radio Reflejos","isPartOf":{"@id":"https:\/\/www.noticiasradioreflejos.com.ar\/2021\/#website"},"primaryImageOfPage":{"@id":"https:\/\/www.noticiasradioreflejos.com.ar\/2021\/llego-el-frio-a-la-comarca-serrana\/#primaryimage"},"image":{"@id":"https:\/\/www.noticiasradioreflejos.com.ar\/2021\/llego-el-frio-a-la-comarca-serrana\/#primaryimage"},"thumbnailUrl":"https:\/\/www.noticiasradioreflejos.com.ar\/2021\/wp-content\/uploads\/2024\/06\/frio-invierno.jpg","datePublished":"2025-05-28T10:00:46+00:00","dateModified":"2025-05-28T12:14:08+00:00","author":{"@id":"https:\/\/www.noticiasradioreflejos.com.ar\/2021\/#\/schema\/person\/ad82545263dcc5ec0996818884fd5fb1"},"breadcrumb":{"@id":"https:\/\/www.noticiasradioreflejos.com.ar\/2021\/llego-el-frio-a-la-comarca-serrana\/#breadcrumb"},"inLanguage":"es","potentialAction":[{"@type":"ReadAction","target":["https:\/\/www.noticiasradioreflejos.com.ar\/2021\/llego-el-frio-a-la-comarca-serrana\/"]}]},{"@type":"ImageObject","inLanguage":"es","@id":"https:\/\/www.noticiasradioreflejos.com.ar\/2021\/llego-el-frio-a-la-comarca-serrana\/#primaryimage","url":"https:\/\/www.noticiasradioreflejos.com.ar\/2021\/wp-content\/uploads\/2024\/06\/frio-invierno.jpg","contentUrl":"https:\/\/www.noticiasradioreflejos.com.ar\/2021\/wp-content\/uploads\/2024\/06\/frio-invierno.jpg","width":723,"height":410},{"@type":"BreadcrumbList","@id":"https:\/\/www.noticiasradioreflejos.com.ar\/2021\/llego-el-frio-a-la-comarca-serrana\/#breadcrumb","itemListElement":[{"@type":"ListItem","position":1,"name":"Portada","item":"https:\/\/www.noticiasradioreflejos.com.ar\/2021\/"},{"@type":"ListItem","position":2,"name":"Lleg\u00f3 el fr\u00edo a la comarca serrana."}]},{"@type":"WebSite","@id":"https:\/\/www.noticiasradioreflejos.com.ar\/2021\/#website","url":"https:\/\/www.noticiasradioreflejos.com.ar\/2021\/","name":"Noticias Radio Reflejos","description":"Las noticias de mi comarca","potentialAction":[{"@type":"SearchAction","target":{"@type":"EntryPoint","urlTemplate":"https:\/\/www.noticiasradioreflejos.com.ar\/2021\/?s={search_term_string}"},"query-input":{"@type":"PropertyValueSpecification","valueRequired":true,"valueName":"search_term_string"}}],"inLanguage":"es"},{"@type":"Person","@id":"https:\/\/www.noticiasradioreflejos.com.ar\/2021\/#\/schema\/person\/ad82545263dcc5ec0996818884fd5fb1","name":"Arnaldo Botto","image":{"@type":"ImageObject","inLanguage":"es","@id":"https:\/\/www.noticiasradioreflejos.com.ar\/2021\/#\/schema\/person\/image\/","url":"https:\/\/secure.gravatar.com\/avatar\/55cb5e37c1efa326397366e6974cb338056df65cb50e7d64d1cf314e87504837?s=96&d=mm&r=g","contentUrl":"https:\/\/secure.gravatar.com\/avatar\/55cb5e37c1efa326397366e6974cb338056df65cb50e7d64d1cf314e87504837?s=96&d=mm&r=g","caption":"Arnaldo Botto"},"url":"https:\/\/www.noticiasradioreflejos.com.ar\/2021\/author\/arnaldo\/"}]}},"_links":{"self":[{"href":"https:\/\/www.noticiasradioreflejos.com.ar\/2021\/wp-json\/wp\/v2\/posts\/119317","targetHints":{"allow":["GET"]}}],"collection":[{"href":"https:\/\/www.noticiasradioreflejos.com.ar\/2021\/wp-json\/wp\/v2\/posts"}],"about":[{"href":"https:\/\/www.noticiasradioreflejos.com.ar\/2021\/wp-json\/wp\/v2\/types\/post"}],"author":[{"embeddable":true,"href":"https:\/\/www.noticiasradioreflejos.com.ar\/2021\/wp-json\/wp\/v2\/users\/3"}],"replies":[{"embeddable":true,"href":"https:\/\/www.noticiasradioreflejos.com.ar\/2021\/wp-json\/wp\/v2\/comments?post=119317"}],"version-history":[{"count":4,"href":"https:\/\/www.noticiasradioreflejos.com.ar\/2021\/wp-json\/wp\/v2\/posts\/119317\/revisions"}],"predecessor-version":[{"id":119334,"href":"https:\/\/www.noticiasradioreflejos.com.ar\/2021\/wp-json\/wp\/v2\/posts\/119317\/revisions\/119334"}],"wp:featuredmedia":[{"embeddable":true,"href":"https:\/\/www.noticiasradioreflejos.com.ar\/2021\/wp-json\/wp\/v2\/media\/104183"}],"wp:attachment":[{"href":"https:\/\/www.noticiasradioreflejos.com.ar\/2021\/wp-json\/wp\/v2\/media?parent=119317"}],"wp:term":[{"taxonomy":"category","embeddable":true,"href":"https:\/\/www.noticiasradioreflejos.com.ar\/2021\/wp-json\/wp\/v2\/categories?post=119317"},{"taxonomy":"post_tag","embeddable":true,"href":"https:\/\/www.noticiasradioreflejos.com.ar\/2021\/wp-json\/wp\/v2\/tags?post=119317"}],"curies":[{"name":"wp","href":"https:\/\/api.w.org\/{rel}","templated":true}]}}