{"id":119310,"date":"2025-05-27T20:06:43","date_gmt":"2025-05-27T23:06:43","guid":{"rendered":"https:\/\/www.noticiasradioreflejos.com.ar\/2021\/?p=119310"},"modified":"2025-05-27T20:06:43","modified_gmt":"2025-05-27T23:06:43","slug":"el-arbolado-en-sierra-de-la-ventana-es-un-tema-muy-sensible-la-poda-no-es-cortar-ramas-solamente","status":"publish","type":"post","link":"https:\/\/www.noticiasradioreflejos.com.ar\/2021\/el-arbolado-en-sierra-de-la-ventana-es-un-tema-muy-sensible-la-poda-no-es-cortar-ramas-solamente\/","title":{"rendered":"\u00abEl arbolado en Sierra de la Ventana es un tema muy sensible. La poda no es cortar ramas solamente.\u00bb"},"content":{"rendered":"<p><strong>Jorge Varillas<\/strong>, ingeniero agr\u00f3nomo, se suma al debate sobre el labor de la poda de los \u00e1rboles del recorrido YPF-Estaci\u00f3n de Tren en Sierra de la Ventana. Comparte su aporte e informa sobre c\u00f3mo evitar males.<!--more--><\/p>\n<p>\u00abHay algo elemental que esto que hacemos nosotros, que se llama di\u00e1logo. Si hay di\u00e1logo, llegamos a un acuerdo. Hace a\u00f1os vengo escuchando este problema. Hay una cuesti\u00f3n muy sencilla, la gente a veces no se siente tenida en cuenta, pero muchas veces no participamos. \u00a1Qu\u00e9 f\u00e1cil ser\u00eda dialogar!\u00bb propone el ingeniero poder debatir sobre esta problem\u00e1tica para hallar soluciones en conjunto con los vecinos.<\/p>\n<p>\u00abEl arbolado en Sierra de la Ventana es un tema muy sensible. La poda no es cortar ramas solamente. La poda tiene que ver con cu\u00e1ndo, qu\u00e9 ramas cortar y c\u00f3mo proteger despu\u00e9s de la poda a un \u00e1rbol. Yo no soy especializado en poda y nunca har\u00eda una poda. Pero a mi me ense\u00f1aron que es un ser vivo y como ser vivo lo tengo que cuidar. Es cierto que falta un poco de planificaci\u00f3n, pero a mi me da la impresi\u00f3n que donde se une todo es en la falta total de di\u00e1logo\u00bb continua Jorge con su cr\u00edtica ante la situaci\u00f3n irregular del arbolado p\u00fablico.<\/p>\n<p>\u00abA veces existen las propuestas, pero no las queremos escuchar. Empecemos a entender que escuchar es tanto o mejor que hacer. Cuando yo escucho, mis ideas cambian para el bien de todos. Soluciones hay, estamos perdiendo tiempo en discusiones. Reun\u00e1monos, escuchemos propuestas sobre qu\u00e9 hacer con ese material\u00bb propone Jorge posibles soluciones para la problem\u00e1tica.<\/p>\n<p>&nbsp;<\/p>\n<p><iframe loading=\"lazy\" src=\"https:\/\/w.soundcloud.com\/player\/?url=https%3A\/\/api.soundcloud.com\/tracks\/2103138006&amp;color=%23ff5500&amp;auto_play=false&amp;hide_related=false&amp;show_comments=true&amp;show_user=true&amp;show_reposts=false&amp;show_teaser=true\" width=\"100%\" height=\"166\" frameborder=\"no\" scrolling=\"no\"><\/iframe><\/p>\n<div style=\"font-size: 10px; color: #cccccc; line-break: anywhere; word-break: normal; overflow: hidden; white-space: nowrap; text-overflow: ellipsis; font-family: Interstate,Lucida Grande,Lucida Sans Unicode,Lucida Sans,Garuda,Verdana,Tahoma,sans-serif; font-weight: 100;\"><a style=\"color: #cccccc; text-decoration: none;\" title=\"fmreflejos 103.7\" href=\"https:\/\/soundcloud.com\/fmreflejos-103-7\" target=\"_blank\" rel=\"noopener\">fmreflejos 103.7<\/a> \u00b7 <a style=\"color: #cccccc; text-decoration: none;\" title=\"Jorge Varillas 27-05\" href=\"https:\/\/soundcloud.com\/fmreflejos-103-7\/jorge-barillas-27-05\" target=\"_blank\" rel=\"noopener\">Jorge Varillas 27-05<\/a><\/div>\n","protected":false},"excerpt":{"rendered":"<p>Jorge Varillas, ingeniero agr\u00f3nomo, se suma al debate sobre el labor de la poda de los \u00e1rboles del recorrido YPF-Estaci\u00f3n de Tren en Sierra de la Ventana. Comparte su aporte e informa sobre c\u00f3mo evitar males.<\/p>\n","protected":false},"author":3,"featured_media":119102,"comment_status":"closed","ping_status":"closed","sticky":false,"template":"","format":"standard","meta":{"footnotes":""},"categories":[24,26],"tags":[48],"class_list":["post-119310","post","type-post","status-publish","format-standard","has-post-thumbnail","hentry","category-politica","category-sociedad","tag-destacada"],"yoast_head":"<!-- This site is optimized with the Yoast SEO plugin v25.9 - https:\/\/yoast.com\/wordpress\/plugins\/seo\/ -->\n<title>&quot;El arbolado en Sierra de la Ventana es un tema muy sensible. La poda no es cortar ramas solamente.&quot; - Noticias Radio Reflejos<\/title>\n<meta name=\"robots\" content=\"index, follow, max-snippet:-1, max-image-preview:large, max-video-preview:-1\" \/>\n<link rel=\"canonical\" href=\"https:\/\/www.noticiasradioreflejos.com.ar\/2021\/el-arbolado-en-sierra-de-la-ventana-es-un-tema-muy-sensible-la-poda-no-es-cortar-ramas-solamente\/\" \/>\n<meta property=\"og:locale\" content=\"es_ES\" \/>\n<meta property=\"og:type\" content=\"article\" \/>\n<meta property=\"og:title\" content=\"&quot;El arbolado en Sierra de la Ventana es un tema muy sensible. La poda no es cortar ramas solamente.&quot; - Noticias Radio Reflejos\" \/>\n<meta property=\"og:description\" content=\"Jorge Varillas, ingeniero agr\u00f3nomo, se suma al debate sobre el labor de la poda de los \u00e1rboles del recorrido YPF-Estaci\u00f3n de Tren en Sierra de la Ventana. Comparte su aporte e informa sobre c\u00f3mo evitar males.\" \/>\n<meta property=\"og:url\" content=\"https:\/\/www.noticiasradioreflejos.com.ar\/2021\/el-arbolado-en-sierra-de-la-ventana-es-un-tema-muy-sensible-la-poda-no-es-cortar-ramas-solamente\/\" \/>\n<meta property=\"og:site_name\" content=\"Noticias Radio Reflejos\" \/>\n<meta property=\"article:published_time\" content=\"2025-05-27T23:06:43+00:00\" \/>\n<meta property=\"og:image\" content=\"https:\/\/www.noticiasradioreflejos.com.ar\/2021\/wp-content\/uploads\/2025\/05\/poda.jpg\" \/>\n\t<meta property=\"og:image:width\" content=\"1141\" \/>\n\t<meta property=\"og:image:height\" content=\"588\" \/>\n\t<meta property=\"og:image:type\" content=\"image\/jpeg\" \/>\n<meta name=\"author\" content=\"Arnaldo Botto\" \/>\n<meta name=\"twitter:card\" content=\"summary_large_image\" \/>\n<script type=\"application\/ld+json\" class=\"yoast-schema-graph\">{\"@context\":\"https:\/\/schema.org\",\"@graph\":[{\"@type\":\"WebPage\",\"@id\":\"https:\/\/www.noticiasradioreflejos.com.ar\/2021\/el-arbolado-en-sierra-de-la-ventana-es-un-tema-muy-sensible-la-poda-no-es-cortar-ramas-solamente\/\",\"url\":\"https:\/\/www.noticiasradioreflejos.com.ar\/2021\/el-arbolado-en-sierra-de-la-ventana-es-un-tema-muy-sensible-la-poda-no-es-cortar-ramas-solamente\/\",\"name\":\"\\\"El arbolado en Sierra de la Ventana es un tema muy sensible. La poda no es cortar ramas solamente.\\\" - Noticias Radio Reflejos\",\"isPartOf\":{\"@id\":\"https:\/\/www.noticiasradioreflejos.com.ar\/2021\/#website\"},\"primaryImageOfPage\":{\"@id\":\"https:\/\/www.noticiasradioreflejos.com.ar\/2021\/el-arbolado-en-sierra-de-la-ventana-es-un-tema-muy-sensible-la-poda-no-es-cortar-ramas-solamente\/#primaryimage\"},\"image\":{\"@id\":\"https:\/\/www.noticiasradioreflejos.com.ar\/2021\/el-arbolado-en-sierra-de-la-ventana-es-un-tema-muy-sensible-la-poda-no-es-cortar-ramas-solamente\/#primaryimage\"},\"thumbnailUrl\":\"https:\/\/www.noticiasradioreflejos.com.ar\/2021\/wp-content\/uploads\/2025\/05\/poda.jpg\",\"datePublished\":\"2025-05-27T23:06:43+00:00\",\"author\":{\"@id\":\"https:\/\/www.noticiasradioreflejos.com.ar\/2021\/#\/schema\/person\/ad82545263dcc5ec0996818884fd5fb1\"},\"breadcrumb\":{\"@id\":\"https:\/\/www.noticiasradioreflejos.com.ar\/2021\/el-arbolado-en-sierra-de-la-ventana-es-un-tema-muy-sensible-la-poda-no-es-cortar-ramas-solamente\/#breadcrumb\"},\"inLanguage\":\"es\",\"potentialAction\":[{\"@type\":\"ReadAction\",\"target\":[\"https:\/\/www.noticiasradioreflejos.com.ar\/2021\/el-arbolado-en-sierra-de-la-ventana-es-un-tema-muy-sensible-la-poda-no-es-cortar-ramas-solamente\/\"]}]},{\"@type\":\"ImageObject\",\"inLanguage\":\"es\",\"@id\":\"https:\/\/www.noticiasradioreflejos.com.ar\/2021\/el-arbolado-en-sierra-de-la-ventana-es-un-tema-muy-sensible-la-poda-no-es-cortar-ramas-solamente\/#primaryimage\",\"url\":\"https:\/\/www.noticiasradioreflejos.com.ar\/2021\/wp-content\/uploads\/2025\/05\/poda.jpg\",\"contentUrl\":\"https:\/\/www.noticiasradioreflejos.com.ar\/2021\/wp-content\/uploads\/2025\/05\/poda.jpg\",\"width\":1141,\"height\":588},{\"@type\":\"BreadcrumbList\",\"@id\":\"https:\/\/www.noticiasradioreflejos.com.ar\/2021\/el-arbolado-en-sierra-de-la-ventana-es-un-tema-muy-sensible-la-poda-no-es-cortar-ramas-solamente\/#breadcrumb\",\"itemListElement\":[{\"@type\":\"ListItem\",\"position\":1,\"name\":\"Portada\",\"item\":\"https:\/\/www.noticiasradioreflejos.com.ar\/2021\/\"},{\"@type\":\"ListItem\",\"position\":2,\"name\":\"\u00abEl arbolado en Sierra de la Ventana es un tema muy sensible. La poda no es cortar ramas solamente.\u00bb\"}]},{\"@type\":\"WebSite\",\"@id\":\"https:\/\/www.noticiasradioreflejos.com.ar\/2021\/#website\",\"url\":\"https:\/\/www.noticiasradioreflejos.com.ar\/2021\/\",\"name\":\"Noticias Radio Reflejos\",\"description\":\"Las noticias de mi comarca\",\"potentialAction\":[{\"@type\":\"SearchAction\",\"target\":{\"@type\":\"EntryPoint\",\"urlTemplate\":\"https:\/\/www.noticiasradioreflejos.com.ar\/2021\/?s={search_term_string}\"},\"query-input\":{\"@type\":\"PropertyValueSpecification\",\"valueRequired\":true,\"valueName\":\"search_term_string\"}}],\"inLanguage\":\"es\"},{\"@type\":\"Person\",\"@id\":\"https:\/\/www.noticiasradioreflejos.com.ar\/2021\/#\/schema\/person\/ad82545263dcc5ec0996818884fd5fb1\",\"name\":\"Arnaldo Botto\",\"image\":{\"@type\":\"ImageObject\",\"inLanguage\":\"es\",\"@id\":\"https:\/\/www.noticiasradioreflejos.com.ar\/2021\/#\/schema\/person\/image\/\",\"url\":\"https:\/\/secure.gravatar.com\/avatar\/55cb5e37c1efa326397366e6974cb338056df65cb50e7d64d1cf314e87504837?s=96&d=mm&r=g\",\"contentUrl\":\"https:\/\/secure.gravatar.com\/avatar\/55cb5e37c1efa326397366e6974cb338056df65cb50e7d64d1cf314e87504837?s=96&d=mm&r=g\",\"caption\":\"Arnaldo Botto\"},\"url\":\"https:\/\/www.noticiasradioreflejos.com.ar\/2021\/author\/arnaldo\/\"}]}<\/script>\n<!-- \/ Yoast SEO plugin. -->","yoast_head_json":{"title":"\"El arbolado en Sierra de la Ventana es un tema muy sensible. La poda no es cortar ramas solamente.\" - Noticias Radio Reflejos","robots":{"index":"index","follow":"follow","max-snippet":"max-snippet:-1","max-image-preview":"max-image-preview:large","max-video-preview":"max-video-preview:-1"},"canonical":"https:\/\/www.noticiasradioreflejos.com.ar\/2021\/el-arbolado-en-sierra-de-la-ventana-es-un-tema-muy-sensible-la-poda-no-es-cortar-ramas-solamente\/","og_locale":"es_ES","og_type":"article","og_title":"\"El arbolado en Sierra de la Ventana es un tema muy sensible. La poda no es cortar ramas solamente.\" - Noticias Radio Reflejos","og_description":"Jorge Varillas, ingeniero agr\u00f3nomo, se suma al debate sobre el labor de la poda de los \u00e1rboles del recorrido YPF-Estaci\u00f3n de Tren en Sierra de la Ventana. Comparte su aporte e informa sobre c\u00f3mo evitar males.","og_url":"https:\/\/www.noticiasradioreflejos.com.ar\/2021\/el-arbolado-en-sierra-de-la-ventana-es-un-tema-muy-sensible-la-poda-no-es-cortar-ramas-solamente\/","og_site_name":"Noticias Radio Reflejos","article_published_time":"2025-05-27T23:06:43+00:00","og_image":[{"width":1141,"height":588,"url":"https:\/\/www.noticiasradioreflejos.com.ar\/2021\/wp-content\/uploads\/2025\/05\/poda.jpg","type":"image\/jpeg"}],"author":"Arnaldo Botto","twitter_card":"summary_large_image","schema":{"@context":"https:\/\/schema.org","@graph":[{"@type":"WebPage","@id":"https:\/\/www.noticiasradioreflejos.com.ar\/2021\/el-arbolado-en-sierra-de-la-ventana-es-un-tema-muy-sensible-la-poda-no-es-cortar-ramas-solamente\/","url":"https:\/\/www.noticiasradioreflejos.com.ar\/2021\/el-arbolado-en-sierra-de-la-ventana-es-un-tema-muy-sensible-la-poda-no-es-cortar-ramas-solamente\/","name":"\"El arbolado en Sierra de la Ventana es un tema muy sensible. La poda no es cortar ramas solamente.\" - Noticias Radio Reflejos","isPartOf":{"@id":"https:\/\/www.noticiasradioreflejos.com.ar\/2021\/#website"},"primaryImageOfPage":{"@id":"https:\/\/www.noticiasradioreflejos.com.ar\/2021\/el-arbolado-en-sierra-de-la-ventana-es-un-tema-muy-sensible-la-poda-no-es-cortar-ramas-solamente\/#primaryimage"},"image":{"@id":"https:\/\/www.noticiasradioreflejos.com.ar\/2021\/el-arbolado-en-sierra-de-la-ventana-es-un-tema-muy-sensible-la-poda-no-es-cortar-ramas-solamente\/#primaryimage"},"thumbnailUrl":"https:\/\/www.noticiasradioreflejos.com.ar\/2021\/wp-content\/uploads\/2025\/05\/poda.jpg","datePublished":"2025-05-27T23:06:43+00:00","author":{"@id":"https:\/\/www.noticiasradioreflejos.com.ar\/2021\/#\/schema\/person\/ad82545263dcc5ec0996818884fd5fb1"},"breadcrumb":{"@id":"https:\/\/www.noticiasradioreflejos.com.ar\/2021\/el-arbolado-en-sierra-de-la-ventana-es-un-tema-muy-sensible-la-poda-no-es-cortar-ramas-solamente\/#breadcrumb"},"inLanguage":"es","potentialAction":[{"@type":"ReadAction","target":["https:\/\/www.noticiasradioreflejos.com.ar\/2021\/el-arbolado-en-sierra-de-la-ventana-es-un-tema-muy-sensible-la-poda-no-es-cortar-ramas-solamente\/"]}]},{"@type":"ImageObject","inLanguage":"es","@id":"https:\/\/www.noticiasradioreflejos.com.ar\/2021\/el-arbolado-en-sierra-de-la-ventana-es-un-tema-muy-sensible-la-poda-no-es-cortar-ramas-solamente\/#primaryimage","url":"https:\/\/www.noticiasradioreflejos.com.ar\/2021\/wp-content\/uploads\/2025\/05\/poda.jpg","contentUrl":"https:\/\/www.noticiasradioreflejos.com.ar\/2021\/wp-content\/uploads\/2025\/05\/poda.jpg","width":1141,"height":588},{"@type":"BreadcrumbList","@id":"https:\/\/www.noticiasradioreflejos.com.ar\/2021\/el-arbolado-en-sierra-de-la-ventana-es-un-tema-muy-sensible-la-poda-no-es-cortar-ramas-solamente\/#breadcrumb","itemListElement":[{"@type":"ListItem","position":1,"name":"Portada","item":"https:\/\/www.noticiasradioreflejos.com.ar\/2021\/"},{"@type":"ListItem","position":2,"name":"\u00abEl arbolado en Sierra de la Ventana es un tema muy sensible. La poda no es cortar ramas solamente.\u00bb"}]},{"@type":"WebSite","@id":"https:\/\/www.noticiasradioreflejos.com.ar\/2021\/#website","url":"https:\/\/www.noticiasradioreflejos.com.ar\/2021\/","name":"Noticias Radio Reflejos","description":"Las noticias de mi comarca","potentialAction":[{"@type":"SearchAction","target":{"@type":"EntryPoint","urlTemplate":"https:\/\/www.noticiasradioreflejos.com.ar\/2021\/?s={search_term_string}"},"query-input":{"@type":"PropertyValueSpecification","valueRequired":true,"valueName":"search_term_string"}}],"inLanguage":"es"},{"@type":"Person","@id":"https:\/\/www.noticiasradioreflejos.com.ar\/2021\/#\/schema\/person\/ad82545263dcc5ec0996818884fd5fb1","name":"Arnaldo Botto","image":{"@type":"ImageObject","inLanguage":"es","@id":"https:\/\/www.noticiasradioreflejos.com.ar\/2021\/#\/schema\/person\/image\/","url":"https:\/\/secure.gravatar.com\/avatar\/55cb5e37c1efa326397366e6974cb338056df65cb50e7d64d1cf314e87504837?s=96&d=mm&r=g","contentUrl":"https:\/\/secure.gravatar.com\/avatar\/55cb5e37c1efa326397366e6974cb338056df65cb50e7d64d1cf314e87504837?s=96&d=mm&r=g","caption":"Arnaldo Botto"},"url":"https:\/\/www.noticiasradioreflejos.com.ar\/2021\/author\/arnaldo\/"}]}},"_links":{"self":[{"href":"https:\/\/www.noticiasradioreflejos.com.ar\/2021\/wp-json\/wp\/v2\/posts\/119310","targetHints":{"allow":["GET"]}}],"collection":[{"href":"https:\/\/www.noticiasradioreflejos.com.ar\/2021\/wp-json\/wp\/v2\/posts"}],"about":[{"href":"https:\/\/www.noticiasradioreflejos.com.ar\/2021\/wp-json\/wp\/v2\/types\/post"}],"author":[{"embeddable":true,"href":"https:\/\/www.noticiasradioreflejos.com.ar\/2021\/wp-json\/wp\/v2\/users\/3"}],"replies":[{"embeddable":true,"href":"https:\/\/www.noticiasradioreflejos.com.ar\/2021\/wp-json\/wp\/v2\/comments?post=119310"}],"version-history":[{"count":3,"href":"https:\/\/www.noticiasradioreflejos.com.ar\/2021\/wp-json\/wp\/v2\/posts\/119310\/revisions"}],"predecessor-version":[{"id":119316,"href":"https:\/\/www.noticiasradioreflejos.com.ar\/2021\/wp-json\/wp\/v2\/posts\/119310\/revisions\/119316"}],"wp:featuredmedia":[{"embeddable":true,"href":"https:\/\/www.noticiasradioreflejos.com.ar\/2021\/wp-json\/wp\/v2\/media\/119102"}],"wp:attachment":[{"href":"https:\/\/www.noticiasradioreflejos.com.ar\/2021\/wp-json\/wp\/v2\/media?parent=119310"}],"wp:term":[{"taxonomy":"category","embeddable":true,"href":"https:\/\/www.noticiasradioreflejos.com.ar\/2021\/wp-json\/wp\/v2\/categories?post=119310"},{"taxonomy":"post_tag","embeddable":true,"href":"https:\/\/www.noticiasradioreflejos.com.ar\/2021\/wp-json\/wp\/v2\/tags?post=119310"}],"curies":[{"name":"wp","href":"https:\/\/api.w.org\/{rel}","templated":true}]}}