{"id":119305,"date":"2025-05-27T20:03:12","date_gmt":"2025-05-27T23:03:12","guid":{"rendered":"https:\/\/www.noticiasradioreflejos.com.ar\/2021\/?p=119305"},"modified":"2025-05-27T20:07:34","modified_gmt":"2025-05-27T23:07:34","slug":"el-arbol-debe-podarse-para-formarlo-pero-no-mutilarlo-lo-que-estamos-viendo-sobre-la-avenida-son-plumeros","status":"publish","type":"post","link":"https:\/\/www.noticiasradioreflejos.com.ar\/2021\/el-arbol-debe-podarse-para-formarlo-pero-no-mutilarlo-lo-que-estamos-viendo-sobre-la-avenida-son-plumeros\/","title":{"rendered":"\u00abEl \u00e1rbol debe podarse para formarlo, pero no mutilarlo. Lo que estamos viendo sobre la avenida son plumeros\u00bb"},"content":{"rendered":"<p>Sara Batelli, integrante de la Agrupaci\u00f3n Floral Ventania, se expresa sobre la poda realizada por personal municipal,\u00a0 que intervino desde la YPF hasta la Estaci\u00f3n de Sierra de la Ventana. Hace un an\u00e1lisis cr\u00edtico y propone fuentes para poder trabajar el arbolado p\u00fablico.<!--more--><\/p>\n<p>\u00abtodos los a\u00f1os tenemos la misma preocupaci\u00f3n a esta altura del a\u00f1o, porque se podan en pos de una cosa mejor y no es tan as\u00ed. El \u00e1rbol debe podarse para formarlo, pero no mutilarlo. Lo que estamos viendo sobre la avenida son plumeros\u00bb comparte Sara la problem\u00e1tica de la poda. \u00abHay algo que no se recupera y es el tiempo. Y esos \u00e1rboles requieren tiempo para estar como estaban\u00bb.<\/p>\n<p>\u00abVamos a elevarle al Sr. V\u00edctor Ant\u00f3n una nota,\u00a0 porque en el a\u00f1o 17 la Agrupaci\u00f3n Floral pidi\u00f3 la banca 13 y se present\u00f3 con la Ingeniera Ana Mar\u00eda Casay. Lo que hizo en el Concejo Deliberante fue una clase magistral, mencionando qu\u00e9 especies poner para que no haya problemas y c\u00f3mo tratarlas. Ella dej\u00f3 una carpeta en el Concejo Deliberante, esa carpeta deber\u00eda estar ah\u00ed. Hay gente que sabe y hay que saber usarla\u00bb menciona a d\u00f3nde podr\u00edan consultar los funcionarios y empleados municipales para realizar el labor de la poda. \u00bb<\/p>\n<p>\u00abLa planta hay que llevarla formando su copa para que cumpla la funci\u00f3n por la que fue puesta. Eso no se entiende, no lo entienden ni los empleados municipales ni los vecinos\u00bb hace hincapi\u00e9 en la responsabilidad civil de los vecinos, quienes tambi\u00e9n contribuyen a la problem\u00e1tica.<\/p>\n<p>\u00abAc\u00e1 hay mucha gente que sabe, ac\u00e1 en la zona tenemos ingenieros forestales, tenemos viveros importantes. \u00bfPor qu\u00e9 no consultar a esa gente y hacer este da\u00f1o que no se recupera?\u00bb expresa cr\u00edticamente. <strong>\u00abNo estamos denunciando, estamos pidiendo que se hagan las cosas bien\u00bb.<\/strong><\/p>\n<p>&nbsp;<\/p>\n<p><iframe loading=\"lazy\" src=\"https:\/\/w.soundcloud.com\/player\/?url=https%3A\/\/api.soundcloud.com\/tracks\/2103055659&amp;color=%23ff5500&amp;auto_play=false&amp;hide_related=false&amp;show_comments=true&amp;show_user=true&amp;show_reposts=false&amp;show_teaser=true\" width=\"100%\" height=\"166\" frameborder=\"no\" scrolling=\"no\"><\/iframe><\/p>\n<div style=\"font-size: 10px; color: #cccccc; line-break: anywhere; word-break: normal; overflow: hidden; white-space: nowrap; text-overflow: ellipsis; font-family: Interstate,Lucida Grande,Lucida Sans Unicode,Lucida Sans,Garuda,Verdana,Tahoma,sans-serif; font-weight: 100;\"><a style=\"color: #cccccc; text-decoration: none;\" title=\"fmreflejos 103.7\" href=\"https:\/\/soundcloud.com\/fmreflejos-103-7\" target=\"_blank\" rel=\"noopener\">fmreflejos 103.7<\/a> \u00b7 <a style=\"color: #cccccc; text-decoration: none;\" title=\"Sara Batelli 27-05\" href=\"https:\/\/soundcloud.com\/fmreflejos-103-7\/sara-batelli-27-05\" target=\"_blank\" rel=\"noopener\">Sara Batelli 27-05<\/a><\/div>\n","protected":false},"excerpt":{"rendered":"<p>Sara Batelli, integrante de la Agrupaci\u00f3n Floral Ventania, se expresa sobre la poda realizada por personal municipal,\u00a0 que intervino desde la YPF hasta la Estaci\u00f3n de Sierra de la Ventana. Hace un an\u00e1lisis cr\u00edtico y propone fuentes para poder trabajar el arbolado p\u00fablico.<\/p>\n","protected":false},"author":3,"featured_media":119314,"comment_status":"closed","ping_status":"closed","sticky":false,"template":"","format":"standard","meta":{"footnotes":""},"categories":[26],"tags":[48],"class_list":["post-119305","post","type-post","status-publish","format-standard","has-post-thumbnail","hentry","category-sociedad","tag-destacada"],"yoast_head":"<!-- This site is optimized with the Yoast SEO plugin v25.9 - https:\/\/yoast.com\/wordpress\/plugins\/seo\/ -->\n<title>&quot;El \u00e1rbol debe podarse para formarlo, pero no mutilarlo. Lo que estamos viendo sobre la avenida son plumeros&quot; - Noticias Radio Reflejos<\/title>\n<meta name=\"robots\" content=\"index, follow, max-snippet:-1, max-image-preview:large, max-video-preview:-1\" \/>\n<link rel=\"canonical\" href=\"https:\/\/www.noticiasradioreflejos.com.ar\/2021\/el-arbol-debe-podarse-para-formarlo-pero-no-mutilarlo-lo-que-estamos-viendo-sobre-la-avenida-son-plumeros\/\" \/>\n<meta property=\"og:locale\" content=\"es_ES\" \/>\n<meta property=\"og:type\" content=\"article\" \/>\n<meta property=\"og:title\" content=\"&quot;El \u00e1rbol debe podarse para formarlo, pero no mutilarlo. Lo que estamos viendo sobre la avenida son plumeros&quot; - Noticias Radio Reflejos\" \/>\n<meta property=\"og:description\" content=\"Sara Batelli, integrante de la Agrupaci\u00f3n Floral Ventania, se expresa sobre la poda realizada por personal municipal,\u00a0 que intervino desde la YPF hasta la Estaci\u00f3n de Sierra de la Ventana. Hace un an\u00e1lisis cr\u00edtico y propone fuentes para poder trabajar el arbolado p\u00fablico.\" \/>\n<meta property=\"og:url\" content=\"https:\/\/www.noticiasradioreflejos.com.ar\/2021\/el-arbol-debe-podarse-para-formarlo-pero-no-mutilarlo-lo-que-estamos-viendo-sobre-la-avenida-son-plumeros\/\" \/>\n<meta property=\"og:site_name\" content=\"Noticias Radio Reflejos\" \/>\n<meta property=\"article:published_time\" content=\"2025-05-27T23:03:12+00:00\" \/>\n<meta property=\"article:modified_time\" content=\"2025-05-27T23:07:34+00:00\" \/>\n<meta property=\"og:image\" content=\"https:\/\/www.noticiasradioreflejos.com.ar\/2021\/wp-content\/uploads\/2025\/05\/Poda-1.jpg\" \/>\n\t<meta property=\"og:image:width\" content=\"428\" \/>\n\t<meta property=\"og:image:height\" content=\"352\" \/>\n\t<meta property=\"og:image:type\" content=\"image\/jpeg\" \/>\n<meta name=\"author\" content=\"Arnaldo Botto\" \/>\n<meta name=\"twitter:card\" content=\"summary_large_image\" \/>\n<script type=\"application\/ld+json\" class=\"yoast-schema-graph\">{\"@context\":\"https:\/\/schema.org\",\"@graph\":[{\"@type\":\"WebPage\",\"@id\":\"https:\/\/www.noticiasradioreflejos.com.ar\/2021\/el-arbol-debe-podarse-para-formarlo-pero-no-mutilarlo-lo-que-estamos-viendo-sobre-la-avenida-son-plumeros\/\",\"url\":\"https:\/\/www.noticiasradioreflejos.com.ar\/2021\/el-arbol-debe-podarse-para-formarlo-pero-no-mutilarlo-lo-que-estamos-viendo-sobre-la-avenida-son-plumeros\/\",\"name\":\"\\\"El \u00e1rbol debe podarse para formarlo, pero no mutilarlo. Lo que estamos viendo sobre la avenida son plumeros\\\" - Noticias Radio Reflejos\",\"isPartOf\":{\"@id\":\"https:\/\/www.noticiasradioreflejos.com.ar\/2021\/#website\"},\"primaryImageOfPage\":{\"@id\":\"https:\/\/www.noticiasradioreflejos.com.ar\/2021\/el-arbol-debe-podarse-para-formarlo-pero-no-mutilarlo-lo-que-estamos-viendo-sobre-la-avenida-son-plumeros\/#primaryimage\"},\"image\":{\"@id\":\"https:\/\/www.noticiasradioreflejos.com.ar\/2021\/el-arbol-debe-podarse-para-formarlo-pero-no-mutilarlo-lo-que-estamos-viendo-sobre-la-avenida-son-plumeros\/#primaryimage\"},\"thumbnailUrl\":\"https:\/\/www.noticiasradioreflejos.com.ar\/2021\/wp-content\/uploads\/2025\/05\/Poda-1.jpg\",\"datePublished\":\"2025-05-27T23:03:12+00:00\",\"dateModified\":\"2025-05-27T23:07:34+00:00\",\"author\":{\"@id\":\"https:\/\/www.noticiasradioreflejos.com.ar\/2021\/#\/schema\/person\/ad82545263dcc5ec0996818884fd5fb1\"},\"breadcrumb\":{\"@id\":\"https:\/\/www.noticiasradioreflejos.com.ar\/2021\/el-arbol-debe-podarse-para-formarlo-pero-no-mutilarlo-lo-que-estamos-viendo-sobre-la-avenida-son-plumeros\/#breadcrumb\"},\"inLanguage\":\"es\",\"potentialAction\":[{\"@type\":\"ReadAction\",\"target\":[\"https:\/\/www.noticiasradioreflejos.com.ar\/2021\/el-arbol-debe-podarse-para-formarlo-pero-no-mutilarlo-lo-que-estamos-viendo-sobre-la-avenida-son-plumeros\/\"]}]},{\"@type\":\"ImageObject\",\"inLanguage\":\"es\",\"@id\":\"https:\/\/www.noticiasradioreflejos.com.ar\/2021\/el-arbol-debe-podarse-para-formarlo-pero-no-mutilarlo-lo-que-estamos-viendo-sobre-la-avenida-son-plumeros\/#primaryimage\",\"url\":\"https:\/\/www.noticiasradioreflejos.com.ar\/2021\/wp-content\/uploads\/2025\/05\/Poda-1.jpg\",\"contentUrl\":\"https:\/\/www.noticiasradioreflejos.com.ar\/2021\/wp-content\/uploads\/2025\/05\/Poda-1.jpg\",\"width\":428,\"height\":352},{\"@type\":\"BreadcrumbList\",\"@id\":\"https:\/\/www.noticiasradioreflejos.com.ar\/2021\/el-arbol-debe-podarse-para-formarlo-pero-no-mutilarlo-lo-que-estamos-viendo-sobre-la-avenida-son-plumeros\/#breadcrumb\",\"itemListElement\":[{\"@type\":\"ListItem\",\"position\":1,\"name\":\"Portada\",\"item\":\"https:\/\/www.noticiasradioreflejos.com.ar\/2021\/\"},{\"@type\":\"ListItem\",\"position\":2,\"name\":\"\u00abEl \u00e1rbol debe podarse para formarlo, pero no mutilarlo. Lo que estamos viendo sobre la avenida son plumeros\u00bb\"}]},{\"@type\":\"WebSite\",\"@id\":\"https:\/\/www.noticiasradioreflejos.com.ar\/2021\/#website\",\"url\":\"https:\/\/www.noticiasradioreflejos.com.ar\/2021\/\",\"name\":\"Noticias Radio Reflejos\",\"description\":\"Las noticias de mi comarca\",\"potentialAction\":[{\"@type\":\"SearchAction\",\"target\":{\"@type\":\"EntryPoint\",\"urlTemplate\":\"https:\/\/www.noticiasradioreflejos.com.ar\/2021\/?s={search_term_string}\"},\"query-input\":{\"@type\":\"PropertyValueSpecification\",\"valueRequired\":true,\"valueName\":\"search_term_string\"}}],\"inLanguage\":\"es\"},{\"@type\":\"Person\",\"@id\":\"https:\/\/www.noticiasradioreflejos.com.ar\/2021\/#\/schema\/person\/ad82545263dcc5ec0996818884fd5fb1\",\"name\":\"Arnaldo Botto\",\"image\":{\"@type\":\"ImageObject\",\"inLanguage\":\"es\",\"@id\":\"https:\/\/www.noticiasradioreflejos.com.ar\/2021\/#\/schema\/person\/image\/\",\"url\":\"https:\/\/secure.gravatar.com\/avatar\/55cb5e37c1efa326397366e6974cb338056df65cb50e7d64d1cf314e87504837?s=96&d=mm&r=g\",\"contentUrl\":\"https:\/\/secure.gravatar.com\/avatar\/55cb5e37c1efa326397366e6974cb338056df65cb50e7d64d1cf314e87504837?s=96&d=mm&r=g\",\"caption\":\"Arnaldo Botto\"},\"url\":\"https:\/\/www.noticiasradioreflejos.com.ar\/2021\/author\/arnaldo\/\"}]}<\/script>\n<!-- \/ Yoast SEO plugin. -->","yoast_head_json":{"title":"\"El \u00e1rbol debe podarse para formarlo, pero no mutilarlo. Lo que estamos viendo sobre la avenida son plumeros\" - Noticias Radio Reflejos","robots":{"index":"index","follow":"follow","max-snippet":"max-snippet:-1","max-image-preview":"max-image-preview:large","max-video-preview":"max-video-preview:-1"},"canonical":"https:\/\/www.noticiasradioreflejos.com.ar\/2021\/el-arbol-debe-podarse-para-formarlo-pero-no-mutilarlo-lo-que-estamos-viendo-sobre-la-avenida-son-plumeros\/","og_locale":"es_ES","og_type":"article","og_title":"\"El \u00e1rbol debe podarse para formarlo, pero no mutilarlo. Lo que estamos viendo sobre la avenida son plumeros\" - Noticias Radio Reflejos","og_description":"Sara Batelli, integrante de la Agrupaci\u00f3n Floral Ventania, se expresa sobre la poda realizada por personal municipal,\u00a0 que intervino desde la YPF hasta la Estaci\u00f3n de Sierra de la Ventana. Hace un an\u00e1lisis cr\u00edtico y propone fuentes para poder trabajar el arbolado p\u00fablico.","og_url":"https:\/\/www.noticiasradioreflejos.com.ar\/2021\/el-arbol-debe-podarse-para-formarlo-pero-no-mutilarlo-lo-que-estamos-viendo-sobre-la-avenida-son-plumeros\/","og_site_name":"Noticias Radio Reflejos","article_published_time":"2025-05-27T23:03:12+00:00","article_modified_time":"2025-05-27T23:07:34+00:00","og_image":[{"width":428,"height":352,"url":"https:\/\/www.noticiasradioreflejos.com.ar\/2021\/wp-content\/uploads\/2025\/05\/Poda-1.jpg","type":"image\/jpeg"}],"author":"Arnaldo Botto","twitter_card":"summary_large_image","schema":{"@context":"https:\/\/schema.org","@graph":[{"@type":"WebPage","@id":"https:\/\/www.noticiasradioreflejos.com.ar\/2021\/el-arbol-debe-podarse-para-formarlo-pero-no-mutilarlo-lo-que-estamos-viendo-sobre-la-avenida-son-plumeros\/","url":"https:\/\/www.noticiasradioreflejos.com.ar\/2021\/el-arbol-debe-podarse-para-formarlo-pero-no-mutilarlo-lo-que-estamos-viendo-sobre-la-avenida-son-plumeros\/","name":"\"El \u00e1rbol debe podarse para formarlo, pero no mutilarlo. Lo que estamos viendo sobre la avenida son plumeros\" - Noticias Radio Reflejos","isPartOf":{"@id":"https:\/\/www.noticiasradioreflejos.com.ar\/2021\/#website"},"primaryImageOfPage":{"@id":"https:\/\/www.noticiasradioreflejos.com.ar\/2021\/el-arbol-debe-podarse-para-formarlo-pero-no-mutilarlo-lo-que-estamos-viendo-sobre-la-avenida-son-plumeros\/#primaryimage"},"image":{"@id":"https:\/\/www.noticiasradioreflejos.com.ar\/2021\/el-arbol-debe-podarse-para-formarlo-pero-no-mutilarlo-lo-que-estamos-viendo-sobre-la-avenida-son-plumeros\/#primaryimage"},"thumbnailUrl":"https:\/\/www.noticiasradioreflejos.com.ar\/2021\/wp-content\/uploads\/2025\/05\/Poda-1.jpg","datePublished":"2025-05-27T23:03:12+00:00","dateModified":"2025-05-27T23:07:34+00:00","author":{"@id":"https:\/\/www.noticiasradioreflejos.com.ar\/2021\/#\/schema\/person\/ad82545263dcc5ec0996818884fd5fb1"},"breadcrumb":{"@id":"https:\/\/www.noticiasradioreflejos.com.ar\/2021\/el-arbol-debe-podarse-para-formarlo-pero-no-mutilarlo-lo-que-estamos-viendo-sobre-la-avenida-son-plumeros\/#breadcrumb"},"inLanguage":"es","potentialAction":[{"@type":"ReadAction","target":["https:\/\/www.noticiasradioreflejos.com.ar\/2021\/el-arbol-debe-podarse-para-formarlo-pero-no-mutilarlo-lo-que-estamos-viendo-sobre-la-avenida-son-plumeros\/"]}]},{"@type":"ImageObject","inLanguage":"es","@id":"https:\/\/www.noticiasradioreflejos.com.ar\/2021\/el-arbol-debe-podarse-para-formarlo-pero-no-mutilarlo-lo-que-estamos-viendo-sobre-la-avenida-son-plumeros\/#primaryimage","url":"https:\/\/www.noticiasradioreflejos.com.ar\/2021\/wp-content\/uploads\/2025\/05\/Poda-1.jpg","contentUrl":"https:\/\/www.noticiasradioreflejos.com.ar\/2021\/wp-content\/uploads\/2025\/05\/Poda-1.jpg","width":428,"height":352},{"@type":"BreadcrumbList","@id":"https:\/\/www.noticiasradioreflejos.com.ar\/2021\/el-arbol-debe-podarse-para-formarlo-pero-no-mutilarlo-lo-que-estamos-viendo-sobre-la-avenida-son-plumeros\/#breadcrumb","itemListElement":[{"@type":"ListItem","position":1,"name":"Portada","item":"https:\/\/www.noticiasradioreflejos.com.ar\/2021\/"},{"@type":"ListItem","position":2,"name":"\u00abEl \u00e1rbol debe podarse para formarlo, pero no mutilarlo. Lo que estamos viendo sobre la avenida son plumeros\u00bb"}]},{"@type":"WebSite","@id":"https:\/\/www.noticiasradioreflejos.com.ar\/2021\/#website","url":"https:\/\/www.noticiasradioreflejos.com.ar\/2021\/","name":"Noticias Radio Reflejos","description":"Las noticias de mi comarca","potentialAction":[{"@type":"SearchAction","target":{"@type":"EntryPoint","urlTemplate":"https:\/\/www.noticiasradioreflejos.com.ar\/2021\/?s={search_term_string}"},"query-input":{"@type":"PropertyValueSpecification","valueRequired":true,"valueName":"search_term_string"}}],"inLanguage":"es"},{"@type":"Person","@id":"https:\/\/www.noticiasradioreflejos.com.ar\/2021\/#\/schema\/person\/ad82545263dcc5ec0996818884fd5fb1","name":"Arnaldo Botto","image":{"@type":"ImageObject","inLanguage":"es","@id":"https:\/\/www.noticiasradioreflejos.com.ar\/2021\/#\/schema\/person\/image\/","url":"https:\/\/secure.gravatar.com\/avatar\/55cb5e37c1efa326397366e6974cb338056df65cb50e7d64d1cf314e87504837?s=96&d=mm&r=g","contentUrl":"https:\/\/secure.gravatar.com\/avatar\/55cb5e37c1efa326397366e6974cb338056df65cb50e7d64d1cf314e87504837?s=96&d=mm&r=g","caption":"Arnaldo Botto"},"url":"https:\/\/www.noticiasradioreflejos.com.ar\/2021\/author\/arnaldo\/"}]}},"_links":{"self":[{"href":"https:\/\/www.noticiasradioreflejos.com.ar\/2021\/wp-json\/wp\/v2\/posts\/119305","targetHints":{"allow":["GET"]}}],"collection":[{"href":"https:\/\/www.noticiasradioreflejos.com.ar\/2021\/wp-json\/wp\/v2\/posts"}],"about":[{"href":"https:\/\/www.noticiasradioreflejos.com.ar\/2021\/wp-json\/wp\/v2\/types\/post"}],"author":[{"embeddable":true,"href":"https:\/\/www.noticiasradioreflejos.com.ar\/2021\/wp-json\/wp\/v2\/users\/3"}],"replies":[{"embeddable":true,"href":"https:\/\/www.noticiasradioreflejos.com.ar\/2021\/wp-json\/wp\/v2\/comments?post=119305"}],"version-history":[{"count":5,"href":"https:\/\/www.noticiasradioreflejos.com.ar\/2021\/wp-json\/wp\/v2\/posts\/119305\/revisions"}],"predecessor-version":[{"id":119315,"href":"https:\/\/www.noticiasradioreflejos.com.ar\/2021\/wp-json\/wp\/v2\/posts\/119305\/revisions\/119315"}],"wp:featuredmedia":[{"embeddable":true,"href":"https:\/\/www.noticiasradioreflejos.com.ar\/2021\/wp-json\/wp\/v2\/media\/119314"}],"wp:attachment":[{"href":"https:\/\/www.noticiasradioreflejos.com.ar\/2021\/wp-json\/wp\/v2\/media?parent=119305"}],"wp:term":[{"taxonomy":"category","embeddable":true,"href":"https:\/\/www.noticiasradioreflejos.com.ar\/2021\/wp-json\/wp\/v2\/categories?post=119305"},{"taxonomy":"post_tag","embeddable":true,"href":"https:\/\/www.noticiasradioreflejos.com.ar\/2021\/wp-json\/wp\/v2\/tags?post=119305"}],"curies":[{"name":"wp","href":"https:\/\/api.w.org\/{rel}","templated":true}]}}