{"id":119302,"date":"2025-05-27T19:57:07","date_gmt":"2025-05-27T22:57:07","guid":{"rendered":"https:\/\/www.noticiasradioreflejos.com.ar\/2021\/?p=119302"},"modified":"2025-05-27T19:57:07","modified_gmt":"2025-05-27T22:57:07","slug":"poder-sacar-cosas-de-adentro-de-las-personas-la-verdad-que-es-un-trabajo-muy-noble","status":"publish","type":"post","link":"https:\/\/www.noticiasradioreflejos.com.ar\/2021\/poder-sacar-cosas-de-adentro-de-las-personas-la-verdad-que-es-un-trabajo-muy-noble\/","title":{"rendered":"\u00abPoder sacar cosas de adentro de las personas la verdad que es un trabajo muy noble\u00bb"},"content":{"rendered":"<p><strong>Carlos Giusti,<\/strong> artista de nuestra comarca, invita a la comunidad a una nueva edici\u00f3n de su taller <strong>\u00abCompartiendo Pinceles\u00bb, el cual se dar\u00e1 los d\u00edas s\u00e1bado 31 de mayo y domingo 1 de junio en el Centro Cultural de Sierra de la Ventana<\/strong>.<!--more--><\/p>\n<p>\u00abUna alegr\u00eda volver a compartir los pinceles. Me cuesta ponerle el nombre de taller, que ya est\u00e1 hace 20 a\u00f1os, porque ya hay alumnos que son grandes colegas\u00bb menciona Carlos sobre su taller &#8216;Compartiendo Pinceles&#8217;.<\/p>\n<p>Carlos hace el balance sobre la propuesta \u00abrifa solidaria\u00bb, que se hizo en conjunto con muchos colegas. \u00abFueron 10 obras donadas por participantes del taller que fueron rifadas. Vendimos realmente un mont\u00f3n de n\u00fameros, pero m\u00e1s all\u00e1 de eso, el agradecimiento por hacer algo solidario, sentir que aportas un granito de arena\u00bb comparte lo gratificante de haber hecho la actividad. \u00abLos artistas sienten sus obras como sus hijos, que hayan brindado sus obras para algo solidario es una actitud a destacar\u00bb resalta.<\/p>\n<p>\u00abHar\u00e1 7 u 8 a\u00f1os, yo tengo una alumna que es una gran artista de Viedma. Con su pareja, vinieron al taller en el Hogar Agr\u00edcola. Gabriel, aparte de acompa\u00f1ar a su compa\u00f1era, no sab\u00eda qu\u00e9 hacer en el taller. Le di un l\u00e1piz y un papel y empez\u00f3 a dibujar, y no par\u00f3. Y ahora el 6 de junio har\u00e1n una muestra Gabriel V\u00e1zquez y Ver\u00f3nica Moscatelli juntos. El taller le ha servido para disciplina, y ahora se har\u00e1 este evento que es una fiesta en Viedma en el Centro Cultural\u00bb comparte Carlos qu\u00e9 cosas ins\u00f3litas suceden en su taller. \u00abEs m\u00e9rito de los alumnos, pero en el taller se logran cosas, lo colectivo. Bienvenido lo colectivo\u00bb expresa.<\/p>\n<p>Para este fin de semana, Carlos estar\u00e1 dictando otra edici\u00f3n de \u00abCompartiendo Pinceles\u00bb. \u00abLa invitaci\u00f3n es a toda persona que tenga ganas de expresarse a trav\u00e9s del dibujo y la pintura. No tienen que tener experiencia, algunos vienen con los materiales que le quitan a los chicos del colegio\u00bb invita el artista a la comunidad. \u00abQu\u00e9 lindo que le demos de comer al ni\u00f1o que llevamos dentro. Poder sacar cosas de adentro de las personas la verdad que es un trabajo muy noble\u00bb menciona emocionado.<\/p>\n<p>El taller ser\u00e1 el s\u00e1bado 31 y domingo 1 a partir de las 10 horas, el cual tendr\u00e1 algunos recesos &#8211; por lo que se sugiere traer mate y algo para compartir &#8211; y durar\u00e1 hasta las 18 horas, aproximadamente. \u00c9l \u00fanico requisito para asistir es ser mayor de 15 a\u00f1os. No se requiere experiencia.<\/p>\n<p>&nbsp;<\/p>\n<p><iframe loading=\"lazy\" src=\"https:\/\/w.soundcloud.com\/player\/?url=https%3A\/\/api.soundcloud.com\/tracks\/2103128442&amp;color=%23ff5500&amp;auto_play=false&amp;hide_related=false&amp;show_comments=true&amp;show_user=true&amp;show_reposts=false&amp;show_teaser=true\" width=\"100%\" height=\"166\" frameborder=\"no\" scrolling=\"no\"><\/iframe><\/p>\n<div style=\"font-size: 10px; color: #cccccc; line-break: anywhere; word-break: normal; overflow: hidden; white-space: nowrap; text-overflow: ellipsis; font-family: Interstate,Lucida Grande,Lucida Sans Unicode,Lucida Sans,Garuda,Verdana,Tahoma,sans-serif; font-weight: 100;\"><a style=\"color: #cccccc; text-decoration: none;\" title=\"fmreflejos 103.7\" href=\"https:\/\/soundcloud.com\/fmreflejos-103-7\" target=\"_blank\" rel=\"noopener\">fmreflejos 103.7<\/a> \u00b7 <a style=\"color: #cccccc; text-decoration: none;\" title=\"Carlos Giusti 27-05\" href=\"https:\/\/soundcloud.com\/fmreflejos-103-7\/carlos-giusti-27-05\" target=\"_blank\" rel=\"noopener\">Carlos Giusti 27-05<\/a><\/div>\n","protected":false},"excerpt":{"rendered":"<p>Carlos Giusti, artista de nuestra comarca, invita a la comunidad a una nueva edici\u00f3n de su taller \u00abCompartiendo Pinceles\u00bb, el cual se dar\u00e1 los d\u00edas s\u00e1bado 31 de mayo y domingo 1 de junio en el Centro Cultural de Sierra de la Ventana.<\/p>\n","protected":false},"author":3,"featured_media":70806,"comment_status":"closed","ping_status":"closed","sticky":false,"template":"","format":"standard","meta":{"footnotes":""},"categories":[35],"tags":[48],"class_list":["post-119302","post","type-post","status-publish","format-standard","has-post-thumbnail","hentry","category-cultura","tag-destacada"],"yoast_head":"<!-- This site is optimized with the Yoast SEO plugin v25.9 - https:\/\/yoast.com\/wordpress\/plugins\/seo\/ -->\n<title>&quot;Poder sacar cosas de adentro de las personas la verdad que es un trabajo muy noble&quot; - Noticias Radio Reflejos<\/title>\n<meta name=\"robots\" content=\"index, follow, max-snippet:-1, max-image-preview:large, max-video-preview:-1\" \/>\n<link rel=\"canonical\" href=\"https:\/\/www.noticiasradioreflejos.com.ar\/2021\/poder-sacar-cosas-de-adentro-de-las-personas-la-verdad-que-es-un-trabajo-muy-noble\/\" \/>\n<meta property=\"og:locale\" content=\"es_ES\" \/>\n<meta property=\"og:type\" content=\"article\" \/>\n<meta property=\"og:title\" content=\"&quot;Poder sacar cosas de adentro de las personas la verdad que es un trabajo muy noble&quot; - Noticias Radio Reflejos\" \/>\n<meta property=\"og:description\" content=\"Carlos Giusti, artista de nuestra comarca, invita a la comunidad a una nueva edici\u00f3n de su taller \u00abCompartiendo Pinceles\u00bb, el cual se dar\u00e1 los d\u00edas s\u00e1bado 31 de mayo y domingo 1 de junio en el Centro Cultural de Sierra de la Ventana.\" \/>\n<meta property=\"og:url\" content=\"https:\/\/www.noticiasradioreflejos.com.ar\/2021\/poder-sacar-cosas-de-adentro-de-las-personas-la-verdad-que-es-un-trabajo-muy-noble\/\" \/>\n<meta property=\"og:site_name\" content=\"Noticias Radio Reflejos\" \/>\n<meta property=\"article:published_time\" content=\"2025-05-27T22:57:07+00:00\" \/>\n<meta property=\"og:image\" content=\"https:\/\/www.noticiasradioreflejos.com.ar\/2021\/wp-content\/uploads\/2022\/04\/carlosgiusti11.jpg\" \/>\n\t<meta property=\"og:image:width\" content=\"900\" \/>\n\t<meta property=\"og:image:height\" content=\"620\" \/>\n\t<meta property=\"og:image:type\" content=\"image\/jpeg\" \/>\n<meta name=\"author\" content=\"Arnaldo Botto\" \/>\n<meta name=\"twitter:card\" content=\"summary_large_image\" \/>\n<script type=\"application\/ld+json\" class=\"yoast-schema-graph\">{\"@context\":\"https:\/\/schema.org\",\"@graph\":[{\"@type\":\"WebPage\",\"@id\":\"https:\/\/www.noticiasradioreflejos.com.ar\/2021\/poder-sacar-cosas-de-adentro-de-las-personas-la-verdad-que-es-un-trabajo-muy-noble\/\",\"url\":\"https:\/\/www.noticiasradioreflejos.com.ar\/2021\/poder-sacar-cosas-de-adentro-de-las-personas-la-verdad-que-es-un-trabajo-muy-noble\/\",\"name\":\"\\\"Poder sacar cosas de adentro de las personas la verdad que es un trabajo muy noble\\\" - Noticias Radio Reflejos\",\"isPartOf\":{\"@id\":\"https:\/\/www.noticiasradioreflejos.com.ar\/2021\/#website\"},\"primaryImageOfPage\":{\"@id\":\"https:\/\/www.noticiasradioreflejos.com.ar\/2021\/poder-sacar-cosas-de-adentro-de-las-personas-la-verdad-que-es-un-trabajo-muy-noble\/#primaryimage\"},\"image\":{\"@id\":\"https:\/\/www.noticiasradioreflejos.com.ar\/2021\/poder-sacar-cosas-de-adentro-de-las-personas-la-verdad-que-es-un-trabajo-muy-noble\/#primaryimage\"},\"thumbnailUrl\":\"https:\/\/www.noticiasradioreflejos.com.ar\/2021\/wp-content\/uploads\/2022\/04\/carlosgiusti11.jpg\",\"datePublished\":\"2025-05-27T22:57:07+00:00\",\"author\":{\"@id\":\"https:\/\/www.noticiasradioreflejos.com.ar\/2021\/#\/schema\/person\/ad82545263dcc5ec0996818884fd5fb1\"},\"breadcrumb\":{\"@id\":\"https:\/\/www.noticiasradioreflejos.com.ar\/2021\/poder-sacar-cosas-de-adentro-de-las-personas-la-verdad-que-es-un-trabajo-muy-noble\/#breadcrumb\"},\"inLanguage\":\"es\",\"potentialAction\":[{\"@type\":\"ReadAction\",\"target\":[\"https:\/\/www.noticiasradioreflejos.com.ar\/2021\/poder-sacar-cosas-de-adentro-de-las-personas-la-verdad-que-es-un-trabajo-muy-noble\/\"]}]},{\"@type\":\"ImageObject\",\"inLanguage\":\"es\",\"@id\":\"https:\/\/www.noticiasradioreflejos.com.ar\/2021\/poder-sacar-cosas-de-adentro-de-las-personas-la-verdad-que-es-un-trabajo-muy-noble\/#primaryimage\",\"url\":\"https:\/\/www.noticiasradioreflejos.com.ar\/2021\/wp-content\/uploads\/2022\/04\/carlosgiusti11.jpg\",\"contentUrl\":\"https:\/\/www.noticiasradioreflejos.com.ar\/2021\/wp-content\/uploads\/2022\/04\/carlosgiusti11.jpg\",\"width\":900,\"height\":620},{\"@type\":\"BreadcrumbList\",\"@id\":\"https:\/\/www.noticiasradioreflejos.com.ar\/2021\/poder-sacar-cosas-de-adentro-de-las-personas-la-verdad-que-es-un-trabajo-muy-noble\/#breadcrumb\",\"itemListElement\":[{\"@type\":\"ListItem\",\"position\":1,\"name\":\"Portada\",\"item\":\"https:\/\/www.noticiasradioreflejos.com.ar\/2021\/\"},{\"@type\":\"ListItem\",\"position\":2,\"name\":\"\u00abPoder sacar cosas de adentro de las personas la verdad que es un trabajo muy noble\u00bb\"}]},{\"@type\":\"WebSite\",\"@id\":\"https:\/\/www.noticiasradioreflejos.com.ar\/2021\/#website\",\"url\":\"https:\/\/www.noticiasradioreflejos.com.ar\/2021\/\",\"name\":\"Noticias Radio Reflejos\",\"description\":\"Las noticias de mi comarca\",\"potentialAction\":[{\"@type\":\"SearchAction\",\"target\":{\"@type\":\"EntryPoint\",\"urlTemplate\":\"https:\/\/www.noticiasradioreflejos.com.ar\/2021\/?s={search_term_string}\"},\"query-input\":{\"@type\":\"PropertyValueSpecification\",\"valueRequired\":true,\"valueName\":\"search_term_string\"}}],\"inLanguage\":\"es\"},{\"@type\":\"Person\",\"@id\":\"https:\/\/www.noticiasradioreflejos.com.ar\/2021\/#\/schema\/person\/ad82545263dcc5ec0996818884fd5fb1\",\"name\":\"Arnaldo Botto\",\"image\":{\"@type\":\"ImageObject\",\"inLanguage\":\"es\",\"@id\":\"https:\/\/www.noticiasradioreflejos.com.ar\/2021\/#\/schema\/person\/image\/\",\"url\":\"https:\/\/secure.gravatar.com\/avatar\/55cb5e37c1efa326397366e6974cb338056df65cb50e7d64d1cf314e87504837?s=96&d=mm&r=g\",\"contentUrl\":\"https:\/\/secure.gravatar.com\/avatar\/55cb5e37c1efa326397366e6974cb338056df65cb50e7d64d1cf314e87504837?s=96&d=mm&r=g\",\"caption\":\"Arnaldo Botto\"},\"url\":\"https:\/\/www.noticiasradioreflejos.com.ar\/2021\/author\/arnaldo\/\"}]}<\/script>\n<!-- \/ Yoast SEO plugin. -->","yoast_head_json":{"title":"\"Poder sacar cosas de adentro de las personas la verdad que es un trabajo muy noble\" - Noticias Radio Reflejos","robots":{"index":"index","follow":"follow","max-snippet":"max-snippet:-1","max-image-preview":"max-image-preview:large","max-video-preview":"max-video-preview:-1"},"canonical":"https:\/\/www.noticiasradioreflejos.com.ar\/2021\/poder-sacar-cosas-de-adentro-de-las-personas-la-verdad-que-es-un-trabajo-muy-noble\/","og_locale":"es_ES","og_type":"article","og_title":"\"Poder sacar cosas de adentro de las personas la verdad que es un trabajo muy noble\" - Noticias Radio Reflejos","og_description":"Carlos Giusti, artista de nuestra comarca, invita a la comunidad a una nueva edici\u00f3n de su taller \u00abCompartiendo Pinceles\u00bb, el cual se dar\u00e1 los d\u00edas s\u00e1bado 31 de mayo y domingo 1 de junio en el Centro Cultural de Sierra de la Ventana.","og_url":"https:\/\/www.noticiasradioreflejos.com.ar\/2021\/poder-sacar-cosas-de-adentro-de-las-personas-la-verdad-que-es-un-trabajo-muy-noble\/","og_site_name":"Noticias Radio Reflejos","article_published_time":"2025-05-27T22:57:07+00:00","og_image":[{"width":900,"height":620,"url":"https:\/\/www.noticiasradioreflejos.com.ar\/2021\/wp-content\/uploads\/2022\/04\/carlosgiusti11.jpg","type":"image\/jpeg"}],"author":"Arnaldo Botto","twitter_card":"summary_large_image","schema":{"@context":"https:\/\/schema.org","@graph":[{"@type":"WebPage","@id":"https:\/\/www.noticiasradioreflejos.com.ar\/2021\/poder-sacar-cosas-de-adentro-de-las-personas-la-verdad-que-es-un-trabajo-muy-noble\/","url":"https:\/\/www.noticiasradioreflejos.com.ar\/2021\/poder-sacar-cosas-de-adentro-de-las-personas-la-verdad-que-es-un-trabajo-muy-noble\/","name":"\"Poder sacar cosas de adentro de las personas la verdad que es un trabajo muy noble\" - Noticias Radio Reflejos","isPartOf":{"@id":"https:\/\/www.noticiasradioreflejos.com.ar\/2021\/#website"},"primaryImageOfPage":{"@id":"https:\/\/www.noticiasradioreflejos.com.ar\/2021\/poder-sacar-cosas-de-adentro-de-las-personas-la-verdad-que-es-un-trabajo-muy-noble\/#primaryimage"},"image":{"@id":"https:\/\/www.noticiasradioreflejos.com.ar\/2021\/poder-sacar-cosas-de-adentro-de-las-personas-la-verdad-que-es-un-trabajo-muy-noble\/#primaryimage"},"thumbnailUrl":"https:\/\/www.noticiasradioreflejos.com.ar\/2021\/wp-content\/uploads\/2022\/04\/carlosgiusti11.jpg","datePublished":"2025-05-27T22:57:07+00:00","author":{"@id":"https:\/\/www.noticiasradioreflejos.com.ar\/2021\/#\/schema\/person\/ad82545263dcc5ec0996818884fd5fb1"},"breadcrumb":{"@id":"https:\/\/www.noticiasradioreflejos.com.ar\/2021\/poder-sacar-cosas-de-adentro-de-las-personas-la-verdad-que-es-un-trabajo-muy-noble\/#breadcrumb"},"inLanguage":"es","potentialAction":[{"@type":"ReadAction","target":["https:\/\/www.noticiasradioreflejos.com.ar\/2021\/poder-sacar-cosas-de-adentro-de-las-personas-la-verdad-que-es-un-trabajo-muy-noble\/"]}]},{"@type":"ImageObject","inLanguage":"es","@id":"https:\/\/www.noticiasradioreflejos.com.ar\/2021\/poder-sacar-cosas-de-adentro-de-las-personas-la-verdad-que-es-un-trabajo-muy-noble\/#primaryimage","url":"https:\/\/www.noticiasradioreflejos.com.ar\/2021\/wp-content\/uploads\/2022\/04\/carlosgiusti11.jpg","contentUrl":"https:\/\/www.noticiasradioreflejos.com.ar\/2021\/wp-content\/uploads\/2022\/04\/carlosgiusti11.jpg","width":900,"height":620},{"@type":"BreadcrumbList","@id":"https:\/\/www.noticiasradioreflejos.com.ar\/2021\/poder-sacar-cosas-de-adentro-de-las-personas-la-verdad-que-es-un-trabajo-muy-noble\/#breadcrumb","itemListElement":[{"@type":"ListItem","position":1,"name":"Portada","item":"https:\/\/www.noticiasradioreflejos.com.ar\/2021\/"},{"@type":"ListItem","position":2,"name":"\u00abPoder sacar cosas de adentro de las personas la verdad que es un trabajo muy noble\u00bb"}]},{"@type":"WebSite","@id":"https:\/\/www.noticiasradioreflejos.com.ar\/2021\/#website","url":"https:\/\/www.noticiasradioreflejos.com.ar\/2021\/","name":"Noticias Radio Reflejos","description":"Las noticias de mi comarca","potentialAction":[{"@type":"SearchAction","target":{"@type":"EntryPoint","urlTemplate":"https:\/\/www.noticiasradioreflejos.com.ar\/2021\/?s={search_term_string}"},"query-input":{"@type":"PropertyValueSpecification","valueRequired":true,"valueName":"search_term_string"}}],"inLanguage":"es"},{"@type":"Person","@id":"https:\/\/www.noticiasradioreflejos.com.ar\/2021\/#\/schema\/person\/ad82545263dcc5ec0996818884fd5fb1","name":"Arnaldo Botto","image":{"@type":"ImageObject","inLanguage":"es","@id":"https:\/\/www.noticiasradioreflejos.com.ar\/2021\/#\/schema\/person\/image\/","url":"https:\/\/secure.gravatar.com\/avatar\/55cb5e37c1efa326397366e6974cb338056df65cb50e7d64d1cf314e87504837?s=96&d=mm&r=g","contentUrl":"https:\/\/secure.gravatar.com\/avatar\/55cb5e37c1efa326397366e6974cb338056df65cb50e7d64d1cf314e87504837?s=96&d=mm&r=g","caption":"Arnaldo Botto"},"url":"https:\/\/www.noticiasradioreflejos.com.ar\/2021\/author\/arnaldo\/"}]}},"_links":{"self":[{"href":"https:\/\/www.noticiasradioreflejos.com.ar\/2021\/wp-json\/wp\/v2\/posts\/119302","targetHints":{"allow":["GET"]}}],"collection":[{"href":"https:\/\/www.noticiasradioreflejos.com.ar\/2021\/wp-json\/wp\/v2\/posts"}],"about":[{"href":"https:\/\/www.noticiasradioreflejos.com.ar\/2021\/wp-json\/wp\/v2\/types\/post"}],"author":[{"embeddable":true,"href":"https:\/\/www.noticiasradioreflejos.com.ar\/2021\/wp-json\/wp\/v2\/users\/3"}],"replies":[{"embeddable":true,"href":"https:\/\/www.noticiasradioreflejos.com.ar\/2021\/wp-json\/wp\/v2\/comments?post=119302"}],"version-history":[{"count":2,"href":"https:\/\/www.noticiasradioreflejos.com.ar\/2021\/wp-json\/wp\/v2\/posts\/119302\/revisions"}],"predecessor-version":[{"id":119313,"href":"https:\/\/www.noticiasradioreflejos.com.ar\/2021\/wp-json\/wp\/v2\/posts\/119302\/revisions\/119313"}],"wp:featuredmedia":[{"embeddable":true,"href":"https:\/\/www.noticiasradioreflejos.com.ar\/2021\/wp-json\/wp\/v2\/media\/70806"}],"wp:attachment":[{"href":"https:\/\/www.noticiasradioreflejos.com.ar\/2021\/wp-json\/wp\/v2\/media?parent=119302"}],"wp:term":[{"taxonomy":"category","embeddable":true,"href":"https:\/\/www.noticiasradioreflejos.com.ar\/2021\/wp-json\/wp\/v2\/categories?post=119302"},{"taxonomy":"post_tag","embeddable":true,"href":"https:\/\/www.noticiasradioreflejos.com.ar\/2021\/wp-json\/wp\/v2\/tags?post=119302"}],"curies":[{"name":"wp","href":"https:\/\/api.w.org\/{rel}","templated":true}]}}