{"id":119299,"date":"2025-05-27T17:12:16","date_gmt":"2025-05-27T20:12:16","guid":{"rendered":"https:\/\/www.noticiasradioreflejos.com.ar\/2021\/?p=119299"},"modified":"2025-05-27T17:12:16","modified_gmt":"2025-05-27T20:12:16","slug":"todos-unidos-para-defender-la-conabip","status":"publish","type":"post","link":"https:\/\/www.noticiasradioreflejos.com.ar\/2021\/todos-unidos-para-defender-la-conabip\/","title":{"rendered":"Todos unidos para defender la Conabip\u00a0"},"content":{"rendered":"<p>Los colores pol\u00edticos se diluyen: ex ministros y secretarios de Cultura de varios gobiernos exigen que el Parlamento rechace la p\u00e9rdida de autonom\u00eda de las Bibliotecas Populares, para evitar \u00abun da\u00f1o irreparable a la cultura nacional y federal\u00bb.<!--more--><\/p>\n<div class=\"section-2-col article-main-image\">\n<div class=\"col 2-col\">\n<div class=\"article-main-media-image__container\">\n<div class=\"image-wrapper\"><\/div>\n<\/div>\n<\/div>\n<\/div>\n<div class=\"section-2-col article-main-content\">\n<div class=\"col 1-col cxense-articles\">\u201cSarmiento las cre\u00f3, (Ra\u00fal) Escandar las cerr\u00f3\u201d. Como un stand up que primero provoca la carcajada y despu\u00e9s el llanto, este hashtag condensa los <b>casi 155 a\u00f1os de historia de la Comisi\u00f3n Nacional de Bibliotecas Populares.<\/b>\u00a0Por el decreto\u00a0<a href=\"https:\/\/www.boletinoficial.gob.ar\/detalleAviso\/primera\/325714\/20250522\" target=\"_blank\" rel=\"noopener\">345<\/a>\/2025, la\u00a0<b>Conabip,<\/b>\u00a0creada por el presidente Domingo F. Sarmiento en septiembre de 1870 y presidida actualmente por Escandar,\u00a0<b>dejar\u00e1 de ser un organismo federal desconcentrado, con autonom\u00eda relativa del Poder Ejecutivo, para depender de la Secretar\u00eda de Cultura.\u00a0<\/b>En una carta enviada al presidente de la Comisi\u00f3n Bicameral Permanente de Tr\u00e1mite Legislativo (Oscar Zago),\u00a0<b>exministros y exsecretarios de Cultura de la Naci\u00f3n<\/b>\u00a0as\u00ed como\u00a0<b>expresidentes de la Conabip<\/b>\u00a0de los gobiernos de\u00a0<b>Carlos Menem, Eduardo Duhalde, N\u00e9stor Kirchner, Cristina Fern\u00e1ndez de Kirchner, Mauricio Macri y Alberto Fern\u00e1ndez,\u00a0<\/b>solicitaron \u201ccon car\u00e1cter urgente\u201d que<b>\u00a0se rechace el decreto<\/b>\u00a0345\/2025 antes del 4 de junio para \u201cevitar un\u00a0<b>da\u00f1o irreparabl<\/b>e a la cultura nacional y federal\u201d.<\/div>\n<div class=\"col 2-col\">\n<div class=\"article-main-content article-text \">\n<div class=\"slot-available\"><\/div>\n<div id=\"talkFireEvent\"><\/div>\n<p>El\u00a0<b>mi\u00e9rcoles 4 de junio<\/b>\u00a0se cumple el plazo de diez d\u00edas h\u00e1biles para que el Congreso acepte o rechace el decreto en cuesti\u00f3n. Defender la autonom\u00eda de la Conabip est\u00e1\u00a0<b>por encima de las diferencias pol\u00edticas.<\/b>\u00a0La carta est\u00e1 firmada por\u00a0<b>Mario Pacho O\u2019Donnell<\/b>\u00a0(secretario de Cultura entre 1994-1997),\u00a0<b>Rub\u00e9n Stella<\/b>\u00a0(secretario de Cultura 2002-2003),\u00a0<b>Teresa Parodi<\/b>\u00a0(ministra de Cultura 2014-2015),\u00a0<b>Pablo Avelluto<\/b>\u00a0(Ministro y Secretario de Cultura, 2015-2019) y\u00a0<b>Trist\u00e1n Bauer<\/b>\u00a0(Ministro de Cultura, 2019-2023), y por los expresidentes de la Conabip:\u00a0<b>Daniel R\u00edos<\/b>\u00a0(1993-2000),\u00a0<b>Miguel \u00c1vila<\/b>\u00a0(2001-2003),\u00a0<b>Mar\u00eda del Carmen Bianchi<\/b>\u00a0(2003-2011; 2019-2023),\u00a0<b>\u00c1ngela Signes<\/b>\u00a0(2011-2015) y\u00a0<b>Leandro de Sagastiz\u00e1bal\u00a0<\/b>(2015-2019).<\/p>\n<p><b>\u201cLas Bibliotecas Populares son espacios esenciales de democratizaci\u00f3n cultural, acceso plural al conocimiento y participaci\u00f3n ciudadana.<\/b>\u00a0A lo largo del tiempo, todas nuestras gestiones han buscado fortalecer su misi\u00f3n, ampliar su alcance y garantizar su sostenibilidad, actualizando e incorporando las modificaciones que un proyecto de m\u00e1s de ciento cincuenta a\u00f1os de historia fuera requiriendo pero siempre preservando la vigencia y valor del mismo\u201d, plantean los expresidentes de la Conabip y los exministros y secretarios de Cultura en la carta y agregan que\u00a0<b>\u201cno existe fundamento<\/b>\u00a0t\u00e9cnico, presupuestario ni administrativo que justifique las modificaciones impuestas por el Decreto 345\/202\u201d.<\/p>\n<div class=\"slot-available\"><\/div>\n<p>\u201cLa Conabip ha demostrado ser<b>\u00a0un organismo eficiente, federal y especializado,<\/b>\u00a0dotado de legitimidad institucional y capacidades propias para la administraci\u00f3n del Fondo Especial para Bibliotecas Populares, conforme a lo establecido por la Ley N.\u00ba 23.351. Transferir dicha administraci\u00f3n al Secretario de Cultura, eliminando la estructura especializada, participativa y federal, implica\u00a0<b>un retroceso institucional grave y una ruptura del esp\u00edritu de la ley vigente.<\/b>\u00a0Se trata de un acto arbitrario, centralista y regresivo, que pone en riesgo una pol\u00edtica p\u00fablica de largo aliento y alto impacto sociocultural\u201d, denuncian los firmantes de la carta y advierten que los legisladores que aprobaron la ley 27.742 (la ley Bases) hab\u00edan manifestado en sus discursos p\u00fablicos que<b>\u00a0quedaba excluida la Conabip de las facultades delegadas al Poder Ejecutivo.<\/b><\/p>\n<div class=\"slot-available\"><\/div>\n<p>\u201cLa emisi\u00f3n del Decreto 345\/2025 en el marco de dichas facultades implica, por tanto,\u00a0<b>una violaci\u00f3n al esp\u00edritu del parlamentario\u201d.\u00a0<\/b>A Pablo Avelluto, Mar\u00eda del Carmen Bianchi, Leandro de Sagastiz\u00e1bal y Teresa Parodi, entre otros, los une \u201cla defensa de una instituci\u00f3n centenaria que ha acompa\u00f1ado el desarrollo de<b>\u00a0m\u00e1s de 1500 Bibliotecas Populares en todo el pa\u00eds,\u00a0<\/b>y que constituye uno de los pilares m\u00e1s s\u00f3lidos de nuestra vida cultural democr\u00e1tica\u201d. La carta concluye solicitando a la Comisi\u00f3n Bicameral \u201cque\u00a0<b>rechace el Decreto 345\/2025<\/b>\u00a0en su conjunto, y restituya la plena vigencia del marco legal que garantiza la autonom\u00eda, el financiamiento y la misi\u00f3n cultural y democr\u00e1tica de la Conabip\u201d.<\/p>\n<p>Mar\u00eda del Carmen Bianchi explica que la Conabip es un organismo desconcentrado, colegiado y federal. \u201cTiene \u00e1reas con las cuales eval\u00faa la labor de las bibliotecas, apoya la fijaci\u00f3n de los criterios de distribuci\u00f3n de subsidios y\u00a0<b>realiza la rendici\u00f3n de cuentas,<\/b>\u00a0es decir un conjunto de acciones t\u00e9cnicas destinadas a pueda fijar las pol\u00edticas y cumplir con las misiones que la ley 23.351 le otorga, entre las cuales est\u00e1 la administraci\u00f3n y aplicaci\u00f3n del\u00a0<b>Fondo Especial de Bibliotecas Populares<\/b>\u00a0constituido por una asignaci\u00f3n espec\u00edfica. La \u00fanica titular del Fondo que crea la ley es la Conabip. Cuando pase a ser una direcci\u00f3n (de la secretar\u00eda de Cultura), \u00bftodo eso qui\u00e9n lo va a cumplir?\u00a0<b>\u00bfVa a ser pura discrecionalidad?\u201d,\u00a0<\/b>se pregunta Bianchi.<\/p>\n<div class=\"slot-available\"><\/div>\n<p>\u201cLa Junta Representativa siempre fue ad honorem y est\u00e1 compuesta por\u00a0<b>un delegado de cada gobierno provincial y un representante de la federaci\u00f3n de bibliotecas de cada provincia.\u00a0<\/b>Ellos definen, debaten, aprueban las pol\u00edticas y programas. Y cada dos a\u00f1os eligen a dos de los cinco miembros. El Decreto ataca un modelo de asociaci\u00f3n entre las organizaciones sociales y el Estado para llevar adelante la promoci\u00f3n de la lectura, la producci\u00f3n y circulaci\u00f3n de bienes y servicios culturales, el mejoramiento y desarrollo de cada biblioteca popular, que es\u00a0<b>modelo reconocido regional e internacionalmente.\u00a0<\/b>Que no presenta ni un solo problema, que es auditado permanentemente y que jam\u00e1s hubo un solo ruido sobre el manejo de esos fondos ni sobre la calidad de las acciones\u201d.<\/p>\n<p>Pablo Avelluto, ex ministro y secretario de Cultura durante la gesti\u00f3n de Mauricio Macri, subraya que la principal consecuencia de lo que quiere hacer el gobierno por decreto es la\u00a0<b>p\u00e9rdida de autonom\u00eda de la Conabip con respecto a la ejecuci\u00f3n de su presupuesto,<\/b>\u00a0\u201cun problema muy serio\u201d en una instituci\u00f3n que apoya a 1500 bibliotecas populares diseminadas en todo el pa\u00eds. \u201cLa Conabip tiene instancias federales con representaciones provinciales, un contacto directo con la problem\u00e1tica de cada una de las bibliotecas, una relaci\u00f3n construida a lo largo de muchos a\u00f1os. Y esto es lo que hizo que fuera\u00a0<b>una de las pocas pol\u00edticas culturales p\u00fablicas que se sostuvo de manera eficiente a lo largo del tiempo,\u00a0<\/b>pese a los cambios de orientaci\u00f3n pol\u00edtica o ideol\u00f3gica de los sucesivos gobiernos\u201d, pondera Avelluto y precisa que una segunda consecuencia de esa p\u00e9rdida de autonom\u00eda es que pasar\u00eda a ser un organismo dependiente de la\u00a0<b>voluntad pol\u00edtica<\/b>\u00a0del secretario de Cultura de turno.<\/p>\n<div class=\"slot-available\"><\/div>\n<p>\u201cCuando yo era ministro y secretario de Cultura, no pod\u00eda hacer lo que quer\u00eda con la Conabip; eso era un\u00a0<b>l\u00edmite\u00a0<\/b>que hab\u00eda que cumplir. La instituci\u00f3n funciona con un grado de\u00a0<b>autonom\u00eda\u00a0<\/b>importante\u201d, recuerda Avelluto y observa que al centralizar la administraci\u00f3n en la secretar\u00eda de Cultura pierde su car\u00e1cter espec\u00edfico. \u201cTrabajar con libros, con bibliotecas, con lectores, con acciones de promoci\u00f3n de la lectura, con apoyar a estas instituciones para que se vayan convirtiendo en polos culturales, m\u00e1s all\u00e1 de lo espec\u00edfico de la lectura de libros, implica\u00a0<b>un conocimiento muy directo que dif\u00edcilmente lo pueda tener un bur\u00f3crata\u201d.\u00a0<\/b>Avelluto define la p\u00e9rdida de autonom\u00eda de la Conabip como \u201cun retroceso muy grave de una pol\u00edtica p\u00fablica que tiene m\u00e1s de 150 a\u00f1os de historia, que\u00a0<b>no tiene justificaci\u00f3n<\/b>\u00a0y que no implica un ahorro de dinero significativo\u201d.<\/p>\n<div class=\"slot-available\"><\/div>\n<p><b>En septiembre de este a\u00f1o la Conabip cumplir\u00e1 155 a\u00f1os.<\/b>\u00a0\u201cCuriosamente un gobierno que se dice a s\u00ed mismo liberal ataca y destruye un organismo creado en el marco del proyecto de pa\u00eds del liberalismo m\u00e1s radical \u2013la llamada generaci\u00f3n del 80- cuyo l\u00edder intelectual era entre otros Juan Bautista Alberdi.\u00a0<b>M\u00e1s mamarracho destructivo no se concibe\u00bb,\u00a0<\/b>reflexiona Bianchi. \u00abEl que se cree liberal destruye el modelo viviente de \u00e9xito de una propuesta cultural del liberalismo m\u00e1s radical.\u00a0<b>Si no fuera dram\u00e1tico, causar\u00eda gracia.\u00a0<\/b>Pero esta es la prueba de que los mueve un af\u00e1n destructivo y que quienes quieren \u2018reformar el Estado\u2019 lo hacen desde la\u00a0<b>ignorancia\u00a0<\/b>m\u00e1s incre\u00edble. Si yo fuera parte del gobierno de la LLA, en lugar de destruir a la Conabip la usar\u00eda de caso de estudio positivo en los centros de formaci\u00f3n. Pero como andan con la motosierra funcionando por s\u00ed misma,\u00a0<b>sin cerebro ni direcci\u00f3n,<\/b>\u00a0hacen estas cosas\u201d.<\/p>\n<\/div>\n<\/div>\n<\/div>\n<p>&nbsp;<\/p>\n<div class=\"author-thumbnail\"><\/div>\n<div class=\"author-name ff-14px-w800\"><strong><span class=\"ff-w400\">Por<\/span> Silvina Friera &#8211; P\u00e1gina 12<\/strong><\/div>\n<p>&nbsp;<\/p>\n","protected":false},"excerpt":{"rendered":"<p>Los colores pol\u00edticos se diluyen: ex ministros y secretarios de Cultura de varios gobiernos exigen que el Parlamento rechace la p\u00e9rdida de autonom\u00eda de las Bibliotecas Populares, para evitar \u00abun da\u00f1o irreparable a la cultura nacional y federal\u00bb.<\/p>\n","protected":false},"author":3,"featured_media":119300,"comment_status":"closed","ping_status":"closed","sticky":false,"template":"","format":"standard","meta":{"footnotes":""},"categories":[35,34,26],"tags":[],"class_list":["post-119299","post","type-post","status-publish","format-standard","has-post-thumbnail","hentry","category-cultura","category-educacion","category-sociedad"],"yoast_head":"<!-- This site is optimized with the Yoast SEO plugin v25.9 - https:\/\/yoast.com\/wordpress\/plugins\/seo\/ -->\n<title>Todos unidos para defender la Conabip\u00a0 - Noticias Radio Reflejos<\/title>\n<meta name=\"robots\" content=\"index, follow, max-snippet:-1, max-image-preview:large, max-video-preview:-1\" \/>\n<link rel=\"canonical\" href=\"https:\/\/www.noticiasradioreflejos.com.ar\/2021\/todos-unidos-para-defender-la-conabip\/\" \/>\n<meta property=\"og:locale\" content=\"es_ES\" \/>\n<meta property=\"og:type\" content=\"article\" \/>\n<meta property=\"og:title\" content=\"Todos unidos para defender la Conabip\u00a0 - Noticias Radio Reflejos\" \/>\n<meta property=\"og:description\" content=\"Los colores pol\u00edticos se diluyen: ex ministros y secretarios de Cultura de varios gobiernos exigen que el Parlamento rechace la p\u00e9rdida de autonom\u00eda de las Bibliotecas Populares, para evitar \u00abun da\u00f1o irreparable a la cultura nacional y federal\u00bb.\" \/>\n<meta property=\"og:url\" content=\"https:\/\/www.noticiasradioreflejos.com.ar\/2021\/todos-unidos-para-defender-la-conabip\/\" \/>\n<meta property=\"og:site_name\" content=\"Noticias Radio Reflejos\" \/>\n<meta property=\"article:published_time\" content=\"2025-05-27T20:12:16+00:00\" \/>\n<meta property=\"og:image\" content=\"https:\/\/www.noticiasradioreflejos.com.ar\/2021\/wp-content\/uploads\/2025\/05\/Conabip.jpg\" \/>\n\t<meta property=\"og:image:width\" content=\"700\" \/>\n\t<meta property=\"og:image:height\" content=\"467\" \/>\n\t<meta property=\"og:image:type\" content=\"image\/jpeg\" \/>\n<meta name=\"author\" content=\"Arnaldo Botto\" \/>\n<meta name=\"twitter:card\" content=\"summary_large_image\" \/>\n<script type=\"application\/ld+json\" class=\"yoast-schema-graph\">{\"@context\":\"https:\/\/schema.org\",\"@graph\":[{\"@type\":\"WebPage\",\"@id\":\"https:\/\/www.noticiasradioreflejos.com.ar\/2021\/todos-unidos-para-defender-la-conabip\/\",\"url\":\"https:\/\/www.noticiasradioreflejos.com.ar\/2021\/todos-unidos-para-defender-la-conabip\/\",\"name\":\"Todos unidos para defender la Conabip\u00a0 - Noticias Radio Reflejos\",\"isPartOf\":{\"@id\":\"https:\/\/www.noticiasradioreflejos.com.ar\/2021\/#website\"},\"primaryImageOfPage\":{\"@id\":\"https:\/\/www.noticiasradioreflejos.com.ar\/2021\/todos-unidos-para-defender-la-conabip\/#primaryimage\"},\"image\":{\"@id\":\"https:\/\/www.noticiasradioreflejos.com.ar\/2021\/todos-unidos-para-defender-la-conabip\/#primaryimage\"},\"thumbnailUrl\":\"https:\/\/www.noticiasradioreflejos.com.ar\/2021\/wp-content\/uploads\/2025\/05\/Conabip.jpg\",\"datePublished\":\"2025-05-27T20:12:16+00:00\",\"author\":{\"@id\":\"https:\/\/www.noticiasradioreflejos.com.ar\/2021\/#\/schema\/person\/ad82545263dcc5ec0996818884fd5fb1\"},\"breadcrumb\":{\"@id\":\"https:\/\/www.noticiasradioreflejos.com.ar\/2021\/todos-unidos-para-defender-la-conabip\/#breadcrumb\"},\"inLanguage\":\"es\",\"potentialAction\":[{\"@type\":\"ReadAction\",\"target\":[\"https:\/\/www.noticiasradioreflejos.com.ar\/2021\/todos-unidos-para-defender-la-conabip\/\"]}]},{\"@type\":\"ImageObject\",\"inLanguage\":\"es\",\"@id\":\"https:\/\/www.noticiasradioreflejos.com.ar\/2021\/todos-unidos-para-defender-la-conabip\/#primaryimage\",\"url\":\"https:\/\/www.noticiasradioreflejos.com.ar\/2021\/wp-content\/uploads\/2025\/05\/Conabip.jpg\",\"contentUrl\":\"https:\/\/www.noticiasradioreflejos.com.ar\/2021\/wp-content\/uploads\/2025\/05\/Conabip.jpg\",\"width\":700,\"height\":467},{\"@type\":\"BreadcrumbList\",\"@id\":\"https:\/\/www.noticiasradioreflejos.com.ar\/2021\/todos-unidos-para-defender-la-conabip\/#breadcrumb\",\"itemListElement\":[{\"@type\":\"ListItem\",\"position\":1,\"name\":\"Portada\",\"item\":\"https:\/\/www.noticiasradioreflejos.com.ar\/2021\/\"},{\"@type\":\"ListItem\",\"position\":2,\"name\":\"Todos unidos para defender la Conabip\u00a0\"}]},{\"@type\":\"WebSite\",\"@id\":\"https:\/\/www.noticiasradioreflejos.com.ar\/2021\/#website\",\"url\":\"https:\/\/www.noticiasradioreflejos.com.ar\/2021\/\",\"name\":\"Noticias Radio Reflejos\",\"description\":\"Las noticias de mi comarca\",\"potentialAction\":[{\"@type\":\"SearchAction\",\"target\":{\"@type\":\"EntryPoint\",\"urlTemplate\":\"https:\/\/www.noticiasradioreflejos.com.ar\/2021\/?s={search_term_string}\"},\"query-input\":{\"@type\":\"PropertyValueSpecification\",\"valueRequired\":true,\"valueName\":\"search_term_string\"}}],\"inLanguage\":\"es\"},{\"@type\":\"Person\",\"@id\":\"https:\/\/www.noticiasradioreflejos.com.ar\/2021\/#\/schema\/person\/ad82545263dcc5ec0996818884fd5fb1\",\"name\":\"Arnaldo Botto\",\"image\":{\"@type\":\"ImageObject\",\"inLanguage\":\"es\",\"@id\":\"https:\/\/www.noticiasradioreflejos.com.ar\/2021\/#\/schema\/person\/image\/\",\"url\":\"https:\/\/secure.gravatar.com\/avatar\/55cb5e37c1efa326397366e6974cb338056df65cb50e7d64d1cf314e87504837?s=96&d=mm&r=g\",\"contentUrl\":\"https:\/\/secure.gravatar.com\/avatar\/55cb5e37c1efa326397366e6974cb338056df65cb50e7d64d1cf314e87504837?s=96&d=mm&r=g\",\"caption\":\"Arnaldo Botto\"},\"url\":\"https:\/\/www.noticiasradioreflejos.com.ar\/2021\/author\/arnaldo\/\"}]}<\/script>\n<!-- \/ Yoast SEO plugin. -->","yoast_head_json":{"title":"Todos unidos para defender la Conabip\u00a0 - Noticias Radio Reflejos","robots":{"index":"index","follow":"follow","max-snippet":"max-snippet:-1","max-image-preview":"max-image-preview:large","max-video-preview":"max-video-preview:-1"},"canonical":"https:\/\/www.noticiasradioreflejos.com.ar\/2021\/todos-unidos-para-defender-la-conabip\/","og_locale":"es_ES","og_type":"article","og_title":"Todos unidos para defender la Conabip\u00a0 - Noticias Radio Reflejos","og_description":"Los colores pol\u00edticos se diluyen: ex ministros y secretarios de Cultura de varios gobiernos exigen que el Parlamento rechace la p\u00e9rdida de autonom\u00eda de las Bibliotecas Populares, para evitar \u00abun da\u00f1o irreparable a la cultura nacional y federal\u00bb.","og_url":"https:\/\/www.noticiasradioreflejos.com.ar\/2021\/todos-unidos-para-defender-la-conabip\/","og_site_name":"Noticias Radio Reflejos","article_published_time":"2025-05-27T20:12:16+00:00","og_image":[{"width":700,"height":467,"url":"https:\/\/www.noticiasradioreflejos.com.ar\/2021\/wp-content\/uploads\/2025\/05\/Conabip.jpg","type":"image\/jpeg"}],"author":"Arnaldo Botto","twitter_card":"summary_large_image","schema":{"@context":"https:\/\/schema.org","@graph":[{"@type":"WebPage","@id":"https:\/\/www.noticiasradioreflejos.com.ar\/2021\/todos-unidos-para-defender-la-conabip\/","url":"https:\/\/www.noticiasradioreflejos.com.ar\/2021\/todos-unidos-para-defender-la-conabip\/","name":"Todos unidos para defender la Conabip\u00a0 - Noticias Radio Reflejos","isPartOf":{"@id":"https:\/\/www.noticiasradioreflejos.com.ar\/2021\/#website"},"primaryImageOfPage":{"@id":"https:\/\/www.noticiasradioreflejos.com.ar\/2021\/todos-unidos-para-defender-la-conabip\/#primaryimage"},"image":{"@id":"https:\/\/www.noticiasradioreflejos.com.ar\/2021\/todos-unidos-para-defender-la-conabip\/#primaryimage"},"thumbnailUrl":"https:\/\/www.noticiasradioreflejos.com.ar\/2021\/wp-content\/uploads\/2025\/05\/Conabip.jpg","datePublished":"2025-05-27T20:12:16+00:00","author":{"@id":"https:\/\/www.noticiasradioreflejos.com.ar\/2021\/#\/schema\/person\/ad82545263dcc5ec0996818884fd5fb1"},"breadcrumb":{"@id":"https:\/\/www.noticiasradioreflejos.com.ar\/2021\/todos-unidos-para-defender-la-conabip\/#breadcrumb"},"inLanguage":"es","potentialAction":[{"@type":"ReadAction","target":["https:\/\/www.noticiasradioreflejos.com.ar\/2021\/todos-unidos-para-defender-la-conabip\/"]}]},{"@type":"ImageObject","inLanguage":"es","@id":"https:\/\/www.noticiasradioreflejos.com.ar\/2021\/todos-unidos-para-defender-la-conabip\/#primaryimage","url":"https:\/\/www.noticiasradioreflejos.com.ar\/2021\/wp-content\/uploads\/2025\/05\/Conabip.jpg","contentUrl":"https:\/\/www.noticiasradioreflejos.com.ar\/2021\/wp-content\/uploads\/2025\/05\/Conabip.jpg","width":700,"height":467},{"@type":"BreadcrumbList","@id":"https:\/\/www.noticiasradioreflejos.com.ar\/2021\/todos-unidos-para-defender-la-conabip\/#breadcrumb","itemListElement":[{"@type":"ListItem","position":1,"name":"Portada","item":"https:\/\/www.noticiasradioreflejos.com.ar\/2021\/"},{"@type":"ListItem","position":2,"name":"Todos unidos para defender la Conabip\u00a0"}]},{"@type":"WebSite","@id":"https:\/\/www.noticiasradioreflejos.com.ar\/2021\/#website","url":"https:\/\/www.noticiasradioreflejos.com.ar\/2021\/","name":"Noticias Radio Reflejos","description":"Las noticias de mi comarca","potentialAction":[{"@type":"SearchAction","target":{"@type":"EntryPoint","urlTemplate":"https:\/\/www.noticiasradioreflejos.com.ar\/2021\/?s={search_term_string}"},"query-input":{"@type":"PropertyValueSpecification","valueRequired":true,"valueName":"search_term_string"}}],"inLanguage":"es"},{"@type":"Person","@id":"https:\/\/www.noticiasradioreflejos.com.ar\/2021\/#\/schema\/person\/ad82545263dcc5ec0996818884fd5fb1","name":"Arnaldo Botto","image":{"@type":"ImageObject","inLanguage":"es","@id":"https:\/\/www.noticiasradioreflejos.com.ar\/2021\/#\/schema\/person\/image\/","url":"https:\/\/secure.gravatar.com\/avatar\/55cb5e37c1efa326397366e6974cb338056df65cb50e7d64d1cf314e87504837?s=96&d=mm&r=g","contentUrl":"https:\/\/secure.gravatar.com\/avatar\/55cb5e37c1efa326397366e6974cb338056df65cb50e7d64d1cf314e87504837?s=96&d=mm&r=g","caption":"Arnaldo Botto"},"url":"https:\/\/www.noticiasradioreflejos.com.ar\/2021\/author\/arnaldo\/"}]}},"_links":{"self":[{"href":"https:\/\/www.noticiasradioreflejos.com.ar\/2021\/wp-json\/wp\/v2\/posts\/119299","targetHints":{"allow":["GET"]}}],"collection":[{"href":"https:\/\/www.noticiasradioreflejos.com.ar\/2021\/wp-json\/wp\/v2\/posts"}],"about":[{"href":"https:\/\/www.noticiasradioreflejos.com.ar\/2021\/wp-json\/wp\/v2\/types\/post"}],"author":[{"embeddable":true,"href":"https:\/\/www.noticiasradioreflejos.com.ar\/2021\/wp-json\/wp\/v2\/users\/3"}],"replies":[{"embeddable":true,"href":"https:\/\/www.noticiasradioreflejos.com.ar\/2021\/wp-json\/wp\/v2\/comments?post=119299"}],"version-history":[{"count":1,"href":"https:\/\/www.noticiasradioreflejos.com.ar\/2021\/wp-json\/wp\/v2\/posts\/119299\/revisions"}],"predecessor-version":[{"id":119301,"href":"https:\/\/www.noticiasradioreflejos.com.ar\/2021\/wp-json\/wp\/v2\/posts\/119299\/revisions\/119301"}],"wp:featuredmedia":[{"embeddable":true,"href":"https:\/\/www.noticiasradioreflejos.com.ar\/2021\/wp-json\/wp\/v2\/media\/119300"}],"wp:attachment":[{"href":"https:\/\/www.noticiasradioreflejos.com.ar\/2021\/wp-json\/wp\/v2\/media?parent=119299"}],"wp:term":[{"taxonomy":"category","embeddable":true,"href":"https:\/\/www.noticiasradioreflejos.com.ar\/2021\/wp-json\/wp\/v2\/categories?post=119299"},{"taxonomy":"post_tag","embeddable":true,"href":"https:\/\/www.noticiasradioreflejos.com.ar\/2021\/wp-json\/wp\/v2\/tags?post=119299"}],"curies":[{"name":"wp","href":"https:\/\/api.w.org\/{rel}","templated":true}]}}