{"id":118993,"date":"2025-05-21T08:00:52","date_gmt":"2025-05-21T11:00:52","guid":{"rendered":"https:\/\/www.noticiasradioreflejos.com.ar\/2021\/?p=118993"},"modified":"2025-05-21T08:00:52","modified_gmt":"2025-05-21T11:00:52","slug":"fatiga-cronica-o-trastornos-tiroideos-no-diagnosticados-como-evitar-confusiones","status":"publish","type":"post","link":"https:\/\/www.noticiasradioreflejos.com.ar\/2021\/fatiga-cronica-o-trastornos-tiroideos-no-diagnosticados-como-evitar-confusiones\/","title":{"rendered":"Fatiga cr\u00f3nica o trastornos tiroideos no diagnosticados: \u00bfC\u00f3mo evitar confusiones?"},"content":{"rendered":"<p><span style=\"font-weight: 400;\">A veces, una p\u00e9rdida prolongada de fuerza puede deberse a razones mucho m\u00e1s graves, una de las cuales son problemas con la gl\u00e1ndula tiroides <\/span><span style=\"font-weight: 400;\">En este art\u00edculo, analizaremos en detalle c\u00f3mo diferenciar la fatiga cr\u00f3nica de la enfermedad tiroidea no diagnosticada, qu\u00e9 s\u00edntomas requieren atenci\u00f3n especial, cu\u00e1l es el papel de las pruebas de laboratorio y por qu\u00e9 es tan importante consultar a un especialista de manera oportuna.<\/span><!--more--><\/p>\n<p><span style=\"font-weight: 400;\">La fatiga cr\u00f3nica es una enfermedad compleja que afecta a millones de personas en todo el mundo, pero que a menudo se ignora o se confunde con otros problemas de salud, en particular la enfermedad de la tiroides. Esta confusi\u00f3n puede llevar a un diagn\u00f3stico err\u00f3neo o a un tratamiento inadecuado, prolongando el malestar y causando frustraci\u00f3n a quien lo padece.<\/span><\/p>\n<p><span style=\"font-weight: 400;\">Junto con el equipo de <\/span><a href=\"https:\/\/apuestasenlatam.com\/\"><span style=\"font-weight: 400;\">casa de apuestas<\/span><\/a><span style=\"font-weight: 400;\">, analizaremos en detalle las similitudes y diferencias entre la fatiga cr\u00f3nica y la enfermedad de la tiroides, con el objetivo de proporcionar una gu\u00eda clara para ayudar a los lectores a comprender mejor estas afecciones.<\/span><\/p>\n<h2><span style=\"font-weight: 400;\">\u00bfQu\u00e9 es la fatiga cr\u00f3nica? S\u00edntomas y causas<\/span><span style=\"font-weight: 400;\"><\/p>\n<p><\/span><\/h2>\n<p><span style=\"font-weight: 400;\">El s\u00edndrome de fatiga cr\u00f3nica, tambi\u00e9n conocido como encefalomielitis mi\u00e1lgica, es una enfermedad caracterizada por un cansancio extremo que no mejora con el descanso y que empeora con la actividad f\u00edsica o mental. Las personas que la padecen suelen experimentar dificultad para concentrarse, trastornos del sue\u00f1o, dolor muscular y malestar general. Esta condici\u00f3n puede surgir de manera repentina o desarrollarse lentamente, afectando de forma significativa la calidad de vida.<\/span><\/p>\n<p><span style=\"font-weight: 400;\">Aunque no se conoce una causa \u00fanica, se ha sugerido que factores como infecciones virales, desequilibrios hormonales, estr\u00e9s cr\u00f3nico y problemas del sistema inmunol\u00f3gico podr\u00edan contribuir a su aparici\u00f3n. El diagn\u00f3stico de la fatiga cr\u00f3nica suele ser complicado, ya que no existe una prueba espec\u00edfica que la confirme. Esto hace que, muchas veces, se descarte como un simple estado de \u00e1nimo o se confunda con otras condiciones m\u00e9dicas, como la depresi\u00f3n o los trastornos endocrinos.<\/span><\/p>\n<h2><span style=\"font-weight: 400;\">El rol de la tiroides en el cuerpo y trastornos comunes<\/span><span style=\"font-weight: 400;\"><\/p>\n<p><\/span><\/h2>\n<p><span style=\"font-weight: 400;\">La gl\u00e1ndula tiroides es responsable de producir hormonas que regulan el metabolismo, el ritmo card\u00edaco, la temperatura corporal y otros procesos vitales. Cuando la tiroides no funciona correctamente, puede dar lugar a diversas afecciones, siendo el hipotiroidismo y el hipertiroidismo las m\u00e1s comunes. El hipotiroidismo implica una producci\u00f3n insuficiente de hormonas tiroideas, lo que puede generar fatiga, aumento de peso, piel seca y depresi\u00f3n.<\/span><\/p>\n<p><span style=\"font-weight: 400;\">Por otro lado, el hipertiroidismo se caracteriza por una producci\u00f3n excesiva de hormonas, causando nerviosismo, p\u00e9rdida de peso, sudoraci\u00f3n excesiva y palpitaciones. Ambas condiciones pueden provocar una sensaci\u00f3n de agotamiento, lo que dificulta diferenciarlas de la fatiga cr\u00f3nica. Adem\u00e1s, los trastornos tiroideos son especialmente frecuentes en mujeres y a menudo se desarrollan lentamente, lo que complica su identificaci\u00f3n temprana. Por esta raz\u00f3n, es fundamental comprender su funcionamiento y s\u00edntomas para no pasar por alto una posible disfunci\u00f3n.<\/span><\/p>\n<h2><span style=\"font-weight: 400;\">S\u00edntomas cruzados: \u00bfen qu\u00e9 se parecen?<\/span><span style=\"font-weight: 400;\"><\/p>\n<p><\/span><\/h2>\n<p><span style=\"font-weight: 400;\">La fatiga constante es quiz\u00e1s el s\u00edntoma m\u00e1s evidente que comparten tanto los trastornos tiroideos como la fatiga cr\u00f3nica. Las personas que sufren de cualquiera de estas condiciones a menudo describen una falta de energ\u00eda abrumadora que no mejora con el descanso. Tambi\u00e9n es com\u00fan encontrar dificultades cognitivas, conocidas como \u201cniebla mental\u201d, que incluyen problemas de concentraci\u00f3n, lentitud en el pensamiento y fallos de memoria.<\/span><\/p>\n<p><span style=\"font-weight: 400;\">Adem\u00e1s, tanto los pacientes con hipotiroidismo como aquellos con fatiga cr\u00f3nica pueden experimentar cambios de humor, irritabilidad, trastornos del sue\u00f1o y dolores musculares. Esta superposici\u00f3n de s\u00edntomas puede llevar a diagn\u00f3sticos err\u00f3neos o retrasados, lo que incrementa la carga emocional del paciente. Distinguir entre ambas condiciones requiere una evaluaci\u00f3n cl\u00ednica cuidadosa y un conocimiento profundo de sus matices, lo cual ser\u00e1 clave para establecer un tratamiento adecuado.<\/span><\/p>\n<h2><span style=\"font-weight: 400;\">Diagn\u00f3stico: \u00bfqu\u00e9 ex\u00e1menes ayudan a encontrar la causa real?<\/span><span style=\"font-weight: 400;\"><\/p>\n<p><\/span><\/h2>\n<p><span style=\"font-weight: 400;\">Ante la presencia persistente de fatiga, es imprescindible realizar un abordaje diagn\u00f3stico riguroso que incluya una evaluaci\u00f3n cl\u00ednica detallada, an\u00e1lisis de laboratorio y seguimiento de s\u00edntomas. Las pruebas de funci\u00f3n tiroidea, que incluyen niveles de TSH, T3 y T4, son esenciales para determinar si la gl\u00e1ndula tiroides est\u00e1 funcionando correctamente. Estas pruebas son relativamente sencillas y pueden revelar desequilibrios incluso en fases iniciales del trastorno.<\/span><\/p>\n<p><span style=\"font-weight: 400;\">En cambio, diagnosticar la fatiga cr\u00f3nica implica descartar otras condiciones m\u00e9dicas, ya que no existe una prueba espec\u00edfica que la identifique. Esto requiere una evaluaci\u00f3n exhaustiva del historial m\u00e9dico, an\u00e1lisis de sangre para descartar deficiencias o infecciones, y, a menudo, una observaci\u00f3n prolongada del paciente. Es frecuente que el diagn\u00f3stico de fatiga cr\u00f3nica se confirme despu\u00e9s de varios meses de s\u00edntomas persistentes sin explicaci\u00f3n aparente, lo que puede generar frustraci\u00f3n tanto en el paciente como en el profesional de salud.<\/span><\/p>\n<h2><span style=\"font-weight: 400;\">\u00bfQu\u00e9 hacer?: caminos terap\u00e9uticos y recomendaciones<\/span><span style=\"font-weight: 400;\"><\/p>\n<p><\/span><\/h2>\n<p><span style=\"font-weight: 400;\">Una vez identificada la causa de la fatiga, ya sea un trastorno tiroideo o fatiga cr\u00f3nica, es fundamental seguir un plan terap\u00e9utico individualizado. En el caso del hipotiroidismo, el tratamiento suele ser farmacol\u00f3gico, mediante la administraci\u00f3n de hormona tiroidea sint\u00e9tica. El hipertiroidismo, en cambio, puede requerir medicamentos antitiroideos, yodo radioactivo o incluso cirug\u00eda, dependiendo de la gravedad del caso. Con el tratamiento adecuado, muchos pacientes experimentan una mejora significativa en su energ\u00eda y bienestar.<\/span><\/p>\n<p><span style=\"font-weight: 400;\">Para la fatiga cr\u00f3nica, el enfoque es m\u00e1s complejo y multidisciplinario. No existe una cura definitiva, pero las intervenciones pueden incluir terapia cognitivo-conductual, programas de ejercicio controlado, estrategias de manejo del estr\u00e9s y cambios en el estilo de vida. Adem\u00e1s, es importante validar la experiencia del paciente y brindarle apoyo continuo, ya que se trata de una condici\u00f3n que puede ser invalidante y socialmente incomprendida. La clave est\u00e1 en abordar los s\u00edntomas de forma integral y adaptar las estrategias a las necesidades de cada persona.<\/span><\/p>\n<h2><span style=\"font-weight: 400;\">Conclusi\u00f3n<\/span><span style=\"font-weight: 400;\"><\/p>\n<p><\/span><\/h2>\n<p><span style=\"font-weight: 400;\">Confundir la fatiga cr\u00f3nica con un trastorno tiroideo, o viceversa, es un riesgo frecuente debido a la similitud de muchos de sus s\u00edntomas. Sin embargo, comprender sus diferencias fundamentales permite un diagn\u00f3stico m\u00e1s certero y un tratamiento m\u00e1s eficaz. Ambas condiciones requieren atenci\u00f3n m\u00e9dica, pero sus enfoques terap\u00e9uticos son distintos y deben ajustarse cuidadosamente a las particularidades de cada caso.<\/span><\/p>\n<p><span style=\"font-weight: 400;\">Al tomar conciencia de estas posibles causas de fatiga persistente, tanto pacientes como profesionales pueden actuar con mayor precisi\u00f3n. La educaci\u00f3n, la comunicaci\u00f3n abierta con el equipo m\u00e9dico y la disposici\u00f3n a investigar a fondo son elementos clave en este proceso. En definitiva, diferenciar entre fatiga cr\u00f3nica y trastornos tiroideos no solo ayuda a mejorar la salud f\u00edsica, sino tambi\u00e9n a recuperar el bienestar emocional y la calidad de vida.<\/span><\/p>\n","protected":false},"excerpt":{"rendered":"<p>A veces, una p\u00e9rdida prolongada de fuerza puede deberse a razones mucho m\u00e1s graves, una de las cuales son problemas con la gl\u00e1ndula tiroides En este art\u00edculo, analizaremos en detalle c\u00f3mo diferenciar la fatiga cr\u00f3nica de la enfermedad tiroidea no diagnosticada, qu\u00e9 s\u00edntomas requieren atenci\u00f3n especial, cu\u00e1l es el papel de las pruebas de laboratorio [&hellip;]<\/p>\n","protected":false},"author":3,"featured_media":118994,"comment_status":"closed","ping_status":"closed","sticky":false,"template":"","format":"standard","meta":{"footnotes":""},"categories":[26],"tags":[],"class_list":["post-118993","post","type-post","status-publish","format-standard","has-post-thumbnail","hentry","category-sociedad"],"yoast_head":"<!-- This site is optimized with the Yoast SEO plugin v25.9 - https:\/\/yoast.com\/wordpress\/plugins\/seo\/ -->\n<title>Fatiga cr\u00f3nica o trastornos tiroideos no diagnosticados: \u00bfC\u00f3mo evitar confusiones? - Noticias Radio Reflejos<\/title>\n<meta name=\"robots\" content=\"index, follow, max-snippet:-1, max-image-preview:large, max-video-preview:-1\" \/>\n<link rel=\"canonical\" href=\"https:\/\/www.noticiasradioreflejos.com.ar\/2021\/fatiga-cronica-o-trastornos-tiroideos-no-diagnosticados-como-evitar-confusiones\/\" \/>\n<meta property=\"og:locale\" content=\"es_ES\" \/>\n<meta property=\"og:type\" content=\"article\" \/>\n<meta property=\"og:title\" content=\"Fatiga cr\u00f3nica o trastornos tiroideos no diagnosticados: \u00bfC\u00f3mo evitar confusiones? - Noticias Radio Reflejos\" \/>\n<meta property=\"og:description\" content=\"A veces, una p\u00e9rdida prolongada de fuerza puede deberse a razones mucho m\u00e1s graves, una de las cuales son problemas con la gl\u00e1ndula tiroides En este art\u00edculo, analizaremos en detalle c\u00f3mo diferenciar la fatiga cr\u00f3nica de la enfermedad tiroidea no diagnosticada, qu\u00e9 s\u00edntomas requieren atenci\u00f3n especial, cu\u00e1l es el papel de las pruebas de laboratorio [&hellip;]\" \/>\n<meta property=\"og:url\" content=\"https:\/\/www.noticiasradioreflejos.com.ar\/2021\/fatiga-cronica-o-trastornos-tiroideos-no-diagnosticados-como-evitar-confusiones\/\" \/>\n<meta property=\"og:site_name\" content=\"Noticias Radio Reflejos\" \/>\n<meta property=\"article:published_time\" content=\"2025-05-21T11:00:52+00:00\" \/>\n<meta property=\"og:image\" content=\"https:\/\/www.noticiasradioreflejos.com.ar\/2021\/wp-content\/uploads\/2025\/05\/agotamiento.jpg\" \/>\n\t<meta property=\"og:image:width\" content=\"665\" \/>\n\t<meta property=\"og:image:height\" content=\"442\" \/>\n\t<meta property=\"og:image:type\" content=\"image\/jpeg\" \/>\n<meta name=\"author\" content=\"Arnaldo Botto\" \/>\n<meta name=\"twitter:card\" content=\"summary_large_image\" \/>\n<script type=\"application\/ld+json\" class=\"yoast-schema-graph\">{\"@context\":\"https:\/\/schema.org\",\"@graph\":[{\"@type\":\"WebPage\",\"@id\":\"https:\/\/www.noticiasradioreflejos.com.ar\/2021\/fatiga-cronica-o-trastornos-tiroideos-no-diagnosticados-como-evitar-confusiones\/\",\"url\":\"https:\/\/www.noticiasradioreflejos.com.ar\/2021\/fatiga-cronica-o-trastornos-tiroideos-no-diagnosticados-como-evitar-confusiones\/\",\"name\":\"Fatiga cr\u00f3nica o trastornos tiroideos no diagnosticados: \u00bfC\u00f3mo evitar confusiones? - Noticias Radio Reflejos\",\"isPartOf\":{\"@id\":\"https:\/\/www.noticiasradioreflejos.com.ar\/2021\/#website\"},\"primaryImageOfPage\":{\"@id\":\"https:\/\/www.noticiasradioreflejos.com.ar\/2021\/fatiga-cronica-o-trastornos-tiroideos-no-diagnosticados-como-evitar-confusiones\/#primaryimage\"},\"image\":{\"@id\":\"https:\/\/www.noticiasradioreflejos.com.ar\/2021\/fatiga-cronica-o-trastornos-tiroideos-no-diagnosticados-como-evitar-confusiones\/#primaryimage\"},\"thumbnailUrl\":\"https:\/\/www.noticiasradioreflejos.com.ar\/2021\/wp-content\/uploads\/2025\/05\/agotamiento.jpg\",\"datePublished\":\"2025-05-21T11:00:52+00:00\",\"author\":{\"@id\":\"https:\/\/www.noticiasradioreflejos.com.ar\/2021\/#\/schema\/person\/ad82545263dcc5ec0996818884fd5fb1\"},\"breadcrumb\":{\"@id\":\"https:\/\/www.noticiasradioreflejos.com.ar\/2021\/fatiga-cronica-o-trastornos-tiroideos-no-diagnosticados-como-evitar-confusiones\/#breadcrumb\"},\"inLanguage\":\"es\",\"potentialAction\":[{\"@type\":\"ReadAction\",\"target\":[\"https:\/\/www.noticiasradioreflejos.com.ar\/2021\/fatiga-cronica-o-trastornos-tiroideos-no-diagnosticados-como-evitar-confusiones\/\"]}]},{\"@type\":\"ImageObject\",\"inLanguage\":\"es\",\"@id\":\"https:\/\/www.noticiasradioreflejos.com.ar\/2021\/fatiga-cronica-o-trastornos-tiroideos-no-diagnosticados-como-evitar-confusiones\/#primaryimage\",\"url\":\"https:\/\/www.noticiasradioreflejos.com.ar\/2021\/wp-content\/uploads\/2025\/05\/agotamiento.jpg\",\"contentUrl\":\"https:\/\/www.noticiasradioreflejos.com.ar\/2021\/wp-content\/uploads\/2025\/05\/agotamiento.jpg\",\"width\":665,\"height\":442},{\"@type\":\"BreadcrumbList\",\"@id\":\"https:\/\/www.noticiasradioreflejos.com.ar\/2021\/fatiga-cronica-o-trastornos-tiroideos-no-diagnosticados-como-evitar-confusiones\/#breadcrumb\",\"itemListElement\":[{\"@type\":\"ListItem\",\"position\":1,\"name\":\"Portada\",\"item\":\"https:\/\/www.noticiasradioreflejos.com.ar\/2021\/\"},{\"@type\":\"ListItem\",\"position\":2,\"name\":\"Fatiga cr\u00f3nica o trastornos tiroideos no diagnosticados: \u00bfC\u00f3mo evitar confusiones?\"}]},{\"@type\":\"WebSite\",\"@id\":\"https:\/\/www.noticiasradioreflejos.com.ar\/2021\/#website\",\"url\":\"https:\/\/www.noticiasradioreflejos.com.ar\/2021\/\",\"name\":\"Noticias Radio Reflejos\",\"description\":\"Las noticias de mi comarca\",\"potentialAction\":[{\"@type\":\"SearchAction\",\"target\":{\"@type\":\"EntryPoint\",\"urlTemplate\":\"https:\/\/www.noticiasradioreflejos.com.ar\/2021\/?s={search_term_string}\"},\"query-input\":{\"@type\":\"PropertyValueSpecification\",\"valueRequired\":true,\"valueName\":\"search_term_string\"}}],\"inLanguage\":\"es\"},{\"@type\":\"Person\",\"@id\":\"https:\/\/www.noticiasradioreflejos.com.ar\/2021\/#\/schema\/person\/ad82545263dcc5ec0996818884fd5fb1\",\"name\":\"Arnaldo Botto\",\"image\":{\"@type\":\"ImageObject\",\"inLanguage\":\"es\",\"@id\":\"https:\/\/www.noticiasradioreflejos.com.ar\/2021\/#\/schema\/person\/image\/\",\"url\":\"https:\/\/secure.gravatar.com\/avatar\/55cb5e37c1efa326397366e6974cb338056df65cb50e7d64d1cf314e87504837?s=96&d=mm&r=g\",\"contentUrl\":\"https:\/\/secure.gravatar.com\/avatar\/55cb5e37c1efa326397366e6974cb338056df65cb50e7d64d1cf314e87504837?s=96&d=mm&r=g\",\"caption\":\"Arnaldo Botto\"},\"url\":\"https:\/\/www.noticiasradioreflejos.com.ar\/2021\/author\/arnaldo\/\"}]}<\/script>\n<!-- \/ Yoast SEO plugin. -->","yoast_head_json":{"title":"Fatiga cr\u00f3nica o trastornos tiroideos no diagnosticados: \u00bfC\u00f3mo evitar confusiones? - Noticias Radio Reflejos","robots":{"index":"index","follow":"follow","max-snippet":"max-snippet:-1","max-image-preview":"max-image-preview:large","max-video-preview":"max-video-preview:-1"},"canonical":"https:\/\/www.noticiasradioreflejos.com.ar\/2021\/fatiga-cronica-o-trastornos-tiroideos-no-diagnosticados-como-evitar-confusiones\/","og_locale":"es_ES","og_type":"article","og_title":"Fatiga cr\u00f3nica o trastornos tiroideos no diagnosticados: \u00bfC\u00f3mo evitar confusiones? - Noticias Radio Reflejos","og_description":"A veces, una p\u00e9rdida prolongada de fuerza puede deberse a razones mucho m\u00e1s graves, una de las cuales son problemas con la gl\u00e1ndula tiroides En este art\u00edculo, analizaremos en detalle c\u00f3mo diferenciar la fatiga cr\u00f3nica de la enfermedad tiroidea no diagnosticada, qu\u00e9 s\u00edntomas requieren atenci\u00f3n especial, cu\u00e1l es el papel de las pruebas de laboratorio [&hellip;]","og_url":"https:\/\/www.noticiasradioreflejos.com.ar\/2021\/fatiga-cronica-o-trastornos-tiroideos-no-diagnosticados-como-evitar-confusiones\/","og_site_name":"Noticias Radio Reflejos","article_published_time":"2025-05-21T11:00:52+00:00","og_image":[{"width":665,"height":442,"url":"https:\/\/www.noticiasradioreflejos.com.ar\/2021\/wp-content\/uploads\/2025\/05\/agotamiento.jpg","type":"image\/jpeg"}],"author":"Arnaldo Botto","twitter_card":"summary_large_image","schema":{"@context":"https:\/\/schema.org","@graph":[{"@type":"WebPage","@id":"https:\/\/www.noticiasradioreflejos.com.ar\/2021\/fatiga-cronica-o-trastornos-tiroideos-no-diagnosticados-como-evitar-confusiones\/","url":"https:\/\/www.noticiasradioreflejos.com.ar\/2021\/fatiga-cronica-o-trastornos-tiroideos-no-diagnosticados-como-evitar-confusiones\/","name":"Fatiga cr\u00f3nica o trastornos tiroideos no diagnosticados: \u00bfC\u00f3mo evitar confusiones? - Noticias Radio Reflejos","isPartOf":{"@id":"https:\/\/www.noticiasradioreflejos.com.ar\/2021\/#website"},"primaryImageOfPage":{"@id":"https:\/\/www.noticiasradioreflejos.com.ar\/2021\/fatiga-cronica-o-trastornos-tiroideos-no-diagnosticados-como-evitar-confusiones\/#primaryimage"},"image":{"@id":"https:\/\/www.noticiasradioreflejos.com.ar\/2021\/fatiga-cronica-o-trastornos-tiroideos-no-diagnosticados-como-evitar-confusiones\/#primaryimage"},"thumbnailUrl":"https:\/\/www.noticiasradioreflejos.com.ar\/2021\/wp-content\/uploads\/2025\/05\/agotamiento.jpg","datePublished":"2025-05-21T11:00:52+00:00","author":{"@id":"https:\/\/www.noticiasradioreflejos.com.ar\/2021\/#\/schema\/person\/ad82545263dcc5ec0996818884fd5fb1"},"breadcrumb":{"@id":"https:\/\/www.noticiasradioreflejos.com.ar\/2021\/fatiga-cronica-o-trastornos-tiroideos-no-diagnosticados-como-evitar-confusiones\/#breadcrumb"},"inLanguage":"es","potentialAction":[{"@type":"ReadAction","target":["https:\/\/www.noticiasradioreflejos.com.ar\/2021\/fatiga-cronica-o-trastornos-tiroideos-no-diagnosticados-como-evitar-confusiones\/"]}]},{"@type":"ImageObject","inLanguage":"es","@id":"https:\/\/www.noticiasradioreflejos.com.ar\/2021\/fatiga-cronica-o-trastornos-tiroideos-no-diagnosticados-como-evitar-confusiones\/#primaryimage","url":"https:\/\/www.noticiasradioreflejos.com.ar\/2021\/wp-content\/uploads\/2025\/05\/agotamiento.jpg","contentUrl":"https:\/\/www.noticiasradioreflejos.com.ar\/2021\/wp-content\/uploads\/2025\/05\/agotamiento.jpg","width":665,"height":442},{"@type":"BreadcrumbList","@id":"https:\/\/www.noticiasradioreflejos.com.ar\/2021\/fatiga-cronica-o-trastornos-tiroideos-no-diagnosticados-como-evitar-confusiones\/#breadcrumb","itemListElement":[{"@type":"ListItem","position":1,"name":"Portada","item":"https:\/\/www.noticiasradioreflejos.com.ar\/2021\/"},{"@type":"ListItem","position":2,"name":"Fatiga cr\u00f3nica o trastornos tiroideos no diagnosticados: \u00bfC\u00f3mo evitar confusiones?"}]},{"@type":"WebSite","@id":"https:\/\/www.noticiasradioreflejos.com.ar\/2021\/#website","url":"https:\/\/www.noticiasradioreflejos.com.ar\/2021\/","name":"Noticias Radio Reflejos","description":"Las noticias de mi comarca","potentialAction":[{"@type":"SearchAction","target":{"@type":"EntryPoint","urlTemplate":"https:\/\/www.noticiasradioreflejos.com.ar\/2021\/?s={search_term_string}"},"query-input":{"@type":"PropertyValueSpecification","valueRequired":true,"valueName":"search_term_string"}}],"inLanguage":"es"},{"@type":"Person","@id":"https:\/\/www.noticiasradioreflejos.com.ar\/2021\/#\/schema\/person\/ad82545263dcc5ec0996818884fd5fb1","name":"Arnaldo Botto","image":{"@type":"ImageObject","inLanguage":"es","@id":"https:\/\/www.noticiasradioreflejos.com.ar\/2021\/#\/schema\/person\/image\/","url":"https:\/\/secure.gravatar.com\/avatar\/55cb5e37c1efa326397366e6974cb338056df65cb50e7d64d1cf314e87504837?s=96&d=mm&r=g","contentUrl":"https:\/\/secure.gravatar.com\/avatar\/55cb5e37c1efa326397366e6974cb338056df65cb50e7d64d1cf314e87504837?s=96&d=mm&r=g","caption":"Arnaldo Botto"},"url":"https:\/\/www.noticiasradioreflejos.com.ar\/2021\/author\/arnaldo\/"}]}},"_links":{"self":[{"href":"https:\/\/www.noticiasradioreflejos.com.ar\/2021\/wp-json\/wp\/v2\/posts\/118993","targetHints":{"allow":["GET"]}}],"collection":[{"href":"https:\/\/www.noticiasradioreflejos.com.ar\/2021\/wp-json\/wp\/v2\/posts"}],"about":[{"href":"https:\/\/www.noticiasradioreflejos.com.ar\/2021\/wp-json\/wp\/v2\/types\/post"}],"author":[{"embeddable":true,"href":"https:\/\/www.noticiasradioreflejos.com.ar\/2021\/wp-json\/wp\/v2\/users\/3"}],"replies":[{"embeddable":true,"href":"https:\/\/www.noticiasradioreflejos.com.ar\/2021\/wp-json\/wp\/v2\/comments?post=118993"}],"version-history":[{"count":1,"href":"https:\/\/www.noticiasradioreflejos.com.ar\/2021\/wp-json\/wp\/v2\/posts\/118993\/revisions"}],"predecessor-version":[{"id":118995,"href":"https:\/\/www.noticiasradioreflejos.com.ar\/2021\/wp-json\/wp\/v2\/posts\/118993\/revisions\/118995"}],"wp:featuredmedia":[{"embeddable":true,"href":"https:\/\/www.noticiasradioreflejos.com.ar\/2021\/wp-json\/wp\/v2\/media\/118994"}],"wp:attachment":[{"href":"https:\/\/www.noticiasradioreflejos.com.ar\/2021\/wp-json\/wp\/v2\/media?parent=118993"}],"wp:term":[{"taxonomy":"category","embeddable":true,"href":"https:\/\/www.noticiasradioreflejos.com.ar\/2021\/wp-json\/wp\/v2\/categories?post=118993"},{"taxonomy":"post_tag","embeddable":true,"href":"https:\/\/www.noticiasradioreflejos.com.ar\/2021\/wp-json\/wp\/v2\/tags?post=118993"}],"curies":[{"name":"wp","href":"https:\/\/api.w.org\/{rel}","templated":true}]}}