{"id":118991,"date":"2025-05-21T07:44:15","date_gmt":"2025-05-21T10:44:15","guid":{"rendered":"https:\/\/www.noticiasradioreflejos.com.ar\/2021\/?p=118991"},"modified":"2025-05-21T07:44:15","modified_gmt":"2025-05-21T10:44:15","slug":"preocupa-la-tormenta-solar-ala-de-pajaro","status":"publish","type":"post","link":"https:\/\/www.noticiasradioreflejos.com.ar\/2021\/preocupa-la-tormenta-solar-ala-de-pajaro\/","title":{"rendered":"Preocupa la tormenta solar \u00abAla de P\u00e1jaro\u00bb"},"content":{"rendered":"<p>La <strong style=\"color: #333333; font-size: 15px;\">NASA\u00a0<\/strong><span style=\"color: #333333; font-size: 15px;\">advirti\u00f3 que en los pr\u00f3ximos d\u00edas, las erupciones solares pueden impactar comunicaciones, redes el\u00e9ctricas, se\u00f1ales de navegaci\u00f3n y la seguridad de naves espaciales y sus tripulaciones, seg\u00fan informaron medios especializados.<\/span><!--more--><\/p>\n<div class=\"columns\" data-tadevel-template=\"web\/article-columns\">\n<div class=\"column-main\">\n<div class=\"article-body\" data-tadevel-template=\"web\/article-body\">\n<div class=\"article-body-content\">\n<p>El\u00a0<strong>Observatorio de Din\u00e1mica Solar de la NASA\u00a0<\/strong>entr\u00f3 en estado de alerta despu\u00e9s de que registr\u00f3 una erupci\u00f3n solar de clase X2.7.<\/p>\n<p>Fue la m\u00e1s intensa del a\u00f1o y la categor\u00eda m\u00e1s alta en la escala de estos fen\u00f3menos, precisaron desde el organismo estadounidense.<\/p>\n<p>El evento caus\u00f3 interrupciones temporales en\u00a0<strong>sistemas de radio de alta frecuencia en el Medio Oriente y afect\u00f3 a varios sat\u00e9lites<\/strong>.<\/p>\n<p>La erupci\u00f3n estuvo acompa\u00f1ada por una eyecci\u00f3n de masa coronal (CME) y adopt\u00f3 una estructura \u00fanica, conocida como<strong>\u00a0\u00abAla de P\u00e1jaro\u00bb\u00a0<\/strong>por su forma de alas extendidas.<\/p>\n<p>Una f\u00edsica espacial contactada especialmente a causa de este fen\u00f3meno, Tamitha Skov, coment\u00f3 que la configuraci\u00f3n indica una eyecci\u00f3n amplia con\u00a0<strong>alta probabilidad de interactuar con el campo magn\u00e9tico terrestre<\/strong>.<\/p>\n<p>La\u00a0<strong>CME<\/strong>, con una extensi\u00f3n superior a 967.000 kil\u00f3metros, provoc\u00f3 una tormenta geomagn\u00e9tica de nivel G2, generando perturbaciones que podr\u00edan prolongarse.<\/p>\n<p>El\u00a0<strong>fen\u00f3meno\u00a0<\/strong>tambi\u00e9n increment\u00f3 la visibilidad de auroras boreales y australes en regiones inusuales.<\/p>\n<p>El\u00a0<strong>Sol,\u00a0<\/strong>en su fase de m\u00e1ximo solar, muestra una actividad intensa con m\u00faltiples manchas solares, incluidas regiones de magnetismo unipolar que podr\u00edan generar nuevas erupciones dirigidas a la Tierra, advirtieron.<\/p>\n<p>Esta din\u00e1mica, marcada por\u00a0<strong>la inversi\u00f3n de los polos magn\u00e9ticos solares,\u00a0<\/strong>aumenta la frecuencia e intensidad de las tormentas solares, de acuerdo con un informe que public\u00f3 el sitio El Economista.<\/p>\n<\/div>\n<\/div>\n<\/div>\n<\/div>\n","protected":false},"excerpt":{"rendered":"<p>La NASA\u00a0advirti\u00f3 que en los pr\u00f3ximos d\u00edas, las erupciones solares pueden impactar comunicaciones, redes el\u00e9ctricas, se\u00f1ales de navegaci\u00f3n y la seguridad de naves espaciales y sus tripulaciones, seg\u00fan informaron medios especializados.<\/p>\n","protected":false},"author":3,"featured_media":111023,"comment_status":"closed","ping_status":"closed","sticky":false,"template":"","format":"standard","meta":{"footnotes":""},"categories":[46],"tags":[],"class_list":["post-118991","post","type-post","status-publish","format-standard","has-post-thumbnail","hentry","category-ciencia-y-tecnologia"],"yoast_head":"<!-- This site is optimized with the Yoast SEO plugin v25.9 - https:\/\/yoast.com\/wordpress\/plugins\/seo\/ -->\n<title>Preocupa la tormenta solar &quot;Ala de P\u00e1jaro&quot; - Noticias Radio Reflejos<\/title>\n<meta name=\"robots\" content=\"index, follow, max-snippet:-1, max-image-preview:large, max-video-preview:-1\" \/>\n<link rel=\"canonical\" href=\"https:\/\/www.noticiasradioreflejos.com.ar\/2021\/preocupa-la-tormenta-solar-ala-de-pajaro\/\" \/>\n<meta property=\"og:locale\" content=\"es_ES\" \/>\n<meta property=\"og:type\" content=\"article\" \/>\n<meta property=\"og:title\" content=\"Preocupa la tormenta solar &quot;Ala de P\u00e1jaro&quot; - Noticias Radio Reflejos\" \/>\n<meta property=\"og:description\" content=\"La NASA\u00a0advirti\u00f3 que en los pr\u00f3ximos d\u00edas, las erupciones solares pueden impactar comunicaciones, redes el\u00e9ctricas, se\u00f1ales de navegaci\u00f3n y la seguridad de naves espaciales y sus tripulaciones, seg\u00fan informaron medios especializados.\" \/>\n<meta property=\"og:url\" content=\"https:\/\/www.noticiasradioreflejos.com.ar\/2021\/preocupa-la-tormenta-solar-ala-de-pajaro\/\" \/>\n<meta property=\"og:site_name\" content=\"Noticias Radio Reflejos\" \/>\n<meta property=\"article:published_time\" content=\"2025-05-21T10:44:15+00:00\" \/>\n<meta property=\"og:image\" content=\"https:\/\/www.noticiasradioreflejos.com.ar\/2021\/wp-content\/uploads\/2024\/12\/zonda-Sol.jpg\" \/>\n\t<meta property=\"og:image:width\" content=\"627\" \/>\n\t<meta property=\"og:image:height\" content=\"373\" \/>\n\t<meta property=\"og:image:type\" content=\"image\/jpeg\" \/>\n<meta name=\"author\" content=\"Arnaldo Botto\" \/>\n<meta name=\"twitter:card\" content=\"summary_large_image\" \/>\n<script type=\"application\/ld+json\" class=\"yoast-schema-graph\">{\"@context\":\"https:\/\/schema.org\",\"@graph\":[{\"@type\":\"WebPage\",\"@id\":\"https:\/\/www.noticiasradioreflejos.com.ar\/2021\/preocupa-la-tormenta-solar-ala-de-pajaro\/\",\"url\":\"https:\/\/www.noticiasradioreflejos.com.ar\/2021\/preocupa-la-tormenta-solar-ala-de-pajaro\/\",\"name\":\"Preocupa la tormenta solar \\\"Ala de P\u00e1jaro\\\" - Noticias Radio Reflejos\",\"isPartOf\":{\"@id\":\"https:\/\/www.noticiasradioreflejos.com.ar\/2021\/#website\"},\"primaryImageOfPage\":{\"@id\":\"https:\/\/www.noticiasradioreflejos.com.ar\/2021\/preocupa-la-tormenta-solar-ala-de-pajaro\/#primaryimage\"},\"image\":{\"@id\":\"https:\/\/www.noticiasradioreflejos.com.ar\/2021\/preocupa-la-tormenta-solar-ala-de-pajaro\/#primaryimage\"},\"thumbnailUrl\":\"https:\/\/www.noticiasradioreflejos.com.ar\/2021\/wp-content\/uploads\/2024\/12\/zonda-Sol.jpg\",\"datePublished\":\"2025-05-21T10:44:15+00:00\",\"author\":{\"@id\":\"https:\/\/www.noticiasradioreflejos.com.ar\/2021\/#\/schema\/person\/ad82545263dcc5ec0996818884fd5fb1\"},\"breadcrumb\":{\"@id\":\"https:\/\/www.noticiasradioreflejos.com.ar\/2021\/preocupa-la-tormenta-solar-ala-de-pajaro\/#breadcrumb\"},\"inLanguage\":\"es\",\"potentialAction\":[{\"@type\":\"ReadAction\",\"target\":[\"https:\/\/www.noticiasradioreflejos.com.ar\/2021\/preocupa-la-tormenta-solar-ala-de-pajaro\/\"]}]},{\"@type\":\"ImageObject\",\"inLanguage\":\"es\",\"@id\":\"https:\/\/www.noticiasradioreflejos.com.ar\/2021\/preocupa-la-tormenta-solar-ala-de-pajaro\/#primaryimage\",\"url\":\"https:\/\/www.noticiasradioreflejos.com.ar\/2021\/wp-content\/uploads\/2024\/12\/zonda-Sol.jpg\",\"contentUrl\":\"https:\/\/www.noticiasradioreflejos.com.ar\/2021\/wp-content\/uploads\/2024\/12\/zonda-Sol.jpg\",\"width\":627,\"height\":373},{\"@type\":\"BreadcrumbList\",\"@id\":\"https:\/\/www.noticiasradioreflejos.com.ar\/2021\/preocupa-la-tormenta-solar-ala-de-pajaro\/#breadcrumb\",\"itemListElement\":[{\"@type\":\"ListItem\",\"position\":1,\"name\":\"Portada\",\"item\":\"https:\/\/www.noticiasradioreflejos.com.ar\/2021\/\"},{\"@type\":\"ListItem\",\"position\":2,\"name\":\"Preocupa la tormenta solar \u00abAla de P\u00e1jaro\u00bb\"}]},{\"@type\":\"WebSite\",\"@id\":\"https:\/\/www.noticiasradioreflejos.com.ar\/2021\/#website\",\"url\":\"https:\/\/www.noticiasradioreflejos.com.ar\/2021\/\",\"name\":\"Noticias Radio Reflejos\",\"description\":\"Las noticias de mi comarca\",\"potentialAction\":[{\"@type\":\"SearchAction\",\"target\":{\"@type\":\"EntryPoint\",\"urlTemplate\":\"https:\/\/www.noticiasradioreflejos.com.ar\/2021\/?s={search_term_string}\"},\"query-input\":{\"@type\":\"PropertyValueSpecification\",\"valueRequired\":true,\"valueName\":\"search_term_string\"}}],\"inLanguage\":\"es\"},{\"@type\":\"Person\",\"@id\":\"https:\/\/www.noticiasradioreflejos.com.ar\/2021\/#\/schema\/person\/ad82545263dcc5ec0996818884fd5fb1\",\"name\":\"Arnaldo Botto\",\"image\":{\"@type\":\"ImageObject\",\"inLanguage\":\"es\",\"@id\":\"https:\/\/www.noticiasradioreflejos.com.ar\/2021\/#\/schema\/person\/image\/\",\"url\":\"https:\/\/secure.gravatar.com\/avatar\/55cb5e37c1efa326397366e6974cb338056df65cb50e7d64d1cf314e87504837?s=96&d=mm&r=g\",\"contentUrl\":\"https:\/\/secure.gravatar.com\/avatar\/55cb5e37c1efa326397366e6974cb338056df65cb50e7d64d1cf314e87504837?s=96&d=mm&r=g\",\"caption\":\"Arnaldo Botto\"},\"url\":\"https:\/\/www.noticiasradioreflejos.com.ar\/2021\/author\/arnaldo\/\"}]}<\/script>\n<!-- \/ Yoast SEO plugin. -->","yoast_head_json":{"title":"Preocupa la tormenta solar \"Ala de P\u00e1jaro\" - Noticias Radio Reflejos","robots":{"index":"index","follow":"follow","max-snippet":"max-snippet:-1","max-image-preview":"max-image-preview:large","max-video-preview":"max-video-preview:-1"},"canonical":"https:\/\/www.noticiasradioreflejos.com.ar\/2021\/preocupa-la-tormenta-solar-ala-de-pajaro\/","og_locale":"es_ES","og_type":"article","og_title":"Preocupa la tormenta solar \"Ala de P\u00e1jaro\" - Noticias Radio Reflejos","og_description":"La NASA\u00a0advirti\u00f3 que en los pr\u00f3ximos d\u00edas, las erupciones solares pueden impactar comunicaciones, redes el\u00e9ctricas, se\u00f1ales de navegaci\u00f3n y la seguridad de naves espaciales y sus tripulaciones, seg\u00fan informaron medios especializados.","og_url":"https:\/\/www.noticiasradioreflejos.com.ar\/2021\/preocupa-la-tormenta-solar-ala-de-pajaro\/","og_site_name":"Noticias Radio Reflejos","article_published_time":"2025-05-21T10:44:15+00:00","og_image":[{"width":627,"height":373,"url":"https:\/\/www.noticiasradioreflejos.com.ar\/2021\/wp-content\/uploads\/2024\/12\/zonda-Sol.jpg","type":"image\/jpeg"}],"author":"Arnaldo Botto","twitter_card":"summary_large_image","schema":{"@context":"https:\/\/schema.org","@graph":[{"@type":"WebPage","@id":"https:\/\/www.noticiasradioreflejos.com.ar\/2021\/preocupa-la-tormenta-solar-ala-de-pajaro\/","url":"https:\/\/www.noticiasradioreflejos.com.ar\/2021\/preocupa-la-tormenta-solar-ala-de-pajaro\/","name":"Preocupa la tormenta solar \"Ala de P\u00e1jaro\" - Noticias Radio Reflejos","isPartOf":{"@id":"https:\/\/www.noticiasradioreflejos.com.ar\/2021\/#website"},"primaryImageOfPage":{"@id":"https:\/\/www.noticiasradioreflejos.com.ar\/2021\/preocupa-la-tormenta-solar-ala-de-pajaro\/#primaryimage"},"image":{"@id":"https:\/\/www.noticiasradioreflejos.com.ar\/2021\/preocupa-la-tormenta-solar-ala-de-pajaro\/#primaryimage"},"thumbnailUrl":"https:\/\/www.noticiasradioreflejos.com.ar\/2021\/wp-content\/uploads\/2024\/12\/zonda-Sol.jpg","datePublished":"2025-05-21T10:44:15+00:00","author":{"@id":"https:\/\/www.noticiasradioreflejos.com.ar\/2021\/#\/schema\/person\/ad82545263dcc5ec0996818884fd5fb1"},"breadcrumb":{"@id":"https:\/\/www.noticiasradioreflejos.com.ar\/2021\/preocupa-la-tormenta-solar-ala-de-pajaro\/#breadcrumb"},"inLanguage":"es","potentialAction":[{"@type":"ReadAction","target":["https:\/\/www.noticiasradioreflejos.com.ar\/2021\/preocupa-la-tormenta-solar-ala-de-pajaro\/"]}]},{"@type":"ImageObject","inLanguage":"es","@id":"https:\/\/www.noticiasradioreflejos.com.ar\/2021\/preocupa-la-tormenta-solar-ala-de-pajaro\/#primaryimage","url":"https:\/\/www.noticiasradioreflejos.com.ar\/2021\/wp-content\/uploads\/2024\/12\/zonda-Sol.jpg","contentUrl":"https:\/\/www.noticiasradioreflejos.com.ar\/2021\/wp-content\/uploads\/2024\/12\/zonda-Sol.jpg","width":627,"height":373},{"@type":"BreadcrumbList","@id":"https:\/\/www.noticiasradioreflejos.com.ar\/2021\/preocupa-la-tormenta-solar-ala-de-pajaro\/#breadcrumb","itemListElement":[{"@type":"ListItem","position":1,"name":"Portada","item":"https:\/\/www.noticiasradioreflejos.com.ar\/2021\/"},{"@type":"ListItem","position":2,"name":"Preocupa la tormenta solar \u00abAla de P\u00e1jaro\u00bb"}]},{"@type":"WebSite","@id":"https:\/\/www.noticiasradioreflejos.com.ar\/2021\/#website","url":"https:\/\/www.noticiasradioreflejos.com.ar\/2021\/","name":"Noticias Radio Reflejos","description":"Las noticias de mi comarca","potentialAction":[{"@type":"SearchAction","target":{"@type":"EntryPoint","urlTemplate":"https:\/\/www.noticiasradioreflejos.com.ar\/2021\/?s={search_term_string}"},"query-input":{"@type":"PropertyValueSpecification","valueRequired":true,"valueName":"search_term_string"}}],"inLanguage":"es"},{"@type":"Person","@id":"https:\/\/www.noticiasradioreflejos.com.ar\/2021\/#\/schema\/person\/ad82545263dcc5ec0996818884fd5fb1","name":"Arnaldo Botto","image":{"@type":"ImageObject","inLanguage":"es","@id":"https:\/\/www.noticiasradioreflejos.com.ar\/2021\/#\/schema\/person\/image\/","url":"https:\/\/secure.gravatar.com\/avatar\/55cb5e37c1efa326397366e6974cb338056df65cb50e7d64d1cf314e87504837?s=96&d=mm&r=g","contentUrl":"https:\/\/secure.gravatar.com\/avatar\/55cb5e37c1efa326397366e6974cb338056df65cb50e7d64d1cf314e87504837?s=96&d=mm&r=g","caption":"Arnaldo Botto"},"url":"https:\/\/www.noticiasradioreflejos.com.ar\/2021\/author\/arnaldo\/"}]}},"_links":{"self":[{"href":"https:\/\/www.noticiasradioreflejos.com.ar\/2021\/wp-json\/wp\/v2\/posts\/118991","targetHints":{"allow":["GET"]}}],"collection":[{"href":"https:\/\/www.noticiasradioreflejos.com.ar\/2021\/wp-json\/wp\/v2\/posts"}],"about":[{"href":"https:\/\/www.noticiasradioreflejos.com.ar\/2021\/wp-json\/wp\/v2\/types\/post"}],"author":[{"embeddable":true,"href":"https:\/\/www.noticiasradioreflejos.com.ar\/2021\/wp-json\/wp\/v2\/users\/3"}],"replies":[{"embeddable":true,"href":"https:\/\/www.noticiasradioreflejos.com.ar\/2021\/wp-json\/wp\/v2\/comments?post=118991"}],"version-history":[{"count":1,"href":"https:\/\/www.noticiasradioreflejos.com.ar\/2021\/wp-json\/wp\/v2\/posts\/118991\/revisions"}],"predecessor-version":[{"id":118992,"href":"https:\/\/www.noticiasradioreflejos.com.ar\/2021\/wp-json\/wp\/v2\/posts\/118991\/revisions\/118992"}],"wp:featuredmedia":[{"embeddable":true,"href":"https:\/\/www.noticiasradioreflejos.com.ar\/2021\/wp-json\/wp\/v2\/media\/111023"}],"wp:attachment":[{"href":"https:\/\/www.noticiasradioreflejos.com.ar\/2021\/wp-json\/wp\/v2\/media?parent=118991"}],"wp:term":[{"taxonomy":"category","embeddable":true,"href":"https:\/\/www.noticiasradioreflejos.com.ar\/2021\/wp-json\/wp\/v2\/categories?post=118991"},{"taxonomy":"post_tag","embeddable":true,"href":"https:\/\/www.noticiasradioreflejos.com.ar\/2021\/wp-json\/wp\/v2\/tags?post=118991"}],"curies":[{"name":"wp","href":"https:\/\/api.w.org\/{rel}","templated":true}]}}