{"id":118988,"date":"2025-05-21T07:38:55","date_gmt":"2025-05-21T10:38:55","guid":{"rendered":"https:\/\/www.noticiasradioreflejos.com.ar\/2021\/?p=118988"},"modified":"2025-05-21T07:38:55","modified_gmt":"2025-05-21T10:38:55","slug":"gaston-manes-renuncio-a-la-presidencia-de-la-convencion-nacional-de-la-ucr-no-tomo-esta-decision-con-liviandad-ni-despecho","status":"publish","type":"post","link":"https:\/\/www.noticiasradioreflejos.com.ar\/2021\/gaston-manes-renuncio-a-la-presidencia-de-la-convencion-nacional-de-la-ucr-no-tomo-esta-decision-con-liviandad-ni-despecho\/","title":{"rendered":"Gast\u00f3n Manes renunci\u00f3 a la presidencia de la Convenci\u00f3n Nacional de la UCR: \u00abNo tomo esta decisi\u00f3n con liviandad ni despecho\u00bb"},"content":{"rendered":"<p>El referente del espacio y hermano del diputado nacional Facundo Manes se mostr\u00f3 disconforme con el rumbo que tom\u00f3 el partido en los \u00faltimos meses. Mediante una carta p\u00fablica, asegur\u00f3 que \u00aben lugar del nadie se salva solo, ha primado un s\u00e1lvese quien pueda\u201d.<!--more--><\/p>\n<div class=\"article__main max-width-md\">\n<div class=\"article__wrapper\">\n<div id=\"article-content\" class=\"article__content standard\">\n<p>En medio de una interna que viene de larga data dentro del partido, con m\u00e1s de un \u201ctira y afloje\u201d entre sus miembros con respecto a la posici\u00f3n del espacio en cuanto a la l\u00ednea del Gobierno nacional, el dirigente radical\u00a0<a href=\"https:\/\/www.perfil.com\/noticias\/modo-fontevecchia\/gaston-manes-santiago-caputo-es-la-casta-y-son-ellos-quienes-atacan-al-pueblo-modo-fontevecchia.phtml\" target=\"_blank\" rel=\"noopener\"><strong>Gast\u00f3n Manes<\/strong><\/a><strong>\u00a0present\u00f3 su renuncia\u00a0<\/strong>a la presidencia de la\u00a0<strong>Honorable Convenci\u00f3n Nacional de la Uni\u00f3n C\u00edvica Radical (UCR),\u00a0<\/strong>as\u00ed como a su rol de convencional nacional por la provincia de Buenos Aires. Lo hizo a trav\u00e9s una carta p\u00fablica, subida a sus redes sociales, en la que\u00a0<strong>cuestion\u00f3 con dureza el rumbo actual del partido.<\/strong><\/p>\n<p><strong>\u201c<\/strong>Con el respeto que siempre he tenido por las formas y los principios, me dirijo a ustedes para comunicar\u00a0<strong>mi decisi\u00f3n de renunciar,<\/strong>\u00a0primero como Convencional Nacional por la provincia de Buenos Aires \u2014responsabilidad con la que fui honrado por los afiliados en las elecciones internas de marzo de 2021\u2014 y luego, en consecuencia, a la Presidencia de la Honorable Convenci\u00f3n Nacional de nuestro partido\u201d; comienza el escrito.<\/p>\n<picture><source srcset=\"https:\/\/fotos.perfil.com\/\/2025\/05\/20\/440\/0\/gaston-manes-x-20250520-2026820.jpg?webp\" media=\"(max-width: 440px)\" \/><source srcset=\"https:\/\/fotos.perfil.com\/\/2025\/05\/20\/712\/0\/gaston-manes-x-20250520-2026820.jpg?webp\" media=\"(max-width: 1019px)\" \/><img decoding=\"async\" src=\"https:\/\/fotos.perfil.com\/\/2025\/05\/20\/900\/0\/gaston-manes-x-20250520-2026820.jpg?webp\" alt=\"Gast\u00f3n Manes X 20250520\" \/><\/picture>\n<div class=\"subscription\">\n<div class=\"subscription__footer\">\n<div class=\"subscription__logo\"><\/div>\n<\/div>\n<\/div>\n<p>M\u00e1s adelante,\u00a0<a href=\"https:\/\/www.perfil.com\/noticias\/modo-fontevecchia\/facundo-manes-desde-el-vaticano-a-francisco-lo-rejuvenecio-ser-papa-modof.phtml\" target=\"_blank\" rel=\"noopener\">Manes\u00a0<\/a>explica que la decisi\u00f3n<strong>\u00a0\u201cno la tom\u00f3 a la ligera\u201d\u00a0<\/strong>y que responde a un cambio en las convicciones del partido: \u201cLa tomo con la serenidad que da el camino andado, y\u00a0<strong>con la tristeza l\u00facida<\/strong>, tambi\u00e9n, de comprobar que\u00a0<strong>aquello por lo que trabajamos con convicci\u00f3n y esperanza<\/strong>, una UCR con voz nacional, pensamiento org\u00e1nico e identidad com\u00fan,\u00a0<strong>ha ido cediendo, lenta pero firmemente,<\/strong>\u00a0frente una realidad que avanza en direcci\u00f3n opuesta.<\/p>\n<p>En la misiva, que estuvo dirigida al presidente de la UCR, Mart\u00edn Lousteau, asegur\u00f3 que, en el \u00faltimo tiempo, \u201cno encontr\u00f3\u201d referentes del espacio una verdadera vocaci\u00f3n de debatir y de buscar juntos una l\u00ednea doctrinaria compartida: \u201c<strong>En lugar del \u2018nadie se salva solo\u2019 ha primado un\u00a0<\/strong><a href=\"https:\/\/www.perfil.com\/noticias\/politica\/facundo-manes-fue-aceptado-como-querellante-por-las-amenazas-de-santiago-caputo-en-su-contra.phtml\" target=\"_blank\" rel=\"noopener\"><strong>\u2018s\u00e1lvese quien pueda\u2019.<\/strong><\/a>\u00a0Lo que alguna vez fue una comunidad de pensamiento y acci\u00f3n, se ha visto reducido a una\u00a0<strong>suerte de confederaci\u00f3n de posturas provinciales<\/strong>, cada uno con sus urgencias, con sus l\u00f3gicas locales y con sus pactos circunstanciales.\u00a0<strong>No juzgo: constato.\u00a0<\/strong>No ha primado una voluntad que exprese lo que alguna vez fuimos: un partido de ideas, no de circunstancias\u201d.<\/p>\n<h2><strong>\u201cSoy fiel a mis principios, no a los cargos\u201d<\/strong><\/h2>\n<p>En la \u00faltima parte de la carta, Manes dispar\u00f3, sin nombrarlos, contra diversos dirigentes que actuaron \u201cpor conveniencia\u201d, seg\u00fan defini\u00f3: \u201c<strong>Toda renuncia es una forma secreta de\u00a0<\/strong><a href=\"https:\/\/www.perfil.com\/noticias\/politica\/ganadores-y-perdedores-de-la-eleccion-quienes-lograron-legisladores-por-detras-de-las-tres-fuerzas-mayoritarias.phtml\" target=\"_blank\" rel=\"noopener\"><strong>elecci\u00f3n<\/strong><\/a>. Elijo hoy, al renunciar, seguir creyendo en la Uni\u00f3n C\u00edvica Radical como idea, como \u00e9tica y como tradici\u00f3n viva. Elijo seguir creyendo en los mejores valores del radicalismo: la defensa de una verdadera democracia, no atada a las corporaciones, y s\u00ed al sue\u00f1o de progreso de la clase media.\u00a0<strong>Renuncio porque soy fiel a mis principios, no a los cargos,<\/strong>\u00a0y porqu<strong>e no estoy dispuesto a convalidar con el silencio<\/strong>, lo que considero una deriva que nos aleja del sentido nacional de un Partido, con doctrina, con coraje moral y con vocaci\u00f3n de poder transformador.<\/p>\n<picture><source srcset=\"https:\/\/fotos.perfil.com\/\/2023\/10\/26\/440\/0\/gaton-manes-1684022.jpg?webp\" media=\"(max-width: 440px)\" \/><source srcset=\"https:\/\/fotos.perfil.com\/\/2023\/10\/26\/712\/0\/gaton-manes-1684022.jpg?webp\" media=\"(max-width: 1019px)\" \/><img decoding=\"async\" src=\"https:\/\/fotos.perfil.com\/\/2023\/10\/26\/900\/0\/gaton-manes-1684022.jpg?webp\" alt=\"Gast\u00f3n Manes\" \/><\/picture>\n<p>Para cerrar, el referente pidi\u00f3 que su decisi\u00f3n \u201cno clausure el di\u00e1logo\u201d y que sirva de apelaci\u00f3n: \u201cQue sea para que muchos correligionarios en todo el pa\u00eds<strong>\u00a0dejen de actuar como si nada pasara.\u00a0<\/strong>Quienes conocieron a dirigentes como\u00a0<strong>Ricardo Balb\u00edn o el propio\u00a0<\/strong><a href=\"https:\/\/www.perfil.com\/noticias\/politica\/a-40-anos-del-juicio-a-las-juntas-cual-fue-el-papel-de-raul-alfonsin-en-la-historica-condena-a-los-represores.phtml\" target=\"_blank\" rel=\"noopener\"><strong>Ra\u00fal Alfons\u00edn<\/strong>\u00a0<\/a>saben que\u00a0<strong>la lealtad no es sumisi\u00f3n<\/strong>, y que la renuncia o discontinuidad de algo, puede ser un acto de fidelidad a lo esencial. Me voy, s\u00ed, pero no me aparto de mis ideas. Seguir\u00e9 donde siempre estuve:\u00a0<strong>del lado de quienes creen que la pol\u00edtica,<\/strong>\u00a0para ser digna, debe ser pensada, discutida y decidida con todos\u201d.<\/p>\n<p>&nbsp;<\/p>\n<p><strong>TC\/EM &#8211; Perfil<\/strong><\/p>\n<\/div>\n<\/div>\n<\/div>\n","protected":false},"excerpt":{"rendered":"<p>El referente del espacio y hermano del diputado nacional Facundo Manes se mostr\u00f3 disconforme con el rumbo que tom\u00f3 el partido en los \u00faltimos meses. Mediante una carta p\u00fablica, asegur\u00f3 que \u00aben lugar del nadie se salva solo, ha primado un s\u00e1lvese quien pueda\u201d.<\/p>\n","protected":false},"author":3,"featured_media":0,"comment_status":"closed","ping_status":"closed","sticky":false,"template":"","format":"standard","meta":{"footnotes":""},"categories":[24],"tags":[],"class_list":["post-118988","post","type-post","status-publish","format-standard","hentry","category-politica"],"yoast_head":"<!-- This site is optimized with the Yoast SEO plugin v25.9 - https:\/\/yoast.com\/wordpress\/plugins\/seo\/ -->\n<title>Gast\u00f3n Manes renunci\u00f3 a la presidencia de la Convenci\u00f3n Nacional de la UCR: &quot;No tomo esta decisi\u00f3n con liviandad ni despecho&quot; - Noticias Radio Reflejos<\/title>\n<meta name=\"robots\" content=\"index, follow, max-snippet:-1, max-image-preview:large, max-video-preview:-1\" \/>\n<link rel=\"canonical\" href=\"https:\/\/www.noticiasradioreflejos.com.ar\/2021\/gaston-manes-renuncio-a-la-presidencia-de-la-convencion-nacional-de-la-ucr-no-tomo-esta-decision-con-liviandad-ni-despecho\/\" \/>\n<meta property=\"og:locale\" content=\"es_ES\" \/>\n<meta property=\"og:type\" content=\"article\" \/>\n<meta property=\"og:title\" content=\"Gast\u00f3n Manes renunci\u00f3 a la presidencia de la Convenci\u00f3n Nacional de la UCR: &quot;No tomo esta decisi\u00f3n con liviandad ni despecho&quot; - Noticias Radio Reflejos\" \/>\n<meta property=\"og:description\" content=\"El referente del espacio y hermano del diputado nacional Facundo Manes se mostr\u00f3 disconforme con el rumbo que tom\u00f3 el partido en los \u00faltimos meses. Mediante una carta p\u00fablica, asegur\u00f3 que \u00aben lugar del nadie se salva solo, ha primado un s\u00e1lvese quien pueda\u201d.\" \/>\n<meta property=\"og:url\" content=\"https:\/\/www.noticiasradioreflejos.com.ar\/2021\/gaston-manes-renuncio-a-la-presidencia-de-la-convencion-nacional-de-la-ucr-no-tomo-esta-decision-con-liviandad-ni-despecho\/\" \/>\n<meta property=\"og:site_name\" content=\"Noticias Radio Reflejos\" \/>\n<meta property=\"article:published_time\" content=\"2025-05-21T10:38:55+00:00\" \/>\n<meta property=\"og:image\" content=\"https:\/\/www.noticiasradioreflejos.com.ar\/2021\/wp-content\/uploads\/2025\/05\/gaton-manes-1684022.webp\" \/>\n\t<meta property=\"og:image:width\" content=\"768\" \/>\n\t<meta property=\"og:image:height\" content=\"511\" \/>\n\t<meta property=\"og:image:type\" content=\"image\/webp\" \/>\n<meta name=\"author\" content=\"Arnaldo Botto\" \/>\n<meta name=\"twitter:card\" content=\"summary_large_image\" \/>\n<script type=\"application\/ld+json\" class=\"yoast-schema-graph\">{\"@context\":\"https:\/\/schema.org\",\"@graph\":[{\"@type\":\"WebPage\",\"@id\":\"https:\/\/www.noticiasradioreflejos.com.ar\/2021\/gaston-manes-renuncio-a-la-presidencia-de-la-convencion-nacional-de-la-ucr-no-tomo-esta-decision-con-liviandad-ni-despecho\/\",\"url\":\"https:\/\/www.noticiasradioreflejos.com.ar\/2021\/gaston-manes-renuncio-a-la-presidencia-de-la-convencion-nacional-de-la-ucr-no-tomo-esta-decision-con-liviandad-ni-despecho\/\",\"name\":\"Gast\u00f3n Manes renunci\u00f3 a la presidencia de la Convenci\u00f3n Nacional de la UCR: \\\"No tomo esta decisi\u00f3n con liviandad ni despecho\\\" - Noticias Radio Reflejos\",\"isPartOf\":{\"@id\":\"https:\/\/www.noticiasradioreflejos.com.ar\/2021\/#website\"},\"primaryImageOfPage\":{\"@id\":\"https:\/\/www.noticiasradioreflejos.com.ar\/2021\/gaston-manes-renuncio-a-la-presidencia-de-la-convencion-nacional-de-la-ucr-no-tomo-esta-decision-con-liviandad-ni-despecho\/#primaryimage\"},\"image\":{\"@id\":\"https:\/\/www.noticiasradioreflejos.com.ar\/2021\/gaston-manes-renuncio-a-la-presidencia-de-la-convencion-nacional-de-la-ucr-no-tomo-esta-decision-con-liviandad-ni-despecho\/#primaryimage\"},\"thumbnailUrl\":\"https:\/\/fotos.perfil.com\/\/2025\/05\/20\/900\/0\/gaston-manes-x-20250520-2026820.jpg?webp\",\"datePublished\":\"2025-05-21T10:38:55+00:00\",\"author\":{\"@id\":\"https:\/\/www.noticiasradioreflejos.com.ar\/2021\/#\/schema\/person\/ad82545263dcc5ec0996818884fd5fb1\"},\"breadcrumb\":{\"@id\":\"https:\/\/www.noticiasradioreflejos.com.ar\/2021\/gaston-manes-renuncio-a-la-presidencia-de-la-convencion-nacional-de-la-ucr-no-tomo-esta-decision-con-liviandad-ni-despecho\/#breadcrumb\"},\"inLanguage\":\"es\",\"potentialAction\":[{\"@type\":\"ReadAction\",\"target\":[\"https:\/\/www.noticiasradioreflejos.com.ar\/2021\/gaston-manes-renuncio-a-la-presidencia-de-la-convencion-nacional-de-la-ucr-no-tomo-esta-decision-con-liviandad-ni-despecho\/\"]}]},{\"@type\":\"ImageObject\",\"inLanguage\":\"es\",\"@id\":\"https:\/\/www.noticiasradioreflejos.com.ar\/2021\/gaston-manes-renuncio-a-la-presidencia-de-la-convencion-nacional-de-la-ucr-no-tomo-esta-decision-con-liviandad-ni-despecho\/#primaryimage\",\"url\":\"https:\/\/fotos.perfil.com\/\/2025\/05\/20\/900\/0\/gaston-manes-x-20250520-2026820.jpg?webp\",\"contentUrl\":\"https:\/\/fotos.perfil.com\/\/2025\/05\/20\/900\/0\/gaston-manes-x-20250520-2026820.jpg?webp\"},{\"@type\":\"BreadcrumbList\",\"@id\":\"https:\/\/www.noticiasradioreflejos.com.ar\/2021\/gaston-manes-renuncio-a-la-presidencia-de-la-convencion-nacional-de-la-ucr-no-tomo-esta-decision-con-liviandad-ni-despecho\/#breadcrumb\",\"itemListElement\":[{\"@type\":\"ListItem\",\"position\":1,\"name\":\"Portada\",\"item\":\"https:\/\/www.noticiasradioreflejos.com.ar\/2021\/\"},{\"@type\":\"ListItem\",\"position\":2,\"name\":\"Gast\u00f3n Manes renunci\u00f3 a la presidencia de la Convenci\u00f3n Nacional de la UCR: \u00abNo tomo esta decisi\u00f3n con liviandad ni despecho\u00bb\"}]},{\"@type\":\"WebSite\",\"@id\":\"https:\/\/www.noticiasradioreflejos.com.ar\/2021\/#website\",\"url\":\"https:\/\/www.noticiasradioreflejos.com.ar\/2021\/\",\"name\":\"Noticias Radio Reflejos\",\"description\":\"Las noticias de mi comarca\",\"potentialAction\":[{\"@type\":\"SearchAction\",\"target\":{\"@type\":\"EntryPoint\",\"urlTemplate\":\"https:\/\/www.noticiasradioreflejos.com.ar\/2021\/?s={search_term_string}\"},\"query-input\":{\"@type\":\"PropertyValueSpecification\",\"valueRequired\":true,\"valueName\":\"search_term_string\"}}],\"inLanguage\":\"es\"},{\"@type\":\"Person\",\"@id\":\"https:\/\/www.noticiasradioreflejos.com.ar\/2021\/#\/schema\/person\/ad82545263dcc5ec0996818884fd5fb1\",\"name\":\"Arnaldo Botto\",\"image\":{\"@type\":\"ImageObject\",\"inLanguage\":\"es\",\"@id\":\"https:\/\/www.noticiasradioreflejos.com.ar\/2021\/#\/schema\/person\/image\/\",\"url\":\"https:\/\/secure.gravatar.com\/avatar\/55cb5e37c1efa326397366e6974cb338056df65cb50e7d64d1cf314e87504837?s=96&d=mm&r=g\",\"contentUrl\":\"https:\/\/secure.gravatar.com\/avatar\/55cb5e37c1efa326397366e6974cb338056df65cb50e7d64d1cf314e87504837?s=96&d=mm&r=g\",\"caption\":\"Arnaldo Botto\"},\"url\":\"https:\/\/www.noticiasradioreflejos.com.ar\/2021\/author\/arnaldo\/\"}]}<\/script>\n<!-- \/ Yoast SEO plugin. -->","yoast_head_json":{"title":"Gast\u00f3n Manes renunci\u00f3 a la presidencia de la Convenci\u00f3n Nacional de la UCR: \"No tomo esta decisi\u00f3n con liviandad ni despecho\" - Noticias Radio Reflejos","robots":{"index":"index","follow":"follow","max-snippet":"max-snippet:-1","max-image-preview":"max-image-preview:large","max-video-preview":"max-video-preview:-1"},"canonical":"https:\/\/www.noticiasradioreflejos.com.ar\/2021\/gaston-manes-renuncio-a-la-presidencia-de-la-convencion-nacional-de-la-ucr-no-tomo-esta-decision-con-liviandad-ni-despecho\/","og_locale":"es_ES","og_type":"article","og_title":"Gast\u00f3n Manes renunci\u00f3 a la presidencia de la Convenci\u00f3n Nacional de la UCR: \"No tomo esta decisi\u00f3n con liviandad ni despecho\" - Noticias Radio Reflejos","og_description":"El referente del espacio y hermano del diputado nacional Facundo Manes se mostr\u00f3 disconforme con el rumbo que tom\u00f3 el partido en los \u00faltimos meses. Mediante una carta p\u00fablica, asegur\u00f3 que \u00aben lugar del nadie se salva solo, ha primado un s\u00e1lvese quien pueda\u201d.","og_url":"https:\/\/www.noticiasradioreflejos.com.ar\/2021\/gaston-manes-renuncio-a-la-presidencia-de-la-convencion-nacional-de-la-ucr-no-tomo-esta-decision-con-liviandad-ni-despecho\/","og_site_name":"Noticias Radio Reflejos","article_published_time":"2025-05-21T10:38:55+00:00","og_image":[{"width":768,"height":511,"url":"https:\/\/www.noticiasradioreflejos.com.ar\/2021\/wp-content\/uploads\/2025\/05\/gaton-manes-1684022.webp","type":"image\/webp"}],"author":"Arnaldo Botto","twitter_card":"summary_large_image","schema":{"@context":"https:\/\/schema.org","@graph":[{"@type":"WebPage","@id":"https:\/\/www.noticiasradioreflejos.com.ar\/2021\/gaston-manes-renuncio-a-la-presidencia-de-la-convencion-nacional-de-la-ucr-no-tomo-esta-decision-con-liviandad-ni-despecho\/","url":"https:\/\/www.noticiasradioreflejos.com.ar\/2021\/gaston-manes-renuncio-a-la-presidencia-de-la-convencion-nacional-de-la-ucr-no-tomo-esta-decision-con-liviandad-ni-despecho\/","name":"Gast\u00f3n Manes renunci\u00f3 a la presidencia de la Convenci\u00f3n Nacional de la UCR: \"No tomo esta decisi\u00f3n con liviandad ni despecho\" - Noticias Radio Reflejos","isPartOf":{"@id":"https:\/\/www.noticiasradioreflejos.com.ar\/2021\/#website"},"primaryImageOfPage":{"@id":"https:\/\/www.noticiasradioreflejos.com.ar\/2021\/gaston-manes-renuncio-a-la-presidencia-de-la-convencion-nacional-de-la-ucr-no-tomo-esta-decision-con-liviandad-ni-despecho\/#primaryimage"},"image":{"@id":"https:\/\/www.noticiasradioreflejos.com.ar\/2021\/gaston-manes-renuncio-a-la-presidencia-de-la-convencion-nacional-de-la-ucr-no-tomo-esta-decision-con-liviandad-ni-despecho\/#primaryimage"},"thumbnailUrl":"https:\/\/fotos.perfil.com\/\/2025\/05\/20\/900\/0\/gaston-manes-x-20250520-2026820.jpg?webp","datePublished":"2025-05-21T10:38:55+00:00","author":{"@id":"https:\/\/www.noticiasradioreflejos.com.ar\/2021\/#\/schema\/person\/ad82545263dcc5ec0996818884fd5fb1"},"breadcrumb":{"@id":"https:\/\/www.noticiasradioreflejos.com.ar\/2021\/gaston-manes-renuncio-a-la-presidencia-de-la-convencion-nacional-de-la-ucr-no-tomo-esta-decision-con-liviandad-ni-despecho\/#breadcrumb"},"inLanguage":"es","potentialAction":[{"@type":"ReadAction","target":["https:\/\/www.noticiasradioreflejos.com.ar\/2021\/gaston-manes-renuncio-a-la-presidencia-de-la-convencion-nacional-de-la-ucr-no-tomo-esta-decision-con-liviandad-ni-despecho\/"]}]},{"@type":"ImageObject","inLanguage":"es","@id":"https:\/\/www.noticiasradioreflejos.com.ar\/2021\/gaston-manes-renuncio-a-la-presidencia-de-la-convencion-nacional-de-la-ucr-no-tomo-esta-decision-con-liviandad-ni-despecho\/#primaryimage","url":"https:\/\/fotos.perfil.com\/\/2025\/05\/20\/900\/0\/gaston-manes-x-20250520-2026820.jpg?webp","contentUrl":"https:\/\/fotos.perfil.com\/\/2025\/05\/20\/900\/0\/gaston-manes-x-20250520-2026820.jpg?webp"},{"@type":"BreadcrumbList","@id":"https:\/\/www.noticiasradioreflejos.com.ar\/2021\/gaston-manes-renuncio-a-la-presidencia-de-la-convencion-nacional-de-la-ucr-no-tomo-esta-decision-con-liviandad-ni-despecho\/#breadcrumb","itemListElement":[{"@type":"ListItem","position":1,"name":"Portada","item":"https:\/\/www.noticiasradioreflejos.com.ar\/2021\/"},{"@type":"ListItem","position":2,"name":"Gast\u00f3n Manes renunci\u00f3 a la presidencia de la Convenci\u00f3n Nacional de la UCR: \u00abNo tomo esta decisi\u00f3n con liviandad ni despecho\u00bb"}]},{"@type":"WebSite","@id":"https:\/\/www.noticiasradioreflejos.com.ar\/2021\/#website","url":"https:\/\/www.noticiasradioreflejos.com.ar\/2021\/","name":"Noticias Radio Reflejos","description":"Las noticias de mi comarca","potentialAction":[{"@type":"SearchAction","target":{"@type":"EntryPoint","urlTemplate":"https:\/\/www.noticiasradioreflejos.com.ar\/2021\/?s={search_term_string}"},"query-input":{"@type":"PropertyValueSpecification","valueRequired":true,"valueName":"search_term_string"}}],"inLanguage":"es"},{"@type":"Person","@id":"https:\/\/www.noticiasradioreflejos.com.ar\/2021\/#\/schema\/person\/ad82545263dcc5ec0996818884fd5fb1","name":"Arnaldo Botto","image":{"@type":"ImageObject","inLanguage":"es","@id":"https:\/\/www.noticiasradioreflejos.com.ar\/2021\/#\/schema\/person\/image\/","url":"https:\/\/secure.gravatar.com\/avatar\/55cb5e37c1efa326397366e6974cb338056df65cb50e7d64d1cf314e87504837?s=96&d=mm&r=g","contentUrl":"https:\/\/secure.gravatar.com\/avatar\/55cb5e37c1efa326397366e6974cb338056df65cb50e7d64d1cf314e87504837?s=96&d=mm&r=g","caption":"Arnaldo Botto"},"url":"https:\/\/www.noticiasradioreflejos.com.ar\/2021\/author\/arnaldo\/"}]}},"_links":{"self":[{"href":"https:\/\/www.noticiasradioreflejos.com.ar\/2021\/wp-json\/wp\/v2\/posts\/118988","targetHints":{"allow":["GET"]}}],"collection":[{"href":"https:\/\/www.noticiasradioreflejos.com.ar\/2021\/wp-json\/wp\/v2\/posts"}],"about":[{"href":"https:\/\/www.noticiasradioreflejos.com.ar\/2021\/wp-json\/wp\/v2\/types\/post"}],"author":[{"embeddable":true,"href":"https:\/\/www.noticiasradioreflejos.com.ar\/2021\/wp-json\/wp\/v2\/users\/3"}],"replies":[{"embeddable":true,"href":"https:\/\/www.noticiasradioreflejos.com.ar\/2021\/wp-json\/wp\/v2\/comments?post=118988"}],"version-history":[{"count":1,"href":"https:\/\/www.noticiasradioreflejos.com.ar\/2021\/wp-json\/wp\/v2\/posts\/118988\/revisions"}],"predecessor-version":[{"id":118990,"href":"https:\/\/www.noticiasradioreflejos.com.ar\/2021\/wp-json\/wp\/v2\/posts\/118988\/revisions\/118990"}],"wp:attachment":[{"href":"https:\/\/www.noticiasradioreflejos.com.ar\/2021\/wp-json\/wp\/v2\/media?parent=118988"}],"wp:term":[{"taxonomy":"category","embeddable":true,"href":"https:\/\/www.noticiasradioreflejos.com.ar\/2021\/wp-json\/wp\/v2\/categories?post=118988"},{"taxonomy":"post_tag","embeddable":true,"href":"https:\/\/www.noticiasradioreflejos.com.ar\/2021\/wp-json\/wp\/v2\/tags?post=118988"}],"curies":[{"name":"wp","href":"https:\/\/api.w.org\/{rel}","templated":true}]}}